{"id":167267,"date":"2015-03-16T16:27:19","date_gmt":"2015-03-16T16:27:19","guid":{"rendered":"https:\/\/www.meydan.tv\/article\/milli-sura-yene-mitinqe-hazirlasir\/"},"modified":"2015-03-16T16:27:19","modified_gmt":"2015-03-16T16:27:19","slug":"milli-sura-yene-mitinqe-hazirlasir","status":"publish","type":"post","link":"https:\/\/www.meydan.tv\/az\/article\/milli-sura-yene-mitinqe-hazirlasir\/","title":{"rendered":"Milli \u015eura yen\u0259 mitinq\u0259 haz\u0131rla\u015f\u0131r"},"content":{"rendered":"<figure class=\"wp-block-image size-large\">\n  <img decoding=\"async\" src=\"https:\/\/www.meydan.tv\/az\/21528\/\" alt=\"\" class=\"wp-image-21528\"\/><figcaption><\/figcaption><\/figure>\n<p>\n  Aprelin 5-n\u0259 t\u0259yin olunan mitinql\u0259 ba\u011fl\u0131 Bak\u0131 \u015e\u0259h\u0259r \u0130cra Hakimiyy\u0259tin\u0259 (B\u015e\u0130H) m\u00fcraci\u0259t olunub\n<\/p>\n<p>\n  Milli \u015eura aprelin 5-n\u0259 t\u0259yin etdiyi mitinql\u0259 ba\u011fl\u0131 Bak\u0131 \u015e\u0259h\u0259r \u0130cra Hakimiyy\u0259tin\u0259 (B\u015e\u0130H) m\u00fcraci\u0259t edib.\n<\/p>\n<p>\n  Bu bar\u0259d\u0259<br \/>\n  <a href=\"https:\/\/apa.az\/\"><br \/>\n    APA<br \/>\n  <\/a><br \/>\n  -ya a\u00e7\u0131qlamas\u0131nda Milli \u015euran\u0131n \u00fczv\u00fc, Az\u0259rbaycan Xalq C\u0259bh\u0259si Partiyas\u0131n\u0131n s\u0259dr m\u00fcavini Fuad Q\u0259hr\u0259manl\u0131 bildirib.\n<\/p>\n<p>\n  F.Q\u0259hr\u0259manl\u0131 deyib ki, bu g\u00fcn B\u015e\u0130H-\u0259 \u00fcnvanlanan m\u00fcraci\u0259td\u0259 Milli \u015euran\u0131n aprelin 5-d\u0259 saat 15:00-da Yasamal rayonundak\u0131 ke\u00e7mi\u015f \u201cM\u0259hsul\u201d stadionunda \u00f6lk\u0259d\u0259ki qiym\u0259t art\u0131m\u0131na etiraz olaraq mitinq ke\u00e7irm\u0259k bar\u0259d\u0259 q\u0259rar q\u0259bul etdiyi qeyd olunub.\n<\/p>\n<p>\n  Milli \u015eura mart\u0131n 15-d\u0259 d\u0259 eyni t\u0259l\u0259bl\u0259r B\u015e\u0130H-l\u0259 raz\u0131la\u015fd\u0131r\u0131lm\u0131\u015f mitinq ke\u00e7irib.<\/p>\n","protected":false},"excerpt":{"rendered":"<p>Aprelin 5-n\u0259 t\u0259yin olunan mitinql\u0259 ba\u011fl\u0131 Bak\u0131 \u015e\u0259h\u0259r \u0130cra Hakimiyy\u0259tin\u0259 (B\u015e\u0130H) m\u00fcraci\u0259t olunub<\/p>\n","protected":false},"author":11,"featured_media":21528,"comment_status":"closed","ping_status":"open","sticky":false,"template":"","format":"standard","meta":{"_acf_changed":false,"_sitemap_exclude":false,"_sitemap_priority":"","_sitemap_frequency":"","footnotes":""},"categories":[56],"tags":[],"class_list":["post-167267","post","type-post","status-publish","format-standard","has-post-thumbnail","hentry","category-xeberler","infinite-scroll-item","generate-columns","tablet-grid-50","mobile-grid-100","grid-parent","grid-33","no-featured-image-padding"],"acf":[],"yoast_head":"<!-- This site is optimized with the Yoast SEO plugin v28.3 - https:\/\/yoast.com\/product\/yoast-seo-wordpress\/ -->\n<title>Milli \u015eura yen\u0259 mitinq\u0259 haz\u0131rla\u015f\u0131r - MEYDAN.TV<\/title>\n<meta name=\"robots\" content=\"index, follow, max-snippet:-1, max-image-preview:large, max-video-preview:-1\" \/>\n<link rel=\"canonical\" href=\"https:\/\/www.meydan.tv\/az\/article\/milli-sura-yene-mitinqe-hazirlasir\/\" \/>\n<meta property=\"og:locale\" content=\"az_AZ\" \/>\n<meta property=\"og:type\" content=\"article\" \/>\n<meta property=\"og:title\" content=\"Milli \u015eura yen\u0259 mitinq\u0259 haz\u0131rla\u015f\u0131r - MEYDAN.TV\" \/>\n<meta property=\"og:description\" content=\"Aprelin 5-n\u0259 t\u0259yin olunan mitinql\u0259 ba\u011fl\u0131 Bak\u0131 \u015e\u0259h\u0259r \u0130cra Hakimiyy\u0259tin\u0259 (B\u015e\u0130H) m\u00fcraci\u0259t olunub\" \/>\n<meta property=\"og:url\" content=\"https:\/\/www.meydan.tv\/az\/article\/milli-sura-yene-mitinqe-hazirlasir\/\" \/>\n<meta property=\"og:site_name\" content=\"MEYDAN.TV\" \/>\n<meta property=\"article:published_time\" content=\"2015-03-16T16:27:19+00:00\" \/>\n<meta property=\"og:image\" content=\"https:\/\/www.meydan.tv\/wp-content\/uploads\/7778.jpg\" \/>\n\t<meta property=\"og:image:width\" content=\"1151\" \/>\n\t<meta property=\"og:image:height\" content=\"768\" \/>\n\t<meta property=\"og:image:type\" content=\"image\/jpeg\" \/>\n<meta name=\"twitter:card\" content=\"summary_large_image\" \/>\n<!-- \/ Yoast SEO plugin. -->","yoast_head_json":{"title":"Milli \u015eura yen\u0259 mitinq\u0259 haz\u0131rla\u015f\u0131r - MEYDAN.TV","robots":{"index":"index","follow":"follow","max-snippet":"max-snippet:-1","max-image-preview":"max-image-preview:large","max-video-preview":"max-video-preview:-1"},"canonical":"https:\/\/www.meydan.tv\/az\/article\/milli-sura-yene-mitinqe-hazirlasir\/","og_locale":"az_AZ","og_type":"article","og_title":"Milli \u015eura yen\u0259 mitinq\u0259 haz\u0131rla\u015f\u0131r - MEYDAN.TV","og_description":"Aprelin 5-n\u0259 t\u0259yin olunan mitinql\u0259 ba\u011fl\u0131 Bak\u0131 \u015e\u0259h\u0259r \u0130cra Hakimiyy\u0259tin\u0259 (B\u015e\u0130H) m\u00fcraci\u0259t olunub","og_url":"https:\/\/www.meydan.tv\/az\/article\/milli-sura-yene-mitinqe-hazirlasir\/","og_site_name":"MEYDAN.TV","article_published_time":"2015-03-16T16:27:19+00:00","og_image":[{"width":1151,"height":768,"url":"https:\/\/www.meydan.tv\/wp-content\/uploads\/7778.jpg","type":"image\/jpeg"}],"twitter_card":"summary_large_image","schema":{"@context":"https:\/\/schema.org","@graph":[{"@type":"Article","@id":"https:\/\/www.meydan.tv\/az\/article\/milli-sura-yene-mitinqe-hazirlasir\/#article","isPartOf":{"@id":"https:\/\/www.meydan.tv\/az\/article\/milli-sura-yene-mitinqe-hazirlasir\/"},"author":{"name":"user-manager","@id":"https:\/\/www.meydan.tv\/az\/#\/schema\/person\/10d11eccf6da3662cf5fdab9806ea91a"},"headline":"Milli \u015eura yen\u0259 mitinq\u0259 haz\u0131rla\u015f\u0131r","datePublished":"2015-03-16T16:27:19+00:00","mainEntityOfPage":{"@id":"https:\/\/www.meydan.tv\/az\/article\/milli-sura-yene-mitinqe-hazirlasir\/"},"wordCount":152,"publisher":{"@id":"https:\/\/www.meydan.tv\/az\/#organization"},"image":{"@id":"https:\/\/www.meydan.tv\/az\/article\/milli-sura-yene-mitinqe-hazirlasir\/#primaryimage"},"thumbnailUrl":"https:\/\/www.meydan.tv\/wp-content\/uploads\/7778.jpg","articleSection":["X\u0259b\u0259rl\u0259r"],"inLanguage":"az"},{"@type":"WebPage","@id":"https:\/\/www.meydan.tv\/az\/article\/milli-sura-yene-mitinqe-hazirlasir\/","url":"https:\/\/www.meydan.tv\/az\/article\/milli-sura-yene-mitinqe-hazirlasir\/","name":"Milli \u015eura yen\u0259 mitinq\u0259 haz\u0131rla\u015f\u0131r - MEYDAN.TV","isPartOf":{"@id":"https:\/\/www.meydan.tv\/az\/#website"},"primaryImageOfPage":{"@id":"https:\/\/www.meydan.tv\/az\/article\/milli-sura-yene-mitinqe-hazirlasir\/#primaryimage"},"image":{"@id":"https:\/\/www.meydan.tv\/az\/article\/milli-sura-yene-mitinqe-hazirlasir\/#primaryimage"},"thumbnailUrl":"https:\/\/www.meydan.tv\/wp-content\/uploads\/7778.jpg","datePublished":"2015-03-16T16:27:19+00:00","breadcrumb":{"@id":"https:\/\/www.meydan.tv\/az\/article\/milli-sura-yene-mitinqe-hazirlasir\/#breadcrumb"},"inLanguage":"az","potentialAction":[{"@type":"ReadAction","target":["https:\/\/www.meydan.tv\/az\/article\/milli-sura-yene-mitinqe-hazirlasir\/"]}]},{"@type":"ImageObject","inLanguage":"az","@id":"https:\/\/www.meydan.tv\/az\/article\/milli-sura-yene-mitinqe-hazirlasir\/#primaryimage","url":"https:\/\/www.meydan.tv\/wp-content\/uploads\/7778.jpg","contentUrl":"https:\/\/www.meydan.tv\/wp-content\/uploads\/7778.jpg","width":1151,"height":768,"caption":"Source:"},{"@type":"BreadcrumbList","@id":"https:\/\/www.meydan.tv\/az\/article\/milli-sura-yene-mitinqe-hazirlasir\/#breadcrumb","itemListElement":[{"@type":"ListItem","position":1,"name":"Ana s\u0259hif\u0259","item":"https:\/\/www.meydan.tv\/az\/"},{"@type":"ListItem","position":2,"name":"X\u0259b\u0259rl\u0259r","item":"https:\/\/www.meydan.tv\/az\/section\/xeberler\/"},{"@type":"ListItem","position":3,"name":"Milli \u015eura yen\u0259 mitinq\u0259 haz\u0131rla\u015f\u0131r"}]},{"@type":"WebSite","@id":"https:\/\/www.meydan.tv\/az\/#website","url":"https:\/\/www.meydan.tv\/az\/","name":"MEYDAN.TV","description":"Meydan TV Az\u0259rbaycan\u0131n media m\u0259kan\u0131ndak\u0131 alternativ s\u0259sidir","publisher":{"@id":"https:\/\/www.meydan.tv\/az\/#organization"},"potentialAction":[{"@type":"SearchAction","target":{"@type":"EntryPoint","urlTemplate":"https:\/\/www.meydan.tv\/az\/?s={search_term_string}"},"query-input":{"@type":"PropertyValueSpecification","valueRequired":true,"valueName":"search_term_string"}}],"inLanguage":"az"},{"@type":"Organization","@id":"https:\/\/www.meydan.tv\/az\/#organization","name":"Meydan TV","url":"https:\/\/www.meydan.tv\/az\/","logo":{"@type":"ImageObject","inLanguage":"az","@id":"https:\/\/www.meydan.tv\/az\/#\/schema\/logo\/image\/","url":"https:\/\/www.meydan.tv\/wp-content\/uploads\/2021\/07\/meydan-logo.svg","contentUrl":"https:\/\/www.meydan.tv\/wp-content\/uploads\/2021\/07\/meydan-logo.svg","width":195,"height":46,"caption":"Meydan TV"},"image":{"@id":"https:\/\/www.meydan.tv\/az\/#\/schema\/logo\/image\/"}},{"@type":"Person","@id":"https:\/\/www.meydan.tv\/az\/#\/schema\/person\/10d11eccf6da3662cf5fdab9806ea91a","name":"user-manager"}]}},"_links":{"self":[{"href":"https:\/\/www.meydan.tv\/az\/wp-json\/wp\/v2\/posts\/167267","targetHints":{"allow":["GET"]}}],"collection":[{"href":"https:\/\/www.meydan.tv\/az\/wp-json\/wp\/v2\/posts"}],"about":[{"href":"https:\/\/www.meydan.tv\/az\/wp-json\/wp\/v2\/types\/post"}],"author":[{"embeddable":true,"href":"https:\/\/www.meydan.tv\/az\/wp-json\/wp\/v2\/users\/11"}],"replies":[{"embeddable":true,"href":"https:\/\/www.meydan.tv\/az\/wp-json\/wp\/v2\/comments?post=167267"}],"version-history":[{"count":0,"href":"https:\/\/www.meydan.tv\/az\/wp-json\/wp\/v2\/posts\/167267\/revisions"}],"wp:featuredmedia":[{"embeddable":true,"href":"https:\/\/www.meydan.tv\/az\/wp-json\/wp\/v2\/media\/21528"}],"wp:attachment":[{"href":"https:\/\/www.meydan.tv\/az\/wp-json\/wp\/v2\/media?parent=167267"}],"wp:term":[{"taxonomy":"category","embeddable":true,"href":"https:\/\/www.meydan.tv\/az\/wp-json\/wp\/v2\/categories?post=167267"},{"taxonomy":"post_tag","embeddable":true,"href":"https:\/\/www.meydan.tv\/az\/wp-json\/wp\/v2\/tags?post=167267"}],"curies":[{"name":"wp","href":"https:\/\/api.w.org\/{rel}","templated":true}]}}