{"id":167266,"date":"2015-03-16T14:37:22","date_gmt":"2015-03-16T14:37:22","guid":{"rendered":"https:\/\/www.meydan.tv\/article\/iqtisadcilar-hokumetin-hesabatindan-ciddi-yenilik-gozlemirler\/"},"modified":"2015-03-16T14:37:22","modified_gmt":"2015-03-16T14:37:22","slug":"iqtisadcilar-hokumetin-hesabatindan-ciddi-yenilik-gozlemirler","status":"publish","type":"post","link":"https:\/\/www.meydan.tv\/az\/article\/iqtisadcilar-hokumetin-hesabatindan-ciddi-yenilik-gozlemirler\/","title":{"rendered":"\u0130qtisad\u00e7\u0131lar h\u00f6kum\u0259tin hesabat\u0131ndan ciddi yenilik g\u00f6zl\u0259mirl\u0259r"},"content":{"rendered":"<figure class=\"wp-block-image size-large\">\n  <img decoding=\"async\" src=\"https:\/\/www.meydan.tv\/az\/21513\/\" alt=\"\" class=\"wp-image-21513\"\/><figcaption><\/figcaption><\/figure>\n<figure class=\"wp-block-image size-large\">\n  <img decoding=\"async\" src=\"https:\/\/www.meydan.tv\/az\/21507\/\" alt=\"\" class=\"wp-image-21507\"\/><figcaption><\/figcaption><\/figure>\n<p><div>\n    <i><br \/>\n      R\u00f6v\u015f\u0259n A\u011fayev: &#8220;Hesabat\u0131 oxumadan, a\u00e7\u0131qlama verm\u0259k qeyri-ciddi olard\u0131&#8221;<br \/>\n    <\/i>\n  <\/div>\n<\/p>\n<p><div>\n    <i><br \/>\n      Natiq C\u0259f\u0259rli: &#8220;Hans\u0131sa mesajlar\u0131n veril\u0259c\u0259yin\u0259 \u00fcmid etm\u0259k ist\u0259yir\u0259m&#8221;<br \/>\n    <\/i>\n  <\/div>\n<\/p>\n<p>\n  Mart\u0131n 17-d\u0259 Az\u0259rbaycan h\u00f6kum\u0259ti Milli M\u0259clisd\u0259 hesabat ver\u0259c\u0259k. \u018fn\u0259n\u0259vi hesabatlardan olsa da, \u0259vv\u0259lki ill\u0259rl\u0259 m\u00fcqayis\u0259d\u0259 M\u0259rk\u0259zi Bank\u0131n 21 fevral q\u0259rar\u0131 m\u00fczakir\u0259l\u0259rin maraql\u0131 ke\u00e7\u0259c\u0259yi t\u0259\u0259ss\u00fcrat\u0131n\u0131 yarad\u0131r. Ancaq m\u00fcraci\u0259t etdiyimiz iqtisad\u00e7\u0131lar hesabatla ba\u011fl\u0131 \u0259hat\u0259li m\u0259lumat ala bilm\u0259dikl\u0259rini s\u00f6yl\u0259dil\u0259r.<br \/>\n  \n<\/p>\n<figure class=\"wp-block-image size-large\">\n  <img decoding=\"async\" src=\"https:\/\/www.meydan.tv\/az\/21513\/\" alt=\"\" class=\"wp-image-21513\"\/><figcaption><\/figcaption><\/figure>\n<p>\n  \u0130qtisad\u00e7\u0131 R\u00f6v\u015f\u0259n A\u011fayev Meydan TV-y\u0259 a\u00e7\u0131qlamas\u0131nda t\u0259\u0259ss\u00fcfl\u0259ndi ki, hesabat\u0131 \u0259ld\u0259 ed\u0259 bilm\u0259diyind\u0259n dan\u0131\u015fa bilm\u0259y\u0259c\u0259k: &#8220;Hesabat\u0131 \u0259ld\u0259 etm\u0259y\u0259 \u00e7al\u0131\u015fsaq da, c\u0259hdimiz al\u0131nmad\u0131. Jurnalist h\u0259mkarlar\u0131n\u0131z da s\u0259n\u0259di tapa bilm\u0259dil\u0259r. Ona g\u00f6r\u0259 hesabat\u0131 oxumadan, a\u00e7\u0131qlama verm\u0259k qeyri-ciddi olard\u0131. M\u0259s\u0259l\u0259 ondad\u0131r ki, biz g\u0259r\u0259k hesabat\u0131 oxuyub \u00f6t\u0259n ill\u0259 m\u00fcqayis\u0259 ed\u0259k, t\u0259\u0259ss\u00fcf ki, bu imkandan m\u0259hrumuq&#8221;.\n<\/p>\n<p>\n  Onun h\u0259mkar\u0131 Natiq C\u0259f\u0259rli d\u0259 hesabatla tan\u0131\u015f olmad\u0131\u011f\u0131n\u0131 s\u00f6yl\u0259s\u0259 d\u0259, bildirdi ki, ke\u00e7mi\u015f \u0259n\u0259n\u0259l\u0259rd\u0259n yana\u015fd\u0131qda, h\u00f6kum\u0259tin hesabat\u0131n\u0131n normal yox, karikatura \u015f\u0259klind\u0259 ke\u00e7diyi g\u00f6r\u00fcn\u00fcr: &#8220;Oturu\u015fmu\u015f demokratik c\u0259miyy\u0259tl\u0259ri bir k\u0259nara qoyaq, qon\u015fular\u0131m\u0131z Rusiyada, Qazax\u0131standa, G\u00fcrc\u00fcstanda v\u0259 Erm\u0259nistanda bel\u0259 h\u00f6kum\u0259tin hesabat\u0131 g\u00fcnl\u0259rl\u0259, h\u0259ft\u0259l\u0259rl\u0259 davam edir. Deputatlar\u0131n b\u00fcdc\u0259 parametrl\u0259ri il\u0259 ba\u011fl\u0131 \u00e7oxsayl\u0131 suallar\u0131 yaran\u0131r, h\u00f6kum\u0259t \u00fczvl\u0259ri d\u0259 bunlara cavab verm\u0259li olurlar. Az\u0259rbaycanda is\u0259 h\u00f6kum\u0259tin hesabat\u0131 g\u00fcn\u00fcn bir hiss\u0259sind\u0259 yekunla\u015f\u0131r, bunu oturu\u015fmu\u015f qaydalara uy\u011fun h\u00f6kum\u0259t hesabat\u0131 adland\u0131rmaq \u00e7ox \u00e7\u0259tindir&#8221;.\n<\/p>\n<p>\n  Natiq C\u0259f\u0259rli builki f\u0259rqin \u00f6lk\u0259d\u0259 \u00e7ox ciddi iqtisadi prosesl\u0259rin ba\u015flanmas\u0131 il\u0259 \u0259laq\u0259l\u0259ndirdi: &#8220;H\u0259m neftin qiym\u0259tinin enm\u0259si, h\u0259m manat\u0131n devalvasiyas\u0131, h\u0259m sosial g\u0259rginliyin artmas\u0131 ehtimal\u0131, h\u0259m d\u0259 m\u00fcxt\u0259lif layih\u0259l\u0259rd\u0259 k\u0259sintil\u0259rin olmas\u0131 ehtimal\u0131 hesabat\u0131 daha maraql\u0131 edir. Amma \u00f6t\u0259n ill\u0259rd\u0259n f\u0259rqli n\u0259s\u0259 ba\u015f ver\u0259c\u0259yini d\u0259 d\u00fc\u015f\u00fcnm\u00fcr\u0259m. \u00c7ox t\u0259\u0259ss\u00fcf ki, bu ill\u0259rd\u0259 h\u00f6kum\u0259tin hesabatlar\u0131 s\u0131ras\u0131nda iki deputat\u0131n dala\u015fmas\u0131 yadda qal\u0131b. Bu m\u0259nada Az\u0259rbaycan h\u00f6kum\u0259tinin ciddi t\u0259klifl\u0259rl\u0259 yaddaqalan hesabat d\u00f6vr\u00fcn\u00fc xat\u0131rlam\u0131ram. Mart\u0131n 17-d\u0259 d\u0259 yenilikl\u0259rin olaca\u011f\u0131n\u0131 g\u00f6zl\u0259mir\u0259m. Amma hans\u0131sa mesajlar\u0131n veril\u0259c\u0259yin\u0259 \u00fcmid etm\u0259k ist\u0259yir\u0259m. Az\u0259rbaycan postsovet m\u0259kan\u0131ndak\u0131 problemli \u00f6lk\u0259l\u0259rd\u0259n olsa da, bug\u00fcn\u0259 q\u0259d\u0259r h\u00f6kum\u0259tin anti-b\u00f6hran proqram\u0131 yoxdur. Art\u0131q ba\u015fqa respublikalarda bir ne\u00e7\u0259 variantda bu c\u00fcr proqramlar ictimaiyy\u0259t\u0259 t\u0259qdim olunub. G\u00fcman ki, anti-b\u00f6hran proqram\u0131 haqq\u0131nda n\u0259s\u0259 desinl\u0259r. Ancaq indiki parlament format\u0131nda ciddi m\u00fczakir\u0259l\u0259rin olaca\u011f\u0131na inanmaq \u00e7ox \u00e7\u0259tindir&#8221;.\n<\/p>\n<figure class=\"wp-block-image size-large\">\n  <img decoding=\"async\" src=\"https:\/\/www.meydan.tv\/az\/21516\/\" alt=\"\" class=\"wp-image-21516\"\/><figcaption><\/figcaption><\/figure>\n<p>\n  Natiq C\u0259f\u0259rli g\u00fcman edir ki, may ay\u0131nda b\u00fcdc\u0259y\u0259 yenid\u0259n bax\u0131lmas\u0131 m\u00fcmk\u00fcnd\u00fcr: &#8220;D\u0259f\u0259l\u0259rl\u0259 b\u00fcdc\u0259 t\u0259sdiql\u0259n\u0259nd\u0259 neftin qiym\u0259tinin b\u00fcdc\u0259d\u0259 daha konservat\u0131v g\u00f6t\u00fcr\u00fclm\u0259sini t\u0259klif etdik. He\u00e7 olmasa, 60 dollar g\u00f6t\u00fcr\u00fcl\u0259rdi. \u018fg\u0259r bunu ets\u0259ydil\u0259r, b\u00fcdc\u0259 ciddi \u015f\u0259kild\u0259 azalmal\u0131yd\u0131. H\u00f6kum\u0259t \u00f6z ritorikas\u0131n\u0131n qurban\u0131na \u00e7evrildiyind\u0259n b\u00fcdc\u0259nin ciddi \u015f\u0259kild\u0259 azalmas\u0131na getm\u0259k ist\u0259m\u0259di. \u00c7\u00fcnki insanlara izah ed\u0259 bilm\u0259y\u0259c\u0259kdil\u0259r ki, \u0259g\u0259r d\u00fcnyadak\u0131 prosesl\u0259rin Az\u0259rbaycana ciddi t\u0259sir g\u00f6st\u0259rm\u0259diyini deyirsinizs\u0259, 2014-c\u00fc ilin b\u00fcdc\u0259si il\u0259 builki b\u00fcdc\u0259 aras\u0131nda niy\u0259 15-20 faiz f\u0259rq var? Bu bax\u0131mdan bu ilin b\u00fcdc\u0259sinin yerin\u0259 yetirilm\u0259sind\u0259 ciddi probleml\u0259r olacaq. \u00dcmid edirik ki, ilin ortas\u0131nda probleml\u0259ri azaltmaq \u00fc\u00e7\u00fcn m\u00fc\u0259yy\u0259n add\u0131mlar at\u0131ls\u0131n&#8221;.<br \/>\n  \n<\/p>\n<p>\n  \u0130qtisad\u00e7\u0131 d\u00fc\u015f\u00fcn\u00fcr ki, b\u00fcdc\u0259d\u0259 \u0259sas k\u0259sintiy\u0259 gedil\u0259si x\u0259rc madd\u0259l\u0259ri investisiya x\u0259rcl\u0259ridir: &#8220;H\u0259r il oldu\u011fu kimi, bu il d\u0259 b\u00f6y\u00fck miqdarda investisiya x\u0259rcl\u0259ri n\u0259z\u0259rd\u0259 tutulub, t\u0259qrib\u0259n 9 milyarddan \u00e7ox. Amma h\u00f6kum\u0259tin qurdu\u011fu iqtisadi modeld\u0259 investisiya x\u0259rcl\u0259ri m\u00fch\u00fcm rol oynay\u0131rd\u0131, s\u0259b\u0259b d\u0259 o idi ki, ba\u015fqa c\u00fcr inki\u015faf\u0131 t\u0259min ed\u0259 bilmirdil\u0259r. Ba\u015fqa yollar dey\u0259nd\u0259, r\u0259qab\u0259tli m\u00fchit yarad\u0131lmal\u0131, korrupsiyaya son qoyulmal\u0131, \u0259dal\u0259tli m\u0259hk\u0259m\u0259 sistemi olmal\u0131d\u0131r. Birinci model\u0259 \u00fcst\u00fcnl\u00fck verdikl\u0259rind\u0259n h\u00f6kum\u0259t \u00e7\u0131x\u0131lmaz v\u0259ziyy\u0259td\u0259 qal\u0131b. \u00c7\u00fcnki investisiya x\u0259rcl\u0259ri azald\u0131qca, i\u015f yerl\u0259ri d\u0259 azalacaq v\u0259 bu, sosial g\u0259rginliyi g\u00fccl\u0259ndir\u0259c\u0259k. T\u0259\u0259ss\u00fcf ki, g\u00f6zl\u0259nil\u0259n g\u0259rginliyin qar\u015f\u0131s\u0131n\u0131 alacaq do\u011fru-d\u00fcr\u00fcst proqramlar\u0131 da yoxdur.\n<\/p><\/p>\n","protected":false},"excerpt":{"rendered":"<p>R\u00f6v\u015f\u0259n A\u011fayev: &#8220;Hesabat\u0131 oxumadan, a\u00e7\u0131qlama verm\u0259k qeyri-ciddi olard\u0131&#8221;<\/p>\n<p>Natiq C\u0259f\u0259rli: &#8220;Hans\u0131sa mesajlar\u0131n veril\u0259c\u0259yin\u0259 \u00fcmid etm\u0259k ist\u0259yir\u0259m&#8221;<\/p>\n","protected":false},"author":11,"featured_media":21513,"comment_status":"closed","ping_status":"open","sticky":false,"template":"","format":"standard","meta":{"_acf_changed":false,"_sitemap_exclude":false,"_sitemap_priority":"","_sitemap_frequency":"","footnotes":""},"categories":[56],"tags":[],"class_list":["post-167266","post","type-post","status-publish","format-standard","has-post-thumbnail","hentry","category-xeberler","infinite-scroll-item","generate-columns","tablet-grid-50","mobile-grid-100","grid-parent","grid-33","no-featured-image-padding"],"acf":[],"yoast_head":"<!-- This site is optimized with the Yoast SEO plugin v28.3 - https:\/\/yoast.com\/product\/yoast-seo-wordpress\/ -->\n<title>\u0130qtisad\u00e7\u0131lar h\u00f6kum\u0259tin hesabat\u0131ndan ciddi yenilik g\u00f6zl\u0259mirl\u0259r - MEYDAN.TV<\/title>\n<meta name=\"robots\" content=\"index, follow, max-snippet:-1, max-image-preview:large, max-video-preview:-1\" \/>\n<link rel=\"canonical\" href=\"https:\/\/www.meydan.tv\/az\/article\/iqtisadcilar-hokumetin-hesabatindan-ciddi-yenilik-gozlemirler\/\" \/>\n<meta property=\"og:locale\" content=\"az_AZ\" \/>\n<meta property=\"og:type\" content=\"article\" \/>\n<meta property=\"og:title\" content=\"\u0130qtisad\u00e7\u0131lar h\u00f6kum\u0259tin hesabat\u0131ndan ciddi yenilik g\u00f6zl\u0259mirl\u0259r - MEYDAN.TV\" \/>\n<meta property=\"og:description\" content=\"R\u00f6v\u015f\u0259n A\u011fayev: &quot;Hesabat\u0131 oxumadan, a\u00e7\u0131qlama verm\u0259k qeyri-ciddi olard\u0131&quot;  Natiq C\u0259f\u0259rli: &quot;Hans\u0131sa mesajlar\u0131n veril\u0259c\u0259yin\u0259 \u00fcmid etm\u0259k ist\u0259yir\u0259m&quot;\" \/>\n<meta property=\"og:url\" content=\"https:\/\/www.meydan.tv\/az\/article\/iqtisadcilar-hokumetin-hesabatindan-ciddi-yenilik-gozlemirler\/\" \/>\n<meta property=\"og:site_name\" content=\"MEYDAN.TV\" \/>\n<meta property=\"article:published_time\" content=\"2015-03-16T14:37:22+00:00\" \/>\n<meta property=\"og:image\" content=\"https:\/\/www.meydan.tv\/wp-content\/uploads\/7770.jpg\" \/>\n\t<meta property=\"og:image:width\" content=\"300\" \/>\n\t<meta property=\"og:image:height\" content=\"251\" \/>\n\t<meta property=\"og:image:type\" content=\"image\/jpeg\" \/>\n<meta name=\"twitter:card\" content=\"summary_large_image\" \/>\n<!-- \/ Yoast SEO plugin. -->","yoast_head_json":{"title":"\u0130qtisad\u00e7\u0131lar h\u00f6kum\u0259tin hesabat\u0131ndan ciddi yenilik g\u00f6zl\u0259mirl\u0259r - MEYDAN.TV","robots":{"index":"index","follow":"follow","max-snippet":"max-snippet:-1","max-image-preview":"max-image-preview:large","max-video-preview":"max-video-preview:-1"},"canonical":"https:\/\/www.meydan.tv\/az\/article\/iqtisadcilar-hokumetin-hesabatindan-ciddi-yenilik-gozlemirler\/","og_locale":"az_AZ","og_type":"article","og_title":"\u0130qtisad\u00e7\u0131lar h\u00f6kum\u0259tin hesabat\u0131ndan ciddi yenilik g\u00f6zl\u0259mirl\u0259r - MEYDAN.TV","og_description":"R\u00f6v\u015f\u0259n A\u011fayev: \"Hesabat\u0131 oxumadan, a\u00e7\u0131qlama verm\u0259k qeyri-ciddi olard\u0131\"  Natiq C\u0259f\u0259rli: \"Hans\u0131sa mesajlar\u0131n veril\u0259c\u0259yin\u0259 \u00fcmid etm\u0259k ist\u0259yir\u0259m\"","og_url":"https:\/\/www.meydan.tv\/az\/article\/iqtisadcilar-hokumetin-hesabatindan-ciddi-yenilik-gozlemirler\/","og_site_name":"MEYDAN.TV","article_published_time":"2015-03-16T14:37:22+00:00","og_image":[{"width":300,"height":251,"url":"https:\/\/www.meydan.tv\/wp-content\/uploads\/7770.jpg","type":"image\/jpeg"}],"twitter_card":"summary_large_image","schema":{"@context":"https:\/\/schema.org","@graph":[{"@type":"Article","@id":"https:\/\/www.meydan.tv\/az\/article\/iqtisadcilar-hokumetin-hesabatindan-ciddi-yenilik-gozlemirler\/#article","isPartOf":{"@id":"https:\/\/www.meydan.tv\/az\/article\/iqtisadcilar-hokumetin-hesabatindan-ciddi-yenilik-gozlemirler\/"},"author":{"name":"user-manager","@id":"https:\/\/www.meydan.tv\/az\/#\/schema\/person\/10d11eccf6da3662cf5fdab9806ea91a"},"headline":"\u0130qtisad\u00e7\u0131lar h\u00f6kum\u0259tin hesabat\u0131ndan ciddi yenilik g\u00f6zl\u0259mirl\u0259r","datePublished":"2015-03-16T14:37:22+00:00","mainEntityOfPage":{"@id":"https:\/\/www.meydan.tv\/az\/article\/iqtisadcilar-hokumetin-hesabatindan-ciddi-yenilik-gozlemirler\/"},"wordCount":891,"publisher":{"@id":"https:\/\/www.meydan.tv\/az\/#organization"},"image":{"@id":"https:\/\/www.meydan.tv\/az\/article\/iqtisadcilar-hokumetin-hesabatindan-ciddi-yenilik-gozlemirler\/#primaryimage"},"thumbnailUrl":"https:\/\/www.meydan.tv\/wp-content\/uploads\/7770.jpg","articleSection":["X\u0259b\u0259rl\u0259r"],"inLanguage":"az"},{"@type":"WebPage","@id":"https:\/\/www.meydan.tv\/az\/article\/iqtisadcilar-hokumetin-hesabatindan-ciddi-yenilik-gozlemirler\/","url":"https:\/\/www.meydan.tv\/az\/article\/iqtisadcilar-hokumetin-hesabatindan-ciddi-yenilik-gozlemirler\/","name":"\u0130qtisad\u00e7\u0131lar h\u00f6kum\u0259tin hesabat\u0131ndan ciddi yenilik g\u00f6zl\u0259mirl\u0259r - MEYDAN.TV","isPartOf":{"@id":"https:\/\/www.meydan.tv\/az\/#website"},"primaryImageOfPage":{"@id":"https:\/\/www.meydan.tv\/az\/article\/iqtisadcilar-hokumetin-hesabatindan-ciddi-yenilik-gozlemirler\/#primaryimage"},"image":{"@id":"https:\/\/www.meydan.tv\/az\/article\/iqtisadcilar-hokumetin-hesabatindan-ciddi-yenilik-gozlemirler\/#primaryimage"},"thumbnailUrl":"https:\/\/www.meydan.tv\/wp-content\/uploads\/7770.jpg","datePublished":"2015-03-16T14:37:22+00:00","breadcrumb":{"@id":"https:\/\/www.meydan.tv\/az\/article\/iqtisadcilar-hokumetin-hesabatindan-ciddi-yenilik-gozlemirler\/#breadcrumb"},"inLanguage":"az","potentialAction":[{"@type":"ReadAction","target":["https:\/\/www.meydan.tv\/az\/article\/iqtisadcilar-hokumetin-hesabatindan-ciddi-yenilik-gozlemirler\/"]}]},{"@type":"ImageObject","inLanguage":"az","@id":"https:\/\/www.meydan.tv\/az\/article\/iqtisadcilar-hokumetin-hesabatindan-ciddi-yenilik-gozlemirler\/#primaryimage","url":"https:\/\/www.meydan.tv\/wp-content\/uploads\/7770.jpg","contentUrl":"https:\/\/www.meydan.tv\/wp-content\/uploads\/7770.jpg","width":300,"height":251,"caption":"Source:"},{"@type":"BreadcrumbList","@id":"https:\/\/www.meydan.tv\/az\/article\/iqtisadcilar-hokumetin-hesabatindan-ciddi-yenilik-gozlemirler\/#breadcrumb","itemListElement":[{"@type":"ListItem","position":1,"name":"Ana s\u0259hif\u0259","item":"https:\/\/www.meydan.tv\/az\/"},{"@type":"ListItem","position":2,"name":"X\u0259b\u0259rl\u0259r","item":"https:\/\/www.meydan.tv\/az\/section\/xeberler\/"},{"@type":"ListItem","position":3,"name":"\u0130qtisad\u00e7\u0131lar h\u00f6kum\u0259tin hesabat\u0131ndan ciddi yenilik g\u00f6zl\u0259mirl\u0259r"}]},{"@type":"WebSite","@id":"https:\/\/www.meydan.tv\/az\/#website","url":"https:\/\/www.meydan.tv\/az\/","name":"MEYDAN.TV","description":"Meydan TV Az\u0259rbaycan\u0131n media m\u0259kan\u0131ndak\u0131 alternativ s\u0259sidir","publisher":{"@id":"https:\/\/www.meydan.tv\/az\/#organization"},"potentialAction":[{"@type":"SearchAction","target":{"@type":"EntryPoint","urlTemplate":"https:\/\/www.meydan.tv\/az\/?s={search_term_string}"},"query-input":{"@type":"PropertyValueSpecification","valueRequired":true,"valueName":"search_term_string"}}],"inLanguage":"az"},{"@type":"Organization","@id":"https:\/\/www.meydan.tv\/az\/#organization","name":"Meydan TV","url":"https:\/\/www.meydan.tv\/az\/","logo":{"@type":"ImageObject","inLanguage":"az","@id":"https:\/\/www.meydan.tv\/az\/#\/schema\/logo\/image\/","url":"https:\/\/www.meydan.tv\/wp-content\/uploads\/2021\/07\/meydan-logo.svg","contentUrl":"https:\/\/www.meydan.tv\/wp-content\/uploads\/2021\/07\/meydan-logo.svg","width":195,"height":46,"caption":"Meydan TV"},"image":{"@id":"https:\/\/www.meydan.tv\/az\/#\/schema\/logo\/image\/"}},{"@type":"Person","@id":"https:\/\/www.meydan.tv\/az\/#\/schema\/person\/10d11eccf6da3662cf5fdab9806ea91a","name":"user-manager"}]}},"_links":{"self":[{"href":"https:\/\/www.meydan.tv\/az\/wp-json\/wp\/v2\/posts\/167266","targetHints":{"allow":["GET"]}}],"collection":[{"href":"https:\/\/www.meydan.tv\/az\/wp-json\/wp\/v2\/posts"}],"about":[{"href":"https:\/\/www.meydan.tv\/az\/wp-json\/wp\/v2\/types\/post"}],"author":[{"embeddable":true,"href":"https:\/\/www.meydan.tv\/az\/wp-json\/wp\/v2\/users\/11"}],"replies":[{"embeddable":true,"href":"https:\/\/www.meydan.tv\/az\/wp-json\/wp\/v2\/comments?post=167266"}],"version-history":[{"count":0,"href":"https:\/\/www.meydan.tv\/az\/wp-json\/wp\/v2\/posts\/167266\/revisions"}],"wp:featuredmedia":[{"embeddable":true,"href":"https:\/\/www.meydan.tv\/az\/wp-json\/wp\/v2\/media\/21513"}],"wp:attachment":[{"href":"https:\/\/www.meydan.tv\/az\/wp-json\/wp\/v2\/media?parent=167266"}],"wp:term":[{"taxonomy":"category","embeddable":true,"href":"https:\/\/www.meydan.tv\/az\/wp-json\/wp\/v2\/categories?post=167266"},{"taxonomy":"post_tag","embeddable":true,"href":"https:\/\/www.meydan.tv\/az\/wp-json\/wp\/v2\/tags?post=167266"}],"curies":[{"name":"wp","href":"https:\/\/api.w.org\/{rel}","templated":true}]}}