{"id":167263,"date":"2015-03-16T13:18:09","date_gmt":"2015-03-16T13:18:09","guid":{"rendered":"https:\/\/www.meydan.tv\/article\/arif-hacili-efv-fermani-hakimiyyet-ucun-bir-test-olacaq\/"},"modified":"2015-03-16T13:18:09","modified_gmt":"2015-03-16T13:18:09","slug":"arif-hacili-efv-fermani-hakimiyyet-ucun-bir-test-olacaq","status":"publish","type":"post","link":"https:\/\/www.meydan.tv\/az\/article\/arif-hacili-efv-fermani-hakimiyyet-ucun-bir-test-olacaq\/","title":{"rendered":"Arif Hac\u0131l\u0131: &#8220;\u018ffv f\u0259rman\u0131 hakimiyy\u0259t \u00fc\u00e7\u00fcn bir test olacaq&#8221;"},"content":{"rendered":"<figure class=\"wp-block-image size-large\">\n  <img decoding=\"async\" src=\"https:\/\/www.meydan.tv\/az\/21504\/\" alt=\"\" class=\"wp-image-21504\"\/><figcaption><\/figcaption><\/figure>\n<figure class=\"wp-block-image size-large\">\n  <img decoding=\"async\" src=\"https:\/\/www.meydan.tv\/az\/21504\/\" alt=\"\" class=\"wp-image-21504\"\/><figcaption><\/figcaption><\/figure>\n<p>\n  <i><br \/>\n    &#8220;&#8230;Dialoq adland\u0131r\u0131lan proses m\u0259sh\u0259k\u0259y\u0259 \u00e7evril\u0259c\u0259k&#8221;<br \/>\n  <\/i>\n<\/p>\n<p>\n  &#8220;\u018fg\u0259r hakimiyy\u0259t m\u00fcxalif\u0259tl\u0259 dialoq t\u0259\u015f\u0259bb\u00fcsl\u0259rind\u0259 s\u0259mimidirs\u0259, yax\u0131n g\u00fcnl\u0259rd\u0259 bunu t\u0259sdiq etm\u0259k \u00fc\u00e7\u00fcn real imkan olacaq. Bahar Bayram\u0131 \u0259r\u0259f\u0259sind\u0259 veril\u0259c\u0259k \u0259fv f\u0259rman\u0131 bu sah\u0259d\u0259 bir testdir. Hakimiyy\u0259t bu f\u0259rmanla \u00f6lk\u0259d\u0259 siyasi m\u0259hbus probleminin h\u0259lli istiqam\u0259tind\u0259 ciddi add\u0131m atmasa, c\u0259miyy\u0259td\u0259 qar\u015f\u0131durma daha da k\u0259skinl\u0259\u015f\u0259c\u0259k. Dialoq adland\u0131r\u0131lan proses m\u0259sh\u0259k\u0259y\u0259 \u00e7evril\u0259c\u0259k&#8221;.\n<\/p>\n<p>\n  Bu bar\u0259d\u0259 Meydan TV-y\u0259 M\u00fcsavat Partiyas\u0131n\u0131n ba\u015fqan\u0131 Arif Hac\u0131l\u0131 dan\u0131\u015f\u0131b.\n<\/p>\n<p>\n  Arif Hac\u0131l\u0131 deyib ki, \u0259fv f\u0259rman\u0131 siyasi q\u00fcvv\u0259l\u0259rin, ictimai birlikl\u0259rin, \u00fcmumiyy\u0259tl\u0259, Az\u0259rbaycan c\u0259miyy\u0259tinin iqtidar\u0131n t\u0259\u015f\u0259bb\u00fcs\u00fc il\u0259 ke\u00e7iril\u0259n Avropa Oyunlara\u0131na m\u00fcnasib\u0259tinin m\u00fc\u0259yy\u0259nl\u0259\u015fm\u0259sin\u0259 d\u0259 ciddi t\u0259sir g\u00f6st\u0259r\u0259c\u0259k.<\/p>\n","protected":false},"excerpt":{"rendered":"<p>&#8220;&#8230;Dialoq adland\u0131r\u0131lan proses m\u0259sh\u0259k\u0259y\u0259 \u00e7evril\u0259c\u0259k&#8221;<\/p>\n","protected":false},"author":11,"featured_media":21504,"comment_status":"closed","ping_status":"open","sticky":false,"template":"","format":"standard","meta":{"_acf_changed":false,"_sitemap_exclude":false,"_sitemap_priority":"","_sitemap_frequency":"","footnotes":""},"categories":[56],"tags":[],"class_list":["post-167263","post","type-post","status-publish","format-standard","has-post-thumbnail","hentry","category-xeberler","infinite-scroll-item","generate-columns","tablet-grid-50","mobile-grid-100","grid-parent","grid-33","no-featured-image-padding"],"acf":[],"yoast_head":"<!-- This site is optimized with the Yoast SEO plugin v28.3 - https:\/\/yoast.com\/product\/yoast-seo-wordpress\/ -->\n<title>Arif Hac\u0131l\u0131: &quot;\u018ffv f\u0259rman\u0131 hakimiyy\u0259t \u00fc\u00e7\u00fcn bir test olacaq&quot; - MEYDAN.TV<\/title>\n<meta name=\"robots\" content=\"index, follow, max-snippet:-1, max-image-preview:large, max-video-preview:-1\" \/>\n<link rel=\"canonical\" href=\"https:\/\/www.meydan.tv\/az\/article\/arif-hacili-efv-fermani-hakimiyyet-ucun-bir-test-olacaq\/\" \/>\n<meta property=\"og:locale\" content=\"az_AZ\" \/>\n<meta property=\"og:type\" content=\"article\" \/>\n<meta property=\"og:title\" content=\"Arif Hac\u0131l\u0131: &quot;\u018ffv f\u0259rman\u0131 hakimiyy\u0259t \u00fc\u00e7\u00fcn bir test olacaq&quot; - MEYDAN.TV\" \/>\n<meta property=\"og:description\" content=\"&quot;...Dialoq adland\u0131r\u0131lan proses m\u0259sh\u0259k\u0259y\u0259 \u00e7evril\u0259c\u0259k&quot;\" \/>\n<meta property=\"og:url\" content=\"https:\/\/www.meydan.tv\/az\/article\/arif-hacili-efv-fermani-hakimiyyet-ucun-bir-test-olacaq\/\" \/>\n<meta property=\"og:site_name\" content=\"MEYDAN.TV\" \/>\n<meta property=\"article:published_time\" content=\"2015-03-16T13:18:09+00:00\" \/>\n<meta property=\"og:image\" content=\"https:\/\/www.meydan.tv\/wp-content\/uploads\/7768.jpg\" \/>\n\t<meta property=\"og:image:width\" content=\"335\" \/>\n\t<meta property=\"og:image:height\" content=\"270\" \/>\n\t<meta property=\"og:image:type\" content=\"image\/jpeg\" \/>\n<meta name=\"twitter:card\" content=\"summary_large_image\" \/>\n<!-- \/ Yoast SEO plugin. -->","yoast_head_json":{"title":"Arif Hac\u0131l\u0131: \"\u018ffv f\u0259rman\u0131 hakimiyy\u0259t \u00fc\u00e7\u00fcn bir test olacaq\" - MEYDAN.TV","robots":{"index":"index","follow":"follow","max-snippet":"max-snippet:-1","max-image-preview":"max-image-preview:large","max-video-preview":"max-video-preview:-1"},"canonical":"https:\/\/www.meydan.tv\/az\/article\/arif-hacili-efv-fermani-hakimiyyet-ucun-bir-test-olacaq\/","og_locale":"az_AZ","og_type":"article","og_title":"Arif Hac\u0131l\u0131: \"\u018ffv f\u0259rman\u0131 hakimiyy\u0259t \u00fc\u00e7\u00fcn bir test olacaq\" - MEYDAN.TV","og_description":"\"...Dialoq adland\u0131r\u0131lan proses m\u0259sh\u0259k\u0259y\u0259 \u00e7evril\u0259c\u0259k\"","og_url":"https:\/\/www.meydan.tv\/az\/article\/arif-hacili-efv-fermani-hakimiyyet-ucun-bir-test-olacaq\/","og_site_name":"MEYDAN.TV","article_published_time":"2015-03-16T13:18:09+00:00","og_image":[{"width":335,"height":270,"url":"https:\/\/www.meydan.tv\/wp-content\/uploads\/7768.jpg","type":"image\/jpeg"}],"twitter_card":"summary_large_image","schema":{"@context":"https:\/\/schema.org","@graph":[{"@type":"Article","@id":"https:\/\/www.meydan.tv\/az\/article\/arif-hacili-efv-fermani-hakimiyyet-ucun-bir-test-olacaq\/#article","isPartOf":{"@id":"https:\/\/www.meydan.tv\/az\/article\/arif-hacili-efv-fermani-hakimiyyet-ucun-bir-test-olacaq\/"},"author":{"name":"user-manager","@id":"https:\/\/www.meydan.tv\/az\/#\/schema\/person\/10d11eccf6da3662cf5fdab9806ea91a"},"headline":"Arif Hac\u0131l\u0131: &#8220;\u018ffv f\u0259rman\u0131 hakimiyy\u0259t \u00fc\u00e7\u00fcn bir test olacaq&#8221;","datePublished":"2015-03-16T13:18:09+00:00","mainEntityOfPage":{"@id":"https:\/\/www.meydan.tv\/az\/article\/arif-hacili-efv-fermani-hakimiyyet-ucun-bir-test-olacaq\/"},"wordCount":179,"publisher":{"@id":"https:\/\/www.meydan.tv\/az\/#organization"},"image":{"@id":"https:\/\/www.meydan.tv\/az\/article\/arif-hacili-efv-fermani-hakimiyyet-ucun-bir-test-olacaq\/#primaryimage"},"thumbnailUrl":"https:\/\/www.meydan.tv\/wp-content\/uploads\/7768.jpg","articleSection":["X\u0259b\u0259rl\u0259r"],"inLanguage":"az"},{"@type":"WebPage","@id":"https:\/\/www.meydan.tv\/az\/article\/arif-hacili-efv-fermani-hakimiyyet-ucun-bir-test-olacaq\/","url":"https:\/\/www.meydan.tv\/az\/article\/arif-hacili-efv-fermani-hakimiyyet-ucun-bir-test-olacaq\/","name":"Arif Hac\u0131l\u0131: \"\u018ffv f\u0259rman\u0131 hakimiyy\u0259t \u00fc\u00e7\u00fcn bir test olacaq\" - MEYDAN.TV","isPartOf":{"@id":"https:\/\/www.meydan.tv\/az\/#website"},"primaryImageOfPage":{"@id":"https:\/\/www.meydan.tv\/az\/article\/arif-hacili-efv-fermani-hakimiyyet-ucun-bir-test-olacaq\/#primaryimage"},"image":{"@id":"https:\/\/www.meydan.tv\/az\/article\/arif-hacili-efv-fermani-hakimiyyet-ucun-bir-test-olacaq\/#primaryimage"},"thumbnailUrl":"https:\/\/www.meydan.tv\/wp-content\/uploads\/7768.jpg","datePublished":"2015-03-16T13:18:09+00:00","breadcrumb":{"@id":"https:\/\/www.meydan.tv\/az\/article\/arif-hacili-efv-fermani-hakimiyyet-ucun-bir-test-olacaq\/#breadcrumb"},"inLanguage":"az","potentialAction":[{"@type":"ReadAction","target":["https:\/\/www.meydan.tv\/az\/article\/arif-hacili-efv-fermani-hakimiyyet-ucun-bir-test-olacaq\/"]}]},{"@type":"ImageObject","inLanguage":"az","@id":"https:\/\/www.meydan.tv\/az\/article\/arif-hacili-efv-fermani-hakimiyyet-ucun-bir-test-olacaq\/#primaryimage","url":"https:\/\/www.meydan.tv\/wp-content\/uploads\/7768.jpg","contentUrl":"https:\/\/www.meydan.tv\/wp-content\/uploads\/7768.jpg","width":335,"height":270,"caption":"Source:"},{"@type":"BreadcrumbList","@id":"https:\/\/www.meydan.tv\/az\/article\/arif-hacili-efv-fermani-hakimiyyet-ucun-bir-test-olacaq\/#breadcrumb","itemListElement":[{"@type":"ListItem","position":1,"name":"Ana s\u0259hif\u0259","item":"https:\/\/www.meydan.tv\/az\/"},{"@type":"ListItem","position":2,"name":"X\u0259b\u0259rl\u0259r","item":"https:\/\/www.meydan.tv\/az\/section\/xeberler\/"},{"@type":"ListItem","position":3,"name":"Arif Hac\u0131l\u0131: &#8220;\u018ffv f\u0259rman\u0131 hakimiyy\u0259t \u00fc\u00e7\u00fcn bir test olacaq&#8221;"}]},{"@type":"WebSite","@id":"https:\/\/www.meydan.tv\/az\/#website","url":"https:\/\/www.meydan.tv\/az\/","name":"MEYDAN.TV","description":"Meydan TV Az\u0259rbaycan\u0131n media m\u0259kan\u0131ndak\u0131 alternativ s\u0259sidir","publisher":{"@id":"https:\/\/www.meydan.tv\/az\/#organization"},"potentialAction":[{"@type":"SearchAction","target":{"@type":"EntryPoint","urlTemplate":"https:\/\/www.meydan.tv\/az\/?s={search_term_string}"},"query-input":{"@type":"PropertyValueSpecification","valueRequired":true,"valueName":"search_term_string"}}],"inLanguage":"az"},{"@type":"Organization","@id":"https:\/\/www.meydan.tv\/az\/#organization","name":"Meydan TV","url":"https:\/\/www.meydan.tv\/az\/","logo":{"@type":"ImageObject","inLanguage":"az","@id":"https:\/\/www.meydan.tv\/az\/#\/schema\/logo\/image\/","url":"https:\/\/www.meydan.tv\/wp-content\/uploads\/2021\/07\/meydan-logo.svg","contentUrl":"https:\/\/www.meydan.tv\/wp-content\/uploads\/2021\/07\/meydan-logo.svg","width":195,"height":46,"caption":"Meydan TV"},"image":{"@id":"https:\/\/www.meydan.tv\/az\/#\/schema\/logo\/image\/"}},{"@type":"Person","@id":"https:\/\/www.meydan.tv\/az\/#\/schema\/person\/10d11eccf6da3662cf5fdab9806ea91a","name":"user-manager"}]}},"_links":{"self":[{"href":"https:\/\/www.meydan.tv\/az\/wp-json\/wp\/v2\/posts\/167263","targetHints":{"allow":["GET"]}}],"collection":[{"href":"https:\/\/www.meydan.tv\/az\/wp-json\/wp\/v2\/posts"}],"about":[{"href":"https:\/\/www.meydan.tv\/az\/wp-json\/wp\/v2\/types\/post"}],"author":[{"embeddable":true,"href":"https:\/\/www.meydan.tv\/az\/wp-json\/wp\/v2\/users\/11"}],"replies":[{"embeddable":true,"href":"https:\/\/www.meydan.tv\/az\/wp-json\/wp\/v2\/comments?post=167263"}],"version-history":[{"count":0,"href":"https:\/\/www.meydan.tv\/az\/wp-json\/wp\/v2\/posts\/167263\/revisions"}],"wp:featuredmedia":[{"embeddable":true,"href":"https:\/\/www.meydan.tv\/az\/wp-json\/wp\/v2\/media\/21504"}],"wp:attachment":[{"href":"https:\/\/www.meydan.tv\/az\/wp-json\/wp\/v2\/media?parent=167263"}],"wp:term":[{"taxonomy":"category","embeddable":true,"href":"https:\/\/www.meydan.tv\/az\/wp-json\/wp\/v2\/categories?post=167263"},{"taxonomy":"post_tag","embeddable":true,"href":"https:\/\/www.meydan.tv\/az\/wp-json\/wp\/v2\/tags?post=167263"}],"curies":[{"name":"wp","href":"https:\/\/api.w.org\/{rel}","templated":true}]}}