{"id":167261,"date":"2015-03-16T09:53:12","date_gmt":"2015-03-16T09:53:12","guid":{"rendered":"https:\/\/www.meydan.tv\/article\/adr-azerbaycan-budcesi-maliyye-baximdan-gergin-veziyyetdedir\/"},"modified":"2015-03-16T09:53:12","modified_gmt":"2015-03-16T09:53:12","slug":"adr-azerbaycan-budcesi-maliyye-baximdan-gergin-veziyyetdedir","status":"publish","type":"post","link":"https:\/\/www.meydan.tv\/az\/article\/adr-azerbaycan-budcesi-maliyye-baximdan-gergin-veziyyetdedir\/","title":{"rendered":"ADR: &#8220;Az\u0259rbaycan b\u00fcdc\u0259si maliyy\u0259 bax\u0131mdan g\u0259rgin v\u0259ziyy\u0259td\u0259dir&#8221;"},"content":{"rendered":"<figure class=\"wp-block-image size-large\">\n  <img decoding=\"async\" src=\"https:\/\/www.meydan.tv\/az\/21501\/\" alt=\"\" class=\"wp-image-21501\"\/><figcaption><\/figcaption><\/figure>\n<figure class=\"wp-block-image size-large\">\n  <img decoding=\"async\" src=\"https:\/\/www.meydan.tv\/az\/21501\/\" alt=\"\" class=\"wp-image-21501\"\/><figcaption><\/figcaption><\/figure>\n<p>\n  <i><br \/>\n    ADR h\u00f6kum\u0259t\u0259 Birinci Avropa oyunlar\u0131n\u0131n ke\u00e7irilm\u0259si \u00fc\u00e7\u00fcn n\u0259z\u0259rd\u0259 tutulmu\u015f b\u00fcdc\u0259y\u0259 yenid\u0259n baxma\u011f\u0131 v\u0259 \u0259m\u0259liyyat x\u0259rcl\u0259rini optimalla\u015fd\u0131rma\u011f\u0131 t\u0259klif edir<br \/>\n  <\/i>\n<\/p>\n<p>\n  &#8220;Az\u0259rbaycan\u0131n d\u00fcnyada t\u0259bli\u011fi m\u0259qs\u0259dil\u0259 n\u0259z\u0259rd\u0259 tutulmu\u015f Birinci Avropa oyunlar\u0131n\u0131n \u00f6lk\u0259mizd\u0259 ke\u00e7irilm\u0259si il\u0259 ba\u011fl\u0131 veril\u0259n q\u0259rardan iki ild\u0259n art\u0131q vaxt \u00f6t\u00fcb. Hesablamalara g\u00f6r\u0259, Avropa oyunlar\u0131 \u00fc\u00e7\u00fcn idman infrastrukturunun yarad\u0131lmas\u0131na v\u0259 \u0259m\u0259liyyat b\u00fcdc\u0259sin\u0259 birba\u015fa x\u0259rcl\u0259r 4,2 milyard dollar t\u0259\u015fkil edir. Avropa oyunlar\u0131n\u0131n a\u00e7\u0131l\u0131\u015f v\u0259 ba\u011flan\u0131\u015f m\u0259rasiml\u0259rind\u0259 \u015foular\u0131n, m\u00fcxt\u0259lif \u0259yl\u0259nc\u0259li m\u0259d\u0259ni-k\u00fctl\u0259vi t\u0259dbirl\u0259rin haz\u0131rlan\u0131b ke\u00e7irilm\u0259si, qonaqlar\u0131n t\u0259mt\u0259raql\u0131 q\u0259bulu, yola sal\u0131nmas\u0131 v\u0259 sair bu kimi t\u0259dbirl\u0259r planla\u015f\u0131d\u0131r\u0131l\u0131r. Amma bu t\u0259dbirl\u0259r proqram\u0131 haz\u0131rlanark\u0259n Az\u0259rbaycan\u0131n d\u00f6vl\u0259t b\u00fcdc\u0259sinin formala\u015fmas\u0131nda \u0259sas rol oynayan neftin d\u00fcnya bazar\u0131nda qiym\u0259ti indiki s\u0259viyy\u0259d\u0259 a\u015fa\u011f\u0131 d\u00fc\u015fm\u0259mi\u015fdi. 2015-ci il Az\u0259rbaycan d\u00f6vl\u0259tinin proqnoz b\u00fcdc\u0259sind\u0259 neftin 1 barelinin qiym\u0259ti 90 dollar n\u0259z\u0259rd\u0259 tutulmu\u015fdursa, bu qiym\u0259t haz\u0131rda 50 dollara q\u0259d\u0259r enmi\u015fdir. Bu halda d\u00f6vl\u0259t b\u00fcdc\u0259sinin n\u0259 q\u0259d\u0259r itkiy\u0259 m\u0259ruz qald\u0131\u011f\u0131n\u0131 hesablayanda maliyy\u0259 v\u0259ziyy\u0259tin xeyli pisl\u0259\u015fdiyini g\u00f6r\u00fcr\u00fck&#8221;.\n<\/p>\n<p>\n  Bu fikirl\u0259r Az\u0259rbaycan Demokratiya v\u0259 Rifah H\u0259r\u0259kat\u0131n\u0131n (ADR) 16 martda Meydan TV-y\u0259 daxil olan b\u0259yanat\u0131nda yer al\u0131b.\n<\/p>\n<p>\n  ADR-in b\u0259yanat\u0131nda bildirilir ki, hesablamalara g\u00f6r\u0259, 1 barel Brent markal\u0131 neftin d\u00fcnya bazar qiym\u0259ti 50 dollar olarsa, \u0259ld\u0259 etdiyimiz g\u0259lirl\u0259r D\u00f6vl\u0259t Neft Fondundan b\u00fcdc\u0259y\u0259 n\u0259z\u0259rd\u0259 tutulan transferl\u0259rin 35,5 faizini, 60 dollar olarsa 47,9 faizini \u00f6rt\u0259 bil\u0259c\u0259k v\u0259 bu halda b\u00fcdc\u0259 ciddi maliyy\u0259 \u00e7\u0259tinlikl\u0259ri \u00fczl\u0259\u015f\u0259c\u0259k. Bununla yana\u015f\u0131, son 1 ayda Az\u0259rbaycan manat\u0131n\u0131n AB\u015e dollar\u0131na nisb\u0259td\u0259 34 faiz\u0259 q\u0259d\u0259r ucuzla\u015fmas\u0131 da milli iqtisadiyyat v\u0259 v\u0259t\u0259nda\u015flar\u0131n rifah\u0131 \u00fc\u00e7\u00fcn probleml\u0259r yarad\u0131b. Haz\u0131rda Az\u0259rbaycan b\u00fcdc\u0259si maliyy\u0259 bax\u0131mdan g\u0259rgin v\u0259ziyy\u0259td\u0259dir. Odur ki, ba\u015fqalar\u0131na xo\u015f g\u0259lm\u0259k \u00fc\u00e7\u00fcn planla\u015fd\u0131r\u0131lan b\u0259dx\u0259rclik d\u00f6vl\u0259tin cari maliyy\u0259 imkanlar\u0131n\u0131 daha da pisl\u0259\u015fdir\u0259 bil\u0259r. B\u00fct\u00fcn bunlar\u0131 n\u0259z\u0259r\u0259 alaraq, Az\u0259rbaycan Demokratiya v\u0259 Rifah (ADR) H\u0259r\u0259kat\u0131 h\u00f6kum\u0259t\u0259 Birinci Avropa oyunlar\u0131n\u0131n ke\u00e7irilm\u0259si \u00fc\u00e7\u00fcn n\u0259z\u0259rd\u0259 tutulmu\u015f b\u00fcdc\u0259y\u0259 yenid\u0259n baxma\u011f\u0131 v\u0259 \u0259m\u0259liyyat x\u0259rcl\u0259rini optimalla\u015fd\u0131rma\u011f\u0131 t\u0259klif edir.\n<\/p>\n<p>\n  &#8220;D\u00fcnyada ged\u0259n iqtisadi prosesl\u0259r, neftin qiym\u0259ti il\u0259 ba\u011fl\u0131 yaranm\u0131\u015f \u00e7\u0259tinlikl\u0259r, iqtisadi b\u00f6hranlar fonunda x\u0259rcl\u0259m\u0259l\u0259rin rasionalla\u015fd\u0131r\u0131lmas\u0131 Avropa oyunlar\u0131n\u0131n i\u015ftirak\u00e7\u0131lar\u0131 v\u0259 qonaqlar t\u0259r\u0259find\u0259n d\u0259 anlay\u0131\u015fla qar\u015f\u0131lanar. \u018fks halda qonaqp\u0259rv\u0259rlik ad\u0131 alt\u0131nda s\u0259rgil\u0259y\u0259c\u0259yimiz b\u0259dx\u0259rclik onlarda da haql\u0131 suallar yarada bil\u0259r. Art\u0131q d\u00fcnyan\u0131n bir ne\u00e7\u0259 n\u00fcfuzlu t\u0259\u015fkilat\u0131 v\u0259 \u015f\u0259xsi Az\u0259rbaycanda m\u00f6vcud olan insan haqlar\u0131n\u0131n v\u0259 azadl\u0131qlar\u0131n\u0131n pozulmas\u0131 hallar\u0131 ba\u011fl\u0131 Avropa oyunlar\u0131n\u0131 boykot etm\u0259k bar\u0259d\u0259 \u00e7a\u011f\u0131r\u0131\u015f edib. ADR H\u0259r\u0259kat\u0131 hesab edir ki, Az\u0259rbaycan hakimiyy\u0259ti Birinci Avropa oyunlar\u0131n\u0131n boykot olunmas\u0131 il\u0259 ba\u011fl\u0131 \u00e7a\u011f\u0131r\u0131\u015flara da diqq\u0259t yetirm\u0259li, \u00f6lk\u0259nin Avropa modern ail\u0259sinin \u00fczv\u00fc oldu\u011funu s\u00fcbut etm\u0259k \u00fc\u00e7\u00fcn siyasi m\u0259hbuslara azadl\u0131q verm\u0259kl\u0259 v\u0259 v\u0259t\u0259nda\u015f c\u0259miyy\u0259tinin f\u0259aliyy\u0259tin\u0259 olan m\u0259hdudiyy\u0259tl\u0259ri aradan qald\u0131rmaqla \u00f6lk\u0259nin demokratik imicini formala\u015fd\u0131rmal\u0131d\u0131r&#8221;,- b\u0259yanat bu fikirl\u0259rl\u0259 yekunla\u015f\u0131r.<\/p>\n","protected":false},"excerpt":{"rendered":"<p>ADR h\u00f6kum\u0259t\u0259 Birinci Avropa oyunlar\u0131n\u0131n ke\u00e7irilm\u0259si \u00fc\u00e7\u00fcn n\u0259z\u0259rd\u0259 tutulmu\u015f b\u00fcdc\u0259y\u0259 yenid\u0259n baxma\u011f\u0131 v\u0259 \u0259m\u0259liyyat x\u0259rcl\u0259rini optimalla\u015fd\u0131rma\u011f\u0131 t\u0259klif edir<\/p>\n","protected":false},"author":11,"featured_media":21501,"comment_status":"closed","ping_status":"open","sticky":false,"template":"","format":"standard","meta":{"_acf_changed":false,"_sitemap_exclude":false,"_sitemap_priority":"","_sitemap_frequency":"","footnotes":""},"categories":[56],"tags":[],"class_list":["post-167261","post","type-post","status-publish","format-standard","has-post-thumbnail","hentry","category-xeberler","infinite-scroll-item","generate-columns","tablet-grid-50","mobile-grid-100","grid-parent","grid-33","no-featured-image-padding"],"acf":[],"yoast_head":"<!-- This site is optimized with the Yoast SEO plugin v28.3 - https:\/\/yoast.com\/product\/yoast-seo-wordpress\/ -->\n<title>ADR: &quot;Az\u0259rbaycan b\u00fcdc\u0259si maliyy\u0259 bax\u0131mdan g\u0259rgin v\u0259ziyy\u0259td\u0259dir&quot; - MEYDAN.TV<\/title>\n<meta name=\"robots\" content=\"index, follow, max-snippet:-1, max-image-preview:large, max-video-preview:-1\" \/>\n<link rel=\"canonical\" href=\"https:\/\/www.meydan.tv\/az\/article\/adr-azerbaycan-budcesi-maliyye-baximdan-gergin-veziyyetdedir\/\" \/>\n<meta property=\"og:locale\" content=\"az_AZ\" \/>\n<meta property=\"og:type\" content=\"article\" \/>\n<meta property=\"og:title\" content=\"ADR: &quot;Az\u0259rbaycan b\u00fcdc\u0259si maliyy\u0259 bax\u0131mdan g\u0259rgin v\u0259ziyy\u0259td\u0259dir&quot; - MEYDAN.TV\" \/>\n<meta property=\"og:description\" content=\"ADR h\u00f6kum\u0259t\u0259 Birinci Avropa oyunlar\u0131n\u0131n ke\u00e7irilm\u0259si \u00fc\u00e7\u00fcn n\u0259z\u0259rd\u0259 tutulmu\u015f b\u00fcdc\u0259y\u0259 yenid\u0259n baxma\u011f\u0131 v\u0259 \u0259m\u0259liyyat x\u0259rcl\u0259rini optimalla\u015fd\u0131rma\u011f\u0131 t\u0259klif edir\" \/>\n<meta property=\"og:url\" content=\"https:\/\/www.meydan.tv\/az\/article\/adr-azerbaycan-budcesi-maliyye-baximdan-gergin-veziyyetdedir\/\" \/>\n<meta property=\"og:site_name\" content=\"MEYDAN.TV\" \/>\n<meta property=\"article:published_time\" content=\"2015-03-16T09:53:12+00:00\" \/>\n<meta property=\"og:image\" content=\"https:\/\/www.meydan.tv\/wp-content\/uploads\/7766.jpg\" \/>\n\t<meta property=\"og:image:width\" content=\"407\" \/>\n\t<meta property=\"og:image:height\" content=\"407\" \/>\n\t<meta property=\"og:image:type\" content=\"image\/jpeg\" \/>\n<meta name=\"twitter:card\" content=\"summary_large_image\" \/>\n<!-- \/ Yoast SEO plugin. -->","yoast_head_json":{"title":"ADR: \"Az\u0259rbaycan b\u00fcdc\u0259si maliyy\u0259 bax\u0131mdan g\u0259rgin v\u0259ziyy\u0259td\u0259dir\" - MEYDAN.TV","robots":{"index":"index","follow":"follow","max-snippet":"max-snippet:-1","max-image-preview":"max-image-preview:large","max-video-preview":"max-video-preview:-1"},"canonical":"https:\/\/www.meydan.tv\/az\/article\/adr-azerbaycan-budcesi-maliyye-baximdan-gergin-veziyyetdedir\/","og_locale":"az_AZ","og_type":"article","og_title":"ADR: \"Az\u0259rbaycan b\u00fcdc\u0259si maliyy\u0259 bax\u0131mdan g\u0259rgin v\u0259ziyy\u0259td\u0259dir\" - MEYDAN.TV","og_description":"ADR h\u00f6kum\u0259t\u0259 Birinci Avropa oyunlar\u0131n\u0131n ke\u00e7irilm\u0259si \u00fc\u00e7\u00fcn n\u0259z\u0259rd\u0259 tutulmu\u015f b\u00fcdc\u0259y\u0259 yenid\u0259n baxma\u011f\u0131 v\u0259 \u0259m\u0259liyyat x\u0259rcl\u0259rini optimalla\u015fd\u0131rma\u011f\u0131 t\u0259klif edir","og_url":"https:\/\/www.meydan.tv\/az\/article\/adr-azerbaycan-budcesi-maliyye-baximdan-gergin-veziyyetdedir\/","og_site_name":"MEYDAN.TV","article_published_time":"2015-03-16T09:53:12+00:00","og_image":[{"width":407,"height":407,"url":"https:\/\/www.meydan.tv\/wp-content\/uploads\/7766.jpg","type":"image\/jpeg"}],"twitter_card":"summary_large_image","schema":{"@context":"https:\/\/schema.org","@graph":[{"@type":"Article","@id":"https:\/\/www.meydan.tv\/az\/article\/adr-azerbaycan-budcesi-maliyye-baximdan-gergin-veziyyetdedir\/#article","isPartOf":{"@id":"https:\/\/www.meydan.tv\/az\/article\/adr-azerbaycan-budcesi-maliyye-baximdan-gergin-veziyyetdedir\/"},"author":{"name":"user-manager","@id":"https:\/\/www.meydan.tv\/az\/#\/schema\/person\/10d11eccf6da3662cf5fdab9806ea91a"},"headline":"ADR: &#8220;Az\u0259rbaycan b\u00fcdc\u0259si maliyy\u0259 bax\u0131mdan g\u0259rgin v\u0259ziyy\u0259td\u0259dir&#8221;","datePublished":"2015-03-16T09:53:12+00:00","mainEntityOfPage":{"@id":"https:\/\/www.meydan.tv\/az\/article\/adr-azerbaycan-budcesi-maliyye-baximdan-gergin-veziyyetdedir\/"},"wordCount":688,"publisher":{"@id":"https:\/\/www.meydan.tv\/az\/#organization"},"image":{"@id":"https:\/\/www.meydan.tv\/az\/article\/adr-azerbaycan-budcesi-maliyye-baximdan-gergin-veziyyetdedir\/#primaryimage"},"thumbnailUrl":"https:\/\/www.meydan.tv\/wp-content\/uploads\/7766.jpg","articleSection":["X\u0259b\u0259rl\u0259r"],"inLanguage":"az"},{"@type":"WebPage","@id":"https:\/\/www.meydan.tv\/az\/article\/adr-azerbaycan-budcesi-maliyye-baximdan-gergin-veziyyetdedir\/","url":"https:\/\/www.meydan.tv\/az\/article\/adr-azerbaycan-budcesi-maliyye-baximdan-gergin-veziyyetdedir\/","name":"ADR: \"Az\u0259rbaycan b\u00fcdc\u0259si maliyy\u0259 bax\u0131mdan g\u0259rgin v\u0259ziyy\u0259td\u0259dir\" - MEYDAN.TV","isPartOf":{"@id":"https:\/\/www.meydan.tv\/az\/#website"},"primaryImageOfPage":{"@id":"https:\/\/www.meydan.tv\/az\/article\/adr-azerbaycan-budcesi-maliyye-baximdan-gergin-veziyyetdedir\/#primaryimage"},"image":{"@id":"https:\/\/www.meydan.tv\/az\/article\/adr-azerbaycan-budcesi-maliyye-baximdan-gergin-veziyyetdedir\/#primaryimage"},"thumbnailUrl":"https:\/\/www.meydan.tv\/wp-content\/uploads\/7766.jpg","datePublished":"2015-03-16T09:53:12+00:00","breadcrumb":{"@id":"https:\/\/www.meydan.tv\/az\/article\/adr-azerbaycan-budcesi-maliyye-baximdan-gergin-veziyyetdedir\/#breadcrumb"},"inLanguage":"az","potentialAction":[{"@type":"ReadAction","target":["https:\/\/www.meydan.tv\/az\/article\/adr-azerbaycan-budcesi-maliyye-baximdan-gergin-veziyyetdedir\/"]}]},{"@type":"ImageObject","inLanguage":"az","@id":"https:\/\/www.meydan.tv\/az\/article\/adr-azerbaycan-budcesi-maliyye-baximdan-gergin-veziyyetdedir\/#primaryimage","url":"https:\/\/www.meydan.tv\/wp-content\/uploads\/7766.jpg","contentUrl":"https:\/\/www.meydan.tv\/wp-content\/uploads\/7766.jpg","width":407,"height":407,"caption":"Source:"},{"@type":"BreadcrumbList","@id":"https:\/\/www.meydan.tv\/az\/article\/adr-azerbaycan-budcesi-maliyye-baximdan-gergin-veziyyetdedir\/#breadcrumb","itemListElement":[{"@type":"ListItem","position":1,"name":"Ana s\u0259hif\u0259","item":"https:\/\/www.meydan.tv\/az\/"},{"@type":"ListItem","position":2,"name":"X\u0259b\u0259rl\u0259r","item":"https:\/\/www.meydan.tv\/az\/section\/xeberler\/"},{"@type":"ListItem","position":3,"name":"ADR: &#8220;Az\u0259rbaycan b\u00fcdc\u0259si maliyy\u0259 bax\u0131mdan g\u0259rgin v\u0259ziyy\u0259td\u0259dir&#8221;"}]},{"@type":"WebSite","@id":"https:\/\/www.meydan.tv\/az\/#website","url":"https:\/\/www.meydan.tv\/az\/","name":"MEYDAN.TV","description":"Meydan TV Az\u0259rbaycan\u0131n media m\u0259kan\u0131ndak\u0131 alternativ s\u0259sidir","publisher":{"@id":"https:\/\/www.meydan.tv\/az\/#organization"},"potentialAction":[{"@type":"SearchAction","target":{"@type":"EntryPoint","urlTemplate":"https:\/\/www.meydan.tv\/az\/?s={search_term_string}"},"query-input":{"@type":"PropertyValueSpecification","valueRequired":true,"valueName":"search_term_string"}}],"inLanguage":"az"},{"@type":"Organization","@id":"https:\/\/www.meydan.tv\/az\/#organization","name":"Meydan TV","url":"https:\/\/www.meydan.tv\/az\/","logo":{"@type":"ImageObject","inLanguage":"az","@id":"https:\/\/www.meydan.tv\/az\/#\/schema\/logo\/image\/","url":"https:\/\/www.meydan.tv\/wp-content\/uploads\/2021\/07\/meydan-logo.svg","contentUrl":"https:\/\/www.meydan.tv\/wp-content\/uploads\/2021\/07\/meydan-logo.svg","width":195,"height":46,"caption":"Meydan TV"},"image":{"@id":"https:\/\/www.meydan.tv\/az\/#\/schema\/logo\/image\/"}},{"@type":"Person","@id":"https:\/\/www.meydan.tv\/az\/#\/schema\/person\/10d11eccf6da3662cf5fdab9806ea91a","name":"user-manager"}]}},"_links":{"self":[{"href":"https:\/\/www.meydan.tv\/az\/wp-json\/wp\/v2\/posts\/167261","targetHints":{"allow":["GET"]}}],"collection":[{"href":"https:\/\/www.meydan.tv\/az\/wp-json\/wp\/v2\/posts"}],"about":[{"href":"https:\/\/www.meydan.tv\/az\/wp-json\/wp\/v2\/types\/post"}],"author":[{"embeddable":true,"href":"https:\/\/www.meydan.tv\/az\/wp-json\/wp\/v2\/users\/11"}],"replies":[{"embeddable":true,"href":"https:\/\/www.meydan.tv\/az\/wp-json\/wp\/v2\/comments?post=167261"}],"version-history":[{"count":0,"href":"https:\/\/www.meydan.tv\/az\/wp-json\/wp\/v2\/posts\/167261\/revisions"}],"wp:featuredmedia":[{"embeddable":true,"href":"https:\/\/www.meydan.tv\/az\/wp-json\/wp\/v2\/media\/21501"}],"wp:attachment":[{"href":"https:\/\/www.meydan.tv\/az\/wp-json\/wp\/v2\/media?parent=167261"}],"wp:term":[{"taxonomy":"category","embeddable":true,"href":"https:\/\/www.meydan.tv\/az\/wp-json\/wp\/v2\/categories?post=167261"},{"taxonomy":"post_tag","embeddable":true,"href":"https:\/\/www.meydan.tv\/az\/wp-json\/wp\/v2\/tags?post=167261"}],"curies":[{"name":"wp","href":"https:\/\/api.w.org\/{rel}","templated":true}]}}