{"id":167260,"date":"2015-03-16T09:23:42","date_gmt":"2015-03-16T09:23:42","guid":{"rendered":"https:\/\/www.meydan.tv\/article\/xedice-ismayil-agillari-olsa-meni-burdan-buraxmasinlar-gerek\/"},"modified":"2015-03-16T09:23:42","modified_gmt":"2015-03-16T09:23:42","slug":"xedice-ismayil-agillari-olsa-meni-burdan-buraxmasinlar-gerek","status":"publish","type":"post","link":"https:\/\/www.meydan.tv\/az\/article\/xedice-ismayil-agillari-olsa-meni-burdan-buraxmasinlar-gerek\/","title":{"rendered":"X\u0259dic\u0259 \u0130smay\u0131l: &#8220;A\u011f\u0131llar\u0131 olsa, m\u0259ni burdan buraxmas\u0131nlar g\u0259r\u0259k&#8221;"},"content":{"rendered":"<figure class=\"wp-block-image size-large\">\n  <img decoding=\"async\" src=\"https:\/\/www.meydan.tv\/az\/21492\/\" alt=\"\" class=\"wp-image-21492\"\/><figcaption><\/figcaption><\/figure>\n<p>\n  <i><br \/>\n    &#8220;\u00d6lk\u0259d\u0259n getm\u0259k niyy\u0259tim yoxdur, ham\u0131s\u0131n\u0131 bir-bir if\u015fa etm\u0259k \u0259zmim g\u00fcnd\u0259n-g\u00fcn\u0259, h\u0259r yeni cinay\u0259t bar\u0259d\u0259 \u00f6yr\u0259ndikc\u0259 art\u0131r&#8221;<br \/>\n  <\/i>\n<\/p>\n<p>\n  Dostlar, m\u0259n\u0259 \u00fcnvanlad\u0131\u011f\u0131n\u0131z il\u0131q s\u00f6zl\u0259r \u00fc\u00e7\u00fcn \u00e7ox sa\u011f olun. Onlar m\u0259n\u0259 yaln\u0131z v\u0259kill\u0259rimin dilind\u0259n \u00e7at\u0131r, \u00e7\u00fcnki m\u0259n\u0259 h\u0259r hans\u0131 a\u00e7\u0131qca, ya m\u0259ktubu g\u0259tirm\u0259l\u0259rin\u0259 icaz\u0259 vermirl\u0259r.\n<\/p>\n<p>\n  T\u0259cridxana r\u0259hb\u0259rliyi iddia edir ki, m\u0259ktublar po\u00e7tla g\u0259ls\u0259, m\u0259n\u0259 \u00e7atd\u0131r\u0131lacaq. \u0130st\u0259s\u0259niz, yoxlay\u0131n. H\u0259r\u00e7\u0259nd ki, po\u00e7t v\u0259 t\u0259cridxana m\u0259n\u0259 \u00e7atas\u0131 q\u0259zetl\u0259rin yaln\u0131z 1\/7 hiss\u0259sini \u00e7atd\u0131r\u0131r. H\u0259rd\u0259n zarafatla \u201cAzadl\u0131q\u201d q\u0259zetinin h\u0259ft\u0259liy\u0259 ke\u00e7ib-ke\u00e7m\u0259diyini soru\u015furam. \u00c7\u00fcnki m\u0259n \u0259n yax\u015f\u0131 halda h\u0259ft\u0259d\u0259 bir n\u00f6mr\u0259sini al\u0131ram.\n<\/p>\n<p>\n  H\u0259bsd\u0259n qorxmurdum, indi bir narahatl\u0131\u011f\u0131m yoxdur. N\u0259 \u00fc\u00e7\u00fcn bura sal\u0131nd\u0131\u011f\u0131m\u0131 bilir\u0259m v\u0259 h\u0259qiq\u0259ti s\u00f6yl\u0259m\u0259k azadl\u0131\u011f\u0131n\u0131n ill\u0259r boyu h\u0259bsd\u0259 qalmaq bahas\u0131na olsa bel\u0259 \u015firin nem\u0259t oldu\u011funu burda daha yax\u015f\u0131 anlay\u0131ram. M\u0259nim \u00fc\u00e7\u00fcn burda olmaq h\u0259m d\u0259 hakim rejimin cinay\u0259tl\u0259rini \u00f6yr\u0259nm\u0259k \u015fans\u0131 bax\u0131m\u0131ndan d\u0259y\u0259rli imkand\u0131r. \u0130ndi m\u0259n onlar\u0131n daha \u00e7ox cinay\u0259tl\u0259rind\u0259n x\u0259b\u0259rdaram. A\u011f\u0131llar\u0131 olsa, m\u0259ni burdan buraxmas\u0131nlar g\u0259r\u0259k. \u00c7\u00fcnki \u00f6lk\u0259d\u0259n getm\u0259k niyy\u0259tim yoxdur, ham\u0131s\u0131n\u0131 bir-bir if\u015fa etm\u0259k \u0259zmim g\u00fcnd\u0259n-g\u00fcn\u0259, h\u0259r yeni cinay\u0259t bar\u0259d\u0259 \u00f6yr\u0259ndikc\u0259 art\u0131r.\n<\/p>\n<p>\n  Jurnalist D\u0259yan\u0259t Az\u0259rsoyu g\u00f6r\u0259nl\u0259r var burda. Bir ne\u00e7\u0259 ay \u0259vv\u0259l d\u00f6y\u00fclm\u0259kd\u0259n \u00f6l\u00fcmc\u00fcl halda D\u0130N-in Ba\u015f M\u00fct\u0259\u015f\u0259kkil Cinay\u0259tkarl\u0131qla M\u00fcbariz\u0259 \u0130dar\u0259sind\u0259 g\u00f6r\u00fcbl\u0259r. D\u0259yan\u0259t Az\u0259rsoyun bir t\u0259r\u0259fi i\u015fl\u0259mirmi\u015f. Biz onun i\u015fg\u0259nc\u0259 alt\u0131nda \u0130lham \u018fliyev\u0259 yazd\u0131\u011f\u0131 s\u0259daq\u0259t m\u0259ktubunu narahatl\u0131qla qar\u015f\u0131lam\u0131\u015fd\u0131q. Halbuki, h\u0259r bel\u0259 m\u0259ktubdan sonra insan\u0131n n\u0259 halda oldu\u011funu, i\u015fg\u0259nc\u0259 alt\u0131nda olub-olmad\u0131\u011f\u0131n\u0131 ara\u015fd\u0131rmal\u0131y\u0131q.\n<\/p>\n<p>\n  Bu, rejimin xisl\u0259tidir. Adamlar\u0131 d\u00f6y\u0259-d\u00f6y\u0259, \u00e7\u00f6r\u0259kl\u0259 imtahana \u00e7\u0259k\u0259-\u00e7\u0259k\u0259 s\u0131nd\u0131rmaq. S\u0131nd\u0131r\u0131lan adamlar \u00f6lk\u0259sind\u0259 g\u0259l\u0259c\u0259k n\u0259 q\u0259d\u0259r dumanl\u0131 g\u00f6r\u00fcns\u0259 d\u0259, biz bu \u00f6lk\u0259ni onu bo\u011fan \u0259ll\u0259rd\u0259n qurtarmaq \u00fc\u00e7\u00fcn harda oluruqsa olaq, \u0259limiz\u0259d\u0259n g\u0259l\u0259ni etm\u0259liyik. H\u0259bsxana insanlar\u0131n d\u0259rdin\u0259 \u015f\u0259rik \u00e7\u0131xma\u011fa haz\u0131r adam \u00fc\u00e7\u00fcn \u00e7ox m\u0259\u015f\u011ful bir yer say\u0131la bil\u0259r. Bildiyim q\u0259d\u0259r siyasi m\u0259hbuslar\u0131n h\u0259r biri b\u00fct\u00fcn m\u0259hdudiyy\u0259tl\u0259r\u0259 baxmayaraq, insan haqlar\u0131n\u0131 h\u0259bsd\u0259 d\u0259 qorumaqla davam edirl\u0259r. Leyla xan\u0131m da, \u0130ntiqam b\u0259y d\u0259, R\u0259sul da, Seymur da.\n<\/p>\n<p>\n  Bildikl\u0259rim bunlard\u0131r. M\u0259hbus x\u0259b\u0259rl\u0259ri m\u0259n\u0259 d\u0259 \u00e7at\u0131r ax\u0131.\n<\/p><\/p>\n","protected":false},"excerpt":{"rendered":"<p>&#8220;\u00d6lk\u0259d\u0259n getm\u0259k niyy\u0259tim yoxdur, ham\u0131s\u0131n\u0131 bir-bir if\u015fa etm\u0259k \u0259zmim g\u00fcnd\u0259n-g\u00fcn\u0259, h\u0259r yeni cinay\u0259t bar\u0259d\u0259 \u00f6yr\u0259ndikc\u0259 art\u0131r&#8221;<\/p>\n","protected":false},"author":11,"featured_media":21492,"comment_status":"closed","ping_status":"open","sticky":false,"template":"","format":"standard","meta":{"_acf_changed":false,"_sitemap_exclude":false,"_sitemap_priority":"","_sitemap_frequency":"","footnotes":""},"categories":[56],"tags":[],"class_list":["post-167260","post","type-post","status-publish","format-standard","has-post-thumbnail","hentry","category-xeberler","infinite-scroll-item","generate-columns","tablet-grid-50","mobile-grid-100","grid-parent","grid-33","no-featured-image-padding"],"acf":[],"yoast_head":"<!-- This site is optimized with the Yoast SEO plugin v28.3 - https:\/\/yoast.com\/product\/yoast-seo-wordpress\/ -->\n<title>X\u0259dic\u0259 \u0130smay\u0131l: &quot;A\u011f\u0131llar\u0131 olsa, m\u0259ni burdan buraxmas\u0131nlar g\u0259r\u0259k&quot; - MEYDAN.TV<\/title>\n<meta name=\"robots\" content=\"index, follow, max-snippet:-1, max-image-preview:large, max-video-preview:-1\" \/>\n<link rel=\"canonical\" href=\"https:\/\/www.meydan.tv\/az\/article\/xedice-ismayil-agillari-olsa-meni-burdan-buraxmasinlar-gerek\/\" \/>\n<meta property=\"og:locale\" content=\"az_AZ\" \/>\n<meta property=\"og:type\" content=\"article\" \/>\n<meta property=\"og:title\" content=\"X\u0259dic\u0259 \u0130smay\u0131l: &quot;A\u011f\u0131llar\u0131 olsa, m\u0259ni burdan buraxmas\u0131nlar g\u0259r\u0259k&quot; - MEYDAN.TV\" \/>\n<meta property=\"og:description\" content=\"&quot;\u00d6lk\u0259d\u0259n getm\u0259k niyy\u0259tim yoxdur, ham\u0131s\u0131n\u0131 bir-bir if\u015fa etm\u0259k \u0259zmim g\u00fcnd\u0259n-g\u00fcn\u0259, h\u0259r yeni cinay\u0259t bar\u0259d\u0259 \u00f6yr\u0259ndikc\u0259 art\u0131r&quot;\" \/>\n<meta property=\"og:url\" content=\"https:\/\/www.meydan.tv\/az\/article\/xedice-ismayil-agillari-olsa-meni-burdan-buraxmasinlar-gerek\/\" \/>\n<meta property=\"og:site_name\" content=\"MEYDAN.TV\" \/>\n<meta property=\"article:published_time\" content=\"2015-03-16T09:23:42+00:00\" \/>\n<meta property=\"og:image\" content=\"https:\/\/www.meydan.tv\/wp-content\/uploads\/7764.jpg\" \/>\n\t<meta property=\"og:image:width\" content=\"1024\" \/>\n\t<meta property=\"og:image:height\" content=\"642\" \/>\n\t<meta property=\"og:image:type\" content=\"image\/jpeg\" \/>\n<meta name=\"twitter:card\" content=\"summary_large_image\" \/>\n<!-- \/ Yoast SEO plugin. -->","yoast_head_json":{"title":"X\u0259dic\u0259 \u0130smay\u0131l: \"A\u011f\u0131llar\u0131 olsa, m\u0259ni burdan buraxmas\u0131nlar g\u0259r\u0259k\" - MEYDAN.TV","robots":{"index":"index","follow":"follow","max-snippet":"max-snippet:-1","max-image-preview":"max-image-preview:large","max-video-preview":"max-video-preview:-1"},"canonical":"https:\/\/www.meydan.tv\/az\/article\/xedice-ismayil-agillari-olsa-meni-burdan-buraxmasinlar-gerek\/","og_locale":"az_AZ","og_type":"article","og_title":"X\u0259dic\u0259 \u0130smay\u0131l: \"A\u011f\u0131llar\u0131 olsa, m\u0259ni burdan buraxmas\u0131nlar g\u0259r\u0259k\" - MEYDAN.TV","og_description":"\"\u00d6lk\u0259d\u0259n getm\u0259k niyy\u0259tim yoxdur, ham\u0131s\u0131n\u0131 bir-bir if\u015fa etm\u0259k \u0259zmim g\u00fcnd\u0259n-g\u00fcn\u0259, h\u0259r yeni cinay\u0259t bar\u0259d\u0259 \u00f6yr\u0259ndikc\u0259 art\u0131r\"","og_url":"https:\/\/www.meydan.tv\/az\/article\/xedice-ismayil-agillari-olsa-meni-burdan-buraxmasinlar-gerek\/","og_site_name":"MEYDAN.TV","article_published_time":"2015-03-16T09:23:42+00:00","og_image":[{"width":1024,"height":642,"url":"https:\/\/www.meydan.tv\/wp-content\/uploads\/7764.jpg","type":"image\/jpeg"}],"twitter_card":"summary_large_image","schema":{"@context":"https:\/\/schema.org","@graph":[{"@type":"Article","@id":"https:\/\/www.meydan.tv\/az\/article\/xedice-ismayil-agillari-olsa-meni-burdan-buraxmasinlar-gerek\/#article","isPartOf":{"@id":"https:\/\/www.meydan.tv\/az\/article\/xedice-ismayil-agillari-olsa-meni-burdan-buraxmasinlar-gerek\/"},"author":{"name":"user-manager","@id":"https:\/\/www.meydan.tv\/az\/#\/schema\/person\/10d11eccf6da3662cf5fdab9806ea91a"},"headline":"X\u0259dic\u0259 \u0130smay\u0131l: &#8220;A\u011f\u0131llar\u0131 olsa, m\u0259ni burdan buraxmas\u0131nlar g\u0259r\u0259k&#8221;","datePublished":"2015-03-16T09:23:42+00:00","mainEntityOfPage":{"@id":"https:\/\/www.meydan.tv\/az\/article\/xedice-ismayil-agillari-olsa-meni-burdan-buraxmasinlar-gerek\/"},"wordCount":543,"publisher":{"@id":"https:\/\/www.meydan.tv\/az\/#organization"},"image":{"@id":"https:\/\/www.meydan.tv\/az\/article\/xedice-ismayil-agillari-olsa-meni-burdan-buraxmasinlar-gerek\/#primaryimage"},"thumbnailUrl":"https:\/\/www.meydan.tv\/wp-content\/uploads\/7764.jpg","articleSection":["X\u0259b\u0259rl\u0259r"],"inLanguage":"az"},{"@type":"WebPage","@id":"https:\/\/www.meydan.tv\/az\/article\/xedice-ismayil-agillari-olsa-meni-burdan-buraxmasinlar-gerek\/","url":"https:\/\/www.meydan.tv\/az\/article\/xedice-ismayil-agillari-olsa-meni-burdan-buraxmasinlar-gerek\/","name":"X\u0259dic\u0259 \u0130smay\u0131l: \"A\u011f\u0131llar\u0131 olsa, m\u0259ni burdan buraxmas\u0131nlar g\u0259r\u0259k\" - MEYDAN.TV","isPartOf":{"@id":"https:\/\/www.meydan.tv\/az\/#website"},"primaryImageOfPage":{"@id":"https:\/\/www.meydan.tv\/az\/article\/xedice-ismayil-agillari-olsa-meni-burdan-buraxmasinlar-gerek\/#primaryimage"},"image":{"@id":"https:\/\/www.meydan.tv\/az\/article\/xedice-ismayil-agillari-olsa-meni-burdan-buraxmasinlar-gerek\/#primaryimage"},"thumbnailUrl":"https:\/\/www.meydan.tv\/wp-content\/uploads\/7764.jpg","datePublished":"2015-03-16T09:23:42+00:00","breadcrumb":{"@id":"https:\/\/www.meydan.tv\/az\/article\/xedice-ismayil-agillari-olsa-meni-burdan-buraxmasinlar-gerek\/#breadcrumb"},"inLanguage":"az","potentialAction":[{"@type":"ReadAction","target":["https:\/\/www.meydan.tv\/az\/article\/xedice-ismayil-agillari-olsa-meni-burdan-buraxmasinlar-gerek\/"]}]},{"@type":"ImageObject","inLanguage":"az","@id":"https:\/\/www.meydan.tv\/az\/article\/xedice-ismayil-agillari-olsa-meni-burdan-buraxmasinlar-gerek\/#primaryimage","url":"https:\/\/www.meydan.tv\/wp-content\/uploads\/7764.jpg","contentUrl":"https:\/\/www.meydan.tv\/wp-content\/uploads\/7764.jpg","width":1024,"height":642,"caption":"Source:"},{"@type":"BreadcrumbList","@id":"https:\/\/www.meydan.tv\/az\/article\/xedice-ismayil-agillari-olsa-meni-burdan-buraxmasinlar-gerek\/#breadcrumb","itemListElement":[{"@type":"ListItem","position":1,"name":"Ana s\u0259hif\u0259","item":"https:\/\/www.meydan.tv\/az\/"},{"@type":"ListItem","position":2,"name":"X\u0259b\u0259rl\u0259r","item":"https:\/\/www.meydan.tv\/az\/section\/xeberler\/"},{"@type":"ListItem","position":3,"name":"X\u0259dic\u0259 \u0130smay\u0131l: &#8220;A\u011f\u0131llar\u0131 olsa, m\u0259ni burdan buraxmas\u0131nlar g\u0259r\u0259k&#8221;"}]},{"@type":"WebSite","@id":"https:\/\/www.meydan.tv\/az\/#website","url":"https:\/\/www.meydan.tv\/az\/","name":"MEYDAN.TV","description":"Meydan TV Az\u0259rbaycan\u0131n media m\u0259kan\u0131ndak\u0131 alternativ s\u0259sidir","publisher":{"@id":"https:\/\/www.meydan.tv\/az\/#organization"},"potentialAction":[{"@type":"SearchAction","target":{"@type":"EntryPoint","urlTemplate":"https:\/\/www.meydan.tv\/az\/?s={search_term_string}"},"query-input":{"@type":"PropertyValueSpecification","valueRequired":true,"valueName":"search_term_string"}}],"inLanguage":"az"},{"@type":"Organization","@id":"https:\/\/www.meydan.tv\/az\/#organization","name":"Meydan TV","url":"https:\/\/www.meydan.tv\/az\/","logo":{"@type":"ImageObject","inLanguage":"az","@id":"https:\/\/www.meydan.tv\/az\/#\/schema\/logo\/image\/","url":"https:\/\/www.meydan.tv\/wp-content\/uploads\/2021\/07\/meydan-logo.svg","contentUrl":"https:\/\/www.meydan.tv\/wp-content\/uploads\/2021\/07\/meydan-logo.svg","width":195,"height":46,"caption":"Meydan TV"},"image":{"@id":"https:\/\/www.meydan.tv\/az\/#\/schema\/logo\/image\/"}},{"@type":"Person","@id":"https:\/\/www.meydan.tv\/az\/#\/schema\/person\/10d11eccf6da3662cf5fdab9806ea91a","name":"user-manager"}]}},"_links":{"self":[{"href":"https:\/\/www.meydan.tv\/az\/wp-json\/wp\/v2\/posts\/167260","targetHints":{"allow":["GET"]}}],"collection":[{"href":"https:\/\/www.meydan.tv\/az\/wp-json\/wp\/v2\/posts"}],"about":[{"href":"https:\/\/www.meydan.tv\/az\/wp-json\/wp\/v2\/types\/post"}],"author":[{"embeddable":true,"href":"https:\/\/www.meydan.tv\/az\/wp-json\/wp\/v2\/users\/11"}],"replies":[{"embeddable":true,"href":"https:\/\/www.meydan.tv\/az\/wp-json\/wp\/v2\/comments?post=167260"}],"version-history":[{"count":0,"href":"https:\/\/www.meydan.tv\/az\/wp-json\/wp\/v2\/posts\/167260\/revisions"}],"wp:featuredmedia":[{"embeddable":true,"href":"https:\/\/www.meydan.tv\/az\/wp-json\/wp\/v2\/media\/21492"}],"wp:attachment":[{"href":"https:\/\/www.meydan.tv\/az\/wp-json\/wp\/v2\/media?parent=167260"}],"wp:term":[{"taxonomy":"category","embeddable":true,"href":"https:\/\/www.meydan.tv\/az\/wp-json\/wp\/v2\/categories?post=167260"},{"taxonomy":"post_tag","embeddable":true,"href":"https:\/\/www.meydan.tv\/az\/wp-json\/wp\/v2\/tags?post=167260"}],"curies":[{"name":"wp","href":"https:\/\/api.w.org\/{rel}","templated":true}]}}