{"id":167255,"date":"2015-03-14T17:54:42","date_gmt":"2015-03-14T17:54:42","guid":{"rendered":"https:\/\/www.meydan.tv\/article\/cemil-hesenli-tehlukesizlik-orqanlarinin-texribat-toretdiyini-dusunur\/"},"modified":"2015-03-14T17:54:42","modified_gmt":"2015-03-14T17:54:42","slug":"cemil-hesenli-tehlukesizlik-orqanlarinin-texribat-toretdiyini-dusunur","status":"publish","type":"post","link":"https:\/\/www.meydan.tv\/az\/article\/cemil-hesenli-tehlukesizlik-orqanlarinin-texribat-toretdiyini-dusunur\/","title":{"rendered":"C\u0259mil H\u0259s\u0259nli t\u0259hl\u00fck\u0259sizlik orqanlar\u0131n\u0131n t\u0259xribat t\u00f6r\u0259tdiyini d\u00fc\u015f\u00fcn\u00fcr"},"content":{"rendered":"<figure class=\"wp-block-image size-large\">\n  <img decoding=\"async\" src=\"https:\/\/www.meydan.tv\/az\/21483\/\" alt=\"\" class=\"wp-image-21483\"\/><figcaption><\/figcaption><\/figure>\n<figure class=\"wp-block-image size-large\">\n  <img decoding=\"async\" src=\"https:\/\/www.meydan.tv\/az\/21483\/\" alt=\"\" class=\"wp-image-21483\"\/><figcaption><\/figcaption><\/figure>\n<p>\n  <i><br \/>\n    &#8220;Bir s\u0131ra qurumlar \u00f6mr\u00fcn\u00fc 1990-c\u0131 ill\u0259rd\u0259 ba\u015fa vurmu\u015f sovetl\u0259rin i\u015fini davam etdirm\u0259k ist\u0259yirl\u0259r. Onlar bu yolla v\u0259t\u0259nda\u015flar\u0131 \u00e7\u0259kindirm\u0259k, yalan m\u0259lumat verm\u0259k, etiraz aksiyalar\u0131nda k\u00fctl\u0259viliyin qar\u015f\u0131s\u0131n\u0131 almaq ist\u0259yirl\u0259r&#8221;<br \/>\n  <\/i>\n<\/p>\n<p>\n  Bir ne\u00e7\u0259 m\u00fcxalif\u0259t partiyas\u0131 v\u0259 ictimai f\u0259al\u0131 birl\u0259\u015fdir\u0259n Milli \u015eura mart\u0131n 15-d\u0259 Bak\u0131da mitinq ke\u00e7irm\u0259yi planla\u015fd\u0131r\u0131r. \u00d6lk\u0259d\u0259 bahala\u015fma v\u0259 ba\u015fqa sosial probleml\u0259r\u0259 h\u0259s edil\u0259n bu aksiya \u0259r\u0259f\u0259sind\u0259 onun t\u0259\u015fkilat\u00e7\u0131lar\u0131 m\u00fcxt\u0259lif t\u0259zyiql\u0259rl\u0259 \u00fczl\u0259\u015fdikl\u0259rini deyirl\u0259r.\n<\/p>\n<p>\n  Meydan TV aksiyan\u0131n t\u0259\u015fkilat\u00e7\u0131s\u0131 olan Milli \u015euran\u0131n s\u0259dri, professor C\u0259mil H\u0259s\u0259nlinin Azadl\u0131q Radiosuna m\u00fcsahib\u0259sini t\u0259qdim edir\n<\/p>\n<p>\n  <b><br \/>\n    &#8211; C\u0259mil b\u0259y, 15 mart mitiniqin\u0259 icaz\u0259 verildi. Ancaq aksiya \u00f6nc\u0259si sizin facebook s\u0259hif\u0259nizin da\u011f\u0131d\u0131ld\u0131\u011f\u0131 deyildi, mitinqin vaxt\u0131 il\u0259 ba\u011fl\u0131 f\u0259rqli m\u0259lumatlar yay\u0131ld\u0131 v\u0259 s. B\u00fct\u00fcn bunlar 15 mart mitinqinin effektin\u0259 n\u0259 d\u0259r\u0259c\u0259d\u0259 t\u0259sir g\u00f6st\u0259r\u0259c\u0259k?<br \/>\n  <\/b>\n<\/p>\n<p>\n  &#8211; B\u00fct\u00fcn bu t\u0259xribatlar d\u00fc\u015f\u00fcn\u00fclm\u00fc\u015f \u015f\u0259kild\u0259 hakimiyy\u0259t orqanlar\u0131 t\u0259r\u0259find\u0259n, x\u00fcsusil\u0259 \u00f6lk\u0259nin t\u0259hl\u00fck\u0259sizlik orqanlar\u0131 t\u0259r\u0259find\u0259n t\u00f6r\u0259dildi. Bu, ilk n\u00f6vb\u0259d\u0259 m\u0259nim profilimin o\u011furlanmas\u0131, facebookda s\u0259hif\u0259min da\u011f\u0131d\u0131lmas\u0131nda \u00f6z\u00fcn\u00fc g\u00f6st\u0259rdi.\n<\/p>\n<p>\n  M\u0259nim o\u011furlanm\u0131\u015f profilimd\u0259n Az\u0259rbaycan v\u0259t\u0259nda\u015flar\u0131na \u00e7oxlu sayda yalan, b\u00f6htan, t\u0259xribat xarakterli m\u0259lumatlar verildi. B\u00fct\u00fcn bunlar mitinqd\u0259 k\u00fctl\u0259viliyin qar\u015f\u0131s\u0131n\u0131 almaqdan \u00f6tr\u00fcyd\u00fc. Amma bu orqanlar o q\u0259d\u0259r d\u00fc\u015f\u00fcnc\u0259sizdirl\u0259r ki, \u00f6zl\u0259ri d\u0259 bilm\u0259d\u0259n mitinqin sosial \u015f\u0259b\u0259k\u0259l\u0259rd\u0259 m\u00fczakir\u0259sin\u0259 s\u0259b\u0259b oldular. Biz d\u0259 v\u0259t\u0259nda\u015flar\u0131 x\u0259b\u0259rdar ed\u0259, mitinqin vaxt\u0131 il\u0259 ba\u011fl\u0131 g\u0259l\u0259n \u00e7oxsayl\u0131 suallara cavab ver\u0259 bildik.\n<\/p>\n<p>\n  B\u00fct\u00fcn hallarda ba\u015f ver\u0259nl\u0259r Az\u0259rbaycan hakimiyy\u0259tinin mahiyy\u0259tini g\u00f6st\u0259rir. \u018frazisi i\u015f\u011fal olunmu\u015f bir \u00f6lk\u0259nin t\u0259hl\u00fck\u0259sizlik orqanlar\u0131n\u0131n bel\u0259 m\u0259nas\u0131z i\u015fl\u0259rl\u0259 m\u0259\u015f\u011ful olmas\u0131 sad\u0259c\u0259, f\u0259lak\u0259tdir. B\u00fct\u00fcn bunlar\u0131 m\u00fc\u015fahid\u0259 ed\u0259n Az\u0259rbaycan v\u0259t\u0259nda\u015flar\u0131 i\u015f\u011fal olunmu\u015f torpaqlar\u0131n\u0131n 20 ild\u0259n art\u0131qd\u0131r d\u00fc\u015fm\u0259n \u0259sar\u0259tind\u0259 qalmas\u0131na t\u0259\u0259cc\u00fcbl\u0259nm\u0259m\u0259lidirl\u0259r.\n<\/p>\n<p>\n  <b><br \/>\n    &#8211; Sizc\u0259, elektorat aras\u0131nda m\u00fc\u0259yy\u0259n \u00e7a\u015fq\u0131nl\u0131q yarada bildil\u0259rmi? H\u0259r halda siz\u0259 suallar g\u0259ldiyini deyirsiz.<br \/>\n  <\/b>\n<\/p>\n<p>\n  &#8211; H\u0259r d\u0259f\u0259 mitinq olanda hakimiyy\u0259t orqanlar\u0131 m\u0259nas\u0131z \u015feyl\u0259r d\u00fc\u015f\u00fcn\u00fcrl\u0259r. Bundan \u0259vv\u0259lki 9 noyabr, 12 oktyabr mitinql\u0259rind\u0259 d\u0259 t\u0259xribatlar olmu\u015fdu.\n<\/p>\n<p>\n  Bizim bir s\u0131ra qurumlar\u0131m\u0131z \u00f6mr\u00fcn\u00fc 1990-c\u0131 ill\u0259rd\u0259 ba\u015fa vurmu\u015f sovetl\u0259rin i\u015fini davam etdirm\u0259k ist\u0259yirl\u0259r. Onlar bu yolla v\u0259t\u0259nda\u015flar\u0131 \u00e7\u0259kindirm\u0259k, yalan m\u0259lumat verm\u0259k, etiraz aksiyalar\u0131nda k\u00fctl\u0259viliyin qar\u015f\u0131s\u0131n\u0131 almaq ist\u0259yirl\u0259r. B\u00fct\u00fcn bunlar mitinq qorxusundan ir\u0259li g\u0259lir. Amma d\u00fc\u015f\u00fcnm\u0259d\u0259n mitinqin k\u00fctl\u0259viliyin\u0259 xidm\u0259t edirl\u0259r.\n<\/p>\n<p>\n  <b><br \/>\n    &#8211; Sizc\u0259, bu g\u00fcn naraz\u0131 elektorat mitinq\u0259 g\u0259lm\u0259kd\u0259 h\u0259v\u0259slidirmi?<br \/>\n  <\/b>\n<\/p>\n<p>\n  &#8211; Fevral\u0131n 21-d\u0259 el\u0259 bir hadis\u0259 ba\u015f verdi ki, b\u00fct\u00fcn v\u0259t\u0259nda\u015flar\u0131n h\u0259yat\u0131na t\u0259sir g\u00f6st\u0259rdi. Az\u0259rbaycan hakimiyy\u0259tinin verdiyi q\u0259rarla bir g\u00fcn\u00fcn i\u00e7ind\u0259 b\u00fct\u00fcn ail\u0259l\u0259r 33-35 faiz yoxsulla\u015fd\u0131. Onlar\u0131n g\u0259lirl\u0259ri, \u0259man\u0259tl\u0259ri, sosial yard\u0131mlar\u0131 bir g\u00fcnd\u0259 35% \u00f6z d\u0259y\u0259rini itirdi. \u00d6lk\u0259d\u0259 k\u00fctl\u0259vi bahala\u015fma gedir. V\u0259t\u0259nda\u015f naraz\u0131d\u0131r. H\u0259r halda, biz bu mitinqi sosial sifari\u015f hesab edirik.\n<\/p>\n<p>\n  V\u0259t\u0259nda\u015flar\u0131m\u0131za qar\u015f\u0131 edilmi\u015f bu q\u0259sd\u0259 qar\u015f\u0131 bu mitinqi t\u0259\u015fkil edirik. M\u0259nc\u0259, hakimiyy\u0259tin h\u0259d\u0259fin\u0259 \u00e7evrilmi\u015f h\u0259r bir v\u0259t\u0259nda\u015f \u00f6z irad\u0259sini ortaya qoymal\u0131d\u0131r. Mitinq\u0259 g\u0259lm\u0259kl\u0259 bu talan\u00e7\u0131, soy\u011fun\u00e7u siyas\u0259t\u0259 \u201cyox\u201d dem\u0259yi bacarmal\u0131d\u0131r.\n<\/p>\n<p>\n  <b><br \/>\n    &#8211; Bel\u0259 etirazlar\u0131n t\u0259sirin\u0259, hakimiyy\u0259tin etiraz aksiyas\u0131ndan sonra m\u00fc\u0259yy\u0259n \u00f6l\u00e7\u00fc g\u00f6t\u00fcr\u0259c\u0259yin\u0259 inan\u0131rs\u0131zm\u0131?<br \/>\n  <\/b>\n<\/p>\n<p>\n  &#8211; Az\u0259rbaycanda ictimai r\u0259y i\u015fl\u0259m\u0259y\u0259 ba\u015flay\u0131b. Bir s\u0131ra m\u0259s\u0259l\u0259l\u0259r ictimai r\u0259yd\u0259, x\u00fcsus\u0259n d\u0259 sosial \u015f\u0259b\u0259k\u0259l\u0259rd\u0259 m\u00fczakir\u0259 olunduqdan sonra hakimiyy\u0259tin diqq\u0259tini d\u0259 c\u0259lb edir.\n<\/p>\n<p>\n  Biz mitinqd\u0259 t\u0259kc\u0259 manat\u0131n devalvasiyas\u0131ndan dan\u0131\u015fmayaca\u011f\u0131q. 1994-c\u00fc ild\u0259n \u015f\u0259hid ail\u0259l\u0259rin\u0259 \u00e7atacaq kompensasiyalar\u0131 vermirl\u0259r. Bu onlar\u0131n haqq\u0131d\u0131r. Ba\u015fqa \u00f6lk\u0259l\u0259rd\u0259 xeyriyy\u0259 aksiyalar\u0131na b\u00f6y\u00fck s\u0259xav\u0259tl\u0259 pul ay\u0131ran hakimiyy\u0259t Az\u0259rbaycan\u0131n m\u00fcst\u0259qilliyi yolunda can\u0131n\u0131 qoyanlar\u0131n yax\u0131nlar\u0131na qanunla m\u00fc\u0259yy\u0259n edilmi\u015f kopmpensasiyalar\u0131 \u00f6d\u0259m\u0259k ist\u0259mir. Bu m\u0259s\u0259l\u0259l\u0259ri g\u00fcnd\u0259m\u0259 g\u0259tirm\u0259k ist\u0259yirik. Bu da ictimai r\u0259yin t\u0259zyiq imkanlar\u0131n\u0131 art\u0131racaq.\n<\/p>\n<p>\n  <b><br \/>\n    &#8211; \u0130ctimai r\u0259yin i\u015fl\u0259diyini deyirsiz. Bu g\u00fcnl\u0259rd\u0259 Milli M\u0259clisin Sosial-siyas\u0259t Komit\u0259sinin s\u0259dri Had\u0131 R\u0259c\u0259bli dedi ki, m\u00fc\u0259llim yax\u015f\u0131 ya\u015famaq ist\u0259yirs\u0259 daha \u00e7ox i\u015fl\u0259m\u0259li, d\u0259rsd\u0259n sonra ba\u015fqa i\u015f d\u0259 g\u00f6rm\u0259lidr. L\u0259nk\u0259ran\u0131n Veravul k\u0259ndind\u0259 ya\u015fayan Balab\u0259y m\u00fc\u0259llimi misal g\u00f6st\u0259rdi. Sosial \u015f\u0259b\u0259k\u0259l\u0259rd\u0259 bu m\u0259s\u0259l\u0259 geni\u015f m\u00fczakir\u0259 olundu. Had\u0131 R\u0259c\u0259bli h\u0259tta dedikl\u0259rinin d\u00fcz anla\u015f\u0131lmad\u0131\u011f\u0131n\u0131 s\u00f6yl\u0259m\u0259li oldu. Ancaq maraql\u0131d\u0131r ki, Komit\u0259 s\u0259drinin yol g\u00f6st\u0259rdiyi m\u00fc\u0259llim t\u0259b\u0259q\u0259si buna m\u00fcnasib\u0259t bildirm\u0259di. Bu da bir k\u0259simin ictimai r\u0259yi, b\u0259lk\u0259 r\u0259ysizliyidir?<br \/>\n  <\/b>\n<\/p>\n<p>\n  &#8211; Az\u0259rbaycanda bu g\u00fcn m\u00fc\u0259llim kolllektivinin b\u00f6y\u00fck hiss\u0259si innovasiya texnologiyalar\u0131ndan istifad\u0259 ed\u0259 bilmir. Bu, f\u0259lak\u0259tdir.\n<\/p>\n<p>\n  XXI s\u0259rd\u0259 sinf\u0259 gir\u0259n m\u00fc\u0259lliml\u0259r kompyuterd\u0259n, sosial \u015f\u0259b\u0259k\u0259l\u0259rd\u0259n istifad\u0259 etm\u0259k qabiliyy\u0259tin\u0259 malik deyil. Mirz\u0259 C\u0259lil \u201cPo\u00e7t qutusu\u201d adl\u0131 bir hekay\u0259 yazm\u0131\u015fd\u0131. Novruz\u0259li xan\u0131n m\u0259ktubunu po\u00e7t qutusuna atmal\u0131 idi, amma po\u00e7t haqq\u0131nda t\u0259s\u0259vv\u00fcr\u00fc yox idi. M\u0259ktubu qutuya salandan sonra yan\u0131nda oturub g\u00f6zl\u0259yirdi. Po\u00e7t i\u015f\u00e7isi m\u0259ktubu g\u00f6t\u00fcr\u0259nd\u0259 qalmaqal sald\u0131 ki, onun xan\u0131n\u0131n m\u0259ktubunu niy\u0259 apar\u0131r.\n<\/p>\n<p>\n  Bu g\u00fcn internetd\u0259n, kompyuterd\u0259n istifad\u0259 ed\u0259 bilm\u0259y\u0259n az\u0259rbaycanl\u0131n\u0131n h\u0259min Novruz\u0259lid\u0259n f\u0259rqi yoxdur. \u00d6z m\u0259qs\u0259d, m\u0259ram\u0131na g\u00f6r\u0259 Mirz\u0259 C\u0259lilin Novruz\u0259lisi bug\u00fcnk\u00fc novruz\u0259lil\u0259rd\u0259n daha s\u0259mimi idi.\n<\/p>\n<p>\n  <b><br \/>\n    &#8211; Siz bu mitinqin sosial sifari\u015f oldu\u011funu s\u00f6yl\u0259diniz. Amma YAP-\u00e7\u0131 deputat Siyavu\u015f Novruzov deyib ki, bu mitinqin sifari\u015fi xaricd\u0259n g\u0259lib.<br \/>\n  <\/b>\n<\/p>\n<p>\n  &#8211; M\u0259n bel\u0259 m\u0259nas\u0131z b\u0259yanatlar\u0131 \u015f\u0259rh etm\u0259k ist\u0259mir\u0259m.\n<\/p>\n<p>\n  <b><br \/>\n    &#8211; Bu il<br \/>\n    <a href=\"http:\/\/www.azadliq.mobi\/a\/26867159.html\"><br \/>\n      q\u0131z\u0131n\u0131z<br \/>\n    <\/a><br \/>\n    8 mart\u0131 xo\u015f olmayan bir durumda qar\u015f\u0131lamal\u0131 oldu. Bu ata kimiz sizi incidirmi?<br \/>\n  <\/b>\n<\/p>\n<p>\n  &#8211; M\u0259n Siyasi M\u0259hbuslar\u0131n \u0130ctimai M\u00fcdafi\u0259 Komit\u0259sin\u0259 r\u0259hb\u0259rlik edir\u0259m. Leyla xan\u0131m da o m\u00fcdafi\u0259 olunanlar\u0131n \u00f6n s\u0131ralar\u0131nda dayan\u0131r, X\u0259dic\u0259 xan\u0131m da. Biz y\u00fczd\u0259n art\u0131q siyasi, vicdan m\u0259hbusunun h\u00fcquqular\u0131n\u0131 m\u00fcdafi\u0259 edirk.\n<\/p>\n<p>\n  Bu birinci d\u0259f\u0259 deyil. Biz 10-15 ildi hakimiyy\u0259tin t\u0259qibl\u0259ri il\u0259 \u00fczl\u0259\u015firik. Ola bilsin o\u011flumu h\u0259d\u0259f\u0259 g\u00f6t\u00fcrs\u0259l\u0259r cibin\u0259 narkotik atacaqd\u0131lar. Q\u0131z\u0131ma qar\u015f\u0131 daha b\u00f6y\u00fck h\u0259yas\u0131zl\u0131\u011fa \u0259l at\u0131blar. Bu quramad\u0131r. M\u0259nim q\u0131z\u0131ma yox, \u00f6z\u00fcm\u0259 qar\u015f\u0131 qura\u015fd\u0131r\u0131lma i\u015fdir.\u200b\n<\/p><\/p>\n","protected":false},"excerpt":{"rendered":"<p>&#8220;Bir s\u0131ra qurumlar \u00f6mr\u00fcn\u00fc 1990-c\u0131 ill\u0259rd\u0259 ba\u015fa vurmu\u015f sovetl\u0259rin i\u015fini davam etdirm\u0259k ist\u0259yirl\u0259r. Onlar bu yolla v\u0259t\u0259nda\u015flar\u0131 \u00e7\u0259kindirm\u0259k, yalan m\u0259lumat verm\u0259k, etiraz aksiyalar\u0131nda k\u00fctl\u0259viliyin qar\u015f\u0131s\u0131n\u0131 almaq ist\u0259yirl\u0259r&#8221;<\/p>\n","protected":false},"author":11,"featured_media":21483,"comment_status":"closed","ping_status":"open","sticky":false,"template":"","format":"standard","meta":{"_acf_changed":false,"_sitemap_exclude":false,"_sitemap_priority":"","_sitemap_frequency":"","footnotes":""},"categories":[56],"tags":[],"class_list":["post-167255","post","type-post","status-publish","format-standard","has-post-thumbnail","hentry","category-xeberler","infinite-scroll-item","generate-columns","tablet-grid-50","mobile-grid-100","grid-parent","grid-33","no-featured-image-padding"],"acf":[],"yoast_head":"<!-- This site is optimized with the Yoast SEO plugin v28.3 - https:\/\/yoast.com\/product\/yoast-seo-wordpress\/ -->\n<title>C\u0259mil H\u0259s\u0259nli t\u0259hl\u00fck\u0259sizlik orqanlar\u0131n\u0131n t\u0259xribat t\u00f6r\u0259tdiyini d\u00fc\u015f\u00fcn\u00fcr - MEYDAN.TV<\/title>\n<meta name=\"robots\" content=\"index, follow, max-snippet:-1, max-image-preview:large, max-video-preview:-1\" \/>\n<link rel=\"canonical\" href=\"https:\/\/www.meydan.tv\/az\/article\/cemil-hesenli-tehlukesizlik-orqanlarinin-texribat-toretdiyini-dusunur\/\" \/>\n<meta property=\"og:locale\" content=\"az_AZ\" \/>\n<meta property=\"og:type\" content=\"article\" \/>\n<meta property=\"og:title\" content=\"C\u0259mil H\u0259s\u0259nli t\u0259hl\u00fck\u0259sizlik orqanlar\u0131n\u0131n t\u0259xribat t\u00f6r\u0259tdiyini d\u00fc\u015f\u00fcn\u00fcr - MEYDAN.TV\" \/>\n<meta property=\"og:description\" content=\"&quot;Bir s\u0131ra qurumlar \u00f6mr\u00fcn\u00fc 1990-c\u0131 ill\u0259rd\u0259 ba\u015fa vurmu\u015f sovetl\u0259rin i\u015fini davam etdirm\u0259k ist\u0259yirl\u0259r. Onlar bu yolla v\u0259t\u0259nda\u015flar\u0131 \u00e7\u0259kindirm\u0259k, yalan m\u0259lumat verm\u0259k, etiraz aksiyalar\u0131nda k\u00fctl\u0259viliyin qar\u015f\u0131s\u0131n\u0131 almaq ist\u0259yirl\u0259r&quot;\" \/>\n<meta property=\"og:url\" content=\"https:\/\/www.meydan.tv\/az\/article\/cemil-hesenli-tehlukesizlik-orqanlarinin-texribat-toretdiyini-dusunur\/\" \/>\n<meta property=\"og:site_name\" content=\"MEYDAN.TV\" \/>\n<meta property=\"article:published_time\" content=\"2015-03-14T17:54:42+00:00\" \/>\n<meta property=\"og:image\" content=\"https:\/\/www.meydan.tv\/wp-content\/uploads\/7756.jpg\" \/>\n\t<meta property=\"og:image:width\" content=\"566\" \/>\n\t<meta property=\"og:image:height\" content=\"469\" \/>\n\t<meta property=\"og:image:type\" content=\"image\/jpeg\" \/>\n<meta name=\"twitter:card\" content=\"summary_large_image\" \/>\n<!-- \/ Yoast SEO plugin. -->","yoast_head_json":{"title":"C\u0259mil H\u0259s\u0259nli t\u0259hl\u00fck\u0259sizlik orqanlar\u0131n\u0131n t\u0259xribat t\u00f6r\u0259tdiyini d\u00fc\u015f\u00fcn\u00fcr - MEYDAN.TV","robots":{"index":"index","follow":"follow","max-snippet":"max-snippet:-1","max-image-preview":"max-image-preview:large","max-video-preview":"max-video-preview:-1"},"canonical":"https:\/\/www.meydan.tv\/az\/article\/cemil-hesenli-tehlukesizlik-orqanlarinin-texribat-toretdiyini-dusunur\/","og_locale":"az_AZ","og_type":"article","og_title":"C\u0259mil H\u0259s\u0259nli t\u0259hl\u00fck\u0259sizlik orqanlar\u0131n\u0131n t\u0259xribat t\u00f6r\u0259tdiyini d\u00fc\u015f\u00fcn\u00fcr - MEYDAN.TV","og_description":"\"Bir s\u0131ra qurumlar \u00f6mr\u00fcn\u00fc 1990-c\u0131 ill\u0259rd\u0259 ba\u015fa vurmu\u015f sovetl\u0259rin i\u015fini davam etdirm\u0259k ist\u0259yirl\u0259r. Onlar bu yolla v\u0259t\u0259nda\u015flar\u0131 \u00e7\u0259kindirm\u0259k, yalan m\u0259lumat verm\u0259k, etiraz aksiyalar\u0131nda k\u00fctl\u0259viliyin qar\u015f\u0131s\u0131n\u0131 almaq ist\u0259yirl\u0259r\"","og_url":"https:\/\/www.meydan.tv\/az\/article\/cemil-hesenli-tehlukesizlik-orqanlarinin-texribat-toretdiyini-dusunur\/","og_site_name":"MEYDAN.TV","article_published_time":"2015-03-14T17:54:42+00:00","og_image":[{"width":566,"height":469,"url":"https:\/\/www.meydan.tv\/wp-content\/uploads\/7756.jpg","type":"image\/jpeg"}],"twitter_card":"summary_large_image","schema":{"@context":"https:\/\/schema.org","@graph":[{"@type":"Article","@id":"https:\/\/www.meydan.tv\/az\/article\/cemil-hesenli-tehlukesizlik-orqanlarinin-texribat-toretdiyini-dusunur\/#article","isPartOf":{"@id":"https:\/\/www.meydan.tv\/az\/article\/cemil-hesenli-tehlukesizlik-orqanlarinin-texribat-toretdiyini-dusunur\/"},"author":{"name":"user-manager","@id":"https:\/\/www.meydan.tv\/az\/#\/schema\/person\/10d11eccf6da3662cf5fdab9806ea91a"},"headline":"C\u0259mil H\u0259s\u0259nli t\u0259hl\u00fck\u0259sizlik orqanlar\u0131n\u0131n t\u0259xribat t\u00f6r\u0259tdiyini d\u00fc\u015f\u00fcn\u00fcr","datePublished":"2015-03-14T17:54:42+00:00","mainEntityOfPage":{"@id":"https:\/\/www.meydan.tv\/az\/article\/cemil-hesenli-tehlukesizlik-orqanlarinin-texribat-toretdiyini-dusunur\/"},"wordCount":1379,"publisher":{"@id":"https:\/\/www.meydan.tv\/az\/#organization"},"image":{"@id":"https:\/\/www.meydan.tv\/az\/article\/cemil-hesenli-tehlukesizlik-orqanlarinin-texribat-toretdiyini-dusunur\/#primaryimage"},"thumbnailUrl":"https:\/\/www.meydan.tv\/wp-content\/uploads\/7756.jpg","articleSection":["X\u0259b\u0259rl\u0259r"],"inLanguage":"az"},{"@type":"WebPage","@id":"https:\/\/www.meydan.tv\/az\/article\/cemil-hesenli-tehlukesizlik-orqanlarinin-texribat-toretdiyini-dusunur\/","url":"https:\/\/www.meydan.tv\/az\/article\/cemil-hesenli-tehlukesizlik-orqanlarinin-texribat-toretdiyini-dusunur\/","name":"C\u0259mil H\u0259s\u0259nli t\u0259hl\u00fck\u0259sizlik orqanlar\u0131n\u0131n t\u0259xribat t\u00f6r\u0259tdiyini d\u00fc\u015f\u00fcn\u00fcr - MEYDAN.TV","isPartOf":{"@id":"https:\/\/www.meydan.tv\/az\/#website"},"primaryImageOfPage":{"@id":"https:\/\/www.meydan.tv\/az\/article\/cemil-hesenli-tehlukesizlik-orqanlarinin-texribat-toretdiyini-dusunur\/#primaryimage"},"image":{"@id":"https:\/\/www.meydan.tv\/az\/article\/cemil-hesenli-tehlukesizlik-orqanlarinin-texribat-toretdiyini-dusunur\/#primaryimage"},"thumbnailUrl":"https:\/\/www.meydan.tv\/wp-content\/uploads\/7756.jpg","datePublished":"2015-03-14T17:54:42+00:00","breadcrumb":{"@id":"https:\/\/www.meydan.tv\/az\/article\/cemil-hesenli-tehlukesizlik-orqanlarinin-texribat-toretdiyini-dusunur\/#breadcrumb"},"inLanguage":"az","potentialAction":[{"@type":"ReadAction","target":["https:\/\/www.meydan.tv\/az\/article\/cemil-hesenli-tehlukesizlik-orqanlarinin-texribat-toretdiyini-dusunur\/"]}]},{"@type":"ImageObject","inLanguage":"az","@id":"https:\/\/www.meydan.tv\/az\/article\/cemil-hesenli-tehlukesizlik-orqanlarinin-texribat-toretdiyini-dusunur\/#primaryimage","url":"https:\/\/www.meydan.tv\/wp-content\/uploads\/7756.jpg","contentUrl":"https:\/\/www.meydan.tv\/wp-content\/uploads\/7756.jpg","width":566,"height":469,"caption":"Source:"},{"@type":"BreadcrumbList","@id":"https:\/\/www.meydan.tv\/az\/article\/cemil-hesenli-tehlukesizlik-orqanlarinin-texribat-toretdiyini-dusunur\/#breadcrumb","itemListElement":[{"@type":"ListItem","position":1,"name":"Ana s\u0259hif\u0259","item":"https:\/\/www.meydan.tv\/az\/"},{"@type":"ListItem","position":2,"name":"X\u0259b\u0259rl\u0259r","item":"https:\/\/www.meydan.tv\/az\/section\/xeberler\/"},{"@type":"ListItem","position":3,"name":"C\u0259mil H\u0259s\u0259nli t\u0259hl\u00fck\u0259sizlik orqanlar\u0131n\u0131n t\u0259xribat t\u00f6r\u0259tdiyini d\u00fc\u015f\u00fcn\u00fcr"}]},{"@type":"WebSite","@id":"https:\/\/www.meydan.tv\/az\/#website","url":"https:\/\/www.meydan.tv\/az\/","name":"MEYDAN.TV","description":"Meydan TV Az\u0259rbaycan\u0131n media m\u0259kan\u0131ndak\u0131 alternativ s\u0259sidir","publisher":{"@id":"https:\/\/www.meydan.tv\/az\/#organization"},"potentialAction":[{"@type":"SearchAction","target":{"@type":"EntryPoint","urlTemplate":"https:\/\/www.meydan.tv\/az\/?s={search_term_string}"},"query-input":{"@type":"PropertyValueSpecification","valueRequired":true,"valueName":"search_term_string"}}],"inLanguage":"az"},{"@type":"Organization","@id":"https:\/\/www.meydan.tv\/az\/#organization","name":"Meydan TV","url":"https:\/\/www.meydan.tv\/az\/","logo":{"@type":"ImageObject","inLanguage":"az","@id":"https:\/\/www.meydan.tv\/az\/#\/schema\/logo\/image\/","url":"https:\/\/www.meydan.tv\/wp-content\/uploads\/2021\/07\/meydan-logo.svg","contentUrl":"https:\/\/www.meydan.tv\/wp-content\/uploads\/2021\/07\/meydan-logo.svg","width":195,"height":46,"caption":"Meydan TV"},"image":{"@id":"https:\/\/www.meydan.tv\/az\/#\/schema\/logo\/image\/"}},{"@type":"Person","@id":"https:\/\/www.meydan.tv\/az\/#\/schema\/person\/10d11eccf6da3662cf5fdab9806ea91a","name":"user-manager"}]}},"_links":{"self":[{"href":"https:\/\/www.meydan.tv\/az\/wp-json\/wp\/v2\/posts\/167255","targetHints":{"allow":["GET"]}}],"collection":[{"href":"https:\/\/www.meydan.tv\/az\/wp-json\/wp\/v2\/posts"}],"about":[{"href":"https:\/\/www.meydan.tv\/az\/wp-json\/wp\/v2\/types\/post"}],"author":[{"embeddable":true,"href":"https:\/\/www.meydan.tv\/az\/wp-json\/wp\/v2\/users\/11"}],"replies":[{"embeddable":true,"href":"https:\/\/www.meydan.tv\/az\/wp-json\/wp\/v2\/comments?post=167255"}],"version-history":[{"count":0,"href":"https:\/\/www.meydan.tv\/az\/wp-json\/wp\/v2\/posts\/167255\/revisions"}],"wp:featuredmedia":[{"embeddable":true,"href":"https:\/\/www.meydan.tv\/az\/wp-json\/wp\/v2\/media\/21483"}],"wp:attachment":[{"href":"https:\/\/www.meydan.tv\/az\/wp-json\/wp\/v2\/media?parent=167255"}],"wp:term":[{"taxonomy":"category","embeddable":true,"href":"https:\/\/www.meydan.tv\/az\/wp-json\/wp\/v2\/categories?post=167255"},{"taxonomy":"post_tag","embeddable":true,"href":"https:\/\/www.meydan.tv\/az\/wp-json\/wp\/v2\/tags?post=167255"}],"curies":[{"name":"wp","href":"https:\/\/api.w.org\/{rel}","templated":true}]}}