{"id":167250,"date":"2015-03-13T19:47:40","date_gmt":"2015-03-13T19:47:40","guid":{"rendered":"https:\/\/www.meydan.tv\/article\/vekil-ramil-usubova-muraciet-etdi\/"},"modified":"2015-03-13T19:47:40","modified_gmt":"2015-03-13T19:47:40","slug":"vekil-ramil-usubova-muraciet-etdi","status":"publish","type":"post","link":"https:\/\/www.meydan.tv\/az\/article\/vekil-ramil-usubova-muraciet-etdi\/","title":{"rendered":"V\u0259kil Ramil Usubova m\u00fcraci\u0259t etdi"},"content":{"rendered":"<figure class=\"wp-block-image size-large\">\n  <img decoding=\"async\" src=\"https:\/\/www.meydan.tv\/az\/21468\/\" alt=\"\" class=\"wp-image-21468\"\/><figcaption><\/figcaption><\/figure>\n<p>\n  <i><br \/>\n    O, h\u00fcquqlar\u0131n\u0131 m\u00fcdafi\u0259 etdiyi \u015f\u0259xsl\u0259 g\u00f6r\u00fc\u015f\u0259 bilmir<br \/>\n  <\/i>\n<\/p>\n<figure class=\"wp-block-image size-large\">\n  <img decoding=\"async\" src=\"https:\/\/www.meydan.tv\/az\/21468\/\" alt=\"\" class=\"wp-image-21468\"\/><figcaption><\/figcaption><\/figure>\n<p>\n  <br \/>\n  &#8220;Az\u0259rbaycan Respublikas\u0131n\u0131n Daxili \u0130\u015fl\u0259r Naziri c\u0259nab Ramil Usubova\n<\/p>\n<p>\n  H\u00f6rm\u0259tli c\u0259nab Nazir!<br \/>\n  <br \/>\n  \u00dc\u00e7\u00fcnc\u00fc g\u00fcnd\u00fcr ki, Az\u0259rbaycan Respublikas\u0131n\u0131n Daxili \u0130\u015fl\u0259r Nazirliyinin Ba\u015f M\u00fct\u0259\u015f\u0259kkil Cinay\u0259tkarl\u0131qla M\u00fcbariz\u0259 \u0130dar\u0259sind\u0259 saxlan\u0131lan h\u00fcquqlar\u0131n\u0131 m\u00fcdafi\u0259 etdiyim \u018fliyev V\u00fcqar Sabir o\u011flu il\u0259 g\u00f6r\u00fc\u015f\u0259 bilmir\u0259m, istintaq orqan\u0131 t\u0259r\u0259find\u0259n h\u0259r g\u00fcn b\u0259han\u0259l\u0259r g\u0259tirilir&#8221;.\n<\/p>\n<p>\n  Bu fikirl\u0259ri v\u0259kil Cavad Cavadov \u00f6z &#8220;Facebook&#8221; s\u0259hif\u0259sind\u0259 yay\u0131b. V\u0259kil bildirib ki, m\u00fcst\u0259ntiq t\u0259r\u0259find\u0259n ona mart\u0131n 13-d\u0259 V\u00fcqar \u018fliyevl\u0259 g\u00f6r\u00fc\u015f veril\u0259c\u0259yin\u0259 s\u00f6z verils\u0259 d\u0259, bu, ba\u015f verm\u0259yib:\n<\/p>\n<p>\n  &#8220;T\u0259qsirl\u0259ndiril\u0259n \u015f\u0259xs v\u0259 m\u00fcdafi\u0259\u00e7inin elementar h\u00fcquqununun t\u0259min edilm\u0259sind\u0259n imtina ed\u0259n d\u00f6vl\u0259t qurumunun h\u0259r\u0259k\u0259tl\u0259ri bizd\u0259 \u0259sasl\u0131 \u015f\u00fcbh\u0259l\u0259r yarad\u0131r. Bundan \u0259lav\u0259, Az\u0259rbaycan Respublikas\u0131 Cinay\u0259t Prosessual M\u0259c\u0259ll\u0259sinin 157.3 madd\u0259sin\u0259 g\u00f6r\u0259, m\u0259hk\u0259m\u0259 q\u0259rar\u0131na \u0259sas\u0259n h\u0259bs olunmu\u015f \u015f\u0259xs m\u00fcv\u0259qq\u0259ti saxlama yerind\u0259 24 saatdan art\u0131q saxlan\u0131la bilm\u0259z. V\u00fcqar \u018fliyev bar\u0259sind\u0259 11 mart 2015-ci il tarixd\u0259 h\u0259bs q\u0259timkan t\u0259dbiri se\u00e7ilmi\u015fdir. \u00a0V\u00fcqar \u018fliyevin, \u00fcmumiyy\u0259tl\u0259, M\u00fcv\u0259qq\u0259ti Saxlama T\u0259cridxanas\u0131nda saxlan\u0131lmas\u0131 qanunsuzdur&#8221;.\n<\/p>\n<p>\n  &#8220;Bu qanunsuzluqlara son qoyulmas\u0131na g\u00f6st\u0259ri\u015f verm\u0259yinizi xahi\u015f edir\u0259m.\n<\/p>\n<p>\n  V\u0259kil, Cavadov Cavad&#8221;-dey\u0259, v\u0259kil m\u00fcraci\u0259tini yekunla\u015fd\u0131r\u0131b.<\/p>\n","protected":false},"excerpt":{"rendered":"<p>O, h\u00fcquqlar\u0131n\u0131 m\u00fcdafi\u0259 etdiyi \u015f\u0259xsl\u0259 g\u00f6r\u00fc\u015f\u0259 bilmir<\/p>\n","protected":false},"author":11,"featured_media":21468,"comment_status":"closed","ping_status":"open","sticky":false,"template":"","format":"standard","meta":{"_acf_changed":false,"_sitemap_exclude":false,"_sitemap_priority":"","_sitemap_frequency":"","footnotes":""},"categories":[56],"tags":[],"class_list":["post-167250","post","type-post","status-publish","format-standard","has-post-thumbnail","hentry","category-xeberler","infinite-scroll-item","generate-columns","tablet-grid-50","mobile-grid-100","grid-parent","grid-33","no-featured-image-padding"],"acf":[],"yoast_head":"<!-- This site is optimized with the Yoast SEO plugin v28.3 - https:\/\/yoast.com\/product\/yoast-seo-wordpress\/ -->\n<title>V\u0259kil Ramil Usubova m\u00fcraci\u0259t etdi - MEYDAN.TV<\/title>\n<meta name=\"robots\" content=\"index, follow, max-snippet:-1, max-image-preview:large, max-video-preview:-1\" \/>\n<link rel=\"canonical\" href=\"https:\/\/www.meydan.tv\/az\/article\/vekil-ramil-usubova-muraciet-etdi\/\" \/>\n<meta property=\"og:locale\" content=\"az_AZ\" \/>\n<meta property=\"og:type\" content=\"article\" \/>\n<meta property=\"og:title\" content=\"V\u0259kil Ramil Usubova m\u00fcraci\u0259t etdi - MEYDAN.TV\" \/>\n<meta property=\"og:description\" content=\"O, h\u00fcquqlar\u0131n\u0131 m\u00fcdafi\u0259 etdiyi \u015f\u0259xsl\u0259 g\u00f6r\u00fc\u015f\u0259 bilmir\" \/>\n<meta property=\"og:url\" content=\"https:\/\/www.meydan.tv\/az\/article\/vekil-ramil-usubova-muraciet-etdi\/\" \/>\n<meta property=\"og:site_name\" content=\"MEYDAN.TV\" \/>\n<meta property=\"article:published_time\" content=\"2015-03-13T19:47:40+00:00\" \/>\n<meta property=\"og:image\" content=\"https:\/\/www.meydan.tv\/wp-content\/uploads\/7748.jpg\" \/>\n\t<meta property=\"og:image:width\" content=\"480\" \/>\n\t<meta property=\"og:image:height\" content=\"360\" \/>\n\t<meta property=\"og:image:type\" content=\"image\/jpeg\" \/>\n<meta name=\"twitter:card\" content=\"summary_large_image\" \/>\n<!-- \/ Yoast SEO plugin. -->","yoast_head_json":{"title":"V\u0259kil Ramil Usubova m\u00fcraci\u0259t etdi - MEYDAN.TV","robots":{"index":"index","follow":"follow","max-snippet":"max-snippet:-1","max-image-preview":"max-image-preview:large","max-video-preview":"max-video-preview:-1"},"canonical":"https:\/\/www.meydan.tv\/az\/article\/vekil-ramil-usubova-muraciet-etdi\/","og_locale":"az_AZ","og_type":"article","og_title":"V\u0259kil Ramil Usubova m\u00fcraci\u0259t etdi - MEYDAN.TV","og_description":"O, h\u00fcquqlar\u0131n\u0131 m\u00fcdafi\u0259 etdiyi \u015f\u0259xsl\u0259 g\u00f6r\u00fc\u015f\u0259 bilmir","og_url":"https:\/\/www.meydan.tv\/az\/article\/vekil-ramil-usubova-muraciet-etdi\/","og_site_name":"MEYDAN.TV","article_published_time":"2015-03-13T19:47:40+00:00","og_image":[{"width":480,"height":360,"url":"https:\/\/www.meydan.tv\/wp-content\/uploads\/7748.jpg","type":"image\/jpeg"}],"twitter_card":"summary_large_image","schema":{"@context":"https:\/\/schema.org","@graph":[{"@type":"Article","@id":"https:\/\/www.meydan.tv\/az\/article\/vekil-ramil-usubova-muraciet-etdi\/#article","isPartOf":{"@id":"https:\/\/www.meydan.tv\/az\/article\/vekil-ramil-usubova-muraciet-etdi\/"},"author":{"name":"user-manager","@id":"https:\/\/www.meydan.tv\/az\/#\/schema\/person\/10d11eccf6da3662cf5fdab9806ea91a"},"headline":"V\u0259kil Ramil Usubova m\u00fcraci\u0259t etdi","datePublished":"2015-03-13T19:47:40+00:00","mainEntityOfPage":{"@id":"https:\/\/www.meydan.tv\/az\/article\/vekil-ramil-usubova-muraciet-etdi\/"},"wordCount":281,"publisher":{"@id":"https:\/\/www.meydan.tv\/az\/#organization"},"image":{"@id":"https:\/\/www.meydan.tv\/az\/article\/vekil-ramil-usubova-muraciet-etdi\/#primaryimage"},"thumbnailUrl":"https:\/\/www.meydan.tv\/wp-content\/uploads\/7748.jpg","articleSection":["X\u0259b\u0259rl\u0259r"],"inLanguage":"az"},{"@type":"WebPage","@id":"https:\/\/www.meydan.tv\/az\/article\/vekil-ramil-usubova-muraciet-etdi\/","url":"https:\/\/www.meydan.tv\/az\/article\/vekil-ramil-usubova-muraciet-etdi\/","name":"V\u0259kil Ramil Usubova m\u00fcraci\u0259t etdi - MEYDAN.TV","isPartOf":{"@id":"https:\/\/www.meydan.tv\/az\/#website"},"primaryImageOfPage":{"@id":"https:\/\/www.meydan.tv\/az\/article\/vekil-ramil-usubova-muraciet-etdi\/#primaryimage"},"image":{"@id":"https:\/\/www.meydan.tv\/az\/article\/vekil-ramil-usubova-muraciet-etdi\/#primaryimage"},"thumbnailUrl":"https:\/\/www.meydan.tv\/wp-content\/uploads\/7748.jpg","datePublished":"2015-03-13T19:47:40+00:00","breadcrumb":{"@id":"https:\/\/www.meydan.tv\/az\/article\/vekil-ramil-usubova-muraciet-etdi\/#breadcrumb"},"inLanguage":"az","potentialAction":[{"@type":"ReadAction","target":["https:\/\/www.meydan.tv\/az\/article\/vekil-ramil-usubova-muraciet-etdi\/"]}]},{"@type":"ImageObject","inLanguage":"az","@id":"https:\/\/www.meydan.tv\/az\/article\/vekil-ramil-usubova-muraciet-etdi\/#primaryimage","url":"https:\/\/www.meydan.tv\/wp-content\/uploads\/7748.jpg","contentUrl":"https:\/\/www.meydan.tv\/wp-content\/uploads\/7748.jpg","width":480,"height":360,"caption":"Source:"},{"@type":"BreadcrumbList","@id":"https:\/\/www.meydan.tv\/az\/article\/vekil-ramil-usubova-muraciet-etdi\/#breadcrumb","itemListElement":[{"@type":"ListItem","position":1,"name":"Ana s\u0259hif\u0259","item":"https:\/\/www.meydan.tv\/az\/"},{"@type":"ListItem","position":2,"name":"X\u0259b\u0259rl\u0259r","item":"https:\/\/www.meydan.tv\/az\/section\/xeberler\/"},{"@type":"ListItem","position":3,"name":"V\u0259kil Ramil Usubova m\u00fcraci\u0259t etdi"}]},{"@type":"WebSite","@id":"https:\/\/www.meydan.tv\/az\/#website","url":"https:\/\/www.meydan.tv\/az\/","name":"MEYDAN.TV","description":"Meydan TV Az\u0259rbaycan\u0131n media m\u0259kan\u0131ndak\u0131 alternativ s\u0259sidir","publisher":{"@id":"https:\/\/www.meydan.tv\/az\/#organization"},"potentialAction":[{"@type":"SearchAction","target":{"@type":"EntryPoint","urlTemplate":"https:\/\/www.meydan.tv\/az\/?s={search_term_string}"},"query-input":{"@type":"PropertyValueSpecification","valueRequired":true,"valueName":"search_term_string"}}],"inLanguage":"az"},{"@type":"Organization","@id":"https:\/\/www.meydan.tv\/az\/#organization","name":"Meydan TV","url":"https:\/\/www.meydan.tv\/az\/","logo":{"@type":"ImageObject","inLanguage":"az","@id":"https:\/\/www.meydan.tv\/az\/#\/schema\/logo\/image\/","url":"https:\/\/www.meydan.tv\/wp-content\/uploads\/2021\/07\/meydan-logo.svg","contentUrl":"https:\/\/www.meydan.tv\/wp-content\/uploads\/2021\/07\/meydan-logo.svg","width":195,"height":46,"caption":"Meydan TV"},"image":{"@id":"https:\/\/www.meydan.tv\/az\/#\/schema\/logo\/image\/"}},{"@type":"Person","@id":"https:\/\/www.meydan.tv\/az\/#\/schema\/person\/10d11eccf6da3662cf5fdab9806ea91a","name":"user-manager"}]}},"_links":{"self":[{"href":"https:\/\/www.meydan.tv\/az\/wp-json\/wp\/v2\/posts\/167250","targetHints":{"allow":["GET"]}}],"collection":[{"href":"https:\/\/www.meydan.tv\/az\/wp-json\/wp\/v2\/posts"}],"about":[{"href":"https:\/\/www.meydan.tv\/az\/wp-json\/wp\/v2\/types\/post"}],"author":[{"embeddable":true,"href":"https:\/\/www.meydan.tv\/az\/wp-json\/wp\/v2\/users\/11"}],"replies":[{"embeddable":true,"href":"https:\/\/www.meydan.tv\/az\/wp-json\/wp\/v2\/comments?post=167250"}],"version-history":[{"count":0,"href":"https:\/\/www.meydan.tv\/az\/wp-json\/wp\/v2\/posts\/167250\/revisions"}],"wp:featuredmedia":[{"embeddable":true,"href":"https:\/\/www.meydan.tv\/az\/wp-json\/wp\/v2\/media\/21468"}],"wp:attachment":[{"href":"https:\/\/www.meydan.tv\/az\/wp-json\/wp\/v2\/media?parent=167250"}],"wp:term":[{"taxonomy":"category","embeddable":true,"href":"https:\/\/www.meydan.tv\/az\/wp-json\/wp\/v2\/categories?post=167250"},{"taxonomy":"post_tag","embeddable":true,"href":"https:\/\/www.meydan.tv\/az\/wp-json\/wp\/v2\/tags?post=167250"}],"curies":[{"name":"wp","href":"https:\/\/api.w.org\/{rel}","templated":true}]}}