{"id":167248,"date":"2015-03-13T19:33:08","date_gmt":"2015-03-13T19:33:08","guid":{"rendered":"https:\/\/www.meydan.tv\/article\/rusiyada-ticaret-merkezinde-olen-azerbaycanlilarin-adi-aciqlandi\/"},"modified":"2015-03-13T19:33:08","modified_gmt":"2015-03-13T19:33:08","slug":"rusiyada-ticaret-merkezinde-olen-azerbaycanlilarin-adi-aciqlandi","status":"publish","type":"post","link":"https:\/\/www.meydan.tv\/az\/article\/rusiyada-ticaret-merkezinde-olen-azerbaycanlilarin-adi-aciqlandi\/","title":{"rendered":"Rusiyada ticar\u0259t m\u0259rk\u0259zind\u0259 \u00f6l\u0259n az\u0259rbaycanl\u0131lar\u0131n ad\u0131 a\u00e7\u0131qland\u0131"},"content":{"rendered":"<figure class=\"wp-block-image size-large\">\n  <img decoding=\"async\" src=\"https:\/\/www.meydan.tv\/az\/21462\/\" alt=\"\" class=\"wp-image-21462\"\/><figcaption><\/figcaption><\/figure>\n<p>\n  <i><br \/>\n    Haz\u0131rda 17 n\u0259f\u0259r itkin d\u00fc\u015fm\u00fc\u015f hesab olunur<br \/>\n  <\/i>\n<\/p>\n<p>\n  Rusiyan\u0131n Kazan \u015f\u0259h\u0259rind\u0259 \u201cAdmiral\u201d ticar\u0259t m\u0259rk\u0259zind\u0259 ba\u015f ver\u0259n g\u00fccl\u00fc yan\u011f\u0131n zaman\u0131 \u00f6l\u0259n v\u0259 yaralananlar aras\u0131nda Az\u0259rbaycan v\u0259t\u0259nda\u015flar\u0131 da olub.\n<\/p>\n<p><div><\/div>\n<\/p>\n<figure class=\"wp-block-image size-large\">\n  <img decoding=\"async\" src=\"https:\/\/www.meydan.tv\/az\/21462\/\" alt=\"\" class=\"wp-image-21462\"\/><figcaption><\/figcaption><\/figure>\n<p><div>\n    \u00dcmumrusiya Az\u0259rbaycanl\u0131lar\u0131 Konqresinin Tatar\u0131stan n\u00fcmay\u0259nd\u0259liyind\u0259n Trend-\u0259 bildiribl\u0259r ki, ticar\u0259t m\u0259rk\u0259zind\u0259 ba\u015f ver\u0259n yan\u011f\u0131n zaman\u0131 \u00fc\u00e7 az\u0259rbaycanl\u0131 \u00f6l\u00fcb. Onlardan biri qad\u0131n, biri yeniyetm\u0259-1995-ci il t\u0259v\u0259ll\u00fcdl\u00fc Pa\u015fayev P\u0259rviz Telman o\u011flu, dig\u0259ri is\u0259 Ta\u011f\u0131yev Salam B\u0259xtiyar o\u011fludur.\n  <\/div>\n<\/p>\n<p>\n  \u00d6l\u0259n qad\u0131n\u0131n C\u0259lilabad rayonundan oldu\u011fu m\u00fc\u0259yy\u0259nl\u0259\u015fib.\n<\/p>\n<p>\n  \u00dcmumilikd\u0259 \u00f6l\u0259nl\u0259rin say\u0131 14 n\u0259f\u0259r\u0259 \u00e7at\u0131b.\u00a0Haz\u0131rda 17 n\u0259f\u0259r itkin d\u00fc\u015fm\u00fc\u015f hesab olunur.\n<\/p>\n<p>\n  Yan\u011f\u0131n ticar\u0259t m\u0259rk\u0259zinin birinci m\u0259rt\u0259b\u0259sind\u0259 yerl\u0259\u015f\u0259n kafed\u0259 q\u0131saqapanma n\u0259tic\u0259sind\u0259 ba\u015f verib. Binada olan 650 n\u0259f\u0259r xilas edilib.\n<\/p>\n<p>\n  Faktla ba\u011fl\u0131 cinay\u0259t i\u015fi ba\u015flan\u0131b.\n<\/p><\/p>\n","protected":false},"excerpt":{"rendered":"<p>Haz\u0131rda 17 n\u0259f\u0259r itkin d\u00fc\u015fm\u00fc\u015f hesab olunur<\/p>\n","protected":false},"author":11,"featured_media":21462,"comment_status":"closed","ping_status":"open","sticky":false,"template":"","format":"standard","meta":{"_acf_changed":false,"_sitemap_exclude":false,"_sitemap_priority":"","_sitemap_frequency":"","footnotes":""},"categories":[56],"tags":[],"class_list":["post-167248","post","type-post","status-publish","format-standard","has-post-thumbnail","hentry","category-xeberler","infinite-scroll-item","generate-columns","tablet-grid-50","mobile-grid-100","grid-parent","grid-33","no-featured-image-padding"],"acf":[],"yoast_head":"<!-- This site is optimized with the Yoast SEO plugin v28.3 - https:\/\/yoast.com\/product\/yoast-seo-wordpress\/ -->\n<title>Rusiyada ticar\u0259t m\u0259rk\u0259zind\u0259 \u00f6l\u0259n az\u0259rbaycanl\u0131lar\u0131n ad\u0131 a\u00e7\u0131qland\u0131 - MEYDAN.TV<\/title>\n<meta name=\"robots\" content=\"index, follow, max-snippet:-1, max-image-preview:large, max-video-preview:-1\" \/>\n<link rel=\"canonical\" href=\"https:\/\/www.meydan.tv\/az\/article\/rusiyada-ticaret-merkezinde-olen-azerbaycanlilarin-adi-aciqlandi\/\" \/>\n<meta property=\"og:locale\" content=\"az_AZ\" \/>\n<meta property=\"og:type\" content=\"article\" \/>\n<meta property=\"og:title\" content=\"Rusiyada ticar\u0259t m\u0259rk\u0259zind\u0259 \u00f6l\u0259n az\u0259rbaycanl\u0131lar\u0131n ad\u0131 a\u00e7\u0131qland\u0131 - MEYDAN.TV\" \/>\n<meta property=\"og:description\" content=\"Haz\u0131rda 17 n\u0259f\u0259r itkin d\u00fc\u015fm\u00fc\u015f hesab olunur\" \/>\n<meta property=\"og:url\" content=\"https:\/\/www.meydan.tv\/az\/article\/rusiyada-ticaret-merkezinde-olen-azerbaycanlilarin-adi-aciqlandi\/\" \/>\n<meta property=\"og:site_name\" content=\"MEYDAN.TV\" \/>\n<meta property=\"article:published_time\" content=\"2015-03-13T19:33:08+00:00\" \/>\n<meta property=\"og:image\" content=\"https:\/\/www.meydan.tv\/wp-content\/uploads\/7747.jpg\" \/>\n\t<meta property=\"og:image:width\" content=\"604\" \/>\n\t<meta property=\"og:image:height\" content=\"339\" \/>\n\t<meta property=\"og:image:type\" content=\"image\/jpeg\" \/>\n<meta name=\"twitter:card\" content=\"summary_large_image\" \/>\n<!-- \/ Yoast SEO plugin. -->","yoast_head_json":{"title":"Rusiyada ticar\u0259t m\u0259rk\u0259zind\u0259 \u00f6l\u0259n az\u0259rbaycanl\u0131lar\u0131n ad\u0131 a\u00e7\u0131qland\u0131 - MEYDAN.TV","robots":{"index":"index","follow":"follow","max-snippet":"max-snippet:-1","max-image-preview":"max-image-preview:large","max-video-preview":"max-video-preview:-1"},"canonical":"https:\/\/www.meydan.tv\/az\/article\/rusiyada-ticaret-merkezinde-olen-azerbaycanlilarin-adi-aciqlandi\/","og_locale":"az_AZ","og_type":"article","og_title":"Rusiyada ticar\u0259t m\u0259rk\u0259zind\u0259 \u00f6l\u0259n az\u0259rbaycanl\u0131lar\u0131n ad\u0131 a\u00e7\u0131qland\u0131 - MEYDAN.TV","og_description":"Haz\u0131rda 17 n\u0259f\u0259r itkin d\u00fc\u015fm\u00fc\u015f hesab olunur","og_url":"https:\/\/www.meydan.tv\/az\/article\/rusiyada-ticaret-merkezinde-olen-azerbaycanlilarin-adi-aciqlandi\/","og_site_name":"MEYDAN.TV","article_published_time":"2015-03-13T19:33:08+00:00","og_image":[{"width":604,"height":339,"url":"https:\/\/www.meydan.tv\/wp-content\/uploads\/7747.jpg","type":"image\/jpeg"}],"twitter_card":"summary_large_image","schema":{"@context":"https:\/\/schema.org","@graph":[{"@type":"Article","@id":"https:\/\/www.meydan.tv\/az\/article\/rusiyada-ticaret-merkezinde-olen-azerbaycanlilarin-adi-aciqlandi\/#article","isPartOf":{"@id":"https:\/\/www.meydan.tv\/az\/article\/rusiyada-ticaret-merkezinde-olen-azerbaycanlilarin-adi-aciqlandi\/"},"author":{"name":"user-manager","@id":"https:\/\/www.meydan.tv\/az\/#\/schema\/person\/10d11eccf6da3662cf5fdab9806ea91a"},"headline":"Rusiyada ticar\u0259t m\u0259rk\u0259zind\u0259 \u00f6l\u0259n az\u0259rbaycanl\u0131lar\u0131n ad\u0131 a\u00e7\u0131qland\u0131","datePublished":"2015-03-13T19:33:08+00:00","mainEntityOfPage":{"@id":"https:\/\/www.meydan.tv\/az\/article\/rusiyada-ticaret-merkezinde-olen-azerbaycanlilarin-adi-aciqlandi\/"},"wordCount":192,"publisher":{"@id":"https:\/\/www.meydan.tv\/az\/#organization"},"image":{"@id":"https:\/\/www.meydan.tv\/az\/article\/rusiyada-ticaret-merkezinde-olen-azerbaycanlilarin-adi-aciqlandi\/#primaryimage"},"thumbnailUrl":"https:\/\/www.meydan.tv\/wp-content\/uploads\/7747.jpg","articleSection":["X\u0259b\u0259rl\u0259r"],"inLanguage":"az"},{"@type":"WebPage","@id":"https:\/\/www.meydan.tv\/az\/article\/rusiyada-ticaret-merkezinde-olen-azerbaycanlilarin-adi-aciqlandi\/","url":"https:\/\/www.meydan.tv\/az\/article\/rusiyada-ticaret-merkezinde-olen-azerbaycanlilarin-adi-aciqlandi\/","name":"Rusiyada ticar\u0259t m\u0259rk\u0259zind\u0259 \u00f6l\u0259n az\u0259rbaycanl\u0131lar\u0131n ad\u0131 a\u00e7\u0131qland\u0131 - MEYDAN.TV","isPartOf":{"@id":"https:\/\/www.meydan.tv\/az\/#website"},"primaryImageOfPage":{"@id":"https:\/\/www.meydan.tv\/az\/article\/rusiyada-ticaret-merkezinde-olen-azerbaycanlilarin-adi-aciqlandi\/#primaryimage"},"image":{"@id":"https:\/\/www.meydan.tv\/az\/article\/rusiyada-ticaret-merkezinde-olen-azerbaycanlilarin-adi-aciqlandi\/#primaryimage"},"thumbnailUrl":"https:\/\/www.meydan.tv\/wp-content\/uploads\/7747.jpg","datePublished":"2015-03-13T19:33:08+00:00","breadcrumb":{"@id":"https:\/\/www.meydan.tv\/az\/article\/rusiyada-ticaret-merkezinde-olen-azerbaycanlilarin-adi-aciqlandi\/#breadcrumb"},"inLanguage":"az","potentialAction":[{"@type":"ReadAction","target":["https:\/\/www.meydan.tv\/az\/article\/rusiyada-ticaret-merkezinde-olen-azerbaycanlilarin-adi-aciqlandi\/"]}]},{"@type":"ImageObject","inLanguage":"az","@id":"https:\/\/www.meydan.tv\/az\/article\/rusiyada-ticaret-merkezinde-olen-azerbaycanlilarin-adi-aciqlandi\/#primaryimage","url":"https:\/\/www.meydan.tv\/wp-content\/uploads\/7747.jpg","contentUrl":"https:\/\/www.meydan.tv\/wp-content\/uploads\/7747.jpg","width":604,"height":339,"caption":"Source:"},{"@type":"BreadcrumbList","@id":"https:\/\/www.meydan.tv\/az\/article\/rusiyada-ticaret-merkezinde-olen-azerbaycanlilarin-adi-aciqlandi\/#breadcrumb","itemListElement":[{"@type":"ListItem","position":1,"name":"Ana s\u0259hif\u0259","item":"https:\/\/www.meydan.tv\/az\/"},{"@type":"ListItem","position":2,"name":"X\u0259b\u0259rl\u0259r","item":"https:\/\/www.meydan.tv\/az\/section\/xeberler\/"},{"@type":"ListItem","position":3,"name":"Rusiyada ticar\u0259t m\u0259rk\u0259zind\u0259 \u00f6l\u0259n az\u0259rbaycanl\u0131lar\u0131n ad\u0131 a\u00e7\u0131qland\u0131"}]},{"@type":"WebSite","@id":"https:\/\/www.meydan.tv\/az\/#website","url":"https:\/\/www.meydan.tv\/az\/","name":"MEYDAN.TV","description":"Meydan TV Az\u0259rbaycan\u0131n media m\u0259kan\u0131ndak\u0131 alternativ s\u0259sidir","publisher":{"@id":"https:\/\/www.meydan.tv\/az\/#organization"},"potentialAction":[{"@type":"SearchAction","target":{"@type":"EntryPoint","urlTemplate":"https:\/\/www.meydan.tv\/az\/?s={search_term_string}"},"query-input":{"@type":"PropertyValueSpecification","valueRequired":true,"valueName":"search_term_string"}}],"inLanguage":"az"},{"@type":"Organization","@id":"https:\/\/www.meydan.tv\/az\/#organization","name":"Meydan TV","url":"https:\/\/www.meydan.tv\/az\/","logo":{"@type":"ImageObject","inLanguage":"az","@id":"https:\/\/www.meydan.tv\/az\/#\/schema\/logo\/image\/","url":"https:\/\/www.meydan.tv\/wp-content\/uploads\/2021\/07\/meydan-logo.svg","contentUrl":"https:\/\/www.meydan.tv\/wp-content\/uploads\/2021\/07\/meydan-logo.svg","width":195,"height":46,"caption":"Meydan TV"},"image":{"@id":"https:\/\/www.meydan.tv\/az\/#\/schema\/logo\/image\/"}},{"@type":"Person","@id":"https:\/\/www.meydan.tv\/az\/#\/schema\/person\/10d11eccf6da3662cf5fdab9806ea91a","name":"user-manager"}]}},"_links":{"self":[{"href":"https:\/\/www.meydan.tv\/az\/wp-json\/wp\/v2\/posts\/167248","targetHints":{"allow":["GET"]}}],"collection":[{"href":"https:\/\/www.meydan.tv\/az\/wp-json\/wp\/v2\/posts"}],"about":[{"href":"https:\/\/www.meydan.tv\/az\/wp-json\/wp\/v2\/types\/post"}],"author":[{"embeddable":true,"href":"https:\/\/www.meydan.tv\/az\/wp-json\/wp\/v2\/users\/11"}],"replies":[{"embeddable":true,"href":"https:\/\/www.meydan.tv\/az\/wp-json\/wp\/v2\/comments?post=167248"}],"version-history":[{"count":0,"href":"https:\/\/www.meydan.tv\/az\/wp-json\/wp\/v2\/posts\/167248\/revisions"}],"wp:featuredmedia":[{"embeddable":true,"href":"https:\/\/www.meydan.tv\/az\/wp-json\/wp\/v2\/media\/21462"}],"wp:attachment":[{"href":"https:\/\/www.meydan.tv\/az\/wp-json\/wp\/v2\/media?parent=167248"}],"wp:term":[{"taxonomy":"category","embeddable":true,"href":"https:\/\/www.meydan.tv\/az\/wp-json\/wp\/v2\/categories?post=167248"},{"taxonomy":"post_tag","embeddable":true,"href":"https:\/\/www.meydan.tv\/az\/wp-json\/wp\/v2\/tags?post=167248"}],"curies":[{"name":"wp","href":"https:\/\/api.w.org\/{rel}","templated":true}]}}