{"id":167247,"date":"2015-03-13T18:56:17","date_gmt":"2015-03-13T18:56:17","guid":{"rendered":"https:\/\/www.meydan.tv\/article\/ise-duzelmek-ucun-pul-verdiyim-adam-yuz-minlik-masinda-gezir\/"},"modified":"2015-03-13T18:56:17","modified_gmt":"2015-03-13T18:56:17","slug":"ise-duzelmek-ucun-pul-verdiyim-adam-yuz-minlik-masinda-gezir","status":"publish","type":"post","link":"https:\/\/www.meydan.tv\/az\/article\/ise-duzelmek-ucun-pul-verdiyim-adam-yuz-minlik-masinda-gezir\/","title":{"rendered":"&#8220;\u0130\u015f\u0259 d\u00fcz\u0259lm\u0259k \u00fc\u00e7\u00fcn pul verdiyim adam y\u00fcz minlik ma\u015f\u0131nda g\u0259zir&#8221;"},"content":{"rendered":"<figure class=\"wp-block-image size-large\">\n  <img decoding=\"async\" src=\"https:\/\/www.meydan.tv\/az\/21453\/\" alt=\"\" class=\"wp-image-21453\"\/><figcaption><\/figcaption><\/figure>\n<p>\n  <i><br \/>\n    T\u0259hl\u00fck\u0259sizlik xidm\u0259tinin \u0259m\u0259kda\u015flar\u0131 istintaq\u0131n gedi\u015find\u0259n naraz\u0131d\u0131r<br \/>\n  <\/i>\n<\/p>\n<p>\n  &#8220;Qala Beyn\u0259lxalq T\u0259hl\u00fck\u0259sizlik Xidm\u0259ti\u201dnin r\u0259hb\u0259ri yanvar ay\u0131nda h\u0259bs olunsa da, \u015firk\u0259td\u0259 i\u015f\u0259 d\u00fcz\u0259l\u0259n v\u0259t\u0259nda\u015flar istintaq\u0131n gedi\u015find\u0259n \u015fikay\u0259t\u00e7idirl\u0259r. Bu bar\u0259d\u0259 Meydan Tv-y\u0259 xidm\u0259t\u0259 i\u015f\u0259 d\u00fcz\u0259lm\u0259k \u00fc\u00e7\u00fcn 3300 manat \u0259vv\u0259lc\u0259d\u0259n pul \u00f6d\u0259y\u0259n v\u0259 700 manatl\u0131q maa\u015f\u0131n\u0131n 4 ay\u0131n\u0131 ala bilm\u0259y\u0259n Elnur \u018fhm\u0259dov m\u0259lumat verib. \u015eirk\u0259tin A\u011fdam filial\u0131nda i\u015f\u0259 d\u00fcz\u0259l\u0259n E.\u018fhm\u0259dov deyir ki, o, haz\u0131rda ba\u015fqalar\u0131n\u0131n \u0259v\u0259zin\u0259 kredit \u00f6d\u0259yir:\n<\/p>\n<figure class=\"wp-block-image size-large\">\n  <img decoding=\"async\" src=\"https:\/\/www.meydan.tv\/az\/21453\/\" alt=\"\" class=\"wp-image-21453\"\/><figcaption><\/figcaption><\/figure>\n<p>\n  \u201cB\u00fct\u00fcn h\u00fcquq m\u00fchafiz\u0259 orqanlar\u0131na m\u00fcraci\u0259t etmi\u015f\u0259m. M\u0259nim i\u015f\u0259 d\u00fcz\u0259lm\u0259k \u00fc\u00e7\u00fcn rayonda pul verdiyim adam b\u0259lk\u0259 y\u00fcz min manatl\u0131q ma\u015f\u0131nda g\u0259zir. M\u0259n is\u0259 i\u015fmd\u0259n v\u0259 pulumdan ola-ola, h\u0259r ay 400 manat kredit \u00f6d\u0259yir\u0259m. Polis\u0259 \u0259riz\u0259 yazm\u0131\u015fam ki, m\u0259nd\u0259n pulu alan filank\u0259sdir. Amma h\u0259l\u0259 d\u0259 o adam\u0131 \u00e7a\u011f\u0131r\u0131b, dindir\u0259n olmay\u0131b\u201d.\n<\/p>\n<p>\n  Elnur \u018fhm\u0259dov rayonda v\u0259ziyy\u0259tin a\u011f\u0131r oldu\u011funu deyir:\u201cBir m\u0259n deyil\u0259m. M\u0259nim kimi ne\u00e7\u0259 g\u0259nci bel\u0259 aldad\u0131blar. Ham\u0131m\u0131z i\u015fsiz-g\u00fccs\u00fcz qalm\u0131\u015f\u0131q. Bir V\u00fcqar H\u00fcseynovun h\u0259bsi il\u0259 n\u0259 d\u0259yi\u015f\u0259c\u0259k ki? O adam\u0131n milyonlarla pulu var. Pulunu verib, \u00f6z\u00fcn\u00fc xilas ed\u0259c\u0259k. Amma biz i\u015fl\u0259m\u0259y\u0259-i\u015fl\u0259m\u0259y\u0259, kiml\u0259rins\u0259 yerin\u0259 kredit \u00f6d\u0259yirik. Biz n\u0259 ed\u0259k? Hara dey\u0259k d\u0259rdimizi?\u201d\n<\/p>\n<p>\n  Daxili \u0130\u015fl\u0259r Nazirliyinin m\u0259tbuat xidm\u0259tinin \u0259m\u0259kda\u015f\u0131 Orxan Mansurzad\u0259 m\u0259s\u0259l\u0259 il\u0259 ba\u011fl\u0131 Meydan Tv-y\u0259 deyib ki, m\u0259lum cinay\u0259t i\u015fi il\u0259 ba\u011fl\u0131 istintaq gedir: \u201cBizim r\u0259smi a\u00e7\u0131qlamam\u0131z oldu. Qurumun r\u0259hb\u0259ri h\u0259bs olundu. Haz\u0131rda istintaq gedir. Biz \u0259lav\u0259 m\u0259lumat ver\u0259 bilm\u0259rik. Ola bil\u0259r ki, ba\u015fqa adamlar da h\u0259bs olunacaq. Lakin ara\u015fd\u0131rma getdiyind\u0259n n\u0259 is\u0259 dem\u0259k do\u011fru deyil\u201d.\n<\/p><\/p>\n","protected":false},"excerpt":{"rendered":"<p>T\u0259hl\u00fck\u0259sizlik xidm\u0259tinin \u0259m\u0259kda\u015flar\u0131 istintaq\u0131n gedi\u015find\u0259n naraz\u0131d\u0131r<\/p>\n","protected":false},"author":11,"featured_media":21453,"comment_status":"closed","ping_status":"open","sticky":false,"template":"","format":"standard","meta":{"_acf_changed":false,"_sitemap_exclude":false,"_sitemap_priority":"","_sitemap_frequency":"","footnotes":""},"categories":[56],"tags":[],"class_list":["post-167247","post","type-post","status-publish","format-standard","has-post-thumbnail","hentry","category-xeberler","infinite-scroll-item","generate-columns","tablet-grid-50","mobile-grid-100","grid-parent","grid-33","no-featured-image-padding"],"acf":[],"yoast_head":"<!-- This site is optimized with the Yoast SEO plugin v28.3 - https:\/\/yoast.com\/product\/yoast-seo-wordpress\/ -->\n<title>&quot;\u0130\u015f\u0259 d\u00fcz\u0259lm\u0259k \u00fc\u00e7\u00fcn pul verdiyim adam y\u00fcz minlik ma\u015f\u0131nda g\u0259zir&quot; - MEYDAN.TV<\/title>\n<meta name=\"robots\" content=\"index, follow, max-snippet:-1, max-image-preview:large, max-video-preview:-1\" \/>\n<link rel=\"canonical\" href=\"https:\/\/www.meydan.tv\/az\/article\/ise-duzelmek-ucun-pul-verdiyim-adam-yuz-minlik-masinda-gezir\/\" \/>\n<meta property=\"og:locale\" content=\"az_AZ\" \/>\n<meta property=\"og:type\" content=\"article\" \/>\n<meta property=\"og:title\" content=\"&quot;\u0130\u015f\u0259 d\u00fcz\u0259lm\u0259k \u00fc\u00e7\u00fcn pul verdiyim adam y\u00fcz minlik ma\u015f\u0131nda g\u0259zir&quot; - MEYDAN.TV\" \/>\n<meta property=\"og:description\" content=\"T\u0259hl\u00fck\u0259sizlik xidm\u0259tinin \u0259m\u0259kda\u015flar\u0131 istintaq\u0131n gedi\u015find\u0259n naraz\u0131d\u0131r\" \/>\n<meta property=\"og:url\" content=\"https:\/\/www.meydan.tv\/az\/article\/ise-duzelmek-ucun-pul-verdiyim-adam-yuz-minlik-masinda-gezir\/\" \/>\n<meta property=\"og:site_name\" content=\"MEYDAN.TV\" \/>\n<meta property=\"article:published_time\" content=\"2015-03-13T18:56:17+00:00\" \/>\n<meta property=\"og:image\" content=\"https:\/\/www.meydan.tv\/wp-content\/uploads\/7745.png\" \/>\n\t<meta property=\"og:image:width\" content=\"352\" \/>\n\t<meta property=\"og:image:height\" content=\"289\" \/>\n\t<meta property=\"og:image:type\" content=\"image\/png\" \/>\n<meta name=\"twitter:card\" content=\"summary_large_image\" \/>\n<!-- \/ Yoast SEO plugin. -->","yoast_head_json":{"title":"\"\u0130\u015f\u0259 d\u00fcz\u0259lm\u0259k \u00fc\u00e7\u00fcn pul verdiyim adam y\u00fcz minlik ma\u015f\u0131nda g\u0259zir\" - MEYDAN.TV","robots":{"index":"index","follow":"follow","max-snippet":"max-snippet:-1","max-image-preview":"max-image-preview:large","max-video-preview":"max-video-preview:-1"},"canonical":"https:\/\/www.meydan.tv\/az\/article\/ise-duzelmek-ucun-pul-verdiyim-adam-yuz-minlik-masinda-gezir\/","og_locale":"az_AZ","og_type":"article","og_title":"\"\u0130\u015f\u0259 d\u00fcz\u0259lm\u0259k \u00fc\u00e7\u00fcn pul verdiyim adam y\u00fcz minlik ma\u015f\u0131nda g\u0259zir\" - MEYDAN.TV","og_description":"T\u0259hl\u00fck\u0259sizlik xidm\u0259tinin \u0259m\u0259kda\u015flar\u0131 istintaq\u0131n gedi\u015find\u0259n naraz\u0131d\u0131r","og_url":"https:\/\/www.meydan.tv\/az\/article\/ise-duzelmek-ucun-pul-verdiyim-adam-yuz-minlik-masinda-gezir\/","og_site_name":"MEYDAN.TV","article_published_time":"2015-03-13T18:56:17+00:00","og_image":[{"width":352,"height":289,"url":"https:\/\/www.meydan.tv\/wp-content\/uploads\/7745.png","type":"image\/png"}],"twitter_card":"summary_large_image","schema":{"@context":"https:\/\/schema.org","@graph":[{"@type":"Article","@id":"https:\/\/www.meydan.tv\/az\/article\/ise-duzelmek-ucun-pul-verdiyim-adam-yuz-minlik-masinda-gezir\/#article","isPartOf":{"@id":"https:\/\/www.meydan.tv\/az\/article\/ise-duzelmek-ucun-pul-verdiyim-adam-yuz-minlik-masinda-gezir\/"},"author":{"name":"user-manager","@id":"https:\/\/www.meydan.tv\/az\/#\/schema\/person\/10d11eccf6da3662cf5fdab9806ea91a"},"headline":"&#8220;\u0130\u015f\u0259 d\u00fcz\u0259lm\u0259k \u00fc\u00e7\u00fcn pul verdiyim adam y\u00fcz minlik ma\u015f\u0131nda g\u0259zir&#8221;","datePublished":"2015-03-13T18:56:17+00:00","mainEntityOfPage":{"@id":"https:\/\/www.meydan.tv\/az\/article\/ise-duzelmek-ucun-pul-verdiyim-adam-yuz-minlik-masinda-gezir\/"},"wordCount":389,"publisher":{"@id":"https:\/\/www.meydan.tv\/az\/#organization"},"image":{"@id":"https:\/\/www.meydan.tv\/az\/article\/ise-duzelmek-ucun-pul-verdiyim-adam-yuz-minlik-masinda-gezir\/#primaryimage"},"thumbnailUrl":"https:\/\/www.meydan.tv\/wp-content\/uploads\/7745.png","articleSection":["X\u0259b\u0259rl\u0259r"],"inLanguage":"az"},{"@type":"WebPage","@id":"https:\/\/www.meydan.tv\/az\/article\/ise-duzelmek-ucun-pul-verdiyim-adam-yuz-minlik-masinda-gezir\/","url":"https:\/\/www.meydan.tv\/az\/article\/ise-duzelmek-ucun-pul-verdiyim-adam-yuz-minlik-masinda-gezir\/","name":"\"\u0130\u015f\u0259 d\u00fcz\u0259lm\u0259k \u00fc\u00e7\u00fcn pul verdiyim adam y\u00fcz minlik ma\u015f\u0131nda g\u0259zir\" - MEYDAN.TV","isPartOf":{"@id":"https:\/\/www.meydan.tv\/az\/#website"},"primaryImageOfPage":{"@id":"https:\/\/www.meydan.tv\/az\/article\/ise-duzelmek-ucun-pul-verdiyim-adam-yuz-minlik-masinda-gezir\/#primaryimage"},"image":{"@id":"https:\/\/www.meydan.tv\/az\/article\/ise-duzelmek-ucun-pul-verdiyim-adam-yuz-minlik-masinda-gezir\/#primaryimage"},"thumbnailUrl":"https:\/\/www.meydan.tv\/wp-content\/uploads\/7745.png","datePublished":"2015-03-13T18:56:17+00:00","breadcrumb":{"@id":"https:\/\/www.meydan.tv\/az\/article\/ise-duzelmek-ucun-pul-verdiyim-adam-yuz-minlik-masinda-gezir\/#breadcrumb"},"inLanguage":"az","potentialAction":[{"@type":"ReadAction","target":["https:\/\/www.meydan.tv\/az\/article\/ise-duzelmek-ucun-pul-verdiyim-adam-yuz-minlik-masinda-gezir\/"]}]},{"@type":"ImageObject","inLanguage":"az","@id":"https:\/\/www.meydan.tv\/az\/article\/ise-duzelmek-ucun-pul-verdiyim-adam-yuz-minlik-masinda-gezir\/#primaryimage","url":"https:\/\/www.meydan.tv\/wp-content\/uploads\/7745.png","contentUrl":"https:\/\/www.meydan.tv\/wp-content\/uploads\/7745.png","width":352,"height":289,"caption":"Source:"},{"@type":"BreadcrumbList","@id":"https:\/\/www.meydan.tv\/az\/article\/ise-duzelmek-ucun-pul-verdiyim-adam-yuz-minlik-masinda-gezir\/#breadcrumb","itemListElement":[{"@type":"ListItem","position":1,"name":"Ana s\u0259hif\u0259","item":"https:\/\/www.meydan.tv\/az\/"},{"@type":"ListItem","position":2,"name":"X\u0259b\u0259rl\u0259r","item":"https:\/\/www.meydan.tv\/az\/section\/xeberler\/"},{"@type":"ListItem","position":3,"name":"&#8220;\u0130\u015f\u0259 d\u00fcz\u0259lm\u0259k \u00fc\u00e7\u00fcn pul verdiyim adam y\u00fcz minlik ma\u015f\u0131nda g\u0259zir&#8221;"}]},{"@type":"WebSite","@id":"https:\/\/www.meydan.tv\/az\/#website","url":"https:\/\/www.meydan.tv\/az\/","name":"MEYDAN.TV","description":"Meydan TV Az\u0259rbaycan\u0131n media m\u0259kan\u0131ndak\u0131 alternativ s\u0259sidir","publisher":{"@id":"https:\/\/www.meydan.tv\/az\/#organization"},"potentialAction":[{"@type":"SearchAction","target":{"@type":"EntryPoint","urlTemplate":"https:\/\/www.meydan.tv\/az\/?s={search_term_string}"},"query-input":{"@type":"PropertyValueSpecification","valueRequired":true,"valueName":"search_term_string"}}],"inLanguage":"az"},{"@type":"Organization","@id":"https:\/\/www.meydan.tv\/az\/#organization","name":"Meydan TV","url":"https:\/\/www.meydan.tv\/az\/","logo":{"@type":"ImageObject","inLanguage":"az","@id":"https:\/\/www.meydan.tv\/az\/#\/schema\/logo\/image\/","url":"https:\/\/www.meydan.tv\/wp-content\/uploads\/2021\/07\/meydan-logo.svg","contentUrl":"https:\/\/www.meydan.tv\/wp-content\/uploads\/2021\/07\/meydan-logo.svg","width":195,"height":46,"caption":"Meydan TV"},"image":{"@id":"https:\/\/www.meydan.tv\/az\/#\/schema\/logo\/image\/"}},{"@type":"Person","@id":"https:\/\/www.meydan.tv\/az\/#\/schema\/person\/10d11eccf6da3662cf5fdab9806ea91a","name":"user-manager"}]}},"_links":{"self":[{"href":"https:\/\/www.meydan.tv\/az\/wp-json\/wp\/v2\/posts\/167247","targetHints":{"allow":["GET"]}}],"collection":[{"href":"https:\/\/www.meydan.tv\/az\/wp-json\/wp\/v2\/posts"}],"about":[{"href":"https:\/\/www.meydan.tv\/az\/wp-json\/wp\/v2\/types\/post"}],"author":[{"embeddable":true,"href":"https:\/\/www.meydan.tv\/az\/wp-json\/wp\/v2\/users\/11"}],"replies":[{"embeddable":true,"href":"https:\/\/www.meydan.tv\/az\/wp-json\/wp\/v2\/comments?post=167247"}],"version-history":[{"count":0,"href":"https:\/\/www.meydan.tv\/az\/wp-json\/wp\/v2\/posts\/167247\/revisions"}],"wp:featuredmedia":[{"embeddable":true,"href":"https:\/\/www.meydan.tv\/az\/wp-json\/wp\/v2\/media\/21453"}],"wp:attachment":[{"href":"https:\/\/www.meydan.tv\/az\/wp-json\/wp\/v2\/media?parent=167247"}],"wp:term":[{"taxonomy":"category","embeddable":true,"href":"https:\/\/www.meydan.tv\/az\/wp-json\/wp\/v2\/categories?post=167247"},{"taxonomy":"post_tag","embeddable":true,"href":"https:\/\/www.meydan.tv\/az\/wp-json\/wp\/v2\/tags?post=167247"}],"curies":[{"name":"wp","href":"https:\/\/api.w.org\/{rel}","templated":true}]}}