{"id":167246,"date":"2015-03-13T17:58:57","date_gmt":"2015-03-13T17:58:57","guid":{"rendered":"https:\/\/www.meydan.tv\/article\/facebook-fealinin-ailesi-incidilir\/"},"modified":"2015-03-13T17:58:57","modified_gmt":"2015-03-13T17:58:57","slug":"facebook-fealinin-ailesi-incidilir","status":"publish","type":"post","link":"https:\/\/www.meydan.tv\/az\/article\/facebook-fealinin-ailesi-incidilir\/","title":{"rendered":"Facebook f\u0259al\u0131n\u0131n ail\u0259si incidilir"},"content":{"rendered":"<figure class=\"wp-block-image size-large\">\n  <img decoding=\"async\" src=\"https:\/\/www.meydan.tv\/az\/21444\/\" alt=\"\" class=\"wp-image-21444\"\/><figcaption><\/figcaption><\/figure>\n<p>\n  <i><br \/>\n    Z\u00f6hrab H\u0259s\u0259nov: Facebook\u201d s\u0259hif\u0259mi ba\u011flama\u011f\u0131m t\u0259l\u0259b olunub. \u018fks t\u0259qdird\u0259, bunun valideynl\u0259rim \u00fc\u00e7\u00fcn a\u011f\u0131r n\u0259tic\u0259l\u0259r\u0259 s\u0259b\u0259b olaca\u011f\u0131n\u0131 deyibl\u0259r&#8221;<br \/>\n  <\/i>\n<\/p>\n<figure class=\"wp-block-image size-large\">\n  <img decoding=\"async\" src=\"https:\/\/www.meydan.tv\/az\/21444\/\" alt=\"\" class=\"wp-image-21444\"\/><figcaption><\/figcaption><\/figure>\n<p>\n  \u0130ctimai f\u0259al Z\u00f6hrab H\u0259s\u0259novun ail\u0259si \u015eirvan \u015f\u0259h\u0259r Polis \u0130dar\u0259sinin \u0259m\u0259kda\u015flar\u0131 t\u0259r\u0259find\u0259n incidilir. Meydan TV-y\u0259 bu bar\u0259d\u0259 m\u0259lumat\u0131 Z\u00f6hrab H\u0259s\u0259novun \u00f6z\u00fc verib. Almaniyada m\u00fchacir\u0259td\u0259 olan f\u0259al\u0131n s\u00f6zl\u0259rin\u0259 g\u00f6r\u0259, ail\u0259sin\u0259 qar\u015f\u0131 t\u0259zyiq Facebookda \u201cDiktaturas\u0131z Az\u0259rbaycan\u201d s\u0259hif\u0259sini yaratd\u0131qdan sonra ba\u015flay\u0131b.\n<\/p>\n<p>\n  Mart\u0131n 12-d\u0259 \u015eirvan \u015eP\u0130-nin \u0259m\u0259kda\u015f\u0131 B\u0259hruz Qurbanov Z\u00f6hrab H\u0259s\u0259novun anas\u0131 Sevil H\u0259s\u0259novan\u0131n \u00e7al\u0131\u015fd\u0131\u011f\u0131 \u015eirvan \u015f\u0259h\u0259r M\u0259rk\u0259zi X\u0259st\u0259xanas\u0131na g\u0259l\u0259r\u0259k, ona polis\u0259 getm\u0259li olduqlar\u0131n\u0131 deyib. \u00dcr\u0259k x\u0259st\u0259liyind\u0259n \u0259ziyy\u0259t \u00e7\u0259k\u0259n qad\u0131n \u00e7a\u011f\u0131r\u0131\u015f v\u0259r\u0259q\u0259si ist\u0259yib. Z\u00f6hrab H\u0259s\u0259novun s\u00f6zl\u0259rin\u0259 g\u00f6r\u0259, m\u00fcst\u0259ntiq anas\u0131na h\u0259d\u0259-qorxu g\u0259lib:\n<\/p>\n<p>\n  \u201cAnama deyib ki, \u0259g\u0259r m\u0259niml\u0259 g\u0259lm\u0259s\u0259n, s\u0259ni zorla Bak\u0131ya, M\u00fct\u0259\u015f\u0259kkil Cinay\u0259tkarl\u0131qla M\u00fcbariz\u0259 \u0130dar\u0259sin\u0259 aparacam. T\u0259k bununla yekunla\u015fmay\u0131b, m\u00fcst\u0259ntiq anamla \u00e7ox kobud dan\u0131\u015f\u0131b. Anam ona \u201cs\u0259n m\u0259nim o\u011flum ya\u015f\u0131ndasan\u201d-deyib, o da cavab\u0131nda \u201cs\u0259n m\u0259nim anam ola bilm\u0259zs\u0259n\u201d cavab\u0131n\u0131 verib. Guya m\u0259n satq\u0131nam, buna g\u00f6r\u0259 d\u0259 ail\u0259m t\u0259hqir olunmal\u0131d\u0131r\u201d. Z\u00f6hrab H\u0259s\u0259nov deyir ki, valideynl\u0259ri x\u0259st\u0259 oldu\u011fundan onlar\u0131n taleyind\u0259n \u00e7ox narahatd\u0131r. Hesab edir ki, onun f\u0259aliyy\u0259tin\u0259 g\u00f6r\u0259 ail\u0259si m\u0259suliyy\u0259t da\u015f\u0131mamal\u0131d\u0131r.\n<\/p>\n<p>\n  Rayonun polis \u015f\u00f6b\u0259sinin \u0259m\u0259kda\u015f\u0131 B\u0259hruz Qurbanov m\u0259s\u0259l\u0259 il\u0259 ba\u011fl\u0131 Meydan TV-y\u0259 bildirib ki, Sevil H\u0259s\u0259novan\u0131n i\u015fl\u0259d\u0259yi x\u0259st\u0259xanaya onun h\u0259yat yolda\u015f\u0131 il\u0259 ba\u011fl\u0131 gedib: \u201cBiz\u0259 Sevil H\u0259s\u0259nova yox, onun h\u0259yat yolda\u015f\u0131 \u018fli H\u0259s\u0259nov laz\u0131m idi. Ona g\u00f6r\u0259 d\u0259, xan\u0131ma \u00e7a\u011f\u0131r\u0131\u015f v\u0259r\u0259q\u0259si t\u0259qdim etm\u0259mi\u015fik\u201d.\n<\/p>\n<p>\n  Meydan Tv-nin \u201c\u018fli H\u0259s\u0259novu hans\u0131 i\u015fl\u0259 ba\u011fl\u0131 axtar\u0131rs\u0131n\u0131z?\u201d sual\u0131na is\u0259 B\u0259hruz Qurbanov cavab verm\u0259yib.\n<\/p>\n<p>\n  Mart\u0131n 13-d\u0259 g\u00fcnorta saatlar\u0131nda Z.H\u0259s\u0259nov\u00a0yenid\u0259n Meydan Tv il\u0259 \u0259laq\u0259 saxlayaraq, bildirib ki, atas\u0131n\u0131 Bak\u0131ya, M\u00fct\u0259\u015f\u0259kkil Cinay\u0259tkarl\u0131qla M\u00fcbariz\u0259 \u0130dar\u0259sin\u0259 apar\u0131blar: \u201c\u018fm\u0259liyyat qrupu atam\u0131n i\u015f yerin\u0259 ged\u0259r\u0259k, he\u00e7 bir \u00e7a\u011f\u0131r\u0131\u015f v\u0259r\u0259q\u0259si t\u0259qdim etm\u0259d\u0259n onu m\u0259cburi \u015f\u0259kild\u0259 Bak\u0131ya apar\u0131b. Orada bir ne\u00e7\u0259 saat m\u0259niml\u0259 ba\u011fl\u0131 dindiribl\u0259r. Deyibl\u0259r ki, &#8220;Diktaturas\u0131z Az\u0259rbaycan&#8221; bloqunu v\u0259 \u201cFacebook\u201d s\u0259hif\u0259mi ba\u011flamasam valideynl\u0259rim \u00fc\u00e7\u00fcn a\u011f\u0131r n\u0259tic\u0259l\u0259ri ola bil\u0259r. Deyibl\u0259r ki, bar\u0259md\u0259 cinay\u0259t i\u015fi a\u00e7\u0131l\u0131b. Atam bloqumla ba\u011fl\u0131 toplanm\u0131\u015f istintaq materiallar\u0131 il\u0259 tan\u0131\u015f olub. Ondan t\u0259l\u0259b edibl\u0259r ki, m\u0259n\u0259 m\u0259s\u0259l\u0259nin \u00e7ox ciddi oldu\u011funu \u00e7atd\u0131rs\u0131n&#8221;.\n<\/p>\n<p>\n  Meydan Tv s\u0259h\u0259r saatlar\u0131nda m\u0259s\u0259l\u0259 il\u0259 ba\u011fl\u0131 Daxili \u0130\u015fl\u0259r Nazirliyinin m\u0259tbuat xidm\u0259tinin \u0259m\u0259kda\u015f\u0131 Orxan Mansurzad\u0259 il\u0259 \u0259laq\u0259 saxlay\u0131b. Sonuncu m\u0259s\u0259l\u0259 il\u0259 maraqlanaca\u011f\u0131n\u0131 des\u0259 d\u0259, sonradan z\u0259ngl\u0259r\u0259 cavab verm\u0259yib.\n<\/p>\n<p>\n  Bu, Z\u00f6hrab H\u0259s\u0259novun valideynl\u0259rin\u0259 qar\u015f\u0131 edil\u0259n ilk hadis\u0259 deyil. \u00d6t\u0259n ilin dekabr\u0131nda g\u0259nc f\u0259al ail\u0259sin\u0259 olan t\u0259zyiql\u0259rl\u0259 ba\u011fl\u0131 Meydan TV-y\u0259 m\u00fcraci\u0259t etmi\u015fdi. Onun atas\u0131 \u018fli H\u0259s\u0259nov bildirmi\u015fdi ki, \u015eirvan \u015f\u0259h\u0259r Polis \u0130dar\u0259sin\u0259 \u00e7a\u011fr\u0131l\u0131b v\u0259 o\u011flu il\u0259 \u0259laq\u0259dar sor\u011fuya \u00e7\u0259kilib. Z\u00f6hrab H\u0259s\u0259nov qar\u015f\u0131la\u015fd\u0131\u011f\u0131 t\u0259zyiql\u0259 \u0259laq\u0259dar \u201cS\u0259rh\u0259dsiz Reportyorlar\u201d t\u0259\u015fkilat\u0131na v\u0259 diplomatik korpuslara m\u00fcraci\u0259t edib.<\/p>\n","protected":false},"excerpt":{"rendered":"<p>Z\u00f6hrab H\u0259s\u0259nov: Facebook\u201d s\u0259hif\u0259mi ba\u011flama\u011f\u0131m t\u0259l\u0259b olunub. \u018fks t\u0259qdird\u0259, bunun valideynl\u0259rim \u00fc\u00e7\u00fcn a\u011f\u0131r n\u0259tic\u0259l\u0259r\u0259 s\u0259b\u0259b olaca\u011f\u0131n\u0131 deyibl\u0259r&#8221;<\/p>\n","protected":false},"author":11,"featured_media":21444,"comment_status":"closed","ping_status":"open","sticky":false,"template":"","format":"standard","meta":{"_acf_changed":false,"_sitemap_exclude":false,"_sitemap_priority":"","_sitemap_frequency":"","footnotes":""},"categories":[56],"tags":[],"class_list":["post-167246","post","type-post","status-publish","format-standard","has-post-thumbnail","hentry","category-xeberler","infinite-scroll-item","generate-columns","tablet-grid-50","mobile-grid-100","grid-parent","grid-33","no-featured-image-padding"],"acf":[],"yoast_head":"<!-- This site is optimized with the Yoast SEO plugin v28.3 - https:\/\/yoast.com\/product\/yoast-seo-wordpress\/ -->\n<title>Facebook f\u0259al\u0131n\u0131n ail\u0259si incidilir - MEYDAN.TV<\/title>\n<meta name=\"robots\" content=\"index, follow, max-snippet:-1, max-image-preview:large, max-video-preview:-1\" \/>\n<link rel=\"canonical\" href=\"https:\/\/www.meydan.tv\/az\/article\/facebook-fealinin-ailesi-incidilir\/\" \/>\n<meta property=\"og:locale\" content=\"az_AZ\" \/>\n<meta property=\"og:type\" content=\"article\" \/>\n<meta property=\"og:title\" content=\"Facebook f\u0259al\u0131n\u0131n ail\u0259si incidilir - MEYDAN.TV\" \/>\n<meta property=\"og:description\" content=\"Z\u00f6hrab H\u0259s\u0259nov: Facebook\u201d s\u0259hif\u0259mi ba\u011flama\u011f\u0131m t\u0259l\u0259b olunub. \u018fks t\u0259qdird\u0259, bunun valideynl\u0259rim \u00fc\u00e7\u00fcn a\u011f\u0131r n\u0259tic\u0259l\u0259r\u0259 s\u0259b\u0259b olaca\u011f\u0131n\u0131 deyibl\u0259r&quot;\" \/>\n<meta property=\"og:url\" content=\"https:\/\/www.meydan.tv\/az\/article\/facebook-fealinin-ailesi-incidilir\/\" \/>\n<meta property=\"og:site_name\" content=\"MEYDAN.TV\" \/>\n<meta property=\"article:published_time\" content=\"2015-03-13T17:58:57+00:00\" \/>\n<meta property=\"og:image\" content=\"https:\/\/www.meydan.tv\/wp-content\/uploads\/7738.jpg\" \/>\n\t<meta property=\"og:image:width\" content=\"301\" \/>\n\t<meta property=\"og:image:height\" content=\"300\" \/>\n\t<meta property=\"og:image:type\" content=\"image\/jpeg\" \/>\n<meta name=\"twitter:card\" content=\"summary_large_image\" \/>\n<!-- \/ Yoast SEO plugin. -->","yoast_head_json":{"title":"Facebook f\u0259al\u0131n\u0131n ail\u0259si incidilir - MEYDAN.TV","robots":{"index":"index","follow":"follow","max-snippet":"max-snippet:-1","max-image-preview":"max-image-preview:large","max-video-preview":"max-video-preview:-1"},"canonical":"https:\/\/www.meydan.tv\/az\/article\/facebook-fealinin-ailesi-incidilir\/","og_locale":"az_AZ","og_type":"article","og_title":"Facebook f\u0259al\u0131n\u0131n ail\u0259si incidilir - MEYDAN.TV","og_description":"Z\u00f6hrab H\u0259s\u0259nov: Facebook\u201d s\u0259hif\u0259mi ba\u011flama\u011f\u0131m t\u0259l\u0259b olunub. \u018fks t\u0259qdird\u0259, bunun valideynl\u0259rim \u00fc\u00e7\u00fcn a\u011f\u0131r n\u0259tic\u0259l\u0259r\u0259 s\u0259b\u0259b olaca\u011f\u0131n\u0131 deyibl\u0259r\"","og_url":"https:\/\/www.meydan.tv\/az\/article\/facebook-fealinin-ailesi-incidilir\/","og_site_name":"MEYDAN.TV","article_published_time":"2015-03-13T17:58:57+00:00","og_image":[{"width":301,"height":300,"url":"https:\/\/www.meydan.tv\/wp-content\/uploads\/7738.jpg","type":"image\/jpeg"}],"twitter_card":"summary_large_image","schema":{"@context":"https:\/\/schema.org","@graph":[{"@type":"Article","@id":"https:\/\/www.meydan.tv\/az\/article\/facebook-fealinin-ailesi-incidilir\/#article","isPartOf":{"@id":"https:\/\/www.meydan.tv\/az\/article\/facebook-fealinin-ailesi-incidilir\/"},"author":{"name":"user-manager","@id":"https:\/\/www.meydan.tv\/az\/#\/schema\/person\/10d11eccf6da3662cf5fdab9806ea91a"},"headline":"Facebook f\u0259al\u0131n\u0131n ail\u0259si incidilir","datePublished":"2015-03-13T17:58:57+00:00","mainEntityOfPage":{"@id":"https:\/\/www.meydan.tv\/az\/article\/facebook-fealinin-ailesi-incidilir\/"},"wordCount":701,"publisher":{"@id":"https:\/\/www.meydan.tv\/az\/#organization"},"image":{"@id":"https:\/\/www.meydan.tv\/az\/article\/facebook-fealinin-ailesi-incidilir\/#primaryimage"},"thumbnailUrl":"https:\/\/www.meydan.tv\/wp-content\/uploads\/7738.jpg","articleSection":["X\u0259b\u0259rl\u0259r"],"inLanguage":"az"},{"@type":"WebPage","@id":"https:\/\/www.meydan.tv\/az\/article\/facebook-fealinin-ailesi-incidilir\/","url":"https:\/\/www.meydan.tv\/az\/article\/facebook-fealinin-ailesi-incidilir\/","name":"Facebook f\u0259al\u0131n\u0131n ail\u0259si incidilir - MEYDAN.TV","isPartOf":{"@id":"https:\/\/www.meydan.tv\/az\/#website"},"primaryImageOfPage":{"@id":"https:\/\/www.meydan.tv\/az\/article\/facebook-fealinin-ailesi-incidilir\/#primaryimage"},"image":{"@id":"https:\/\/www.meydan.tv\/az\/article\/facebook-fealinin-ailesi-incidilir\/#primaryimage"},"thumbnailUrl":"https:\/\/www.meydan.tv\/wp-content\/uploads\/7738.jpg","datePublished":"2015-03-13T17:58:57+00:00","breadcrumb":{"@id":"https:\/\/www.meydan.tv\/az\/article\/facebook-fealinin-ailesi-incidilir\/#breadcrumb"},"inLanguage":"az","potentialAction":[{"@type":"ReadAction","target":["https:\/\/www.meydan.tv\/az\/article\/facebook-fealinin-ailesi-incidilir\/"]}]},{"@type":"ImageObject","inLanguage":"az","@id":"https:\/\/www.meydan.tv\/az\/article\/facebook-fealinin-ailesi-incidilir\/#primaryimage","url":"https:\/\/www.meydan.tv\/wp-content\/uploads\/7738.jpg","contentUrl":"https:\/\/www.meydan.tv\/wp-content\/uploads\/7738.jpg","width":301,"height":300,"caption":"Source:"},{"@type":"BreadcrumbList","@id":"https:\/\/www.meydan.tv\/az\/article\/facebook-fealinin-ailesi-incidilir\/#breadcrumb","itemListElement":[{"@type":"ListItem","position":1,"name":"Ana s\u0259hif\u0259","item":"https:\/\/www.meydan.tv\/az\/"},{"@type":"ListItem","position":2,"name":"X\u0259b\u0259rl\u0259r","item":"https:\/\/www.meydan.tv\/az\/section\/xeberler\/"},{"@type":"ListItem","position":3,"name":"Facebook f\u0259al\u0131n\u0131n ail\u0259si incidilir"}]},{"@type":"WebSite","@id":"https:\/\/www.meydan.tv\/az\/#website","url":"https:\/\/www.meydan.tv\/az\/","name":"MEYDAN.TV","description":"Meydan TV Az\u0259rbaycan\u0131n media m\u0259kan\u0131ndak\u0131 alternativ s\u0259sidir","publisher":{"@id":"https:\/\/www.meydan.tv\/az\/#organization"},"potentialAction":[{"@type":"SearchAction","target":{"@type":"EntryPoint","urlTemplate":"https:\/\/www.meydan.tv\/az\/?s={search_term_string}"},"query-input":{"@type":"PropertyValueSpecification","valueRequired":true,"valueName":"search_term_string"}}],"inLanguage":"az"},{"@type":"Organization","@id":"https:\/\/www.meydan.tv\/az\/#organization","name":"Meydan TV","url":"https:\/\/www.meydan.tv\/az\/","logo":{"@type":"ImageObject","inLanguage":"az","@id":"https:\/\/www.meydan.tv\/az\/#\/schema\/logo\/image\/","url":"https:\/\/www.meydan.tv\/wp-content\/uploads\/2021\/07\/meydan-logo.svg","contentUrl":"https:\/\/www.meydan.tv\/wp-content\/uploads\/2021\/07\/meydan-logo.svg","width":195,"height":46,"caption":"Meydan TV"},"image":{"@id":"https:\/\/www.meydan.tv\/az\/#\/schema\/logo\/image\/"}},{"@type":"Person","@id":"https:\/\/www.meydan.tv\/az\/#\/schema\/person\/10d11eccf6da3662cf5fdab9806ea91a","name":"user-manager"}]}},"_links":{"self":[{"href":"https:\/\/www.meydan.tv\/az\/wp-json\/wp\/v2\/posts\/167246","targetHints":{"allow":["GET"]}}],"collection":[{"href":"https:\/\/www.meydan.tv\/az\/wp-json\/wp\/v2\/posts"}],"about":[{"href":"https:\/\/www.meydan.tv\/az\/wp-json\/wp\/v2\/types\/post"}],"author":[{"embeddable":true,"href":"https:\/\/www.meydan.tv\/az\/wp-json\/wp\/v2\/users\/11"}],"replies":[{"embeddable":true,"href":"https:\/\/www.meydan.tv\/az\/wp-json\/wp\/v2\/comments?post=167246"}],"version-history":[{"count":0,"href":"https:\/\/www.meydan.tv\/az\/wp-json\/wp\/v2\/posts\/167246\/revisions"}],"wp:featuredmedia":[{"embeddable":true,"href":"https:\/\/www.meydan.tv\/az\/wp-json\/wp\/v2\/media\/21444"}],"wp:attachment":[{"href":"https:\/\/www.meydan.tv\/az\/wp-json\/wp\/v2\/media?parent=167246"}],"wp:term":[{"taxonomy":"category","embeddable":true,"href":"https:\/\/www.meydan.tv\/az\/wp-json\/wp\/v2\/categories?post=167246"},{"taxonomy":"post_tag","embeddable":true,"href":"https:\/\/www.meydan.tv\/az\/wp-json\/wp\/v2\/tags?post=167246"}],"curies":[{"name":"wp","href":"https:\/\/api.w.org\/{rel}","templated":true}]}}