{"id":167245,"date":"2015-03-13T18:36:59","date_gmt":"2015-03-13T18:36:59","guid":{"rendered":"https:\/\/www.meydan.tv\/article\/azerbaycan-ordusu-daha-bir-sehid-verdi\/"},"modified":"2015-03-13T18:36:59","modified_gmt":"2015-03-13T18:36:59","slug":"azerbaycan-ordusu-daha-bir-sehid-verdi","status":"publish","type":"post","link":"https:\/\/www.meydan.tv\/az\/article\/azerbaycan-ordusu-daha-bir-sehid-verdi\/","title":{"rendered":"Az\u0259rbaycan Ordusu daha bir \u015f\u0259hid verdi"},"content":{"rendered":"<figure class=\"wp-block-image size-large\">\n  <img decoding=\"async\" src=\"https:\/\/www.meydan.tv\/az\/21450\/\" alt=\"\" class=\"wp-image-21450\"\/><figcaption><\/figcaption><\/figure>\n<p>\n  <i><br \/>\n    Silahl\u0131 Q\u00fcvv\u0259l\u0259rimizin h\u0259rbi qulluq\u00e7usu Quliyev Orxan Vaqif o\u011flu d\u00fc\u015fm\u0259n t\u0259r\u0259find\u0259n a\u00e7\u0131lan at\u0259\u015f n\u0259tic\u0259sind\u0259 \u015f\u0259hid olub<br \/>\n  <\/i>\n<\/p>\n<p>\n  Mart\u0131n 13-d\u0259 erm\u0259ni silahl\u0131 b\u00f6lm\u0259l\u0259ri at\u0259\u015fk\u0259s rejimini pozaraq, m\u00f6vqel\u0259rimizi at\u0259\u015f\u0259 tutublar.\n<\/p>\n<p>\n  N\u0259tic\u0259d\u0259 Silahl\u0131 Q\u00fcvv\u0259l\u0259rimizin h\u0259rbi qulluq\u00e7usu Quliyev Orxan Vaqif o\u011flu d\u00fc\u015fm\u0259n t\u0259r\u0259find\u0259n a\u00e7\u0131lan at\u0259\u015f n\u0259tic\u0259sind\u0259 \u015f\u0259hid olub.\n<\/p>\n<p>\n  X\u0259b\u0259ri M\u00fcdafi\u0259 Nazirliyi yay\u0131b. Nazirliyin r\u0259smi sayt\u0131nda qeyd olunur: &#8220;M\u00fcdafi\u0259 Nazirliyi bildirir ki, c\u0259bh\u0259 x\u0259ttind\u0259 \u0259m\u0259liyyat \u015f\u0259raiti Az\u0259rbaycan Silahl\u0131 Q\u00fcvv\u0259l\u0259rinin tam n\u0259zar\u0259ti alt\u0131ndad\u0131r. \u015e\u0259hid olmu\u015f h\u0259rbi qulluq\u00e7umuzun qan\u0131 yerd\u0259 qalmayacaq v\u0259 d\u00fc\u015fm\u0259n\u0259 vurulacaq z\u0259rb\u0259 daha da sars\u0131d\u0131c\u0131 olacaqd\u0131r.\u00a0M\u00fcdafi\u0259 Nazirliyinin r\u0259hb\u0259rliyi \u015f\u0259hidin valideynl\u0259rin\u0259 v\u0259 yax\u0131nlar\u0131na d\u0259rin h\u00fcznl\u0259 ba\u015fsa\u011fl\u0131\u011f\u0131 verir v\u0259 s\u0259br dil\u0259yir&#8221;.<\/p>\n","protected":false},"excerpt":{"rendered":"<p>Silahl\u0131 Q\u00fcvv\u0259l\u0259rimizin h\u0259rbi qulluq\u00e7usu Quliyev Orxan Vaqif o\u011flu d\u00fc\u015fm\u0259n t\u0259r\u0259find\u0259n a\u00e7\u0131lan at\u0259\u015f n\u0259tic\u0259sind\u0259 \u015f\u0259hid olub<\/p>\n","protected":false},"author":11,"featured_media":21450,"comment_status":"closed","ping_status":"open","sticky":false,"template":"","format":"standard","meta":{"_acf_changed":false,"_sitemap_exclude":false,"_sitemap_priority":"","_sitemap_frequency":"","footnotes":""},"categories":[56],"tags":[],"class_list":["post-167245","post","type-post","status-publish","format-standard","has-post-thumbnail","hentry","category-xeberler","infinite-scroll-item","generate-columns","tablet-grid-50","mobile-grid-100","grid-parent","grid-33","no-featured-image-padding"],"acf":[],"yoast_head":"<!-- This site is optimized with the Yoast SEO plugin v28.3 - https:\/\/yoast.com\/product\/yoast-seo-wordpress\/ -->\n<title>Az\u0259rbaycan Ordusu daha bir \u015f\u0259hid verdi - MEYDAN.TV<\/title>\n<meta name=\"robots\" content=\"index, follow, max-snippet:-1, max-image-preview:large, max-video-preview:-1\" \/>\n<link rel=\"canonical\" href=\"https:\/\/www.meydan.tv\/az\/article\/azerbaycan-ordusu-daha-bir-sehid-verdi\/\" \/>\n<meta property=\"og:locale\" content=\"az_AZ\" \/>\n<meta property=\"og:type\" content=\"article\" \/>\n<meta property=\"og:title\" content=\"Az\u0259rbaycan Ordusu daha bir \u015f\u0259hid verdi - MEYDAN.TV\" \/>\n<meta property=\"og:description\" content=\"Silahl\u0131 Q\u00fcvv\u0259l\u0259rimizin h\u0259rbi qulluq\u00e7usu Quliyev Orxan Vaqif o\u011flu d\u00fc\u015fm\u0259n t\u0259r\u0259find\u0259n a\u00e7\u0131lan at\u0259\u015f n\u0259tic\u0259sind\u0259 \u015f\u0259hid olub\" \/>\n<meta property=\"og:url\" content=\"https:\/\/www.meydan.tv\/az\/article\/azerbaycan-ordusu-daha-bir-sehid-verdi\/\" \/>\n<meta property=\"og:site_name\" content=\"MEYDAN.TV\" \/>\n<meta property=\"article:published_time\" content=\"2015-03-13T18:36:59+00:00\" \/>\n<meta property=\"og:image\" content=\"https:\/\/www.meydan.tv\/wp-content\/uploads\/7743.jpg\" \/>\n\t<meta property=\"og:image:width\" content=\"1200\" \/>\n\t<meta property=\"og:image:height\" content=\"898\" \/>\n\t<meta property=\"og:image:type\" content=\"image\/jpeg\" \/>\n<meta name=\"twitter:card\" content=\"summary_large_image\" \/>\n<!-- \/ Yoast SEO plugin. -->","yoast_head_json":{"title":"Az\u0259rbaycan Ordusu daha bir \u015f\u0259hid verdi - MEYDAN.TV","robots":{"index":"index","follow":"follow","max-snippet":"max-snippet:-1","max-image-preview":"max-image-preview:large","max-video-preview":"max-video-preview:-1"},"canonical":"https:\/\/www.meydan.tv\/az\/article\/azerbaycan-ordusu-daha-bir-sehid-verdi\/","og_locale":"az_AZ","og_type":"article","og_title":"Az\u0259rbaycan Ordusu daha bir \u015f\u0259hid verdi - MEYDAN.TV","og_description":"Silahl\u0131 Q\u00fcvv\u0259l\u0259rimizin h\u0259rbi qulluq\u00e7usu Quliyev Orxan Vaqif o\u011flu d\u00fc\u015fm\u0259n t\u0259r\u0259find\u0259n a\u00e7\u0131lan at\u0259\u015f n\u0259tic\u0259sind\u0259 \u015f\u0259hid olub","og_url":"https:\/\/www.meydan.tv\/az\/article\/azerbaycan-ordusu-daha-bir-sehid-verdi\/","og_site_name":"MEYDAN.TV","article_published_time":"2015-03-13T18:36:59+00:00","og_image":[{"width":1200,"height":898,"url":"https:\/\/www.meydan.tv\/wp-content\/uploads\/7743.jpg","type":"image\/jpeg"}],"twitter_card":"summary_large_image","schema":{"@context":"https:\/\/schema.org","@graph":[{"@type":"Article","@id":"https:\/\/www.meydan.tv\/az\/article\/azerbaycan-ordusu-daha-bir-sehid-verdi\/#article","isPartOf":{"@id":"https:\/\/www.meydan.tv\/az\/article\/azerbaycan-ordusu-daha-bir-sehid-verdi\/"},"author":{"name":"user-manager","@id":"https:\/\/www.meydan.tv\/az\/#\/schema\/person\/10d11eccf6da3662cf5fdab9806ea91a"},"headline":"Az\u0259rbaycan Ordusu daha bir \u015f\u0259hid verdi","datePublished":"2015-03-13T18:36:59+00:00","mainEntityOfPage":{"@id":"https:\/\/www.meydan.tv\/az\/article\/azerbaycan-ordusu-daha-bir-sehid-verdi\/"},"wordCount":178,"publisher":{"@id":"https:\/\/www.meydan.tv\/az\/#organization"},"image":{"@id":"https:\/\/www.meydan.tv\/az\/article\/azerbaycan-ordusu-daha-bir-sehid-verdi\/#primaryimage"},"thumbnailUrl":"https:\/\/www.meydan.tv\/wp-content\/uploads\/7743.jpg","articleSection":["X\u0259b\u0259rl\u0259r"],"inLanguage":"az"},{"@type":"WebPage","@id":"https:\/\/www.meydan.tv\/az\/article\/azerbaycan-ordusu-daha-bir-sehid-verdi\/","url":"https:\/\/www.meydan.tv\/az\/article\/azerbaycan-ordusu-daha-bir-sehid-verdi\/","name":"Az\u0259rbaycan Ordusu daha bir \u015f\u0259hid verdi - MEYDAN.TV","isPartOf":{"@id":"https:\/\/www.meydan.tv\/az\/#website"},"primaryImageOfPage":{"@id":"https:\/\/www.meydan.tv\/az\/article\/azerbaycan-ordusu-daha-bir-sehid-verdi\/#primaryimage"},"image":{"@id":"https:\/\/www.meydan.tv\/az\/article\/azerbaycan-ordusu-daha-bir-sehid-verdi\/#primaryimage"},"thumbnailUrl":"https:\/\/www.meydan.tv\/wp-content\/uploads\/7743.jpg","datePublished":"2015-03-13T18:36:59+00:00","breadcrumb":{"@id":"https:\/\/www.meydan.tv\/az\/article\/azerbaycan-ordusu-daha-bir-sehid-verdi\/#breadcrumb"},"inLanguage":"az","potentialAction":[{"@type":"ReadAction","target":["https:\/\/www.meydan.tv\/az\/article\/azerbaycan-ordusu-daha-bir-sehid-verdi\/"]}]},{"@type":"ImageObject","inLanguage":"az","@id":"https:\/\/www.meydan.tv\/az\/article\/azerbaycan-ordusu-daha-bir-sehid-verdi\/#primaryimage","url":"https:\/\/www.meydan.tv\/wp-content\/uploads\/7743.jpg","contentUrl":"https:\/\/www.meydan.tv\/wp-content\/uploads\/7743.jpg","width":1200,"height":898,"caption":"Source:"},{"@type":"BreadcrumbList","@id":"https:\/\/www.meydan.tv\/az\/article\/azerbaycan-ordusu-daha-bir-sehid-verdi\/#breadcrumb","itemListElement":[{"@type":"ListItem","position":1,"name":"Ana s\u0259hif\u0259","item":"https:\/\/www.meydan.tv\/az\/"},{"@type":"ListItem","position":2,"name":"X\u0259b\u0259rl\u0259r","item":"https:\/\/www.meydan.tv\/az\/section\/xeberler\/"},{"@type":"ListItem","position":3,"name":"Az\u0259rbaycan Ordusu daha bir \u015f\u0259hid verdi"}]},{"@type":"WebSite","@id":"https:\/\/www.meydan.tv\/az\/#website","url":"https:\/\/www.meydan.tv\/az\/","name":"MEYDAN.TV","description":"Meydan TV Az\u0259rbaycan\u0131n media m\u0259kan\u0131ndak\u0131 alternativ s\u0259sidir","publisher":{"@id":"https:\/\/www.meydan.tv\/az\/#organization"},"potentialAction":[{"@type":"SearchAction","target":{"@type":"EntryPoint","urlTemplate":"https:\/\/www.meydan.tv\/az\/?s={search_term_string}"},"query-input":{"@type":"PropertyValueSpecification","valueRequired":true,"valueName":"search_term_string"}}],"inLanguage":"az"},{"@type":"Organization","@id":"https:\/\/www.meydan.tv\/az\/#organization","name":"Meydan TV","url":"https:\/\/www.meydan.tv\/az\/","logo":{"@type":"ImageObject","inLanguage":"az","@id":"https:\/\/www.meydan.tv\/az\/#\/schema\/logo\/image\/","url":"https:\/\/www.meydan.tv\/wp-content\/uploads\/2021\/07\/meydan-logo.svg","contentUrl":"https:\/\/www.meydan.tv\/wp-content\/uploads\/2021\/07\/meydan-logo.svg","width":195,"height":46,"caption":"Meydan TV"},"image":{"@id":"https:\/\/www.meydan.tv\/az\/#\/schema\/logo\/image\/"}},{"@type":"Person","@id":"https:\/\/www.meydan.tv\/az\/#\/schema\/person\/10d11eccf6da3662cf5fdab9806ea91a","name":"user-manager"}]}},"_links":{"self":[{"href":"https:\/\/www.meydan.tv\/az\/wp-json\/wp\/v2\/posts\/167245","targetHints":{"allow":["GET"]}}],"collection":[{"href":"https:\/\/www.meydan.tv\/az\/wp-json\/wp\/v2\/posts"}],"about":[{"href":"https:\/\/www.meydan.tv\/az\/wp-json\/wp\/v2\/types\/post"}],"author":[{"embeddable":true,"href":"https:\/\/www.meydan.tv\/az\/wp-json\/wp\/v2\/users\/11"}],"replies":[{"embeddable":true,"href":"https:\/\/www.meydan.tv\/az\/wp-json\/wp\/v2\/comments?post=167245"}],"version-history":[{"count":0,"href":"https:\/\/www.meydan.tv\/az\/wp-json\/wp\/v2\/posts\/167245\/revisions"}],"wp:featuredmedia":[{"embeddable":true,"href":"https:\/\/www.meydan.tv\/az\/wp-json\/wp\/v2\/media\/21450"}],"wp:attachment":[{"href":"https:\/\/www.meydan.tv\/az\/wp-json\/wp\/v2\/media?parent=167245"}],"wp:term":[{"taxonomy":"category","embeddable":true,"href":"https:\/\/www.meydan.tv\/az\/wp-json\/wp\/v2\/categories?post=167245"},{"taxonomy":"post_tag","embeddable":true,"href":"https:\/\/www.meydan.tv\/az\/wp-json\/wp\/v2\/tags?post=167245"}],"curies":[{"name":"wp","href":"https:\/\/api.w.org\/{rel}","templated":true}]}}