{"id":167241,"date":"2015-03-13T15:43:10","date_gmt":"2015-03-13T15:43:10","guid":{"rendered":"https:\/\/www.meydan.tv\/article\/genclerin-suriyaya-gonderilmesinde-en-feal-rayon-terterdir\/"},"modified":"2015-03-13T15:43:10","modified_gmt":"2015-03-13T15:43:10","slug":"genclerin-suriyaya-gonderilmesinde-en-feal-rayon-terterdir","status":"publish","type":"post","link":"https:\/\/www.meydan.tv\/az\/article\/genclerin-suriyaya-gonderilmesinde-en-feal-rayon-terterdir\/","title":{"rendered":"&#8220;G\u0259ncl\u0259rin Suriyaya g\u00f6nd\u0259rilm\u0259sind\u0259 \u0259n f\u0259al rayon T\u0259rt\u0259rdir&#8221;"},"content":{"rendered":"<figure class=\"wp-block-image size-large\">\n  <img decoding=\"async\" src=\"https:\/\/www.meydan.tv\/az\/21420\/\" alt=\"\" class=\"wp-image-21420\"\/><figcaption><\/figcaption><\/figure>\n<figure class=\"wp-block-image size-large\">\n  <img decoding=\"async\" src=\"https:\/\/www.meydan.tv\/az\/21420\/\" alt=\"\" class=\"wp-image-21420\"\/><figcaption><\/figcaption><\/figure>\n<p>\n  <i><br \/>\n    \u0130lham \u0130smay\u0131l: &#8220;X\u00fcsusi xidm\u0259t orqanlar\u0131 m\u0259hz radikal dindarlarla ba\u011fl\u0131 \u0259m\u0259liyyat \u015f\u0259raitin\u0259 kifay\u0259t q\u0259d\u0259r n\u0259zar\u0259t edirl\u0259r&#8221;<br \/>\n  <\/i><\/p>\n<p>  Son iki h\u0259ft\u0259d\u0259 MTN v\u0259 D\u0130N-in Ba\u015f M\u00fct\u0259\u015f\u0259kkil Cinay\u0259tkarl\u0131qla M\u00fcbariz\u0259 \u0130dar\u0259si dini radikal qruplar\u0131n if\u015fa olundu\u011fu haqda m\u0259lumat yay\u0131rlar. \u018fvv\u0259l Bak\u0131da, sonra is\u0259 T\u0259rt\u0259r rayonunda ox\u015far \u0259m\u0259liyyatlar ke\u00e7irildi.\n<\/p>\n<p>\n  T\u0259rt\u0259r rayonunda ke\u00e7iril\u0259n \u0259m\u0259liyyat zaman\u0131 B\u00f6y\u00fck Qurulu\u015f Partiyas\u0131n\u0131n yerli t\u0259\u015fkilat s\u0259dri Z\u00fclf\u00fcqar \u0130brahimov v\u0259 \u00dcmid Partiyas\u0131n\u0131n sabiq \u00fczv\u00fc V\u00fcqar \u018fliyev d\u0259 h\u0259bs edil\u0259nl\u0259r aras\u0131ndayd\u0131. H\u0259r iki \u015f\u0259xs h\u0259m d\u0259 Qaraba\u011f Azadl\u0131q T\u0259\u015fkilat\u0131n\u0131n \u00fczv\u00fcd\u00fcr. Ad\u0131 \u00e7\u0259kil\u0259n t\u0259\u015fkilatlar Z\u00fclf\u00fcqar \u0130brahimovun v\u0259 V\u00fcqar \u018fliyevin t\u0259qsirsizliyi v\u0259 \u00fcmumiyy\u0259tl\u0259, dind\u0259n uzaq olduqlar\u0131 bar\u0259d\u0259 b\u0259yanat verdil\u0259r.\n<\/p>\n<p>\n  Nazirliyin m\u0259lumat\u0131nda is\u0259 bildirilir ki, faktla ba\u011fl\u0131 cinay\u0259t i\u015fi ba\u015flan\u0131l\u0131b, istintaq apar\u0131l\u0131r. Haz\u0131rda m\u00fct\u0259\u015f\u0259kkil d\u0259st\u0259nin cinay\u0259tkar \u0259laq\u0259l\u0259rinin if\u015fas\u0131, habel\u0259, dig\u0259r \u00fczvl\u0259rinin m\u00fc\u0259yy\u0259n olunaraq m\u0259suliyy\u0259t\u0259 c\u0259lb edilm\u0259si istiqam\u0259tind\u0259 t\u0259xir\u0259sal\u0131nmaz istintaq v\u0259 \u0259m\u0259liyyat t\u0259dbirl\u0259ri davam etdirilir. O c\u00fcml\u0259d\u0259n, MTN-in b\u0259yanat\u0131nda if\u015fa olunan qrupun d\u00f6vl\u0259t \u00e7evrili\u015fin\u0259 haz\u0131rl\u0131qla ba\u011fl\u0131 fikirl\u0259r yer al\u0131b.\n<\/p>\n<p>\n  T\u0259hl\u00fck\u0259sizlik m\u0259s\u0259l\u0259l\u0259ri \u00fczr\u0259 ekspert \u0130lham \u0130smay\u0131l ba\u015f ver\u0259nl\u0259ri Meydan TV-y\u0259 \u015f\u0259rh ed\u0259rk\u0259n bildirib ki, T\u0259rt\u0259rd\u0259ki \u0259m\u0259liyyat daha geni\u015f olub v\u0259 adlar\u0131 \u00e7\u0259kil\u0259nl\u0259rd\u0259n \u0259lav\u0259 d\u0259 xeyli adamlar axtar\u0131l\u0131b, amma b\u0259zil\u0259ri h\u0259bs edilib: &#8220;S\u00f6hb\u0259t ondad\u0131r ki, g\u0259ncl\u0259rin Suriyaya g\u00f6nd\u0259rilm\u0259sind\u0259 m\u0259rk\u0259z Sumqay\u0131td\u0131rsa, yerl\u0259rd\u0259 \u0259n f\u0259al rayon T\u0259rt\u0259rdir. Rayonda kims\u0259 bu ad alt\u0131nda f\u0259aliyy\u0259t g\u00f6st\u0259ribs\u0259 v\u0259 onun partiya \u00fczvl\u00fcy\u00fc varsa, bu, onu m\u0259suliyy\u0259td\u0259n k\u0259nar etmir. T\u0259bii ki, birba\u015fa onlar\u0131n h\u0259qiq\u0259t\u0259n d\u0259 Suriyaya adam g\u00f6nd\u0259rdikl\u0259rini, yaxud maliyy\u0259 al\u0131d\u0131qlar\u0131 m\u0259nb\u0259nin olub-olmad\u0131\u011f\u0131n\u0131 dem\u0259k olmaz. Bu m\u0259nada radikal qruplar\u0131n partiyalara dolu\u015fduqlar\u0131n\u0131 dem\u0259zdim&#8221;.\n<\/p>\n<p>\n  \u0130lham \u0130smay\u0131l bildirib ki, radikal islam m\u00f6vzusu Bak\u0131 I Avropa Oyunlar\u0131 \u0259r\u0259f\u0259sind\u0259 daha da aktualla\u015f\u0131b. Ona g\u00f6r\u0259 h\u0259r hans\u0131 terrora c\u0259hdd\u0259n s\u0131\u011fortalanmaq \u00fc\u00e7\u00fcn bir az a\u015f\u0131r\u0131 olsa da, f\u0259aliyy\u0259td\u0259dirl\u0259r: &#8220;Bir daha deyir\u0259m, son \u0259m\u0259liyyatlar h\u0259m Avropa Oyunlar\u0131 il\u0259 ba\u011fl\u0131 ola bil\u0259r, h\u0259m h\u00fcququn diliyl\u0259 dan\u0131\u015fmaqd\u0131r, h\u0259m d\u0259 profilaktikad\u0131r. Ki, yerd\u0259 qalanlar bu c\u00fcr i\u015fl\u0259rin olaca\u011f\u0131n\u0131 bilsinl\u0259r. T\u0259\u0259ss\u00fcf ki, indiki prosesd\u0259 &#8220;qurunun oduna ya\u015flar da yan\u0131r&#8221;.\u00a0 M\u00fcvafiq orqanlar filank\u0259sin m\u0259scid\u0259 getdiyini bilir, ancaq onun radikalla\u015faca\u011f\u0131n\u0131, silah\u0131n\u0131n olub-olmad\u0131\u011f\u0131 bilinmir. Sad\u0259c\u0259, &#8220;kiminl\u0259s\u0259 m\u0259scid\u0259 gedir&#8221; m\u0259s\u0259l\u0259si var. Y\u0259qin ki, istintaq prosesind\u0259 b\u0259zil\u0259ri azad olacaq&#8221;.\n<\/p>\n<p>\n  Ekspert hesab edir ki, x\u00fcsusi xidm\u0259t orqanlar\u0131 m\u0259hz radikal dindarlarla ba\u011fl\u0131 \u0259m\u0259liyyat \u015f\u0259raitin\u0259 kifay\u0259t q\u0259d\u0259r n\u0259zar\u0259t edirl\u0259r: &#8220;D\u00f6vl\u0259tin t\u0259hl\u00fck\u0259sizliyi bax\u0131m\u0131ndan yegan\u0259 sah\u0259dir ki, yax\u015f\u0131 n\u0259zar\u0259td\u0259 saxlaya bilirl\u0259r&#8221;.\n<\/p>\n<p>\n  Onun s\u00f6zl\u0259rin\u0259 g\u00f6r\u0259, dini radikalizm Az\u0259rbaycanda yox, xarici \u00f6lk\u0259l\u0259rd\u0259 yaran\u0131b: &#8220;Sad\u0259c\u0259, dal\u011fas\u0131 biz\u0259 \u00e7at\u0131b. H\u0259tta \u0130\u015eID kimi b\u00f6y\u00fck v\u0259 radikal terror t\u0259\u015fkilat\u0131 iri d\u00f6vl\u0259tin hans\u0131sa formada himay\u0259sind\u0259 olur, ona \u015f\u0259rait yarad\u0131l\u0131r, maraqlar\u0131na cavab verir, amma m\u00fc\u0259yy\u0259n h\u0259dd\u0259 q\u0259d\u0259r. \u00dcmumiyy\u0259tl\u0259, b\u00fct\u00fcn terror t\u0259\u015fkilatlar\u0131, terror\u00e7ular da yeri g\u0259l\u0259nd\u0259 hans\u0131sa d\u00f6vl\u0259tin mara\u011f\u0131na oynay\u0131blar. \u018fks t\u0259qdird\u0259, onlar\u0131n b\u00f6y\u00fcy\u00fcb inki\u015faf etm\u0259si m\u00fcmk\u00fcn deyil. Bir-birin\u0259 \u0259ks d\u00f6vl\u0259tl\u0259rin maraqlar\u0131n\u0131 m\u00fcharib\u0259l\u0259r h\u0259ll ed\u0259 bilm\u0259y\u0259nd\u0259 bu yola \u0259l at\u0131rlar. Yar\u0131m \u0259srd\u0259n \u00e7oxdur ki, probleml\u0259rini terror vasit\u0259sil\u0259 h\u0259ll edirl\u0259r. \u00c7\u00fcnki ortada n\u00fcv\u0259 silah\u0131 oldu\u011fundan m\u00fcnaqi\u015f\u0259l\u0259rini birba\u015fa m\u00fcharib\u0259 yoluyla h\u0259ll ed\u0259 bilm\u0259s\u0259l\u0259r d\u0259, terror &#8220;buxar&#8221; \u00e7\u0131xartmaq \u00fc\u00e7\u00fcn \u0259n yax\u015f\u0131 vasit\u0259 olur&#8221;.<\/p>\n","protected":false},"excerpt":{"rendered":"<p>\u0130lham \u0130smay\u0131l: &#8220;X\u00fcsusi xidm\u0259t orqanlar\u0131 m\u0259hz radikal dindarlarla ba\u011fl\u0131 \u0259m\u0259liyyat \u015f\u0259raitin\u0259 kifay\u0259t q\u0259d\u0259r n\u0259zar\u0259t edirl\u0259r&#8221;<\/p>\n","protected":false},"author":11,"featured_media":21420,"comment_status":"closed","ping_status":"open","sticky":false,"template":"","format":"standard","meta":{"_acf_changed":false,"_sitemap_exclude":false,"_sitemap_priority":"","_sitemap_frequency":"","footnotes":""},"categories":[56],"tags":[],"class_list":["post-167241","post","type-post","status-publish","format-standard","has-post-thumbnail","hentry","category-xeberler","infinite-scroll-item","generate-columns","tablet-grid-50","mobile-grid-100","grid-parent","grid-33","no-featured-image-padding"],"acf":[],"yoast_head":"<!-- This site is optimized with the Yoast SEO plugin v28.3 - https:\/\/yoast.com\/product\/yoast-seo-wordpress\/ -->\n<title>&quot;G\u0259ncl\u0259rin Suriyaya g\u00f6nd\u0259rilm\u0259sind\u0259 \u0259n f\u0259al rayon T\u0259rt\u0259rdir&quot; - MEYDAN.TV<\/title>\n<meta name=\"robots\" content=\"index, follow, max-snippet:-1, max-image-preview:large, max-video-preview:-1\" \/>\n<link rel=\"canonical\" href=\"https:\/\/www.meydan.tv\/az\/article\/genclerin-suriyaya-gonderilmesinde-en-feal-rayon-terterdir\/\" \/>\n<meta property=\"og:locale\" content=\"az_AZ\" \/>\n<meta property=\"og:type\" content=\"article\" \/>\n<meta property=\"og:title\" content=\"&quot;G\u0259ncl\u0259rin Suriyaya g\u00f6nd\u0259rilm\u0259sind\u0259 \u0259n f\u0259al rayon T\u0259rt\u0259rdir&quot; - MEYDAN.TV\" \/>\n<meta property=\"og:description\" content=\"\u0130lham \u0130smay\u0131l: &quot;X\u00fcsusi xidm\u0259t orqanlar\u0131 m\u0259hz radikal dindarlarla ba\u011fl\u0131 \u0259m\u0259liyyat \u015f\u0259raitin\u0259 kifay\u0259t q\u0259d\u0259r n\u0259zar\u0259t edirl\u0259r&quot;\" \/>\n<meta property=\"og:url\" content=\"https:\/\/www.meydan.tv\/az\/article\/genclerin-suriyaya-gonderilmesinde-en-feal-rayon-terterdir\/\" \/>\n<meta property=\"og:site_name\" content=\"MEYDAN.TV\" \/>\n<meta property=\"article:published_time\" content=\"2015-03-13T15:43:10+00:00\" \/>\n<meta property=\"og:image\" content=\"https:\/\/www.meydan.tv\/wp-content\/uploads\/7732.jpg\" \/>\n\t<meta property=\"og:image:width\" content=\"450\" \/>\n\t<meta property=\"og:image:height\" content=\"311\" \/>\n\t<meta property=\"og:image:type\" content=\"image\/jpeg\" \/>\n<meta name=\"twitter:card\" content=\"summary_large_image\" \/>\n<!-- \/ Yoast SEO plugin. -->","yoast_head_json":{"title":"\"G\u0259ncl\u0259rin Suriyaya g\u00f6nd\u0259rilm\u0259sind\u0259 \u0259n f\u0259al rayon T\u0259rt\u0259rdir\" - MEYDAN.TV","robots":{"index":"index","follow":"follow","max-snippet":"max-snippet:-1","max-image-preview":"max-image-preview:large","max-video-preview":"max-video-preview:-1"},"canonical":"https:\/\/www.meydan.tv\/az\/article\/genclerin-suriyaya-gonderilmesinde-en-feal-rayon-terterdir\/","og_locale":"az_AZ","og_type":"article","og_title":"\"G\u0259ncl\u0259rin Suriyaya g\u00f6nd\u0259rilm\u0259sind\u0259 \u0259n f\u0259al rayon T\u0259rt\u0259rdir\" - MEYDAN.TV","og_description":"\u0130lham \u0130smay\u0131l: \"X\u00fcsusi xidm\u0259t orqanlar\u0131 m\u0259hz radikal dindarlarla ba\u011fl\u0131 \u0259m\u0259liyyat \u015f\u0259raitin\u0259 kifay\u0259t q\u0259d\u0259r n\u0259zar\u0259t edirl\u0259r\"","og_url":"https:\/\/www.meydan.tv\/az\/article\/genclerin-suriyaya-gonderilmesinde-en-feal-rayon-terterdir\/","og_site_name":"MEYDAN.TV","article_published_time":"2015-03-13T15:43:10+00:00","og_image":[{"width":450,"height":311,"url":"https:\/\/www.meydan.tv\/wp-content\/uploads\/7732.jpg","type":"image\/jpeg"}],"twitter_card":"summary_large_image","schema":{"@context":"https:\/\/schema.org","@graph":[{"@type":"Article","@id":"https:\/\/www.meydan.tv\/az\/article\/genclerin-suriyaya-gonderilmesinde-en-feal-rayon-terterdir\/#article","isPartOf":{"@id":"https:\/\/www.meydan.tv\/az\/article\/genclerin-suriyaya-gonderilmesinde-en-feal-rayon-terterdir\/"},"author":{"name":"user-manager","@id":"https:\/\/www.meydan.tv\/az\/#\/schema\/person\/10d11eccf6da3662cf5fdab9806ea91a"},"headline":"&#8220;G\u0259ncl\u0259rin Suriyaya g\u00f6nd\u0259rilm\u0259sind\u0259 \u0259n f\u0259al rayon T\u0259rt\u0259rdir&#8221;","datePublished":"2015-03-13T15:43:10+00:00","mainEntityOfPage":{"@id":"https:\/\/www.meydan.tv\/az\/article\/genclerin-suriyaya-gonderilmesinde-en-feal-rayon-terterdir\/"},"wordCount":795,"publisher":{"@id":"https:\/\/www.meydan.tv\/az\/#organization"},"image":{"@id":"https:\/\/www.meydan.tv\/az\/article\/genclerin-suriyaya-gonderilmesinde-en-feal-rayon-terterdir\/#primaryimage"},"thumbnailUrl":"https:\/\/www.meydan.tv\/wp-content\/uploads\/7732.jpg","articleSection":["X\u0259b\u0259rl\u0259r"],"inLanguage":"az"},{"@type":"WebPage","@id":"https:\/\/www.meydan.tv\/az\/article\/genclerin-suriyaya-gonderilmesinde-en-feal-rayon-terterdir\/","url":"https:\/\/www.meydan.tv\/az\/article\/genclerin-suriyaya-gonderilmesinde-en-feal-rayon-terterdir\/","name":"\"G\u0259ncl\u0259rin Suriyaya g\u00f6nd\u0259rilm\u0259sind\u0259 \u0259n f\u0259al rayon T\u0259rt\u0259rdir\" - MEYDAN.TV","isPartOf":{"@id":"https:\/\/www.meydan.tv\/az\/#website"},"primaryImageOfPage":{"@id":"https:\/\/www.meydan.tv\/az\/article\/genclerin-suriyaya-gonderilmesinde-en-feal-rayon-terterdir\/#primaryimage"},"image":{"@id":"https:\/\/www.meydan.tv\/az\/article\/genclerin-suriyaya-gonderilmesinde-en-feal-rayon-terterdir\/#primaryimage"},"thumbnailUrl":"https:\/\/www.meydan.tv\/wp-content\/uploads\/7732.jpg","datePublished":"2015-03-13T15:43:10+00:00","breadcrumb":{"@id":"https:\/\/www.meydan.tv\/az\/article\/genclerin-suriyaya-gonderilmesinde-en-feal-rayon-terterdir\/#breadcrumb"},"inLanguage":"az","potentialAction":[{"@type":"ReadAction","target":["https:\/\/www.meydan.tv\/az\/article\/genclerin-suriyaya-gonderilmesinde-en-feal-rayon-terterdir\/"]}]},{"@type":"ImageObject","inLanguage":"az","@id":"https:\/\/www.meydan.tv\/az\/article\/genclerin-suriyaya-gonderilmesinde-en-feal-rayon-terterdir\/#primaryimage","url":"https:\/\/www.meydan.tv\/wp-content\/uploads\/7732.jpg","contentUrl":"https:\/\/www.meydan.tv\/wp-content\/uploads\/7732.jpg","width":450,"height":311,"caption":"Source:"},{"@type":"BreadcrumbList","@id":"https:\/\/www.meydan.tv\/az\/article\/genclerin-suriyaya-gonderilmesinde-en-feal-rayon-terterdir\/#breadcrumb","itemListElement":[{"@type":"ListItem","position":1,"name":"Ana s\u0259hif\u0259","item":"https:\/\/www.meydan.tv\/az\/"},{"@type":"ListItem","position":2,"name":"X\u0259b\u0259rl\u0259r","item":"https:\/\/www.meydan.tv\/az\/section\/xeberler\/"},{"@type":"ListItem","position":3,"name":"&#8220;G\u0259ncl\u0259rin Suriyaya g\u00f6nd\u0259rilm\u0259sind\u0259 \u0259n f\u0259al rayon T\u0259rt\u0259rdir&#8221;"}]},{"@type":"WebSite","@id":"https:\/\/www.meydan.tv\/az\/#website","url":"https:\/\/www.meydan.tv\/az\/","name":"MEYDAN.TV","description":"Meydan TV Az\u0259rbaycan\u0131n media m\u0259kan\u0131ndak\u0131 alternativ s\u0259sidir","publisher":{"@id":"https:\/\/www.meydan.tv\/az\/#organization"},"potentialAction":[{"@type":"SearchAction","target":{"@type":"EntryPoint","urlTemplate":"https:\/\/www.meydan.tv\/az\/?s={search_term_string}"},"query-input":{"@type":"PropertyValueSpecification","valueRequired":true,"valueName":"search_term_string"}}],"inLanguage":"az"},{"@type":"Organization","@id":"https:\/\/www.meydan.tv\/az\/#organization","name":"Meydan TV","url":"https:\/\/www.meydan.tv\/az\/","logo":{"@type":"ImageObject","inLanguage":"az","@id":"https:\/\/www.meydan.tv\/az\/#\/schema\/logo\/image\/","url":"https:\/\/www.meydan.tv\/wp-content\/uploads\/2021\/07\/meydan-logo.svg","contentUrl":"https:\/\/www.meydan.tv\/wp-content\/uploads\/2021\/07\/meydan-logo.svg","width":195,"height":46,"caption":"Meydan TV"},"image":{"@id":"https:\/\/www.meydan.tv\/az\/#\/schema\/logo\/image\/"}},{"@type":"Person","@id":"https:\/\/www.meydan.tv\/az\/#\/schema\/person\/10d11eccf6da3662cf5fdab9806ea91a","name":"user-manager"}]}},"_links":{"self":[{"href":"https:\/\/www.meydan.tv\/az\/wp-json\/wp\/v2\/posts\/167241","targetHints":{"allow":["GET"]}}],"collection":[{"href":"https:\/\/www.meydan.tv\/az\/wp-json\/wp\/v2\/posts"}],"about":[{"href":"https:\/\/www.meydan.tv\/az\/wp-json\/wp\/v2\/types\/post"}],"author":[{"embeddable":true,"href":"https:\/\/www.meydan.tv\/az\/wp-json\/wp\/v2\/users\/11"}],"replies":[{"embeddable":true,"href":"https:\/\/www.meydan.tv\/az\/wp-json\/wp\/v2\/comments?post=167241"}],"version-history":[{"count":0,"href":"https:\/\/www.meydan.tv\/az\/wp-json\/wp\/v2\/posts\/167241\/revisions"}],"wp:featuredmedia":[{"embeddable":true,"href":"https:\/\/www.meydan.tv\/az\/wp-json\/wp\/v2\/media\/21420"}],"wp:attachment":[{"href":"https:\/\/www.meydan.tv\/az\/wp-json\/wp\/v2\/media?parent=167241"}],"wp:term":[{"taxonomy":"category","embeddable":true,"href":"https:\/\/www.meydan.tv\/az\/wp-json\/wp\/v2\/categories?post=167241"},{"taxonomy":"post_tag","embeddable":true,"href":"https:\/\/www.meydan.tv\/az\/wp-json\/wp\/v2\/tags?post=167241"}],"curies":[{"name":"wp","href":"https:\/\/api.w.org\/{rel}","templated":true}]}}