{"id":167240,"date":"2015-03-13T14:04:46","date_gmt":"2015-03-13T14:04:46","guid":{"rendered":"https:\/\/www.meydan.tv\/article\/avropa-surasi-nazirler-komitesinden-hakimiyyete-qarsi-ilqar-memmedov-qetnamesi\/"},"modified":"2015-03-13T14:04:46","modified_gmt":"2015-03-13T14:04:46","slug":"avropa-surasi-nazirler-komitesinden-hakimiyyete-qarsi-ilqar-memmedov-qetnamesi","status":"publish","type":"post","link":"https:\/\/www.meydan.tv\/az\/article\/avropa-surasi-nazirler-komitesinden-hakimiyyete-qarsi-ilqar-memmedov-qetnamesi\/","title":{"rendered":"Avropa \u015euras\u0131 Nazirl\u0259r Komit\u0259sind\u0259n hakimiyy\u0259t\u0259 qar\u015f\u0131 \u0130lqar M\u0259mm\u0259dov q\u0259tnam\u0259si"},"content":{"rendered":"<figure class=\"wp-block-image size-large\">\n  <img decoding=\"async\" src=\"https:\/\/www.meydan.tv\/az\/21426\/\" alt=\"\" class=\"wp-image-21426\"\/><figcaption><\/figcaption><\/figure>\n<figure class=\"wp-block-image size-large\">\n  <img decoding=\"async\" src=\"https:\/\/www.meydan.tv\/az\/21426\/\" alt=\"\" class=\"wp-image-21426\"\/><figcaption><\/figcaption><\/figure>\n<p>\n  <i><br \/>\n    Hakimiyy\u0259t bundan sonrak\u0131 yubatmaya yol verm\u0259d\u0259n \u0259riz\u0259\u00e7ini azad etm\u0259y\u0259 v\u0259 m\u00fc\u0259yy\u0259n edilmi\u015f pozuntular\u0131n n\u0259tic\u0259l\u0259rinin aradan qald\u0131r\u0131lmas\u0131 \u00fc\u00e7\u00fcn t\u0259dbirl\u0259r q\u0259bul etm\u0259y\u0259 \u00e7a\u011fr\u0131l\u0131r<br \/>\n  <\/i>\n<\/p>\n<p>\n  Avropa \u015euras\u0131 Nazirl\u0259r Komit\u0259si mart\u0131n 12-d\u0259 ke\u00e7irdiyi iclas\u0131nda \u0130lqar M\u0259mm\u0259dovun Az\u0259rbaycana qar\u015f\u0131 i\u015fi \u00fczr\u0259 q\u0259tnam\u0259 (Interim Resolution CM\/ResDH(2015)43) q\u0259bul edib.\n<\/p>\n<p>\n  Q\u0259tnam\u0259d\u0259 haz\u0131rk\u0131 i\u015f \u00fczr\u0259 m\u00fc\u0259yy\u0259n olunmu\u015f pozuntular\u0131n m\u00fcxalif siyas\u0259t\u00e7i olan \u0259riz\u0259\u00e7iy\u0259 qar\u015f\u0131 cinay\u0259t t\u0259qibinin \u0259saslar\u0131n\u0131 sars\u0131td\u0131\u011f\u0131 xat\u0131rlad\u0131l\u0131r, Az\u0259rbaycan\u0131n M\u0259hk\u0259m\u0259 q\u0259rar\u0131n\u0131n icra edilm\u0259si \u00f6hd\u0259liyi da\u015f\u0131mas\u0131na baxmayaraq, \u0259riz\u0259\u00e7inin indiy\u0259 kimi h\u0259bsd\u0259 saxlan\u0131lmas\u0131 fakt\u0131 il\u0259 ba\u011fl\u0131 ciddi narahatl\u0131q ifad\u0259 edilir;\n<\/p>\n<p>\n  Hakimiyy\u0259ti bundan sonrak\u0131 yubatmaya yol verm\u0259d\u0259n \u0259riz\u0259\u00e7ini azad etm\u0259y\u0259 v\u0259 m\u00fc\u0259yy\u0259n edilmi\u015f pozuntular\u0131n n\u0259tic\u0259l\u0259rinin aradan qald\u0131r\u0131lmas\u0131 \u00fc\u00e7\u00fcn t\u0259dbirl\u0259r q\u0259bul etm\u0259y\u0259 \u00e7a\u011f\u0131r\u0131r;\n<\/p>\n<p>\n  Ali M\u0259hk\u0259m\u0259nin \u0259riz\u0259\u00e7inin \u015fikay\u0259tin\u0259 bax\u0131lmas\u0131n\u0131 qeyri-m\u00fc\u0259yy\u0259n vaxta t\u0259xir\u0259 salmas\u0131 fakt\u0131 il\u0259 ba\u011fl\u0131 ciddi narahatl\u0131\u011f\u0131n\u0131 ifad\u0259 edir;\n<\/p>\n<p>\n  L\u0259ngim\u0259d\u0259n h\u00fcquqi \u0259sas olmadan cinay\u0259t i\u015fl\u0259rinin ba\u015flanmas\u0131n\u0131n qar\u015f\u0131s\u0131n\u0131n al\u0131nmas\u0131 v\u0259 prokurorlu\u011fun bu kimi c\u0259hdl\u0259rinin m\u0259hk\u0259m\u0259 qaydas\u0131nda s\u0259m\u0259r\u0259li ara\u015fd\u0131r\u0131lmas\u0131 \u00fc\u00e7\u00fcn g\u00f6r\u00fclm\u00fc\u015f v\u0259 ya planla\u015fd\u0131r\u0131lm\u0131\u015f t\u0259dbirl\u0259r haqq\u0131nda konkret v\u0259 h\u0259rt\u0259r\u0259fli m\u0259lumat\u0131n t\u0259xir\u0259 sal\u0131nmadan t\u0259qdim olunmas\u0131n\u0131 dair Az\u0259rbaycan hakimiyy\u0259tin\u0259 \u00e7a\u011f\u0131r\u0131\u015f\u0131n\u0131 t\u0259krarlay\u0131r.\n<\/p>\n<p>\n  M\u0259lumat\u0131 \u0130lqar M\u0259mm\u0259dovun v\u0259kili Fuad A\u011fayev \u00f6z Facebook s\u0259hif\u0259sind\u0259 payla\u015f\u0131b.<\/p>\n","protected":false},"excerpt":{"rendered":"<p>Hakimiyy\u0259t bundan sonrak\u0131 yubatmaya yol verm\u0259d\u0259n \u0259riz\u0259\u00e7ini azad etm\u0259y\u0259 v\u0259 m\u00fc\u0259yy\u0259n edilmi\u015f pozuntular\u0131n n\u0259tic\u0259l\u0259rinin aradan qald\u0131r\u0131lmas\u0131 \u00fc\u00e7\u00fcn t\u0259dbirl\u0259r q\u0259bul etm\u0259y\u0259 \u00e7a\u011fr\u0131l\u0131r<\/p>\n","protected":false},"author":11,"featured_media":21426,"comment_status":"closed","ping_status":"open","sticky":false,"template":"","format":"standard","meta":{"_acf_changed":false,"_sitemap_exclude":false,"_sitemap_priority":"","_sitemap_frequency":"","footnotes":""},"categories":[56],"tags":[],"class_list":["post-167240","post","type-post","status-publish","format-standard","has-post-thumbnail","hentry","category-xeberler","infinite-scroll-item","generate-columns","tablet-grid-50","mobile-grid-100","grid-parent","grid-33","no-featured-image-padding"],"acf":[],"yoast_head":"<!-- This site is optimized with the Yoast SEO plugin v28.3 - https:\/\/yoast.com\/product\/yoast-seo-wordpress\/ -->\n<title>Avropa \u015euras\u0131 Nazirl\u0259r Komit\u0259sind\u0259n hakimiyy\u0259t\u0259 qar\u015f\u0131 \u0130lqar M\u0259mm\u0259dov q\u0259tnam\u0259si - MEYDAN.TV<\/title>\n<meta name=\"robots\" content=\"index, follow, max-snippet:-1, max-image-preview:large, max-video-preview:-1\" \/>\n<link rel=\"canonical\" href=\"https:\/\/www.meydan.tv\/az\/article\/avropa-surasi-nazirler-komitesinden-hakimiyyete-qarsi-ilqar-memmedov-qetnamesi\/\" \/>\n<meta property=\"og:locale\" content=\"az_AZ\" \/>\n<meta property=\"og:type\" content=\"article\" \/>\n<meta property=\"og:title\" content=\"Avropa \u015euras\u0131 Nazirl\u0259r Komit\u0259sind\u0259n hakimiyy\u0259t\u0259 qar\u015f\u0131 \u0130lqar M\u0259mm\u0259dov q\u0259tnam\u0259si - MEYDAN.TV\" \/>\n<meta property=\"og:description\" content=\"Hakimiyy\u0259t bundan sonrak\u0131 yubatmaya yol verm\u0259d\u0259n \u0259riz\u0259\u00e7ini azad etm\u0259y\u0259 v\u0259 m\u00fc\u0259yy\u0259n edilmi\u015f pozuntular\u0131n n\u0259tic\u0259l\u0259rinin aradan qald\u0131r\u0131lmas\u0131 \u00fc\u00e7\u00fcn t\u0259dbirl\u0259r q\u0259bul etm\u0259y\u0259 \u00e7a\u011fr\u0131l\u0131r\" \/>\n<meta property=\"og:url\" content=\"https:\/\/www.meydan.tv\/az\/article\/avropa-surasi-nazirler-komitesinden-hakimiyyete-qarsi-ilqar-memmedov-qetnamesi\/\" \/>\n<meta property=\"og:site_name\" content=\"MEYDAN.TV\" \/>\n<meta property=\"article:published_time\" content=\"2015-03-13T14:04:46+00:00\" \/>\n<meta property=\"og:image\" content=\"https:\/\/www.meydan.tv\/wp-content\/uploads\/7728.jpg\" \/>\n\t<meta property=\"og:image:width\" content=\"300\" \/>\n\t<meta property=\"og:image:height\" content=\"218\" \/>\n\t<meta property=\"og:image:type\" content=\"image\/jpeg\" \/>\n<meta name=\"twitter:card\" content=\"summary_large_image\" \/>\n<!-- \/ Yoast SEO plugin. -->","yoast_head_json":{"title":"Avropa \u015euras\u0131 Nazirl\u0259r Komit\u0259sind\u0259n hakimiyy\u0259t\u0259 qar\u015f\u0131 \u0130lqar M\u0259mm\u0259dov q\u0259tnam\u0259si - MEYDAN.TV","robots":{"index":"index","follow":"follow","max-snippet":"max-snippet:-1","max-image-preview":"max-image-preview:large","max-video-preview":"max-video-preview:-1"},"canonical":"https:\/\/www.meydan.tv\/az\/article\/avropa-surasi-nazirler-komitesinden-hakimiyyete-qarsi-ilqar-memmedov-qetnamesi\/","og_locale":"az_AZ","og_type":"article","og_title":"Avropa \u015euras\u0131 Nazirl\u0259r Komit\u0259sind\u0259n hakimiyy\u0259t\u0259 qar\u015f\u0131 \u0130lqar M\u0259mm\u0259dov q\u0259tnam\u0259si - MEYDAN.TV","og_description":"Hakimiyy\u0259t bundan sonrak\u0131 yubatmaya yol verm\u0259d\u0259n \u0259riz\u0259\u00e7ini azad etm\u0259y\u0259 v\u0259 m\u00fc\u0259yy\u0259n edilmi\u015f pozuntular\u0131n n\u0259tic\u0259l\u0259rinin aradan qald\u0131r\u0131lmas\u0131 \u00fc\u00e7\u00fcn t\u0259dbirl\u0259r q\u0259bul etm\u0259y\u0259 \u00e7a\u011fr\u0131l\u0131r","og_url":"https:\/\/www.meydan.tv\/az\/article\/avropa-surasi-nazirler-komitesinden-hakimiyyete-qarsi-ilqar-memmedov-qetnamesi\/","og_site_name":"MEYDAN.TV","article_published_time":"2015-03-13T14:04:46+00:00","og_image":[{"width":300,"height":218,"url":"https:\/\/www.meydan.tv\/wp-content\/uploads\/7728.jpg","type":"image\/jpeg"}],"twitter_card":"summary_large_image","schema":{"@context":"https:\/\/schema.org","@graph":[{"@type":"Article","@id":"https:\/\/www.meydan.tv\/az\/article\/avropa-surasi-nazirler-komitesinden-hakimiyyete-qarsi-ilqar-memmedov-qetnamesi\/#article","isPartOf":{"@id":"https:\/\/www.meydan.tv\/az\/article\/avropa-surasi-nazirler-komitesinden-hakimiyyete-qarsi-ilqar-memmedov-qetnamesi\/"},"author":{"name":"user-manager","@id":"https:\/\/www.meydan.tv\/az\/#\/schema\/person\/10d11eccf6da3662cf5fdab9806ea91a"},"headline":"Avropa \u015euras\u0131 Nazirl\u0259r Komit\u0259sind\u0259n hakimiyy\u0259t\u0259 qar\u015f\u0131 \u0130lqar M\u0259mm\u0259dov q\u0259tnam\u0259si","datePublished":"2015-03-13T14:04:46+00:00","mainEntityOfPage":{"@id":"https:\/\/www.meydan.tv\/az\/article\/avropa-surasi-nazirler-komitesinden-hakimiyyete-qarsi-ilqar-memmedov-qetnamesi\/"},"wordCount":333,"publisher":{"@id":"https:\/\/www.meydan.tv\/az\/#organization"},"image":{"@id":"https:\/\/www.meydan.tv\/az\/article\/avropa-surasi-nazirler-komitesinden-hakimiyyete-qarsi-ilqar-memmedov-qetnamesi\/#primaryimage"},"thumbnailUrl":"https:\/\/www.meydan.tv\/wp-content\/uploads\/7728.jpg","articleSection":["X\u0259b\u0259rl\u0259r"],"inLanguage":"az"},{"@type":"WebPage","@id":"https:\/\/www.meydan.tv\/az\/article\/avropa-surasi-nazirler-komitesinden-hakimiyyete-qarsi-ilqar-memmedov-qetnamesi\/","url":"https:\/\/www.meydan.tv\/az\/article\/avropa-surasi-nazirler-komitesinden-hakimiyyete-qarsi-ilqar-memmedov-qetnamesi\/","name":"Avropa \u015euras\u0131 Nazirl\u0259r Komit\u0259sind\u0259n hakimiyy\u0259t\u0259 qar\u015f\u0131 \u0130lqar M\u0259mm\u0259dov q\u0259tnam\u0259si - MEYDAN.TV","isPartOf":{"@id":"https:\/\/www.meydan.tv\/az\/#website"},"primaryImageOfPage":{"@id":"https:\/\/www.meydan.tv\/az\/article\/avropa-surasi-nazirler-komitesinden-hakimiyyete-qarsi-ilqar-memmedov-qetnamesi\/#primaryimage"},"image":{"@id":"https:\/\/www.meydan.tv\/az\/article\/avropa-surasi-nazirler-komitesinden-hakimiyyete-qarsi-ilqar-memmedov-qetnamesi\/#primaryimage"},"thumbnailUrl":"https:\/\/www.meydan.tv\/wp-content\/uploads\/7728.jpg","datePublished":"2015-03-13T14:04:46+00:00","breadcrumb":{"@id":"https:\/\/www.meydan.tv\/az\/article\/avropa-surasi-nazirler-komitesinden-hakimiyyete-qarsi-ilqar-memmedov-qetnamesi\/#breadcrumb"},"inLanguage":"az","potentialAction":[{"@type":"ReadAction","target":["https:\/\/www.meydan.tv\/az\/article\/avropa-surasi-nazirler-komitesinden-hakimiyyete-qarsi-ilqar-memmedov-qetnamesi\/"]}]},{"@type":"ImageObject","inLanguage":"az","@id":"https:\/\/www.meydan.tv\/az\/article\/avropa-surasi-nazirler-komitesinden-hakimiyyete-qarsi-ilqar-memmedov-qetnamesi\/#primaryimage","url":"https:\/\/www.meydan.tv\/wp-content\/uploads\/7728.jpg","contentUrl":"https:\/\/www.meydan.tv\/wp-content\/uploads\/7728.jpg","width":300,"height":218,"caption":"Source:"},{"@type":"BreadcrumbList","@id":"https:\/\/www.meydan.tv\/az\/article\/avropa-surasi-nazirler-komitesinden-hakimiyyete-qarsi-ilqar-memmedov-qetnamesi\/#breadcrumb","itemListElement":[{"@type":"ListItem","position":1,"name":"Ana s\u0259hif\u0259","item":"https:\/\/www.meydan.tv\/az\/"},{"@type":"ListItem","position":2,"name":"X\u0259b\u0259rl\u0259r","item":"https:\/\/www.meydan.tv\/az\/section\/xeberler\/"},{"@type":"ListItem","position":3,"name":"Avropa \u015euras\u0131 Nazirl\u0259r Komit\u0259sind\u0259n hakimiyy\u0259t\u0259 qar\u015f\u0131 \u0130lqar M\u0259mm\u0259dov q\u0259tnam\u0259si"}]},{"@type":"WebSite","@id":"https:\/\/www.meydan.tv\/az\/#website","url":"https:\/\/www.meydan.tv\/az\/","name":"MEYDAN.TV","description":"Meydan TV Az\u0259rbaycan\u0131n media m\u0259kan\u0131ndak\u0131 alternativ s\u0259sidir","publisher":{"@id":"https:\/\/www.meydan.tv\/az\/#organization"},"potentialAction":[{"@type":"SearchAction","target":{"@type":"EntryPoint","urlTemplate":"https:\/\/www.meydan.tv\/az\/?s={search_term_string}"},"query-input":{"@type":"PropertyValueSpecification","valueRequired":true,"valueName":"search_term_string"}}],"inLanguage":"az"},{"@type":"Organization","@id":"https:\/\/www.meydan.tv\/az\/#organization","name":"Meydan TV","url":"https:\/\/www.meydan.tv\/az\/","logo":{"@type":"ImageObject","inLanguage":"az","@id":"https:\/\/www.meydan.tv\/az\/#\/schema\/logo\/image\/","url":"https:\/\/www.meydan.tv\/wp-content\/uploads\/2021\/07\/meydan-logo.svg","contentUrl":"https:\/\/www.meydan.tv\/wp-content\/uploads\/2021\/07\/meydan-logo.svg","width":195,"height":46,"caption":"Meydan TV"},"image":{"@id":"https:\/\/www.meydan.tv\/az\/#\/schema\/logo\/image\/"}},{"@type":"Person","@id":"https:\/\/www.meydan.tv\/az\/#\/schema\/person\/10d11eccf6da3662cf5fdab9806ea91a","name":"user-manager"}]}},"_links":{"self":[{"href":"https:\/\/www.meydan.tv\/az\/wp-json\/wp\/v2\/posts\/167240","targetHints":{"allow":["GET"]}}],"collection":[{"href":"https:\/\/www.meydan.tv\/az\/wp-json\/wp\/v2\/posts"}],"about":[{"href":"https:\/\/www.meydan.tv\/az\/wp-json\/wp\/v2\/types\/post"}],"author":[{"embeddable":true,"href":"https:\/\/www.meydan.tv\/az\/wp-json\/wp\/v2\/users\/11"}],"replies":[{"embeddable":true,"href":"https:\/\/www.meydan.tv\/az\/wp-json\/wp\/v2\/comments?post=167240"}],"version-history":[{"count":0,"href":"https:\/\/www.meydan.tv\/az\/wp-json\/wp\/v2\/posts\/167240\/revisions"}],"wp:featuredmedia":[{"embeddable":true,"href":"https:\/\/www.meydan.tv\/az\/wp-json\/wp\/v2\/media\/21426"}],"wp:attachment":[{"href":"https:\/\/www.meydan.tv\/az\/wp-json\/wp\/v2\/media?parent=167240"}],"wp:term":[{"taxonomy":"category","embeddable":true,"href":"https:\/\/www.meydan.tv\/az\/wp-json\/wp\/v2\/categories?post=167240"},{"taxonomy":"post_tag","embeddable":true,"href":"https:\/\/www.meydan.tv\/az\/wp-json\/wp\/v2\/tags?post=167240"}],"curies":[{"name":"wp","href":"https:\/\/api.w.org\/{rel}","templated":true}]}}