{"id":167239,"date":"2015-03-13T13:14:17","date_gmt":"2015-03-13T13:14:17","guid":{"rendered":"https:\/\/www.meydan.tv\/article\/azerbaycandan-qerbe-ermenistana-tepki-cagrisi\/"},"modified":"2015-03-13T13:14:17","modified_gmt":"2015-03-13T13:14:17","slug":"azerbaycandan-qerbe-ermenistana-tepki-cagrisi","status":"publish","type":"post","link":"https:\/\/www.meydan.tv\/az\/article\/azerbaycandan-qerbe-ermenistana-tepki-cagrisi\/","title":{"rendered":"Az\u0259rbaycandan Q\u0259rb\u0259 Erm\u0259nistana t\u0259pki \u00e7a\u011fr\u0131\u015f\u0131"},"content":{"rendered":"<figure class=\"wp-block-image size-large\">\n  <img decoding=\"async\" src=\"https:\/\/www.meydan.tv\/az\/21414\/\" alt=\"\" class=\"wp-image-21414\"\/><figcaption><\/figcaption><\/figure>\n<figure class=\"wp-block-image size-large\">\n  <img decoding=\"async\" src=\"https:\/\/www.meydan.tv\/az\/21414\/\" alt=\"\" class=\"wp-image-21414\"\/><figcaption><\/figcaption><\/figure>\n<div>\n<div>\n<p>\n        <i><br \/>\n          Rasim A\u011fayev: &#8220;Az\u0259rbaycan Erm\u0259nistanla b\u00fct\u00fcn sah\u0259l\u0259rd\u0259\u00a0\u0259laq\u0259l\u0259ri m\u00fczakir\u0259\u00a0ed\u0259\u00a0bil\u0259r&#8221;<br \/>\n        <\/i>\n      <\/p>\n<p>\n        <i><br \/>\n          Elxan \u015eahino\u011flu: &#8220;Ukrayna v\u0259\u00a0Rusiya aras\u0131nda imzalanan Minski sazi\u015fi Az\u0259rbaycan\u0131n i\u015fin\u0259\u00a0yaray\u0131r&#8221;<br \/>\n        <\/i>\n      <\/p>\n<p>\n        Mart\u0131n 11-d\u0259\u00a0AT\u018fT-in Daimi\u00a0\u015euras\u0131n\u0131n iclas\u0131nda\u00a0\u00e7\u0131x\u0131\u015f\u00a0ed\u0259n Erm\u0259nistan xarici i\u015fl\u0259r naziri Edvard Nalbandyan Erm\u0259nistan-Az\u0259rbaycan m\u00fcnaqi\u015f\u0259sinin\u00a0\u0259sl mahiyy\u0259tini t\u0259hrif etm\u0259y\u0259\u00a0\u00e7al\u0131\u015f\u0131b. Bu bar\u0259d\u0259\u00a0Xarici\u00a0\u0130\u015fl\u0259r Nazirliyinin m\u0259tbuat xidm\u0259tinin r\u0259hb\u0259ri Hikm\u0259t Hac\u0131yev jurnalistl\u0259r\u0259\u00a0m\u0259lumat verib.<br \/>\n        <br \/>\n        H.Hac\u0131yev qeyd edib ki, Az\u0259rbaycan\u0131n AT\u018fT yan\u0131nda Daimi N\u00fcmay\u0259nd\u0259liyi t\u0259r\u0259find\u0259n s\u00f6z\u00fcged\u0259n iclasda\u00a0\u00e7\u0131x\u0131\u015f\u00a0edil\u0259r\u0259k bildirilib ki, AT\u018fT-in Daimi\u015euras\u0131n\u0131n bu x\u00fcsusi toplant\u0131s\u0131\u00a0Erm\u0259nistan t\u0259r\u0259fin\u0259\u00a0zor t\u0259tbiq etm\u0259kl\u0259\u00a0d\u00f6vl\u0259tl\u0259rin beyn\u0259lxalq s\u0259viyy\u0259d\u0259\u00a0tan\u0131nm\u0131\u015f\u00a0s\u0259rh\u0259dl\u0259rinin pozulmas\u0131\u00a0hallar\u0131\u00a0il\u0259\u00a0ba\u011fl\u0131AT\u018fT-in\u00a0\u00fczv d\u00f6vl\u0259tl\u0259rinin artan narahatl\u0131qlar\u0131n\u0131\u00a0anlamaq\u00a0\u00fc\u00e7\u00fcn nadir imkan yarada bil\u0259r.\u00a0Az\u0259rbaycan Erm\u0259nistan-Az\u0259rbaycan m\u00fcnaqi\u015f\u0259sinin h\u0259lli prosesin\u0259\u00a0sadiqdir v\u0259\u00a0bu sah\u0259d\u0259\u00a0AT\u018fT-in Minsk Qrupunun s\u0259yl\u0259rini d\u0259st\u0259kl\u0259yir. Amma Vyanada AT\u018fT-in Minsk Qrupunun tam formatda m\u00fcnt\u0259z\u0259m g\u00f6r\u00fc\u015fl\u0259rinin b\u0259rpas\u0131\u00a0dialoq\u00a0\u00fc\u00e7\u00fcn ehtiyac duyulan platforma rolunu oynaya bil\u0259r.\n      <\/p>\n<p>\n        Daimi N\u00fcmay\u0259nd\u0259lik t\u0259r\u0259find\u0259n qeyd edilib ki, Erm\u0259nistan beyn\u0259lxalq ictimaiyy\u0259t v\u0259\u00a0AT\u018fT-in Minsk qrupunun h\u0259ms\u0259dr d\u00f6vl\u0259tl\u0259rinin prezidentl\u0259rinin\u00a0\u00e7a\u011f\u0131r\u0131\u015flar\u0131na cavab olaraq, d\u0259rhal h\u0259rt\u0259r\u0259fli v\u0259\u00a0strukturla\u015fd\u0131r\u0131lm\u0131\u015f\u00a0dan\u0131\u015f\u0131qlara ba\u015flamal\u0131d\u0131r. Eyni zamanda, Erm\u0259nistan\u00a0prezidentl\u0259rin Paris g\u00f6r\u00fc\u015f\u00fcnd\u0259\u00a0raz\u0131la\u015fd\u0131r\u0131ld\u0131\u011f\u0131\u00a0kimi Beyn\u0259lxalq Q\u0131z\u0131l Xa\u00e7\u00a0Komit\u0259sinin himay\u0259si alt\u0131nda itkin d\u00fc\u015fm\u00fc\u015f\u00a0\u015f\u0259xsl\u0259r bar\u0259sind\u0259\u00a0m\u0259lumat m\u00fcbadil\u0259sini t\u0259min etm\u0259lidir:\n      <\/p>\n<p>\n        &#8220;Erm\u0259nistan t\u0259r\u0259find\u0259n qanunsuz\u00a0\u015f\u0259kild\u0259\u00a0girov g\u00f6t\u00fcr\u00fclm\u00fc\u015f\u00a0soyda\u015flar\u0131m\u0131z Dilq\u0259m\u00a0\u018fsg\u0259rov v\u0259\u00a0\u015eahbaz Quliyev d\u0259rhal azad edilm\u0259lidir. Erm\u0259nistan\u0131n m\u00fcnaqi\u015f\u0259\u00a0zonas\u0131ndak\u0131\u00a0f\u0259aliyy\u0259ti dan\u0131\u015f\u0131qlarda ir\u0259lil\u0259yi\u015f\u0259\u00a0nail olunmas\u0131na mane olur. Paris g\u00f6r\u00fc\u015f\u00fcnd\u0259n bir ne\u00e7\u0259\u00a0g\u00fcn sonra Az\u0259rbaycan\u0131n i\u015f\u011fal edilmi\u015f\u0259razil\u0259rind\u0259\u00a0Erm\u0259nistan t\u0259r\u0259find\u0259n geni\u015fmiqyasl\u0131\u00a0h\u0259rbi t\u0259liml\u0259rin ke\u00e7irilm\u0259si Az\u0259rbaycan v\u0259\u00a0Erm\u0259nistan prezidentl\u0259ri aras\u0131nda ba\u015f\u00a0tutmu\u015f\u00a0son\u00a0\u00fc\u00e7g\u00f6r\u00fc\u015fd\u0259\u00a0m\u00fc\u015fahid\u0259\u00a0edil\u0259n h\u0259r hans\u0131\u00a0m\u00fcsb\u0259t dinamikan\u0131\u00a0t\u0259hdid etdi.\u00a0\u0130\u015f\u011fal edilmi\u015f\u00a0\u0259razil\u0259rd\u0259\u00a0erm\u0259nil\u0259rin qanunsuz m\u0259skunla\u015fd\u0131r\u0131lmas\u0131n\u0131n davam etdirilm\u0259sin\u0259\u00a0paralel olaraq, bu\u00a0\u0259razil\u0259rd\u0259\u00a0qanunsuz olaraq t\u0259bii s\u0259rv\u0259tl\u0259rin istismar\u0131, d\u00f6vl\u0259t v\u0259\u00a0\u00f6z\u0259l m\u00fclkiyy\u0259tin qanunsuz m\u0259nims\u0259nilm\u0259si hallar\u0131\u00a0g\u00f6st\u0259rir ki, Erm\u0259nistan\u0131n\u00a0\u0259sl m\u0259qs\u0259di status kvo-nu m\u00f6hk\u0259ml\u0259ndirm\u0259k v\u0259\u00a0Az\u0259rbaycan\u00a0\u0259razil\u0259rinin i\u015f\u011fal\u0131n\u0131\u00a0davam etdirm\u0259kdir. Yerli Az\u0259rbaycan\u00a0\u0259halisinin i\u015ftirak\u0131\u00a0olmadan qondarma\u00a0\u201cparlament se\u00e7kil\u0259ri\u201d\u00a0ke\u00e7irilm\u0259sin\u0259\u00a0dair plan da Erm\u0259nistan\u0131n m\u00fcnaqi\u015f\u0259nin h\u0259llin\u0259\u00a0m\u00fcnasib\u0259td\u0259\u00a0\u201cfait accompli\u201dyana\u015fma c\u0259hdinin daha bir bariz n\u00fcmun\u0259sidir&#8221;,-Hac\u0131yev bel\u0259\u00a0deyib.\n      <\/p>\n<p>\n        X\u0130N r\u0259smisi\u00a0Erm\u0259nistan\u0131n m\u00f6vcud status kvo-ya arxay\u0131n olmas\u0131n\u0131\u00a0tarixi s\u0259hv\u00a0adland\u0131r\u0131b. &#8220;Erm\u0259nistan\u0131n onillikl\u0259r boyu davam ed\u0259n siyas\u0259ti Erm\u0259nistan\u0131\u00a0regional inki\u015fafdan m\u0259hrum edir. Az\u0259rbaycan v\u0259\u00a0Erm\u0259nistan aras\u0131nda artan iqtisadi, siyasi v\u0259\u00a0sosial f\u0259rql\u0259r\u0259\u00a0baxmayaraq, biz qon\u015fulu\u011fumuzda ki\u00e7ik, t\u0259crid olunmu\u015f\u00a0v\u0259\u00a0dem\u0259k olar ki, b\u00fct\u00fcn qon\u015fular\u0131na qar\u015f\u0131\u00a0\u0259razi iddias\u0131\u00a0olan t\u0259cav\u00fczkar d\u00f6vl\u0259tin m\u00f6vcudlu\u011funda maraql\u0131\u00a0deyilik.\u00a0AT\u018fT-in b\u00fct\u00fcn\u00a0\u00fczv d\u00f6vl\u0259tl\u0259ri Erm\u0259nistan\u0131\u00a0Az\u0259rbaycan\u0131n i\u015f\u011fal edilmi\u015f\u00a0\u0259razil\u0259rind\u0259n\u00a0\u00f6z qo\u015funlar\u0131n\u0131\u00a0\u00e7\u0131xarma\u011fa v\u0259\u00a0b\u00f6y\u00fck s\u00fclh sazi\u015fi\u00a0\u00fcz\u0259rind\u0259\u00a0i\u015f\u0259\u00a0ba\u015flama\u011fa vadar etm\u0259lidirl\u0259r&#8221;.\n      <\/p>\n<p>\n        B\u0259s\u00a0\u00fczv d\u00f6vl\u0259tl\u0259r r\u0259smi\u00a0\u0130r\u0259vana t\u0259zyiq ed\u0259c\u0259kmi? Meydan TV bu\u00a0\u00a0sualla\u00a0politoloqlar Rasim A\u011fayev\u0259\u00a0v\u0259\u00a0\u201cAtlas\u201d Ara\u015fd\u0131rmalar M\u0259rk\u0259zinin r\u0259hb\u0259ri Elxan\u00a0\u015eahino\u011fluna m\u00fcraci\u0259t edib.\n      <\/p>\n<\/p><\/div>\n<\/p><\/div>\n<\/p>\n<figure class=\"wp-block-image size-large\">\n  <img decoding=\"async\" src=\"https:\/\/www.meydan.tv\/az\/21417\/\" alt=\"\" class=\"wp-image-21417\"\/><figcaption><\/figcaption><\/figure>\n<div>\n<div>\n<p>\n        Politoloq Rasim A\u011fayev hesab edir ki, Az\u0259rbaycan t\u0259r\u0259fi bu m\u0259s\u0259l\u0259d\u0259\u00a0gecikib, g\u0259r\u0259k, Bak\u0131 \u00e7ox\u00a0\u0259vv\u0259l iri d\u00f6vl\u0259tl\u0259ri, beyn\u0259lxalq t\u0259\u015fkilatlar\u0131\u00a0v\u0259\u00a0h\u0259ms\u0259dr\u00a0\u00f6lk\u0259l\u0259ri Erm\u0259nistana t\u0259zyiq\u0259\u00a0t\u0259\u015fviq etm\u0259li idi: &#8220;Problem ondad\u0131r ki, X\u0259z\u0259r h\u00f6vz\u0259sind\u0259\u00a0enerji m\u0259s\u0259l\u0259si m\u00fczakir\u0259\u00a0olunark\u0259n Az\u0259rbaycan indiki m\u00f6vqeyini oraya qoymal\u0131yd\u0131. Y\u0259ni Bak\u0131\u00a0b\u00fct\u00fcn enerji d\u0259hlizl\u0259rin\u0259\u00a0haz\u0131r oldu\u011funu birdirm\u0259li, amma konfliktin d\u0259\u00a0\u0259ng\u0259l olaca\u011f\u0131n\u0131\u00a0dem\u0259liydi. A\u00e7\u0131q\u00a0\u015f\u0259kild\u0259\u00a0deyilm\u0259liydi ki, Erm\u0259nistan terror\u00e7u\u00a0\u00f6lk\u0259dir v\u0259\u00a0h\u0259mi\u015f\u0259\u00a0bununla m\u0259\u015f\u011ful olub. M\u00fcnaqi\u015f\u0259\u00a0beyn\u0259lxalq prinsipl\u0259r\u00a0\u0259sas\u0131nda h\u0259ll olunmay\u0131nca, enerji m\u0259nb\u0259l\u0259rin\u0259\u00a0t\u0259hl\u00fck\u0259l\u0259r d\u0259\u00a0qal\u0131r. Ona g\u00f6r\u0259\u00a0Erm\u0259nistana i\u015f\u011fal olunmu\u015f\u00a0\u0259razil\u0259ri bo\u015faltmaq\u00a0\u00fc\u00e7\u00fcn t\u0259zyiql\u0259r edilm\u0259lidir. Bundan sonra Az\u0259rbaycan Erm\u0259nistanla b\u00fct\u00fcn sah\u0259l\u0259rd\u0259\u00a0\u0259laq\u0259l\u0259ri m\u00fczakir\u0259\u00a0ed\u0259\u00a0bil\u0259r.\u00a0\u018fks t\u0259qdird\u0259, anormal durum yaran\u0131r. \u201c\u018fg\u0259r b\u00f6y\u00fck\u00a0\u00f6lk\u0259l\u0259r Ukrayna m\u0259s\u0259l\u0259sind\u0259\u00a0hay-k\u00fcy sal\u0131b, amma Qaraba\u011f\u00a0problemin\u0259\u00a0susub, Erm\u0259nistana d\u0259st\u0259k g\u00f6st\u0259rirl\u0259rs\u0259, hans\u0131\u00a0\u0259dal\u0259td\u0259n dan\u0131\u015fmaq olar?\u201d,-dey\u0259 A\u011fayev sual edir.\n      <\/p>\n<p>\n        Rasim A\u011fayev bildirdi ki, Az\u0259rbaycan b\u00f6y\u00fck g\u00fccl\u0259r qar\u015f\u0131s\u0131nda \u201c\u0259g\u0259r Erm\u0259nistanla bacara bilm\u0259y\u0259c\u0259ksinizs\u0259, biz i\u015fimizi bil\u0259k\u201d\u00a0&#8211;\u00a0t\u0259l\u0259bini qoymal\u0131d\u0131r: &#8220;Konkret t\u0259klif verm\u0259k laz\u0131md\u0131r ki, Rusiyaya qar\u015f\u0131\u00a0qoydu\u011funuz sanksiyalar\u0131\u00a0Erm\u0259nistana da qoyun. Bunun\u00a0\u00fc\u00e7\u00fcn Az\u0259rbaycan informasiya v\u0259\u00a0diplomatik d\u0259st\u0259k almal\u0131d\u0131r. Birinci n\u00f6vb\u0259d\u0259\u00a0h\u00f6kum\u0259t daxild\u0259\u00a0v\u0259\u00a0xaricd\u0259\u00a0konfranslar v\u0259\u00a0m\u00fcxt\u0259lif s\u0259pkili g\u00f6r\u00fc\u015fl\u0259r t\u0259\u015fkil etm\u0259lidir&#8221;.\n      <\/p>\n<p>\n        \u201cAtlas\u201d Ara\u015fd\u0131rmalar M\u0259rk\u0259zinin r\u0259hb\u0259ri Elxan\u00a0\u015eahino\u011flu B\u00f6y\u00fck S\u00fclh Sazi\u015finin\u00a0\u00f6z\u00fcn\u00fcn\u00a0d\u0259\u00a0m\u0259rh\u0259l\u0259li h\u0259ll plan\u0131n\u0131\u00a0ehtiva etdiyini v\u0259\u00a0Az\u0259rbaycan\u0131n maraqlar\u0131na m\u00fc\u0259yy\u0259n q\u0259d\u0259r cavab verdiyini dedi. Sazi\u015f\u0259 g\u00f6r\u0259 ilkin m\u0259rh\u0259l\u0259d\u0259\u00a0Da\u011fl\u0131q Qaraba\u011f\u00a0\u0259traf\u0131\u00a0rayonlar azad olunmal\u0131d\u0131r: \u201cAmma Erm\u0259nistan bu t\u0259klifl\u0259rl\u0259\u00a0raz\u0131la\u015fm\u0131r v\u0259\u00a0inanm\u0131ram ki, q\u0259bul etsinl\u0259r. Birinci s\u0259b\u0259b b\u00f6y\u00fck d\u00f6vl\u0259tl\u0259rin Erm\u0259nistana t\u0259zyiq etm\u0259m\u0259sidir. Bax\u0131n, Ukrayna v\u0259\u00a0Rusiya aras\u0131nda imzalanan Minski sazi\u015fi Az\u0259rbaycan\u0131n i\u015fin\u0259\u00a0yaray\u0131r. S\u0259n\u0259dd\u0259\u00a0Ukrayna\u00a0\u00f6z s\u0259rh\u0259dl\u0259rin\u0259\u00a0n\u0259zar\u0259t etm\u0259li, Donbasa b\u00f6y\u00fck muxtariyyat verilm\u0259li v\u0259\u00a0separat\u00e7\u0131lar da\u00a0\u00f6lk\u0259nin\u00a0\u0259razi b\u00fct\u00f6vl\u00fcy\u00fcn\u00fc\u00a0tan\u0131mal\u0131d\u0131r. B\u00fct\u00fcn bunlar\u0131n Erm\u0259nistan-Az\u0259rbaycan m\u00fcnaqi\u015f\u0259sin\u0259\u00a0t\u0259tbiq olunmas\u0131\u00a0bizim xeyrimiz\u0259dir. Ona g\u00f6r\u0259\u00a0Az\u0259rbaycan X\u0130N r\u0259smil\u0259ri Az\u0259rbaycana da eyni m\u00f6vqenin\u00a0g\u00f6st\u0259rilm\u0259sini ist\u0259yirl\u0259r. Amma f\u0259rqli yana\u015fmalar var, b\u00f6y\u00fck d\u00f6vl\u0259tl\u0259r Da\u011fl\u0131q Qaraba\u011f\u00a0problemin\u0259\u00a0eyni m\u00f6vqe s\u0259rgil\u0259m\u0259diyind\u0259n Erm\u0259nistan B\u00f6y\u00fck S\u00fclh Sazi\u015fin\u0259\u00a0maraq g\u00f6st\u0259rmir\u201d.\n      <\/p>\n<\/p><\/div>\n<\/p><\/div>\n<\/p>\n<figure class=\"wp-block-image size-large\">\n  <img decoding=\"async\" src=\"https:\/\/www.meydan.tv\/az\/21423\/\" alt=\"\" class=\"wp-image-21423\"\/><figcaption><\/figcaption><\/figure>\n<div>\n<div>\n<p>\n        B\u00fct\u00fcn hallarda Elxan\u00a0\u015eahino\u011flu Q\u0259rb\u00a0\u00f6lk\u0259l\u0259rinin yana\u015fmas\u0131nda m\u00fc\u0259yy\u0259n d\u0259yi\u015fikliyi d\u0259\u00a0sezdiyini dedi: \u201cUkrayna hadis\u0259l\u0259rind\u0259n sonra AB\u015e\u00a0ba\u015fda olmaqla Avropa\u00a0\u00f6lk\u0259l\u0259ri\u00a0\u0259razi b\u00fct\u00f6vl\u00fcy\u00fc\u00a0m\u0259s\u0259l\u0259sini\u00a0\u00f6n plana\u00a0\u00e7\u0131xartma\u011fa ba\u015flad\u0131lar. Bu m\u0259nada Almaniya kansleri xan\u0131m Merkelin Az\u0259rbaycan\u0131n\u00a0\u0259razi b\u00fct\u00f6vl\u00fcy\u00fcn\u00fc\u00a0tan\u0131mas\u0131\u00a0v\u0259\u00a0i\u015f\u011fal\u00e7\u0131n\u0131n ad\u0131n\u0131\u00a0konkret\u00a0\u00e7\u0259kib, ona Rusiyan\u0131n d\u0259st\u0259k verdiyini s\u00f6yl\u0259m\u0259si diqq\u0259td\u0259n yay\u0131nmad\u0131. Yaxud son zamanlar Amerika diplomatlar\u0131\u00a0da Qaraba\u011f\u00a0\u0259traf\u0131\u00a0rayonlar\u0131n\u0131n bo\u015fald\u0131lmas\u0131 v\u0259\u00a0iki girovun azad olunmas\u0131n\u0131\u00a0deyirl\u0259r.\u00a0\u00a0M\u00fcsb\u0259t atmosferin yaranmas\u0131\u00a0yax\u015f\u0131d\u0131r, amma yen\u0259\u00a0d\u0259\u00a0azd\u0131r. Biz s\u00f6zd\u0259n i\u015f\u0259\u00a0ke\u00e7ilm\u0259sini g\u00f6zl\u0259yirik. Amerikan\u0131n bu y\u00f6nd\u0259\u00a0imkanlar\u0131\u00a0var,\u00a0\u00e7\u00fcnki Va\u015finqton\u00a0\u0130r\u0259vana v\u0259\u00a0Qaraba\u011f\u00a0separat\u00e7\u0131lar\u0131na ian\u0259l\u0259r ay\u0131r\u0131r. Hesab edir\u0259m ki, AB\u015e\u00a0v\u0259Avropa d\u00f6vl\u0259tl\u0259ri m\u00fc\u0259yy\u0259n a\u00e7\u0131qlamalardan sonra t\u0259zyiql\u0259r d\u0259\u00a0etm\u0259lidir. Bax\u0131n, Ukrayna separat\u00e7\u0131lar\u0131na qar\u015f\u0131\u00a0s\u0259rt viza t\u0259tbiq olunur, bank hesablar\u0131\u00a0dondurulur, h\u0259l\u0259\u00a0bunlar\u00a0\u00a0erm\u0259ni separat\u00e7\u0131lar\u0131na qar\u015f\u0131\u00a0olmad\u0131\u011f\u0131ndan qar\u015f\u0131\u00a0t\u0259r\u0259f he\u00e7\u00a0bir add\u0131m atm\u0131r\u201d.\n      <\/p>\n<\/p><\/div>\n<\/p><\/div><\/p>\n","protected":false},"excerpt":{"rendered":"<p>Rasim A\u011fayev: &#8220;Az\u0259rbaycan Erm\u0259nistanla b\u00fct\u00fcn sah\u0259l\u0259rd\u0259 \u0259laq\u0259l\u0259ri m\u00fczakir\u0259 ed\u0259 bil\u0259r&#8221;<\/p>\n<p>Elxan \u015eahino\u011flu: &#8220;Ukrayna v\u0259 Rusiya aras\u0131nda imzalanan Minski sazi\u015fi Az\u0259rbaycan\u0131n i\u015fin\u0259 yaray\u0131r&#8221;<\/p>\n","protected":false},"author":11,"featured_media":21414,"comment_status":"closed","ping_status":"open","sticky":false,"template":"","format":"standard","meta":{"_acf_changed":false,"_sitemap_exclude":false,"_sitemap_priority":"","_sitemap_frequency":"","footnotes":""},"categories":[56],"tags":[],"class_list":["post-167239","post","type-post","status-publish","format-standard","has-post-thumbnail","hentry","category-xeberler","infinite-scroll-item","generate-columns","tablet-grid-50","mobile-grid-100","grid-parent","grid-33","no-featured-image-padding"],"acf":[],"yoast_head":"<!-- This site is optimized with the Yoast SEO plugin v28.3 - https:\/\/yoast.com\/product\/yoast-seo-wordpress\/ -->\n<title>Az\u0259rbaycandan Q\u0259rb\u0259 Erm\u0259nistana t\u0259pki \u00e7a\u011fr\u0131\u015f\u0131 - MEYDAN.TV<\/title>\n<meta name=\"robots\" content=\"index, follow, max-snippet:-1, max-image-preview:large, max-video-preview:-1\" \/>\n<link rel=\"canonical\" href=\"https:\/\/www.meydan.tv\/az\/article\/azerbaycandan-qerbe-ermenistana-tepki-cagrisi\/\" \/>\n<meta property=\"og:locale\" content=\"az_AZ\" \/>\n<meta property=\"og:type\" content=\"article\" \/>\n<meta property=\"og:title\" content=\"Az\u0259rbaycandan Q\u0259rb\u0259 Erm\u0259nistana t\u0259pki \u00e7a\u011fr\u0131\u015f\u0131 - MEYDAN.TV\" \/>\n<meta property=\"og:description\" content=\"Rasim A\u011fayev: &quot;Az\u0259rbaycan Erm\u0259nistanla b\u00fct\u00fcn sah\u0259l\u0259rd\u0259 \u0259laq\u0259l\u0259ri m\u00fczakir\u0259 ed\u0259 bil\u0259r&quot;  Elxan \u015eahino\u011flu: &quot;Ukrayna v\u0259 Rusiya aras\u0131nda imzalanan Minski sazi\u015fi Az\u0259rbaycan\u0131n i\u015fin\u0259 yaray\u0131r&quot;\" \/>\n<meta property=\"og:url\" content=\"https:\/\/www.meydan.tv\/az\/article\/azerbaycandan-qerbe-ermenistana-tepki-cagrisi\/\" \/>\n<meta property=\"og:site_name\" content=\"MEYDAN.TV\" \/>\n<meta property=\"article:published_time\" content=\"2015-03-13T13:14:17+00:00\" \/>\n<meta property=\"og:image\" content=\"https:\/\/www.meydan.tv\/wp-content\/uploads\/7725.jpg\" \/>\n\t<meta property=\"og:image:width\" content=\"635\" \/>\n\t<meta property=\"og:image:height\" content=\"475\" \/>\n\t<meta property=\"og:image:type\" content=\"image\/jpeg\" \/>\n<meta name=\"twitter:card\" content=\"summary_large_image\" \/>\n<!-- \/ Yoast SEO plugin. -->","yoast_head_json":{"title":"Az\u0259rbaycandan Q\u0259rb\u0259 Erm\u0259nistana t\u0259pki \u00e7a\u011fr\u0131\u015f\u0131 - MEYDAN.TV","robots":{"index":"index","follow":"follow","max-snippet":"max-snippet:-1","max-image-preview":"max-image-preview:large","max-video-preview":"max-video-preview:-1"},"canonical":"https:\/\/www.meydan.tv\/az\/article\/azerbaycandan-qerbe-ermenistana-tepki-cagrisi\/","og_locale":"az_AZ","og_type":"article","og_title":"Az\u0259rbaycandan Q\u0259rb\u0259 Erm\u0259nistana t\u0259pki \u00e7a\u011fr\u0131\u015f\u0131 - MEYDAN.TV","og_description":"Rasim A\u011fayev: \"Az\u0259rbaycan Erm\u0259nistanla b\u00fct\u00fcn sah\u0259l\u0259rd\u0259 \u0259laq\u0259l\u0259ri m\u00fczakir\u0259 ed\u0259 bil\u0259r\"  Elxan \u015eahino\u011flu: \"Ukrayna v\u0259 Rusiya aras\u0131nda imzalanan Minski sazi\u015fi Az\u0259rbaycan\u0131n i\u015fin\u0259 yaray\u0131r\"","og_url":"https:\/\/www.meydan.tv\/az\/article\/azerbaycandan-qerbe-ermenistana-tepki-cagrisi\/","og_site_name":"MEYDAN.TV","article_published_time":"2015-03-13T13:14:17+00:00","og_image":[{"width":635,"height":475,"url":"https:\/\/www.meydan.tv\/wp-content\/uploads\/7725.jpg","type":"image\/jpeg"}],"twitter_card":"summary_large_image","schema":{"@context":"https:\/\/schema.org","@graph":[{"@type":"Article","@id":"https:\/\/www.meydan.tv\/az\/article\/azerbaycandan-qerbe-ermenistana-tepki-cagrisi\/#article","isPartOf":{"@id":"https:\/\/www.meydan.tv\/az\/article\/azerbaycandan-qerbe-ermenistana-tepki-cagrisi\/"},"author":{"name":"user-manager","@id":"https:\/\/www.meydan.tv\/az\/#\/schema\/person\/10d11eccf6da3662cf5fdab9806ea91a"},"headline":"Az\u0259rbaycandan Q\u0259rb\u0259 Erm\u0259nistana t\u0259pki \u00e7a\u011fr\u0131\u015f\u0131","datePublished":"2015-03-13T13:14:17+00:00","mainEntityOfPage":{"@id":"https:\/\/www.meydan.tv\/az\/article\/azerbaycandan-qerbe-ermenistana-tepki-cagrisi\/"},"wordCount":1558,"publisher":{"@id":"https:\/\/www.meydan.tv\/az\/#organization"},"image":{"@id":"https:\/\/www.meydan.tv\/az\/article\/azerbaycandan-qerbe-ermenistana-tepki-cagrisi\/#primaryimage"},"thumbnailUrl":"https:\/\/www.meydan.tv\/wp-content\/uploads\/7725.jpg","articleSection":["X\u0259b\u0259rl\u0259r"],"inLanguage":"az"},{"@type":"WebPage","@id":"https:\/\/www.meydan.tv\/az\/article\/azerbaycandan-qerbe-ermenistana-tepki-cagrisi\/","url":"https:\/\/www.meydan.tv\/az\/article\/azerbaycandan-qerbe-ermenistana-tepki-cagrisi\/","name":"Az\u0259rbaycandan Q\u0259rb\u0259 Erm\u0259nistana t\u0259pki \u00e7a\u011fr\u0131\u015f\u0131 - MEYDAN.TV","isPartOf":{"@id":"https:\/\/www.meydan.tv\/az\/#website"},"primaryImageOfPage":{"@id":"https:\/\/www.meydan.tv\/az\/article\/azerbaycandan-qerbe-ermenistana-tepki-cagrisi\/#primaryimage"},"image":{"@id":"https:\/\/www.meydan.tv\/az\/article\/azerbaycandan-qerbe-ermenistana-tepki-cagrisi\/#primaryimage"},"thumbnailUrl":"https:\/\/www.meydan.tv\/wp-content\/uploads\/7725.jpg","datePublished":"2015-03-13T13:14:17+00:00","breadcrumb":{"@id":"https:\/\/www.meydan.tv\/az\/article\/azerbaycandan-qerbe-ermenistana-tepki-cagrisi\/#breadcrumb"},"inLanguage":"az","potentialAction":[{"@type":"ReadAction","target":["https:\/\/www.meydan.tv\/az\/article\/azerbaycandan-qerbe-ermenistana-tepki-cagrisi\/"]}]},{"@type":"ImageObject","inLanguage":"az","@id":"https:\/\/www.meydan.tv\/az\/article\/azerbaycandan-qerbe-ermenistana-tepki-cagrisi\/#primaryimage","url":"https:\/\/www.meydan.tv\/wp-content\/uploads\/7725.jpg","contentUrl":"https:\/\/www.meydan.tv\/wp-content\/uploads\/7725.jpg","width":635,"height":475,"caption":"Source:"},{"@type":"BreadcrumbList","@id":"https:\/\/www.meydan.tv\/az\/article\/azerbaycandan-qerbe-ermenistana-tepki-cagrisi\/#breadcrumb","itemListElement":[{"@type":"ListItem","position":1,"name":"Ana s\u0259hif\u0259","item":"https:\/\/www.meydan.tv\/az\/"},{"@type":"ListItem","position":2,"name":"X\u0259b\u0259rl\u0259r","item":"https:\/\/www.meydan.tv\/az\/section\/xeberler\/"},{"@type":"ListItem","position":3,"name":"Az\u0259rbaycandan Q\u0259rb\u0259 Erm\u0259nistana t\u0259pki \u00e7a\u011fr\u0131\u015f\u0131"}]},{"@type":"WebSite","@id":"https:\/\/www.meydan.tv\/az\/#website","url":"https:\/\/www.meydan.tv\/az\/","name":"MEYDAN.TV","description":"Meydan TV Az\u0259rbaycan\u0131n media m\u0259kan\u0131ndak\u0131 alternativ s\u0259sidir","publisher":{"@id":"https:\/\/www.meydan.tv\/az\/#organization"},"potentialAction":[{"@type":"SearchAction","target":{"@type":"EntryPoint","urlTemplate":"https:\/\/www.meydan.tv\/az\/?s={search_term_string}"},"query-input":{"@type":"PropertyValueSpecification","valueRequired":true,"valueName":"search_term_string"}}],"inLanguage":"az"},{"@type":"Organization","@id":"https:\/\/www.meydan.tv\/az\/#organization","name":"Meydan TV","url":"https:\/\/www.meydan.tv\/az\/","logo":{"@type":"ImageObject","inLanguage":"az","@id":"https:\/\/www.meydan.tv\/az\/#\/schema\/logo\/image\/","url":"https:\/\/www.meydan.tv\/wp-content\/uploads\/2021\/07\/meydan-logo.svg","contentUrl":"https:\/\/www.meydan.tv\/wp-content\/uploads\/2021\/07\/meydan-logo.svg","width":195,"height":46,"caption":"Meydan TV"},"image":{"@id":"https:\/\/www.meydan.tv\/az\/#\/schema\/logo\/image\/"}},{"@type":"Person","@id":"https:\/\/www.meydan.tv\/az\/#\/schema\/person\/10d11eccf6da3662cf5fdab9806ea91a","name":"user-manager"}]}},"_links":{"self":[{"href":"https:\/\/www.meydan.tv\/az\/wp-json\/wp\/v2\/posts\/167239","targetHints":{"allow":["GET"]}}],"collection":[{"href":"https:\/\/www.meydan.tv\/az\/wp-json\/wp\/v2\/posts"}],"about":[{"href":"https:\/\/www.meydan.tv\/az\/wp-json\/wp\/v2\/types\/post"}],"author":[{"embeddable":true,"href":"https:\/\/www.meydan.tv\/az\/wp-json\/wp\/v2\/users\/11"}],"replies":[{"embeddable":true,"href":"https:\/\/www.meydan.tv\/az\/wp-json\/wp\/v2\/comments?post=167239"}],"version-history":[{"count":0,"href":"https:\/\/www.meydan.tv\/az\/wp-json\/wp\/v2\/posts\/167239\/revisions"}],"wp:featuredmedia":[{"embeddable":true,"href":"https:\/\/www.meydan.tv\/az\/wp-json\/wp\/v2\/media\/21414"}],"wp:attachment":[{"href":"https:\/\/www.meydan.tv\/az\/wp-json\/wp\/v2\/media?parent=167239"}],"wp:term":[{"taxonomy":"category","embeddable":true,"href":"https:\/\/www.meydan.tv\/az\/wp-json\/wp\/v2\/categories?post=167239"},{"taxonomy":"post_tag","embeddable":true,"href":"https:\/\/www.meydan.tv\/az\/wp-json\/wp\/v2\/tags?post=167239"}],"curies":[{"name":"wp","href":"https:\/\/api.w.org\/{rel}","templated":true}]}}