{"id":167237,"date":"2015-03-13T12:25:46","date_gmt":"2015-03-13T12:25:46","guid":{"rendered":"https:\/\/www.meydan.tv\/article\/mubariz-qurbanli-azerbaycanda-dini-radikallara-qarsi-cokdurme-siyaseti-aparilacaq\/"},"modified":"2015-03-13T12:25:46","modified_gmt":"2015-03-13T12:25:46","slug":"mubariz-qurbanli-azerbaycanda-dini-radikallara-qarsi-cokdurme-siyaseti-aparilacaq","status":"publish","type":"post","link":"https:\/\/www.meydan.tv\/az\/article\/mubariz-qurbanli-azerbaycanda-dini-radikallara-qarsi-cokdurme-siyaseti-aparilacaq\/","title":{"rendered":"M\u00fcbariz Qurbanl\u0131: &#8220;Az\u0259rbaycanda dini radikallara qar\u015f\u0131 \u201c\u00e7\u00f6kd\u00fcrm\u0259 siyas\u0259ti\u201d apar\u0131lacaq&#8221;"},"content":{"rendered":"<figure class=\"wp-block-image size-large\">\n  <img decoding=\"async\" src=\"https:\/\/www.meydan.tv\/az\/21411\/\" alt=\"\" class=\"wp-image-21411\"\/><figcaption><\/figcaption><\/figure>\n<p>\n  <i><br \/>\n    Radikal dini qruplara qar\u015f\u0131 m\u00fcbariz\u0259d\u0259 3 istiqam\u0259t m\u00fc\u0259yy\u0259n edilib<br \/>\n  <\/i>\n<\/p>\n<p>\n  <i><br \/>\n    Dini Qurumlarla \u0130\u015f \u00fczr\u0259 D\u00f6vl\u0259t Komit\u0259sinin s\u0259dri M\u00fcbariz Qurbanl\u0131 Trend-\u0259 m\u00fcsahib\u0259 verib. Komit\u0259 s\u0259dri \u0259sas\u0259n dini radikal qruplardan dan\u0131\u015f\u0131b.<br \/>\n  <\/i>\n<\/p>\n<p>\n  <b><br \/>\n    &#8211; Son zamanlar Az\u0259rbaycanda radikal dini t\u0259may\u00fcll\u00fc qruplar\u0131n, x\u00fcsus\u0259n s\u0259l\u0259fi-v\u0259hhabi, x\u0259varici c\u0259r\u0259yanlar\u0131n\u0131n ard\u0131c\u0131llar\u0131ndan ibar\u0259t m\u00fct\u0259\u015f\u0259kkil d\u0259st\u0259l\u0259r\u0259 qar\u015f\u0131 h\u00fcquq-m\u00fchafiz\u0259 orqanlar\u0131 t\u0259r\u0259find\u0259n ke\u00e7iril\u0259n \u0259m\u0259liyyatlar bar\u0259d\u0259 n\u0259 dey\u0259 bil\u0259rsiniz?<br \/>\n  <\/b>\n<\/p>\n<p>\n  &#8211; Son vaxtlar radikal dini qruplar\u0131n f\u0259aliyy\u0259tinin m\u0259hdudla\u015fd\u0131r\u0131lmas\u0131 v\u0259 aradan qald\u0131r\u0131lmas\u0131 \u00fc\u00e7\u00fcn \u00e7ox b\u00f6y\u00fck i\u015fl\u0259r apar\u0131l\u0131b. Art\u0131q bu y\u00f6nd\u0259 Az\u0259rbaycan\u0131n h\u00fcquq-m\u00fchafiz\u0259 orqanlar\u0131n\u0131n, el\u0259c\u0259 d\u0259 ideoloji qurumlar\u0131n apard\u0131\u011f\u0131 i\u015fl\u0259r \u00f6z m\u00fch\u00fcm n\u0259tic\u0259l\u0259rini verir. Qoy bilsinl\u0259r ki, onlara qar\u015f\u0131 bu m\u00fcbariz\u0259 bir an bel\u0259 dayand\u0131r\u0131lmayacaq! Biz \u00f6lk\u0259mizd\u0259 h\u0259min radikal qruplar\u0131 tam aradan qald\u0131rana q\u0259d\u0259r bu i\u015fl\u0259ri davam etdir\u0259c\u0259yik.\n<\/p>\n<p>\n  Az\u0259rbaycan \u0130slam \u00f6lk\u0259sidir. Bizim \u0130slami d\u0259y\u0259rl\u0259rimiz, milli ad\u0259t-\u0259n\u0259n\u0259l\u0259rimiz var. Biz tarix\u0259n n\u0259sild\u0259n-n\u0259sl\u0259 \u00f6t\u00fcr\u00fcl\u0259n bu d\u0259y\u0259rl\u0259ri qorumal\u0131 v\u0259 ya\u015fatmal\u0131y\u0131q. Az\u0259rbaycan d\u00f6vl\u0259ti, onun ba\u015f\u00e7\u0131s\u0131 c\u0259nab \u0130lham \u018fliyev bu d\u0259y\u0259rl\u0259ri qorumaq \u00fc\u00e7\u00fcn \u00e7ox b\u00f6y\u00fck i\u015fl\u0259r h\u0259yata ke\u00e7irir. Biz \u00f6lk\u0259mizd\u0259 h\u0259r hans\u0131 radikal qruplar\u0131n f\u0259aliyy\u0259t g\u00f6st\u0259rm\u0259sin\u0259 imkan vermirik v\u0259 verm\u0259y\u0259c\u0259yik d\u0259! \u00c7\u00fcnki bu, c\u0259miyy\u0259timizin, milli ad\u0259t-\u0259n\u0259l\u0259rimizin, s\u00f6yk\u0259ndiyimiz \u0130slami d\u0259y\u0259rl\u0259rin ist\u0259yidir.\n<\/p>\n<p>\n  &#8211;<br \/>\n  <b><br \/>\n    Bir m\u00fcdd\u0259t \u0259vv\u0259l Trend-\u0259 bildirmi\u015fdiniz ki, h\u0259min qruplar\u0131n maliyy\u0259 m\u0259nb\u0259l\u0259rinin, iqtisadi resurslar\u0131n\u0131n a\u015fkar edilm\u0259si v\u0259 onlar\u0131n qar\u015f\u0131s\u0131n\u0131n al\u0131nmas\u0131 il\u0259 ba\u011fl\u0131 t\u0259dbirl\u0259r g\u00f6r\u00fcl\u0259c\u0259k. Bununla ba\u011fl\u0131 h\u0259r hans\u0131 yenilikl\u0259r var? Maliyy\u0259l\u0259\u015fm\u0259 \u0259sas\u0259n haradan, kiml\u0259r v\u0259 hans\u0131 sah\u0259l\u0259r vasit\u0259sil\u0259 h\u0259yata ke\u00e7irilir?<br \/>\n  <\/b>\n<\/p>\n<p>\n  &#8211; Biz bu yax\u0131nlarda T\u00fcrkiy\u0259d\u0259 s\u0259f\u0259rd\u0259 olark\u0259n \u00f6z\u00fcm\u00fcz \u00fc\u00e7\u00fcn maraql\u0131 bir m\u0259s\u0259l\u0259ni ayd\u0131nla\u015fd\u0131rd\u0131q. Biz\u0259 bildirildi ki, orada radikal dini qruplar dem\u0259k olar ki, yoxdur. \u018fg\u0259r varsa bel\u0259, onlar h\u0259lledici rol oynaya, m\u0259scidl\u0259r\u0259, c\u0259miyy\u0259t\u0259 ciddi t\u0259sir g\u00f6st\u0259r\u0259 bilmirl\u0259r. Bunun \u0259sas s\u0259b\u0259bl\u0259rind\u0259n biri T\u00fcrkiy\u0259d\u0259 \u0259n\u0259n\u0259vi \u0130slami d\u0259y\u0259rl\u0259rin t\u0259bli\u011fi v\u0259 t\u0259\u015fviqi i\u015finin d\u00f6vl\u0259t s\u0259viyy\u0259sind\u0259 geni\u015f \u015f\u0259kild\u0259 apar\u0131lmas\u0131d\u0131r. Fikrimc\u0259, orada \u0259ld\u0259 etdiyimiz bu t\u0259cr\u00fcb\u0259d\u0259n m\u00fctl\u0259q yararlanaca\u011f\u0131q.\n<\/p>\n<p>\n  Az\u0259rbaycanda is\u0259 radikal dini qruplara qar\u015f\u0131 m\u00fcbariz\u0259d\u0259 3 istiqam\u0259t m\u00fc\u0259yy\u0259n edilib. Bunlardan birincisi qanun \u00e7\u0259r\u00e7iv\u0259sind\u0259 h\u0259yata ke\u00e7iril\u0259n istiqam\u0259tdir ki, burada h\u00fcquq-m\u00fchafiz\u0259 orqanlar\u0131 apar\u0131c\u0131 rol oynay\u0131r. Bura Daxili \u0130\u015fl\u0259r Nazirliyi, Milli T\u0259hl\u00fck\u0259sizlik Nazirliyi, prokurorluq orqanlar\u0131 v\u0259 h\u00fcquq-m\u00fchafiz\u0259 sistemind\u0259ki dig\u0259r qurumlar\u0131n f\u0259aliyy\u0259ti daxildir. Bu qurumlar radikalla\u015fm\u0131\u015f dini qruplar t\u0259r\u0259find\u0259n qanun pozuntusuna yol verildiyi t\u0259qdird\u0259 onlar\u0131n neytralla\u015fmas\u0131 v\u0259 qanun qar\u015f\u0131s\u0131nda cavab verm\u0259si istiqam\u0259tind\u0259 ciddi add\u0131mlar at\u0131rlar. Buna misal olaraq, MTN v\u0259 D\u0130N t\u0259r\u0259find\u0259n son d\u00f6vrl\u0259rd\u0259 t\u0259\u015fkilatlanm\u0131\u015f silahl\u0131 \u015f\u0259b\u0259k\u0259 yaradan, el\u0259c\u0259 d\u0259 Az\u0259rbaycan v\u0259t\u0259nda\u015flar\u0131n\u0131 xarici \u00f6lk\u0259l\u0259rd\u0259ki silahl\u0131 m\u00fcnaqi\u015f\u0259l\u0259r\u0259 c\u0259lb ed\u0259n radikal qruplar\u0131n a\u015fkar edil\u0259r\u0259k z\u0259r\u0259rsizl\u0259\u015fdirilm\u0259sini g\u00f6st\u0259rm\u0259k olar. Bundan \u0259lav\u0259, radikal qruplar\u0131n qeyri-qanuni fikirl\u0259rini ifad\u0259 ed\u0259n \u0259d\u0259biyyat\u0131n yay\u0131lmas\u0131n\u0131n qar\u015f\u0131s\u0131n\u0131n al\u0131nmas\u0131 m\u0259qs\u0259dil\u0259 Dini Qurumlarla \u0130\u015f \u00fczr\u0259 D\u00f6vl\u0259t Komit\u0259si v\u0259 MTN birg\u0259 geni\u015f t\u0259dbirl\u0259r h\u0259yata ke\u00e7irir.\n<\/p>\n<p>\n  Dig\u0259r istiqam\u0259t is\u0259 iqtisadiyyat sah\u0259si il\u0259 ba\u011fl\u0131d\u0131r. Radikal qruplar\u0131n b\u0259zil\u0259ri qeyri-qanuni yollarla v\u0259sait \u0259l\u0259 ke\u00e7ir\u0259r\u0259k onun vasit\u0259sil\u0259 g\u0259ncl\u0259rin radikal qruplara c\u0259lb edilm\u0259sin\u0259, \u015f\u0259b\u0259k\u0259l\u0259rin yarad\u0131lmas\u0131na c\u0259hdl\u0259r g\u00f6st\u0259rirl\u0259r. T\u0259bii ki, bu, yolverilm\u0259zdir.\n<\/p>\n<p>\n  <b><br \/>\n    &#8211; Qeyri-qanuni yollar dey\u0259rk\u0259n \u0259sas\u0259n n\u0259yi n\u0259z\u0259rd\u0259 tutursunuz?<br \/>\n  <\/b>\n<\/p>\n<p>\n  &#8211; Qeyri-qanuni yollar dey\u0259nd\u0259, m\u0259s\u0259l\u0259n, xaricd\u0259ki q\u00fcvv\u0259l\u0259r t\u0259r\u0259find\u0259n radikal dini qruplara v\u0259sait g\u00f6nd\u0259rilm\u0259si, h\u0259min qruplar vasit\u0259sil\u0259 pulu \u0259vv\u0259lc\u0259d\u0259n \u00f6d\u0259nilm\u0259y\u0259n mallar\u0131n Az\u0259rbaycana g\u0259tiril\u0259r\u0259k burada yay\u0131lmas\u0131 v\u0259 t\u0259r\u0259fdarlar\u0131 vasit\u0259sil\u0259 sat\u0131\u015fa \u00e7\u0131xar\u0131lmas\u0131, mallar\u0131n m\u00fcft\u0259 verilm\u0259sind\u0259n istifad\u0259 ed\u0259r\u0259k onlardan \u0259ld\u0259 edil\u0259n g\u0259lirl\u0259rd\u0259n t\u0259krar\u0259n qeyri-qanuni \u0259d\u0259biyyat\u0131n \u0259ld\u0259 olunmas\u0131 v\u0259 sat\u0131\u015f\u0131, eyni zamanda, bu c\u00fcr v\u0259saitd\u0259n istifad\u0259 ed\u0259r\u0259k g\u0259ncl\u0259r aras\u0131nda t\u0259r\u0259fdarlar\u0131n toplanmas\u0131, onlar\u0131n \u015firnikl\u0259ndirilm\u0259si, silahl\u0131 birl\u0259\u015fm\u0259l\u0259r\u0259 v\u0259 xaricd\u0259ki silahl\u0131 m\u00fcnaqi\u015f\u0259l\u0259r\u0259 c\u0259lb edilm\u0259si v\u0259 h\u0259min v\u0259saitl\u0259rd\u0259n onlar\u0131n maliyy\u0259l\u0259\u015fdirilm\u0259si \u00fc\u00e7\u00fcn istifad\u0259 edilm\u0259sini n\u0259z\u0259rd\u0259 tuturam.\n<\/p>\n<p>\n  Lakin onlar\u0131n bu m\u0259nfur m\u0259qs\u0259dl\u0259r \u00fc\u00e7\u00fcn iqtisadi yollarla \u0259ld\u0259 etdikl\u0259ri g\u0259lirl\u0259rin qar\u015f\u0131s\u0131 al\u0131n\u0131r v\u0259 bundan sonra da al\u0131nacaq. Bu istiqam\u0259td\u0259 Vergil\u0259r Nazirliyi, D\u00f6vl\u0259t G\u00f6mr\u00fck Komit\u0259si, Maliyy\u0259 Nazirliyi v\u0259 dig\u0259r d\u00f6vl\u0259t qurumlar\u0131 m\u00fcvafiq i\u015fl\u0259r apar\u0131rlar ki, kiml\u0259rs\u0259 qeyri-qanuni yolla Az\u0259rbaycana v\u0259sait g\u0259tir\u0259r\u0259k onlar\u0131 burada konstitusion sistemin \u0259leyhin\u0259 y\u00f6n\u0259ld\u0259 bilm\u0259sinl\u0259r. Bu c\u00fcr v\u0259saitl\u0259rin Az\u0259rbaycana qeyri-h\u00f6kum\u0259t t\u0259\u015fkilatlar\u0131 ad\u0131 alt\u0131nda f\u0259aliyy\u0259t g\u00f6st\u0259r\u0259n qurumlar t\u0259r\u0259find\u0259n g\u0259tirilm\u0259sinin qar\u015f\u0131s\u0131n\u0131n al\u0131nmas\u0131 \u00fc\u00e7\u00fcn d\u0259 art\u0131q qanunvericilikd\u0259 m\u00fcvafiq d\u0259yi\u015fiklikl\u0259r edilib.\n<\/p>\n<p>\n  <b><br \/>\n    &#8211; B\u0259s qeyd etdiyiniz \u00fc\u00e7\u00fcnc\u00fc istiqam\u0259t hans\u0131d\u0131r?<br \/>\n  <\/b>\n<\/p>\n<p>\n  &#8211; \u00dc\u00e7\u00fcnc\u00fc istiqam\u0259t ideoloji-t\u0259bli\u011fati yol v\u0259 bu yolla radikallar\u0131n bazas\u0131n\u0131n \u00e7\u00f6kd\u00fcr\u00fclm\u0259sidir. \u0130deoloji-t\u0259bli\u011fati yol \u0259sl \u0130slami d\u0259y\u0259rl\u0259rin t\u0259\u015fviq v\u0259 t\u0259bli\u011f edilm\u0259sind\u0259n, maarifl\u0259ndirm\u0259 i\u015fl\u0259rinin h\u0259yata ke\u00e7irilm\u0259sind\u0259n ibar\u0259tdir. Biz bu m\u0259s\u0259l\u0259d\u0259 Qafqaz M\u00fcs\u0259lmanlar\u0131 \u0130dar\u0259si il\u0259 birg\u0259 f\u0259aliyy\u0259t g\u00f6st\u0259ririk. Bu i\u015f k\u00fctl\u0259vi informasiya vasit\u0259l\u0259ri, m\u00fcxt\u0259lif konfranslar, seminarlar v\u0259 dig\u0259r t\u0259dbirl\u0259r vasit\u0259sil\u0259 h\u0259yata ke\u00e7irilir. Toplad\u0131\u011f\u0131m\u0131z t\u0259cr\u00fcb\u0259 \u0259sas\u0131nda maarifl\u0259ndirm\u0259 i\u015fl\u0259rini daha y\u00fcks\u0259k s\u0259viyy\u0259y\u0259 qald\u0131rma\u011f\u0131 planla\u015fd\u0131r\u0131r\u0131q.\n<\/p>\n<p>\n  <b><br \/>\n    &#8211; B\u0259z\u0259n sosial \u015f\u0259b\u0259k\u0259l\u0259rd\u0259 b\u0259zi radikal qruplara m\u0259xsus ma\u011fazalarda, supermarket \u015f\u0259b\u0259k\u0259l\u0259rind\u0259 dig\u0259r m\u0259zh\u0259b v\u0259 ya t\u0259riq\u0259tl\u0259r\u0259 m\u0259nsub insanlar t\u0259r\u0259find\u0259n istehsal edil\u0259n m\u0259hsullar\u0131n q\u0259bulundan v\u0259 sat\u0131\u015fa \u00e7\u0131xar\u0131lmas\u0131ndan imtina edildiyin\u0259 v\u0259 ya buna \u0259ng\u0259ll\u0259r yarad\u0131ld\u0131\u011f\u0131na dair m\u0259lumatlar yay\u0131l\u0131r. Bu m\u0259s\u0259l\u0259 il\u0259 ba\u011fl\u0131 hans\u0131 t\u0259dbirl\u0259r g\u00f6r\u00fcl\u0259c\u0259k?<br \/>\n  <\/b>\n<\/p>\n<p>\n  &#8211; Hesab edir\u0259m ki, bel\u0259 \u015feyl\u0259r yolverilm\u0259zdir. Bel\u0259 hallar ortaya \u00e7\u0131xd\u0131qca onlar\u0131n qar\u015f\u0131s\u0131 al\u0131n\u0131r v\u0259 al\u0131nacaq. Y\u0259ni din p\u0259rd\u0259si alt\u0131nda \u00f6z iqtisadi maraqlar\u0131n\u0131 h\u0259yata ke\u00e7irm\u0259k ist\u0259y\u0259n q\u00fcvv\u0259l\u0259r\u0259 qar\u015f\u0131 q\u0259tiyy\u0259tli, s\u0259rt t\u0259dbirl\u0259r g\u00f6r\u00fcl\u0259c\u0259k. Biz, h\u0259m\u00e7inin din \u0259bas\u0131 alt\u0131nda siyasi maraqlar\u0131n\u0131 ifad\u0259 etm\u0259k ist\u0259y\u0259nl\u0259ri, el\u0259c\u0259 d\u0259 ideoloji yolla Az\u0259rbaycanda \u0259n\u0259n\u0259vi d\u0259y\u0259rl\u0259r\u0259 qar\u015f\u0131 \u00e7\u0131xanlar\u0131 m\u00fctl\u0259q \u00e7\u00f6kd\u00fcr\u0259c\u0259yik. Az\u0259rbaycanda dini radikallara qar\u015f\u0131 sonad\u0259k \u201c\u00e7\u00f6kd\u00fcrm\u0259 siyas\u0259ti\u201d apar\u0131lacaq.<\/p>\n","protected":false},"excerpt":{"rendered":"<p>Radikal dini qruplara qar\u015f\u0131 m\u00fcbariz\u0259d\u0259 3 istiqam\u0259t m\u00fc\u0259yy\u0259n edilib<\/p>\n","protected":false},"author":11,"featured_media":21411,"comment_status":"closed","ping_status":"open","sticky":false,"template":"","format":"standard","meta":{"_acf_changed":false,"_sitemap_exclude":false,"_sitemap_priority":"","_sitemap_frequency":"","footnotes":""},"categories":[56],"tags":[],"class_list":["post-167237","post","type-post","status-publish","format-standard","has-post-thumbnail","hentry","category-xeberler","infinite-scroll-item","generate-columns","tablet-grid-50","mobile-grid-100","grid-parent","grid-33","no-featured-image-padding"],"acf":[],"yoast_head":"<!-- This site is optimized with the Yoast SEO plugin v28.3 - https:\/\/yoast.com\/product\/yoast-seo-wordpress\/ -->\n<title>M\u00fcbariz Qurbanl\u0131: &quot;Az\u0259rbaycanda dini radikallara qar\u015f\u0131 \u201c\u00e7\u00f6kd\u00fcrm\u0259 siyas\u0259ti\u201d apar\u0131lacaq&quot; - MEYDAN.TV<\/title>\n<meta name=\"robots\" content=\"index, follow, max-snippet:-1, max-image-preview:large, max-video-preview:-1\" \/>\n<link rel=\"canonical\" href=\"https:\/\/www.meydan.tv\/az\/article\/mubariz-qurbanli-azerbaycanda-dini-radikallara-qarsi-cokdurme-siyaseti-aparilacaq\/\" \/>\n<meta property=\"og:locale\" content=\"az_AZ\" \/>\n<meta property=\"og:type\" content=\"article\" \/>\n<meta property=\"og:title\" content=\"M\u00fcbariz Qurbanl\u0131: &quot;Az\u0259rbaycanda dini radikallara qar\u015f\u0131 \u201c\u00e7\u00f6kd\u00fcrm\u0259 siyas\u0259ti\u201d apar\u0131lacaq&quot; - MEYDAN.TV\" \/>\n<meta property=\"og:description\" content=\"Radikal dini qruplara qar\u015f\u0131 m\u00fcbariz\u0259d\u0259 3 istiqam\u0259t m\u00fc\u0259yy\u0259n edilib\" \/>\n<meta property=\"og:url\" content=\"https:\/\/www.meydan.tv\/az\/article\/mubariz-qurbanli-azerbaycanda-dini-radikallara-qarsi-cokdurme-siyaseti-aparilacaq\/\" \/>\n<meta property=\"og:site_name\" content=\"MEYDAN.TV\" \/>\n<meta property=\"article:published_time\" content=\"2015-03-13T12:25:46+00:00\" \/>\n<meta property=\"og:image\" content=\"https:\/\/www.meydan.tv\/wp-content\/uploads\/7722.jpg\" \/>\n\t<meta property=\"og:image:width\" content=\"1200\" \/>\n\t<meta property=\"og:image:height\" content=\"900\" \/>\n\t<meta property=\"og:image:type\" content=\"image\/jpeg\" \/>\n<meta name=\"twitter:card\" content=\"summary_large_image\" \/>\n<!-- \/ Yoast SEO plugin. -->","yoast_head_json":{"title":"M\u00fcbariz Qurbanl\u0131: \"Az\u0259rbaycanda dini radikallara qar\u015f\u0131 \u201c\u00e7\u00f6kd\u00fcrm\u0259 siyas\u0259ti\u201d apar\u0131lacaq\" - MEYDAN.TV","robots":{"index":"index","follow":"follow","max-snippet":"max-snippet:-1","max-image-preview":"max-image-preview:large","max-video-preview":"max-video-preview:-1"},"canonical":"https:\/\/www.meydan.tv\/az\/article\/mubariz-qurbanli-azerbaycanda-dini-radikallara-qarsi-cokdurme-siyaseti-aparilacaq\/","og_locale":"az_AZ","og_type":"article","og_title":"M\u00fcbariz Qurbanl\u0131: \"Az\u0259rbaycanda dini radikallara qar\u015f\u0131 \u201c\u00e7\u00f6kd\u00fcrm\u0259 siyas\u0259ti\u201d apar\u0131lacaq\" - MEYDAN.TV","og_description":"Radikal dini qruplara qar\u015f\u0131 m\u00fcbariz\u0259d\u0259 3 istiqam\u0259t m\u00fc\u0259yy\u0259n edilib","og_url":"https:\/\/www.meydan.tv\/az\/article\/mubariz-qurbanli-azerbaycanda-dini-radikallara-qarsi-cokdurme-siyaseti-aparilacaq\/","og_site_name":"MEYDAN.TV","article_published_time":"2015-03-13T12:25:46+00:00","og_image":[{"width":1200,"height":900,"url":"https:\/\/www.meydan.tv\/wp-content\/uploads\/7722.jpg","type":"image\/jpeg"}],"twitter_card":"summary_large_image","schema":{"@context":"https:\/\/schema.org","@graph":[{"@type":"Article","@id":"https:\/\/www.meydan.tv\/az\/article\/mubariz-qurbanli-azerbaycanda-dini-radikallara-qarsi-cokdurme-siyaseti-aparilacaq\/#article","isPartOf":{"@id":"https:\/\/www.meydan.tv\/az\/article\/mubariz-qurbanli-azerbaycanda-dini-radikallara-qarsi-cokdurme-siyaseti-aparilacaq\/"},"author":{"name":"user-manager","@id":"https:\/\/www.meydan.tv\/az\/#\/schema\/person\/10d11eccf6da3662cf5fdab9806ea91a"},"headline":"M\u00fcbariz Qurbanl\u0131: &#8220;Az\u0259rbaycanda dini radikallara qar\u015f\u0131 \u201c\u00e7\u00f6kd\u00fcrm\u0259 siyas\u0259ti\u201d apar\u0131lacaq&#8221;","datePublished":"2015-03-13T12:25:46+00:00","mainEntityOfPage":{"@id":"https:\/\/www.meydan.tv\/az\/article\/mubariz-qurbanli-azerbaycanda-dini-radikallara-qarsi-cokdurme-siyaseti-aparilacaq\/"},"wordCount":1438,"publisher":{"@id":"https:\/\/www.meydan.tv\/az\/#organization"},"image":{"@id":"https:\/\/www.meydan.tv\/az\/article\/mubariz-qurbanli-azerbaycanda-dini-radikallara-qarsi-cokdurme-siyaseti-aparilacaq\/#primaryimage"},"thumbnailUrl":"https:\/\/www.meydan.tv\/wp-content\/uploads\/7722.jpg","articleSection":["X\u0259b\u0259rl\u0259r"],"inLanguage":"az"},{"@type":"WebPage","@id":"https:\/\/www.meydan.tv\/az\/article\/mubariz-qurbanli-azerbaycanda-dini-radikallara-qarsi-cokdurme-siyaseti-aparilacaq\/","url":"https:\/\/www.meydan.tv\/az\/article\/mubariz-qurbanli-azerbaycanda-dini-radikallara-qarsi-cokdurme-siyaseti-aparilacaq\/","name":"M\u00fcbariz Qurbanl\u0131: \"Az\u0259rbaycanda dini radikallara qar\u015f\u0131 \u201c\u00e7\u00f6kd\u00fcrm\u0259 siyas\u0259ti\u201d apar\u0131lacaq\" - MEYDAN.TV","isPartOf":{"@id":"https:\/\/www.meydan.tv\/az\/#website"},"primaryImageOfPage":{"@id":"https:\/\/www.meydan.tv\/az\/article\/mubariz-qurbanli-azerbaycanda-dini-radikallara-qarsi-cokdurme-siyaseti-aparilacaq\/#primaryimage"},"image":{"@id":"https:\/\/www.meydan.tv\/az\/article\/mubariz-qurbanli-azerbaycanda-dini-radikallara-qarsi-cokdurme-siyaseti-aparilacaq\/#primaryimage"},"thumbnailUrl":"https:\/\/www.meydan.tv\/wp-content\/uploads\/7722.jpg","datePublished":"2015-03-13T12:25:46+00:00","breadcrumb":{"@id":"https:\/\/www.meydan.tv\/az\/article\/mubariz-qurbanli-azerbaycanda-dini-radikallara-qarsi-cokdurme-siyaseti-aparilacaq\/#breadcrumb"},"inLanguage":"az","potentialAction":[{"@type":"ReadAction","target":["https:\/\/www.meydan.tv\/az\/article\/mubariz-qurbanli-azerbaycanda-dini-radikallara-qarsi-cokdurme-siyaseti-aparilacaq\/"]}]},{"@type":"ImageObject","inLanguage":"az","@id":"https:\/\/www.meydan.tv\/az\/article\/mubariz-qurbanli-azerbaycanda-dini-radikallara-qarsi-cokdurme-siyaseti-aparilacaq\/#primaryimage","url":"https:\/\/www.meydan.tv\/wp-content\/uploads\/7722.jpg","contentUrl":"https:\/\/www.meydan.tv\/wp-content\/uploads\/7722.jpg","width":1200,"height":900,"caption":"Source:"},{"@type":"BreadcrumbList","@id":"https:\/\/www.meydan.tv\/az\/article\/mubariz-qurbanli-azerbaycanda-dini-radikallara-qarsi-cokdurme-siyaseti-aparilacaq\/#breadcrumb","itemListElement":[{"@type":"ListItem","position":1,"name":"Ana s\u0259hif\u0259","item":"https:\/\/www.meydan.tv\/az\/"},{"@type":"ListItem","position":2,"name":"X\u0259b\u0259rl\u0259r","item":"https:\/\/www.meydan.tv\/az\/section\/xeberler\/"},{"@type":"ListItem","position":3,"name":"M\u00fcbariz Qurbanl\u0131: &#8220;Az\u0259rbaycanda dini radikallara qar\u015f\u0131 \u201c\u00e7\u00f6kd\u00fcrm\u0259 siyas\u0259ti\u201d apar\u0131lacaq&#8221;"}]},{"@type":"WebSite","@id":"https:\/\/www.meydan.tv\/az\/#website","url":"https:\/\/www.meydan.tv\/az\/","name":"MEYDAN.TV","description":"Meydan TV Az\u0259rbaycan\u0131n media m\u0259kan\u0131ndak\u0131 alternativ s\u0259sidir","publisher":{"@id":"https:\/\/www.meydan.tv\/az\/#organization"},"potentialAction":[{"@type":"SearchAction","target":{"@type":"EntryPoint","urlTemplate":"https:\/\/www.meydan.tv\/az\/?s={search_term_string}"},"query-input":{"@type":"PropertyValueSpecification","valueRequired":true,"valueName":"search_term_string"}}],"inLanguage":"az"},{"@type":"Organization","@id":"https:\/\/www.meydan.tv\/az\/#organization","name":"Meydan TV","url":"https:\/\/www.meydan.tv\/az\/","logo":{"@type":"ImageObject","inLanguage":"az","@id":"https:\/\/www.meydan.tv\/az\/#\/schema\/logo\/image\/","url":"https:\/\/www.meydan.tv\/wp-content\/uploads\/2021\/07\/meydan-logo.svg","contentUrl":"https:\/\/www.meydan.tv\/wp-content\/uploads\/2021\/07\/meydan-logo.svg","width":195,"height":46,"caption":"Meydan TV"},"image":{"@id":"https:\/\/www.meydan.tv\/az\/#\/schema\/logo\/image\/"}},{"@type":"Person","@id":"https:\/\/www.meydan.tv\/az\/#\/schema\/person\/10d11eccf6da3662cf5fdab9806ea91a","name":"user-manager"}]}},"_links":{"self":[{"href":"https:\/\/www.meydan.tv\/az\/wp-json\/wp\/v2\/posts\/167237","targetHints":{"allow":["GET"]}}],"collection":[{"href":"https:\/\/www.meydan.tv\/az\/wp-json\/wp\/v2\/posts"}],"about":[{"href":"https:\/\/www.meydan.tv\/az\/wp-json\/wp\/v2\/types\/post"}],"author":[{"embeddable":true,"href":"https:\/\/www.meydan.tv\/az\/wp-json\/wp\/v2\/users\/11"}],"replies":[{"embeddable":true,"href":"https:\/\/www.meydan.tv\/az\/wp-json\/wp\/v2\/comments?post=167237"}],"version-history":[{"count":0,"href":"https:\/\/www.meydan.tv\/az\/wp-json\/wp\/v2\/posts\/167237\/revisions"}],"wp:featuredmedia":[{"embeddable":true,"href":"https:\/\/www.meydan.tv\/az\/wp-json\/wp\/v2\/media\/21411"}],"wp:attachment":[{"href":"https:\/\/www.meydan.tv\/az\/wp-json\/wp\/v2\/media?parent=167237"}],"wp:term":[{"taxonomy":"category","embeddable":true,"href":"https:\/\/www.meydan.tv\/az\/wp-json\/wp\/v2\/categories?post=167237"},{"taxonomy":"post_tag","embeddable":true,"href":"https:\/\/www.meydan.tv\/az\/wp-json\/wp\/v2\/tags?post=167237"}],"curies":[{"name":"wp","href":"https:\/\/api.w.org\/{rel}","templated":true}]}}