{"id":167234,"date":"2015-03-13T01:05:49","date_gmt":"2015-03-13T01:05:49","guid":{"rendered":"https:\/\/www.meydan.tv\/article\/bas-gizir-sirke-icib-dunyasini-deyisib\/"},"modified":"2015-03-13T01:05:49","modified_gmt":"2015-03-13T01:05:49","slug":"bas-gizir-sirke-icib-dunyasini-deyisib","status":"publish","type":"post","link":"https:\/\/www.meydan.tv\/az\/article\/bas-gizir-sirke-icib-dunyasini-deyisib\/","title":{"rendered":"Ba\u015f gizir sirk\u0259 i\u00e7ib, d\u00fcnyas\u0131n\u0131 d\u0259yi\u015fib"},"content":{"rendered":"<figure class=\"wp-block-image size-large\">\n  <img decoding=\"async\" src=\"https:\/\/www.meydan.tv\/az\/21303\/\" alt=\"\" class=\"wp-image-21303\"\/><figcaption><\/figcaption><\/figure>\n<p>\n  Mart\u0131n 12-d\u0259 g\u00fcn\u00fcn ikinci yar\u0131s\u0131nda Bak\u0131n\u0131n Qala q\u0259s\u0259b\u0259si &#8220;N&#8221; sayl\u0131 h\u0259rbi hiss\u0259sind\u0259 b\u0259db\u0259xt hadis\u0259 ba\u015f verib.\n<\/p>\n<p>\n  Olay bar\u0259d\u0259 Meydan TV-ni m\u0259lumatland\u0131ran m\u0259rhumun qohumlar\u0131 qeyd edibl\u0259r ki, hadis\u0259 yanl\u0131\u015fl\u0131q n\u0259tic\u0259sind\u0259 olub. Bel\u0259 ki, ba\u015f gizir su \u0259v\u0259zin\u0259 s\u0259hv\u0259n sirk\u0259 i\u00e7\u0259r\u0259k h\u0259yat\u0131na son qoyub.\n<\/p>\n<p>\n  Qeyri-r\u0259smi statistikaya \u0259sas\u0259n Az\u0259rbaycan\u0131n 2015-ci il h\u0259rbi itkil\u0259rinin say\u0131 15 n\u0259f\u0259rdir.<\/p>\n","protected":false},"excerpt":{"rendered":"<p>Ba\u015f gizir B\u0259hram Osmanov s\u0259hv\u0259n sirk\u0259 i\u00e7\u0259r\u0259k d\u00fcnyas\u0131n\u0131 d\u0259yi\u015fib.<\/p>\n","protected":false},"author":11,"featured_media":21303,"comment_status":"closed","ping_status":"open","sticky":false,"template":"","format":"standard","meta":{"_acf_changed":false,"_sitemap_exclude":false,"_sitemap_priority":"","_sitemap_frequency":"","footnotes":""},"categories":[56],"tags":[],"class_list":["post-167234","post","type-post","status-publish","format-standard","has-post-thumbnail","hentry","category-xeberler","infinite-scroll-item","generate-columns","tablet-grid-50","mobile-grid-100","grid-parent","grid-33","no-featured-image-padding"],"acf":[],"yoast_head":"<!-- This site is optimized with the Yoast SEO plugin v28.3 - https:\/\/yoast.com\/product\/yoast-seo-wordpress\/ -->\n<title>Ba\u015f gizir sirk\u0259 i\u00e7ib, d\u00fcnyas\u0131n\u0131 d\u0259yi\u015fib - MEYDAN.TV<\/title>\n<meta name=\"robots\" content=\"index, follow, max-snippet:-1, max-image-preview:large, max-video-preview:-1\" \/>\n<link rel=\"canonical\" href=\"https:\/\/www.meydan.tv\/az\/article\/bas-gizir-sirke-icib-dunyasini-deyisib\/\" \/>\n<meta property=\"og:locale\" content=\"az_AZ\" \/>\n<meta property=\"og:type\" content=\"article\" \/>\n<meta property=\"og:title\" content=\"Ba\u015f gizir sirk\u0259 i\u00e7ib, d\u00fcnyas\u0131n\u0131 d\u0259yi\u015fib - MEYDAN.TV\" \/>\n<meta property=\"og:description\" content=\"Ba\u015f gizir B\u0259hram Osmanov s\u0259hv\u0259n sirk\u0259 i\u00e7\u0259r\u0259k d\u00fcnyas\u0131n\u0131 d\u0259yi\u015fib.\" \/>\n<meta property=\"og:url\" content=\"https:\/\/www.meydan.tv\/az\/article\/bas-gizir-sirke-icib-dunyasini-deyisib\/\" \/>\n<meta property=\"og:site_name\" content=\"MEYDAN.TV\" \/>\n<meta property=\"article:published_time\" content=\"2015-03-13T01:05:49+00:00\" \/>\n<meta property=\"og:image\" content=\"https:\/\/www.meydan.tv\/wp-content\/uploads\/7718.jpg\" \/>\n\t<meta property=\"og:image:width\" content=\"464\" \/>\n\t<meta property=\"og:image:height\" content=\"274\" \/>\n\t<meta property=\"og:image:type\" content=\"image\/jpeg\" \/>\n<meta name=\"twitter:card\" content=\"summary_large_image\" \/>\n<!-- \/ Yoast SEO plugin. -->","yoast_head_json":{"title":"Ba\u015f gizir sirk\u0259 i\u00e7ib, d\u00fcnyas\u0131n\u0131 d\u0259yi\u015fib - MEYDAN.TV","robots":{"index":"index","follow":"follow","max-snippet":"max-snippet:-1","max-image-preview":"max-image-preview:large","max-video-preview":"max-video-preview:-1"},"canonical":"https:\/\/www.meydan.tv\/az\/article\/bas-gizir-sirke-icib-dunyasini-deyisib\/","og_locale":"az_AZ","og_type":"article","og_title":"Ba\u015f gizir sirk\u0259 i\u00e7ib, d\u00fcnyas\u0131n\u0131 d\u0259yi\u015fib - MEYDAN.TV","og_description":"Ba\u015f gizir B\u0259hram Osmanov s\u0259hv\u0259n sirk\u0259 i\u00e7\u0259r\u0259k d\u00fcnyas\u0131n\u0131 d\u0259yi\u015fib.","og_url":"https:\/\/www.meydan.tv\/az\/article\/bas-gizir-sirke-icib-dunyasini-deyisib\/","og_site_name":"MEYDAN.TV","article_published_time":"2015-03-13T01:05:49+00:00","og_image":[{"width":464,"height":274,"url":"https:\/\/www.meydan.tv\/wp-content\/uploads\/7718.jpg","type":"image\/jpeg"}],"twitter_card":"summary_large_image","schema":{"@context":"https:\/\/schema.org","@graph":[{"@type":"Article","@id":"https:\/\/www.meydan.tv\/az\/article\/bas-gizir-sirke-icib-dunyasini-deyisib\/#article","isPartOf":{"@id":"https:\/\/www.meydan.tv\/az\/article\/bas-gizir-sirke-icib-dunyasini-deyisib\/"},"author":{"name":"user-manager","@id":"https:\/\/www.meydan.tv\/az\/#\/schema\/person\/10d11eccf6da3662cf5fdab9806ea91a"},"headline":"Ba\u015f gizir sirk\u0259 i\u00e7ib, d\u00fcnyas\u0131n\u0131 d\u0259yi\u015fib","datePublished":"2015-03-13T01:05:49+00:00","mainEntityOfPage":{"@id":"https:\/\/www.meydan.tv\/az\/article\/bas-gizir-sirke-icib-dunyasini-deyisib\/"},"wordCount":101,"publisher":{"@id":"https:\/\/www.meydan.tv\/az\/#organization"},"image":{"@id":"https:\/\/www.meydan.tv\/az\/article\/bas-gizir-sirke-icib-dunyasini-deyisib\/#primaryimage"},"thumbnailUrl":"https:\/\/www.meydan.tv\/wp-content\/uploads\/7718.jpg","articleSection":["X\u0259b\u0259rl\u0259r"],"inLanguage":"az"},{"@type":"WebPage","@id":"https:\/\/www.meydan.tv\/az\/article\/bas-gizir-sirke-icib-dunyasini-deyisib\/","url":"https:\/\/www.meydan.tv\/az\/article\/bas-gizir-sirke-icib-dunyasini-deyisib\/","name":"Ba\u015f gizir sirk\u0259 i\u00e7ib, d\u00fcnyas\u0131n\u0131 d\u0259yi\u015fib - MEYDAN.TV","isPartOf":{"@id":"https:\/\/www.meydan.tv\/az\/#website"},"primaryImageOfPage":{"@id":"https:\/\/www.meydan.tv\/az\/article\/bas-gizir-sirke-icib-dunyasini-deyisib\/#primaryimage"},"image":{"@id":"https:\/\/www.meydan.tv\/az\/article\/bas-gizir-sirke-icib-dunyasini-deyisib\/#primaryimage"},"thumbnailUrl":"https:\/\/www.meydan.tv\/wp-content\/uploads\/7718.jpg","datePublished":"2015-03-13T01:05:49+00:00","breadcrumb":{"@id":"https:\/\/www.meydan.tv\/az\/article\/bas-gizir-sirke-icib-dunyasini-deyisib\/#breadcrumb"},"inLanguage":"az","potentialAction":[{"@type":"ReadAction","target":["https:\/\/www.meydan.tv\/az\/article\/bas-gizir-sirke-icib-dunyasini-deyisib\/"]}]},{"@type":"ImageObject","inLanguage":"az","@id":"https:\/\/www.meydan.tv\/az\/article\/bas-gizir-sirke-icib-dunyasini-deyisib\/#primaryimage","url":"https:\/\/www.meydan.tv\/wp-content\/uploads\/7718.jpg","contentUrl":"https:\/\/www.meydan.tv\/wp-content\/uploads\/7718.jpg","width":464,"height":274,"caption":"Source:"},{"@type":"BreadcrumbList","@id":"https:\/\/www.meydan.tv\/az\/article\/bas-gizir-sirke-icib-dunyasini-deyisib\/#breadcrumb","itemListElement":[{"@type":"ListItem","position":1,"name":"Ana s\u0259hif\u0259","item":"https:\/\/www.meydan.tv\/az\/"},{"@type":"ListItem","position":2,"name":"X\u0259b\u0259rl\u0259r","item":"https:\/\/www.meydan.tv\/az\/section\/xeberler\/"},{"@type":"ListItem","position":3,"name":"Ba\u015f gizir sirk\u0259 i\u00e7ib, d\u00fcnyas\u0131n\u0131 d\u0259yi\u015fib"}]},{"@type":"WebSite","@id":"https:\/\/www.meydan.tv\/az\/#website","url":"https:\/\/www.meydan.tv\/az\/","name":"MEYDAN.TV","description":"Meydan TV Az\u0259rbaycan\u0131n media m\u0259kan\u0131ndak\u0131 alternativ s\u0259sidir","publisher":{"@id":"https:\/\/www.meydan.tv\/az\/#organization"},"potentialAction":[{"@type":"SearchAction","target":{"@type":"EntryPoint","urlTemplate":"https:\/\/www.meydan.tv\/az\/?s={search_term_string}"},"query-input":{"@type":"PropertyValueSpecification","valueRequired":true,"valueName":"search_term_string"}}],"inLanguage":"az"},{"@type":"Organization","@id":"https:\/\/www.meydan.tv\/az\/#organization","name":"Meydan TV","url":"https:\/\/www.meydan.tv\/az\/","logo":{"@type":"ImageObject","inLanguage":"az","@id":"https:\/\/www.meydan.tv\/az\/#\/schema\/logo\/image\/","url":"https:\/\/www.meydan.tv\/wp-content\/uploads\/2021\/07\/meydan-logo.svg","contentUrl":"https:\/\/www.meydan.tv\/wp-content\/uploads\/2021\/07\/meydan-logo.svg","width":195,"height":46,"caption":"Meydan TV"},"image":{"@id":"https:\/\/www.meydan.tv\/az\/#\/schema\/logo\/image\/"}},{"@type":"Person","@id":"https:\/\/www.meydan.tv\/az\/#\/schema\/person\/10d11eccf6da3662cf5fdab9806ea91a","name":"user-manager"}]}},"_links":{"self":[{"href":"https:\/\/www.meydan.tv\/az\/wp-json\/wp\/v2\/posts\/167234","targetHints":{"allow":["GET"]}}],"collection":[{"href":"https:\/\/www.meydan.tv\/az\/wp-json\/wp\/v2\/posts"}],"about":[{"href":"https:\/\/www.meydan.tv\/az\/wp-json\/wp\/v2\/types\/post"}],"author":[{"embeddable":true,"href":"https:\/\/www.meydan.tv\/az\/wp-json\/wp\/v2\/users\/11"}],"replies":[{"embeddable":true,"href":"https:\/\/www.meydan.tv\/az\/wp-json\/wp\/v2\/comments?post=167234"}],"version-history":[{"count":0,"href":"https:\/\/www.meydan.tv\/az\/wp-json\/wp\/v2\/posts\/167234\/revisions"}],"wp:featuredmedia":[{"embeddable":true,"href":"https:\/\/www.meydan.tv\/az\/wp-json\/wp\/v2\/media\/21303"}],"wp:attachment":[{"href":"https:\/\/www.meydan.tv\/az\/wp-json\/wp\/v2\/media?parent=167234"}],"wp:term":[{"taxonomy":"category","embeddable":true,"href":"https:\/\/www.meydan.tv\/az\/wp-json\/wp\/v2\/categories?post=167234"},{"taxonomy":"post_tag","embeddable":true,"href":"https:\/\/www.meydan.tv\/az\/wp-json\/wp\/v2\/tags?post=167234"}],"curies":[{"name":"wp","href":"https:\/\/api.w.org\/{rel}","templated":true}]}}