{"id":167233,"date":"2015-03-13T00:32:19","date_gmt":"2015-03-13T00:32:19","guid":{"rendered":"https:\/\/www.meydan.tv\/article\/hadi-receblinin-aile-biznesi-infoqrafika\/"},"modified":"2015-03-13T00:32:19","modified_gmt":"2015-03-13T00:32:19","slug":"hadi-receblinin-aile-biznesi-infoqrafika","status":"publish","type":"post","link":"https:\/\/www.meydan.tv\/az\/article\/hadi-receblinin-aile-biznesi-infoqrafika\/","title":{"rendered":"Had\u0131 R\u0259c\u0259blinin ail\u0259 biznesi (\u0130nfoqrafika)"},"content":{"rendered":"<figure class=\"wp-block-image size-large\">\n  <img decoding=\"async\" src=\"https:\/\/www.meydan.tv\/az\/21393\/\" alt=\"\" class=\"wp-image-21393\"\/><figcaption><\/figcaption><\/figure>\n<p>\n  <a href=\"\/images\/cms-image-000007719.jpg\" target=\"_blank\" rel=\"noopener\"><\/a>\n<\/p>\n<figure class=\"wp-block-image size-large\">\n  <img decoding=\"async\" src=\"https:\/\/www.meydan.tv\/az\/21390\/\" alt=\"\" class=\"wp-image-21390\"\/><figcaption><\/figcaption><\/figure>\n<p>\n  &#8220;M\u00fc\u0259llim maa\u015fla dolana bilmirs\u0259, i\u015fd\u0259n sonra da\u015f da h\u00f6rs\u00fcn&#8221;, &#8220;\u015e\u0259hid ail\u0259l\u0259rin\u0259 100 min manat ver\u0259 bilm\u0259rik&#8221; &#8211; dey\u0259n Hadi R\u0259c\u0259blinin ail\u0259 biznesi:\n<\/p>\n<p>\n  &#8211; H\u0259r ay r\u0259smi olaraq Milli M\u0259clisd\u0259n 1822 manat maa\u015f\u0131.<br \/>\n  <br \/>\n  &#8211; L\u0259nk\u0259randa yerl\u0259\u015f\u0259n \u201cPal\u0131dl\u0131 sahil\u201d istirah\u0259t m\u0259rk\u0259zi (bura hotel, restoran, sanatoriya daxildir)\/<br \/>\n  <br \/>\n  &#8211; L\u0259nk\u0259randa \u015fadl\u0131q saray\u0131, yanacaqdoldurma m\u0259nt\u0259q\u0259si, univermaq v\u0259 s. ticar\u0259t obyektl\u0259ri.<br \/>\n  <br \/>\n  &#8211; Bak\u0131dak\u0131 &#8220;DNS Computers&#8221; \u015firk\u0259tinin 4, Sumqay\u0131tda is\u0259 1 ma\u011fazas\u0131 (M\u0259nb\u0259: Jam.az)\/<\/p>\n<p>  O\u011flanlar\u0131ndan biri, V\u00fcsal R\u0259c\u0259bli \u201cH\u0259yat\u201d Beyn\u0259lxalq Humanitar T\u0259\u015fkilat\u0131n\u0131n prezidentidir.<\/p>\n<p>  Dig\u0259ri, Tural R\u0259c\u0259bli deputat\u0131n biznes f\u0259aliyy\u0259ti il\u0259 m\u0259\u015f\u011fuldur. Onun \u0259sas\u0259n &#8220;DNS Computers&#8221; \u015firk\u0259tl\u0259rini idar\u0259 etdiyi iddia olunur.<\/p>\n<p>  G\u00fcnay adl\u0131 q\u0131z\u0131 Az\u0259rbaycan D\u00f6vl\u0259t Pedaqoji Kollecinin r\u0259hb\u0259ri, YAP Qad\u0131nlar \u015euras\u0131n\u0131n s\u0259dri Nurlana \u018fliyevan\u0131n g\u0259linidir. \u015e\u0259h\u0259rd\u0259 m\u0259\u015fhur klinikalardan birinin sahibidir.<\/p>\n<p>  Dig\u0259ri q\u0131z\u0131 \u00dclviyy\u0259 is\u0259 banklardan birinin s\u0259dr m\u00fcavini il\u0259 evlidir. Bu q\u0131z\u0131n\u0131n \u015f\u0259h\u0259rd\u0259 u\u015faq ba\u011f\u00e7alar\u0131 f\u0259aliyy\u0259t g\u00f6st\u0259rir.<\/p>\n<p>  Had\u0131 R\u0259c\u0259bli hakim ail\u0259, Pa\u015fayevl\u0259rl\u0259 d\u0259 qohum idi. Bel\u0259 ki, Had\u0131 R\u0259c\u0259blinin qayn\u0131 o\u011flu N\u0259rgiz Pa\u015fayevan\u0131n q\u0131z\u0131 \u00dclviyy\u0259 Mahmudovan\u0131n ke\u00e7mi\u015f \u0259ri olub.\n<\/p>\n<p>\n  Deputat h\u0259m\u00e7inin c\u0259nub b\u00f6lg\u0259sind\u0259 100 hektarlarla \u0259razil\u0259r\u0259, villalara, \u015f\u0259h\u0259rin m\u0259rk\u0259zind\u0259 m\u0259nzill\u0259r\u0259, bir s\u0131ra dig\u0259r ticar\u0259t v\u0259 ia\u015f\u0259 obyektl\u0259rin\u0259 d\u0259 sahibdir.<\/p>\n","protected":false},"excerpt":{"rendered":"<p>&#8220;M\u00fc\u0259llim maa\u015fla dolana bilmirs\u0259, i\u015fd\u0259n sonra da\u015f da h\u00f6rs\u00fcn&#8221; dey\u0259n Hadi R\u0259c\u0259blinin ail\u0259 biznesi<\/p>\n","protected":false},"author":11,"featured_media":21393,"comment_status":"closed","ping_status":"open","sticky":false,"template":"","format":"standard","meta":{"_acf_changed":false,"_sitemap_exclude":false,"_sitemap_priority":"","_sitemap_frequency":"","footnotes":""},"categories":[56],"tags":[],"class_list":["post-167233","post","type-post","status-publish","format-standard","has-post-thumbnail","hentry","category-xeberler","infinite-scroll-item","generate-columns","tablet-grid-50","mobile-grid-100","grid-parent","grid-33","no-featured-image-padding"],"acf":[],"yoast_head":"<!-- This site is optimized with the Yoast SEO plugin v28.3 - https:\/\/yoast.com\/product\/yoast-seo-wordpress\/ -->\n<title>Had\u0131 R\u0259c\u0259blinin ail\u0259 biznesi (\u0130nfoqrafika) - MEYDAN.TV<\/title>\n<meta name=\"robots\" content=\"index, follow, max-snippet:-1, max-image-preview:large, max-video-preview:-1\" \/>\n<link rel=\"canonical\" href=\"https:\/\/www.meydan.tv\/az\/article\/hadi-receblinin-aile-biznesi-infoqrafika\/\" \/>\n<meta property=\"og:locale\" content=\"az_AZ\" \/>\n<meta property=\"og:type\" content=\"article\" \/>\n<meta property=\"og:title\" content=\"Had\u0131 R\u0259c\u0259blinin ail\u0259 biznesi (\u0130nfoqrafika) - MEYDAN.TV\" \/>\n<meta property=\"og:description\" content=\"&quot;M\u00fc\u0259llim maa\u015fla dolana bilmirs\u0259, i\u015fd\u0259n sonra da\u015f da h\u00f6rs\u00fcn&quot; dey\u0259n Hadi R\u0259c\u0259blinin ail\u0259 biznesi\" \/>\n<meta property=\"og:url\" content=\"https:\/\/www.meydan.tv\/az\/article\/hadi-receblinin-aile-biznesi-infoqrafika\/\" \/>\n<meta property=\"og:site_name\" content=\"MEYDAN.TV\" \/>\n<meta property=\"article:published_time\" content=\"2015-03-13T00:32:19+00:00\" \/>\n<meta property=\"og:image\" content=\"https:\/\/www.meydan.tv\/wp-content\/uploads\/7716.jpg\" \/>\n\t<meta property=\"og:image:width\" content=\"500\" \/>\n\t<meta property=\"og:image:height\" content=\"333\" \/>\n\t<meta property=\"og:image:type\" content=\"image\/jpeg\" \/>\n<meta name=\"twitter:card\" content=\"summary_large_image\" \/>\n<!-- \/ Yoast SEO plugin. -->","yoast_head_json":{"title":"Had\u0131 R\u0259c\u0259blinin ail\u0259 biznesi (\u0130nfoqrafika) - MEYDAN.TV","robots":{"index":"index","follow":"follow","max-snippet":"max-snippet:-1","max-image-preview":"max-image-preview:large","max-video-preview":"max-video-preview:-1"},"canonical":"https:\/\/www.meydan.tv\/az\/article\/hadi-receblinin-aile-biznesi-infoqrafika\/","og_locale":"az_AZ","og_type":"article","og_title":"Had\u0131 R\u0259c\u0259blinin ail\u0259 biznesi (\u0130nfoqrafika) - MEYDAN.TV","og_description":"\"M\u00fc\u0259llim maa\u015fla dolana bilmirs\u0259, i\u015fd\u0259n sonra da\u015f da h\u00f6rs\u00fcn\" dey\u0259n Hadi R\u0259c\u0259blinin ail\u0259 biznesi","og_url":"https:\/\/www.meydan.tv\/az\/article\/hadi-receblinin-aile-biznesi-infoqrafika\/","og_site_name":"MEYDAN.TV","article_published_time":"2015-03-13T00:32:19+00:00","og_image":[{"width":500,"height":333,"url":"https:\/\/www.meydan.tv\/wp-content\/uploads\/7716.jpg","type":"image\/jpeg"}],"twitter_card":"summary_large_image","schema":{"@context":"https:\/\/schema.org","@graph":[{"@type":"Article","@id":"https:\/\/www.meydan.tv\/az\/article\/hadi-receblinin-aile-biznesi-infoqrafika\/#article","isPartOf":{"@id":"https:\/\/www.meydan.tv\/az\/article\/hadi-receblinin-aile-biznesi-infoqrafika\/"},"author":{"name":"user-manager","@id":"https:\/\/www.meydan.tv\/az\/#\/schema\/person\/10d11eccf6da3662cf5fdab9806ea91a"},"headline":"Had\u0131 R\u0259c\u0259blinin ail\u0259 biznesi (\u0130nfoqrafika)","datePublished":"2015-03-13T00:32:19+00:00","mainEntityOfPage":{"@id":"https:\/\/www.meydan.tv\/az\/article\/hadi-receblinin-aile-biznesi-infoqrafika\/"},"wordCount":288,"publisher":{"@id":"https:\/\/www.meydan.tv\/az\/#organization"},"image":{"@id":"https:\/\/www.meydan.tv\/az\/article\/hadi-receblinin-aile-biznesi-infoqrafika\/#primaryimage"},"thumbnailUrl":"https:\/\/www.meydan.tv\/wp-content\/uploads\/7716.jpg","articleSection":["X\u0259b\u0259rl\u0259r"],"inLanguage":"az"},{"@type":"WebPage","@id":"https:\/\/www.meydan.tv\/az\/article\/hadi-receblinin-aile-biznesi-infoqrafika\/","url":"https:\/\/www.meydan.tv\/az\/article\/hadi-receblinin-aile-biznesi-infoqrafika\/","name":"Had\u0131 R\u0259c\u0259blinin ail\u0259 biznesi (\u0130nfoqrafika) - MEYDAN.TV","isPartOf":{"@id":"https:\/\/www.meydan.tv\/az\/#website"},"primaryImageOfPage":{"@id":"https:\/\/www.meydan.tv\/az\/article\/hadi-receblinin-aile-biznesi-infoqrafika\/#primaryimage"},"image":{"@id":"https:\/\/www.meydan.tv\/az\/article\/hadi-receblinin-aile-biznesi-infoqrafika\/#primaryimage"},"thumbnailUrl":"https:\/\/www.meydan.tv\/wp-content\/uploads\/7716.jpg","datePublished":"2015-03-13T00:32:19+00:00","breadcrumb":{"@id":"https:\/\/www.meydan.tv\/az\/article\/hadi-receblinin-aile-biznesi-infoqrafika\/#breadcrumb"},"inLanguage":"az","potentialAction":[{"@type":"ReadAction","target":["https:\/\/www.meydan.tv\/az\/article\/hadi-receblinin-aile-biznesi-infoqrafika\/"]}]},{"@type":"ImageObject","inLanguage":"az","@id":"https:\/\/www.meydan.tv\/az\/article\/hadi-receblinin-aile-biznesi-infoqrafika\/#primaryimage","url":"https:\/\/www.meydan.tv\/wp-content\/uploads\/7716.jpg","contentUrl":"https:\/\/www.meydan.tv\/wp-content\/uploads\/7716.jpg","width":500,"height":333,"caption":"Source:"},{"@type":"BreadcrumbList","@id":"https:\/\/www.meydan.tv\/az\/article\/hadi-receblinin-aile-biznesi-infoqrafika\/#breadcrumb","itemListElement":[{"@type":"ListItem","position":1,"name":"Ana s\u0259hif\u0259","item":"https:\/\/www.meydan.tv\/az\/"},{"@type":"ListItem","position":2,"name":"X\u0259b\u0259rl\u0259r","item":"https:\/\/www.meydan.tv\/az\/section\/xeberler\/"},{"@type":"ListItem","position":3,"name":"Had\u0131 R\u0259c\u0259blinin ail\u0259 biznesi (\u0130nfoqrafika)"}]},{"@type":"WebSite","@id":"https:\/\/www.meydan.tv\/az\/#website","url":"https:\/\/www.meydan.tv\/az\/","name":"MEYDAN.TV","description":"Meydan TV Az\u0259rbaycan\u0131n media m\u0259kan\u0131ndak\u0131 alternativ s\u0259sidir","publisher":{"@id":"https:\/\/www.meydan.tv\/az\/#organization"},"potentialAction":[{"@type":"SearchAction","target":{"@type":"EntryPoint","urlTemplate":"https:\/\/www.meydan.tv\/az\/?s={search_term_string}"},"query-input":{"@type":"PropertyValueSpecification","valueRequired":true,"valueName":"search_term_string"}}],"inLanguage":"az"},{"@type":"Organization","@id":"https:\/\/www.meydan.tv\/az\/#organization","name":"Meydan TV","url":"https:\/\/www.meydan.tv\/az\/","logo":{"@type":"ImageObject","inLanguage":"az","@id":"https:\/\/www.meydan.tv\/az\/#\/schema\/logo\/image\/","url":"https:\/\/www.meydan.tv\/wp-content\/uploads\/2021\/07\/meydan-logo.svg","contentUrl":"https:\/\/www.meydan.tv\/wp-content\/uploads\/2021\/07\/meydan-logo.svg","width":195,"height":46,"caption":"Meydan TV"},"image":{"@id":"https:\/\/www.meydan.tv\/az\/#\/schema\/logo\/image\/"}},{"@type":"Person","@id":"https:\/\/www.meydan.tv\/az\/#\/schema\/person\/10d11eccf6da3662cf5fdab9806ea91a","name":"user-manager"}]}},"_links":{"self":[{"href":"https:\/\/www.meydan.tv\/az\/wp-json\/wp\/v2\/posts\/167233","targetHints":{"allow":["GET"]}}],"collection":[{"href":"https:\/\/www.meydan.tv\/az\/wp-json\/wp\/v2\/posts"}],"about":[{"href":"https:\/\/www.meydan.tv\/az\/wp-json\/wp\/v2\/types\/post"}],"author":[{"embeddable":true,"href":"https:\/\/www.meydan.tv\/az\/wp-json\/wp\/v2\/users\/11"}],"replies":[{"embeddable":true,"href":"https:\/\/www.meydan.tv\/az\/wp-json\/wp\/v2\/comments?post=167233"}],"version-history":[{"count":0,"href":"https:\/\/www.meydan.tv\/az\/wp-json\/wp\/v2\/posts\/167233\/revisions"}],"wp:featuredmedia":[{"embeddable":true,"href":"https:\/\/www.meydan.tv\/az\/wp-json\/wp\/v2\/media\/21393"}],"wp:attachment":[{"href":"https:\/\/www.meydan.tv\/az\/wp-json\/wp\/v2\/media?parent=167233"}],"wp:term":[{"taxonomy":"category","embeddable":true,"href":"https:\/\/www.meydan.tv\/az\/wp-json\/wp\/v2\/categories?post=167233"},{"taxonomy":"post_tag","embeddable":true,"href":"https:\/\/www.meydan.tv\/az\/wp-json\/wp\/v2\/tags?post=167233"}],"curies":[{"name":"wp","href":"https:\/\/api.w.org\/{rel}","templated":true}]}}