{"id":167231,"date":"2015-03-12T22:24:02","date_gmt":"2015-03-12T22:24:02","guid":{"rendered":"https:\/\/www.meydan.tv\/article\/vekile-vuqar-eliyevle-gorusmeye-icaze-vermirler\/"},"modified":"2015-03-12T22:24:02","modified_gmt":"2015-03-12T22:24:02","slug":"vekile-vuqar-eliyevle-gorusmeye-icaze-vermirler","status":"publish","type":"post","link":"https:\/\/www.meydan.tv\/az\/article\/vekile-vuqar-eliyevle-gorusmeye-icaze-vermirler\/","title":{"rendered":"V\u0259kil\u0259 V\u00fcqar \u018fliyevl\u0259 g\u00f6r\u00fc\u015fm\u0259y\u0259 icaz\u0259 vermirl\u0259r"},"content":{"rendered":"<figure class=\"wp-block-image size-large\">\n  <img decoding=\"async\" src=\"https:\/\/www.meydan.tv\/az\/21375\/\" alt=\"\" class=\"wp-image-21375\"\/><figcaption><\/figcaption><\/figure>\n<figure class=\"wp-block-image size-large\">\n  <img decoding=\"async\" src=\"https:\/\/www.meydan.tv\/az\/21378\/\" alt=\"\" class=\"wp-image-21378\"\/><figcaption><\/figcaption><\/figure>\n<p>\n  <i><br \/>\n    &#8220;\u0130stintaq orqan\u0131n\u0131n bu davran\u0131\u015f\u0131 V\u00fcqar \u018fliyevin s\u0259hh\u0259ti v\u0259 durumu, ona i\u015fg\u0259nc\u0259 ehtimallar\u0131na dair t\u0259bii \u015f\u00fcbh\u0259l\u0259r yarad\u0131r<br \/>\n  <\/i><br \/>\n  &#8221;\n<\/p>\n<p>\n  Mart\u0131n 10-da h\u00fcquq-m\u00fchafiz\u0259 orqanlar\u0131n\u0131n T\u0259rt\u0259r rayonunda n\u00f6vb\u0259ti x\u00fcsusi \u0259m\u0259liyyat t\u0259dbiri n\u0259tic\u0259sind\u0259 h\u0259bs olunan\u00a0 \u00dcmid Partiyas\u0131n\u0131n sabiq \u00fczv\u00fc V\u00fcqar \u018fliyev\u0259 v\u0259kili Cavad Cavadovla g\u00f6r\u00fc\u015f icaz\u0259si verilmir.\n<\/p>\n<p>\n  Bu bar\u0259d\u0259 v\u0259kil Cavad Cavadov Meydan TV-nin \u0259m\u0259kda\u015f\u0131na bildirib.\n<\/p>\n<p>\n  V\u0259kil bildirib ki, V\u00fcqar \u018fliyevin h\u00fcquqlar\u0131n\u0131n m\u00fcdafi\u0259si il\u0259 ba\u011fl\u0131 mart\u0131n 11-d\u0259 onunla m\u00fcqavil\u0259 ba\u011flan\u0131l\u0131b. G\u00fcn\u00fcn birinci yar\u0131s\u0131 v\u0259kil orderi il\u0259 D\u0130N-nin Ba\u015f M\u00fct\u0259\u015f\u0259kkil Cinay\u0259tkarl\u0131qla M\u00fcbariz\u0259 \u0130dar\u0259sin\u0259 g\u0259l\u0259r\u0259k orderini t\u0259qdim edib, h\u00fcquqlar\u0131n\u0131 m\u00fcdafi\u0259 etdiyi \u015f\u0259xsl\u0259 g\u00f6r\u00fc\u015fm\u0259k ist\u0259yib: &#8220;Lakin m\u0259n\u0259 bildirdil\u0259r ki, h\u0259l\u0259 m\u00fcst\u0259ntiq t\u0259yin olunmay\u0131b. Bundan sonra s\u0259n\u0259dimi sur\u0259tli po\u00e7tla yollad\u0131m (s\u0259n\u0259d h\u0259min g\u00fcn BMCQM\u0130-n\u0259 \u00e7atm\u0131\u015fd\u0131r). M\u0259hk\u0259m\u0259 n\u0259zar\u0259ti qaydas\u0131nda m\u00fcdafi\u0259 h\u00fcququnun pozulmas\u0131, m\u00fcdafi\u0259\u00e7i kimi g\u00f6r\u00fc\u015fm\u0259yim\u0259 imkan verilm\u0259m\u0259kl\u0259 ba\u011fl\u0131 11.03.2015-ci il tarixd\u0259 N\u0259rimanov rayon M\u0259hk\u0259m\u0259sin\u0259 \u015fikay\u0259t verdim. \u0130stintaq orqan\u0131 d\u00fcn\u0259n ax\u015fam m\u00fcdafi\u0259\u00e7i kimi m\u0259n\u0259 x\u0259b\u0259r verm\u0259d\u0259n t\u0259qdimatla m\u00fcraci\u0259t edib v\u0259 N\u0259rimanov rayon M\u0259hk\u0259m\u0259si V\u00fcqar \u018fliyev bar\u0259sind\u0259 \u00fc\u00e7 ayl\u0131q h\u0259bs q\u0259timkan t\u0259dbirinin se\u00e7ilm\u0259si bar\u0259d\u0259 q\u0259rar q\u0259bul edib. V\u00fcqar \u018fliyev\u0259 qar\u015f\u0131 Cinay\u0259t M\u0259c\u0259ll\u0259sinini 228.1. madd\u0259si il\u0259 ittiham elan edilib. B\u00fct\u00fcn bunlara baxmayaraq, mart\u0131n 12-d\u0259 yen\u0259 d\u0259 D\u0130N-nin BMCQM\u0130-si V\u00fcqar \u018fliyevl\u0259 m\u0259nim g\u00f6r\u00fc\u015fm\u0259yim\u0259 icaz\u0259 verm\u0259yibl\u0259r. \u0130stintaq orqan\u0131n\u0131n bu davran\u0131\u015f\u0131 V\u00fcqar \u018fliyevin s\u0259hh\u0259ti v\u0259 durumu, ona i\u015fg\u0259nc\u0259 ehtimallar\u0131na dair t\u0259bii \u015f\u00fcbh\u0259l\u0259r yarad\u0131r&#8221;.\n<\/p>\n<p>\n  V\u0259kil deyib ki, Daxili \u0130\u015fl\u0259r Nazirliyinin m\u0259tbuatda ged\u0259n r\u0259smi a\u00e7\u0131qlamas\u0131 V\u00fcqar \u018fliyevin t\u0259qsirsizlik prezumsiyas\u0131n\u0131n kobud \u015f\u0259kild\u0259 pozulmas\u0131d\u0131r v\u0259 bununla ba\u011fl\u0131 m\u00fcdafi\u0259 t\u0259r\u0259fi ayr\u0131ca m\u0259hk\u0259m\u0259y\u0259 m\u00fcraci\u0259t ed\u0259c\u0259k: &#8220;M\u00fcdafi\u0259 t\u0259r\u0259fi olaraq bu qanunsuzluqlara son qoyulmas\u0131n\u0131 t\u0259l\u0259b edir\u0259m&#8221;.\n<\/p>\n<figure class=\"wp-block-image size-large\">\n  <img decoding=\"async\" src=\"https:\/\/www.meydan.tv\/az\/21375\/\" alt=\"\" class=\"wp-image-21375\"\/><figcaption><\/figcaption><\/figure>\n<p>\n  Mart\u0131n 10-da D\u0130N-in x\u00fcsusi t\u0259yinatl\u0131 polis q\u00fcvv\u0259l\u0259ri d\u0259 c\u0259lb olunmaqla, Ba\u015f M\u00fct\u0259\u015f\u0259kkil Cinay\u0259tkarl\u0131\u011fa qar\u015f\u0131 M\u00fcbariz\u0259 \u0130dar\u0259si, T\u0259rt\u0259r Rayon Polis \u015e\u00f6b\u0259si v\u0259 prokurorlu\u011fu \u0259m\u0259kda\u015flar\u0131 Z\u00fclf\u00fcqar \u0130brahimovu, M\u00fcbariz Mirz\u0259liyevi, \u015e\u0259ms\u0259ddin Abdullazad\u0259 v\u0259 V\u00fcqar \u018fliyevi saxlay\u0131blar. Onlar\u0131n ya\u015fad\u0131qlar\u0131 m\u0259nzill\u0259r\u0259 bax\u0131\u015f zaman\u0131 2 \u0259d\u0259d sand\u0131q\u00e7as\u0131 il\u0259 birlikd\u0259 1 avtomat, 800 qram partlay\u0131c\u0131 madd\u0259, 9 \u0259l qumbaras\u0131, 170 \u0259d\u0259d patron, yay\u0131lmas\u0131 qanunla qada\u011fan olunmu\u015f xeyli sayda dini \u0259d\u0259biyyat, diskl\u0259r v\u0259 s. maddi s\u00fcbutlar g\u00f6t\u00fcr\u00fcl\u00fcb.\n<\/p>\n<p>\n  Nazirliyin m\u0259lumat\u0131nda bildirilir ki, faktla ba\u011fl\u0131 cinay\u0259t i\u015fi ba\u015flan\u0131l\u0131b, istintaq apar\u0131l\u0131r. Haz\u0131rda m\u00fct\u0259\u015f\u0259kkil d\u0259st\u0259nin cinay\u0259tkar \u0259laq\u0259l\u0259rinin if\u015fas\u0131, habel\u0259, dig\u0259r \u00fczvl\u0259rinin m\u00fc\u0259yy\u0259n olunaraq m\u0259suliyy\u0259t\u0259 c\u0259lb edilm\u0259si istiqam\u0259tind\u0259 t\u0259xir\u0259sal\u0131nmaz istintaq v\u0259 \u0259m\u0259liyyat t\u0259dbirl\u0259ri davam etdirilir.<\/p>\n","protected":false},"excerpt":{"rendered":"<p>&#8220;\u0130stintaq orqan\u0131n\u0131n bu davran\u0131\u015f\u0131 V\u00fcqar \u018fliyevin s\u0259hh\u0259ti v\u0259 durumu, ona i\u015fg\u0259nc\u0259 ehtimallar\u0131na dair t\u0259bii \u015f\u00fcbh\u0259l\u0259r yarad\u0131r&#8221;<\/p>\n","protected":false},"author":11,"featured_media":21375,"comment_status":"closed","ping_status":"open","sticky":false,"template":"","format":"standard","meta":{"_acf_changed":false,"_sitemap_exclude":false,"_sitemap_priority":"","_sitemap_frequency":"","footnotes":""},"categories":[56],"tags":[],"class_list":["post-167231","post","type-post","status-publish","format-standard","has-post-thumbnail","hentry","category-xeberler","infinite-scroll-item","generate-columns","tablet-grid-50","mobile-grid-100","grid-parent","grid-33","no-featured-image-padding"],"acf":[],"yoast_head":"<!-- This site is optimized with the Yoast SEO plugin v28.3 - https:\/\/yoast.com\/product\/yoast-seo-wordpress\/ -->\n<title>V\u0259kil\u0259 V\u00fcqar \u018fliyevl\u0259 g\u00f6r\u00fc\u015fm\u0259y\u0259 icaz\u0259 vermirl\u0259r - MEYDAN.TV<\/title>\n<meta name=\"robots\" content=\"index, follow, max-snippet:-1, max-image-preview:large, max-video-preview:-1\" \/>\n<link rel=\"canonical\" href=\"https:\/\/www.meydan.tv\/az\/article\/vekile-vuqar-eliyevle-gorusmeye-icaze-vermirler\/\" \/>\n<meta property=\"og:locale\" content=\"az_AZ\" \/>\n<meta property=\"og:type\" content=\"article\" \/>\n<meta property=\"og:title\" content=\"V\u0259kil\u0259 V\u00fcqar \u018fliyevl\u0259 g\u00f6r\u00fc\u015fm\u0259y\u0259 icaz\u0259 vermirl\u0259r - MEYDAN.TV\" \/>\n<meta property=\"og:description\" content=\"&quot;\u0130stintaq orqan\u0131n\u0131n bu davran\u0131\u015f\u0131 V\u00fcqar \u018fliyevin s\u0259hh\u0259ti v\u0259 durumu, ona i\u015fg\u0259nc\u0259 ehtimallar\u0131na dair t\u0259bii \u015f\u00fcbh\u0259l\u0259r yarad\u0131r&quot;\" \/>\n<meta property=\"og:url\" content=\"https:\/\/www.meydan.tv\/az\/article\/vekile-vuqar-eliyevle-gorusmeye-icaze-vermirler\/\" \/>\n<meta property=\"og:site_name\" content=\"MEYDAN.TV\" \/>\n<meta property=\"article:published_time\" content=\"2015-03-12T22:24:02+00:00\" \/>\n<meta property=\"og:image\" content=\"https:\/\/www.meydan.tv\/wp-content\/uploads\/7712.jpg\" \/>\n\t<meta property=\"og:image:width\" content=\"480\" \/>\n\t<meta property=\"og:image:height\" content=\"325\" \/>\n\t<meta property=\"og:image:type\" content=\"image\/jpeg\" \/>\n<meta name=\"twitter:card\" content=\"summary_large_image\" \/>\n<!-- \/ Yoast SEO plugin. -->","yoast_head_json":{"title":"V\u0259kil\u0259 V\u00fcqar \u018fliyevl\u0259 g\u00f6r\u00fc\u015fm\u0259y\u0259 icaz\u0259 vermirl\u0259r - MEYDAN.TV","robots":{"index":"index","follow":"follow","max-snippet":"max-snippet:-1","max-image-preview":"max-image-preview:large","max-video-preview":"max-video-preview:-1"},"canonical":"https:\/\/www.meydan.tv\/az\/article\/vekile-vuqar-eliyevle-gorusmeye-icaze-vermirler\/","og_locale":"az_AZ","og_type":"article","og_title":"V\u0259kil\u0259 V\u00fcqar \u018fliyevl\u0259 g\u00f6r\u00fc\u015fm\u0259y\u0259 icaz\u0259 vermirl\u0259r - MEYDAN.TV","og_description":"\"\u0130stintaq orqan\u0131n\u0131n bu davran\u0131\u015f\u0131 V\u00fcqar \u018fliyevin s\u0259hh\u0259ti v\u0259 durumu, ona i\u015fg\u0259nc\u0259 ehtimallar\u0131na dair t\u0259bii \u015f\u00fcbh\u0259l\u0259r yarad\u0131r\"","og_url":"https:\/\/www.meydan.tv\/az\/article\/vekile-vuqar-eliyevle-gorusmeye-icaze-vermirler\/","og_site_name":"MEYDAN.TV","article_published_time":"2015-03-12T22:24:02+00:00","og_image":[{"width":480,"height":325,"url":"https:\/\/www.meydan.tv\/wp-content\/uploads\/7712.jpg","type":"image\/jpeg"}],"twitter_card":"summary_large_image","schema":{"@context":"https:\/\/schema.org","@graph":[{"@type":"Article","@id":"https:\/\/www.meydan.tv\/az\/article\/vekile-vuqar-eliyevle-gorusmeye-icaze-vermirler\/#article","isPartOf":{"@id":"https:\/\/www.meydan.tv\/az\/article\/vekile-vuqar-eliyevle-gorusmeye-icaze-vermirler\/"},"author":{"name":"user-manager","@id":"https:\/\/www.meydan.tv\/az\/#\/schema\/person\/10d11eccf6da3662cf5fdab9806ea91a"},"headline":"V\u0259kil\u0259 V\u00fcqar \u018fliyevl\u0259 g\u00f6r\u00fc\u015fm\u0259y\u0259 icaz\u0259 vermirl\u0259r","datePublished":"2015-03-12T22:24:02+00:00","mainEntityOfPage":{"@id":"https:\/\/www.meydan.tv\/az\/article\/vekile-vuqar-eliyevle-gorusmeye-icaze-vermirler\/"},"wordCount":618,"publisher":{"@id":"https:\/\/www.meydan.tv\/az\/#organization"},"image":{"@id":"https:\/\/www.meydan.tv\/az\/article\/vekile-vuqar-eliyevle-gorusmeye-icaze-vermirler\/#primaryimage"},"thumbnailUrl":"https:\/\/www.meydan.tv\/wp-content\/uploads\/7712.jpg","articleSection":["X\u0259b\u0259rl\u0259r"],"inLanguage":"az"},{"@type":"WebPage","@id":"https:\/\/www.meydan.tv\/az\/article\/vekile-vuqar-eliyevle-gorusmeye-icaze-vermirler\/","url":"https:\/\/www.meydan.tv\/az\/article\/vekile-vuqar-eliyevle-gorusmeye-icaze-vermirler\/","name":"V\u0259kil\u0259 V\u00fcqar \u018fliyevl\u0259 g\u00f6r\u00fc\u015fm\u0259y\u0259 icaz\u0259 vermirl\u0259r - MEYDAN.TV","isPartOf":{"@id":"https:\/\/www.meydan.tv\/az\/#website"},"primaryImageOfPage":{"@id":"https:\/\/www.meydan.tv\/az\/article\/vekile-vuqar-eliyevle-gorusmeye-icaze-vermirler\/#primaryimage"},"image":{"@id":"https:\/\/www.meydan.tv\/az\/article\/vekile-vuqar-eliyevle-gorusmeye-icaze-vermirler\/#primaryimage"},"thumbnailUrl":"https:\/\/www.meydan.tv\/wp-content\/uploads\/7712.jpg","datePublished":"2015-03-12T22:24:02+00:00","breadcrumb":{"@id":"https:\/\/www.meydan.tv\/az\/article\/vekile-vuqar-eliyevle-gorusmeye-icaze-vermirler\/#breadcrumb"},"inLanguage":"az","potentialAction":[{"@type":"ReadAction","target":["https:\/\/www.meydan.tv\/az\/article\/vekile-vuqar-eliyevle-gorusmeye-icaze-vermirler\/"]}]},{"@type":"ImageObject","inLanguage":"az","@id":"https:\/\/www.meydan.tv\/az\/article\/vekile-vuqar-eliyevle-gorusmeye-icaze-vermirler\/#primaryimage","url":"https:\/\/www.meydan.tv\/wp-content\/uploads\/7712.jpg","contentUrl":"https:\/\/www.meydan.tv\/wp-content\/uploads\/7712.jpg","width":480,"height":325,"caption":"Source:"},{"@type":"BreadcrumbList","@id":"https:\/\/www.meydan.tv\/az\/article\/vekile-vuqar-eliyevle-gorusmeye-icaze-vermirler\/#breadcrumb","itemListElement":[{"@type":"ListItem","position":1,"name":"Ana s\u0259hif\u0259","item":"https:\/\/www.meydan.tv\/az\/"},{"@type":"ListItem","position":2,"name":"X\u0259b\u0259rl\u0259r","item":"https:\/\/www.meydan.tv\/az\/section\/xeberler\/"},{"@type":"ListItem","position":3,"name":"V\u0259kil\u0259 V\u00fcqar \u018fliyevl\u0259 g\u00f6r\u00fc\u015fm\u0259y\u0259 icaz\u0259 vermirl\u0259r"}]},{"@type":"WebSite","@id":"https:\/\/www.meydan.tv\/az\/#website","url":"https:\/\/www.meydan.tv\/az\/","name":"MEYDAN.TV","description":"Meydan TV Az\u0259rbaycan\u0131n media m\u0259kan\u0131ndak\u0131 alternativ s\u0259sidir","publisher":{"@id":"https:\/\/www.meydan.tv\/az\/#organization"},"potentialAction":[{"@type":"SearchAction","target":{"@type":"EntryPoint","urlTemplate":"https:\/\/www.meydan.tv\/az\/?s={search_term_string}"},"query-input":{"@type":"PropertyValueSpecification","valueRequired":true,"valueName":"search_term_string"}}],"inLanguage":"az"},{"@type":"Organization","@id":"https:\/\/www.meydan.tv\/az\/#organization","name":"Meydan TV","url":"https:\/\/www.meydan.tv\/az\/","logo":{"@type":"ImageObject","inLanguage":"az","@id":"https:\/\/www.meydan.tv\/az\/#\/schema\/logo\/image\/","url":"https:\/\/www.meydan.tv\/wp-content\/uploads\/2021\/07\/meydan-logo.svg","contentUrl":"https:\/\/www.meydan.tv\/wp-content\/uploads\/2021\/07\/meydan-logo.svg","width":195,"height":46,"caption":"Meydan TV"},"image":{"@id":"https:\/\/www.meydan.tv\/az\/#\/schema\/logo\/image\/"}},{"@type":"Person","@id":"https:\/\/www.meydan.tv\/az\/#\/schema\/person\/10d11eccf6da3662cf5fdab9806ea91a","name":"user-manager"}]}},"_links":{"self":[{"href":"https:\/\/www.meydan.tv\/az\/wp-json\/wp\/v2\/posts\/167231","targetHints":{"allow":["GET"]}}],"collection":[{"href":"https:\/\/www.meydan.tv\/az\/wp-json\/wp\/v2\/posts"}],"about":[{"href":"https:\/\/www.meydan.tv\/az\/wp-json\/wp\/v2\/types\/post"}],"author":[{"embeddable":true,"href":"https:\/\/www.meydan.tv\/az\/wp-json\/wp\/v2\/users\/11"}],"replies":[{"embeddable":true,"href":"https:\/\/www.meydan.tv\/az\/wp-json\/wp\/v2\/comments?post=167231"}],"version-history":[{"count":0,"href":"https:\/\/www.meydan.tv\/az\/wp-json\/wp\/v2\/posts\/167231\/revisions"}],"wp:featuredmedia":[{"embeddable":true,"href":"https:\/\/www.meydan.tv\/az\/wp-json\/wp\/v2\/media\/21375"}],"wp:attachment":[{"href":"https:\/\/www.meydan.tv\/az\/wp-json\/wp\/v2\/media?parent=167231"}],"wp:term":[{"taxonomy":"category","embeddable":true,"href":"https:\/\/www.meydan.tv\/az\/wp-json\/wp\/v2\/categories?post=167231"},{"taxonomy":"post_tag","embeddable":true,"href":"https:\/\/www.meydan.tv\/az\/wp-json\/wp\/v2\/tags?post=167231"}],"curies":[{"name":"wp","href":"https:\/\/api.w.org\/{rel}","templated":true}]}}