{"id":167227,"date":"2015-03-12T19:03:38","date_gmt":"2015-03-12T19:03:38","guid":{"rendered":"https:\/\/www.meydan.tv\/article\/affa-dan-almaniyaya-geden-pullar\/"},"modified":"2015-03-12T19:03:38","modified_gmt":"2015-03-12T19:03:38","slug":"affa-dan-almaniyaya-geden-pullar","status":"publish","type":"post","link":"https:\/\/www.meydan.tv\/az\/article\/affa-dan-almaniyaya-geden-pullar\/","title":{"rendered":"AFFA-dan Almaniyaya ged\u0259n pullar&#8230;"},"content":{"rendered":"<figure class=\"wp-block-image size-large\">\n  <img decoding=\"async\" src=\"https:\/\/www.meydan.tv\/az\/21366\/\" alt=\"\" class=\"wp-image-21366\"\/><figcaption><\/figcaption><\/figure>\n<p>\n  Futbol m\u0259kt\u0259bi \u00fc\u00e7\u00fcn ayr\u0131lan v\u0259saitin m\u0259nims\u0259nildiyi iddia olunur\n<\/p>\n<p>\n  AFFA \u0130craiyy\u0259 Komit\u0259sinin mart\u0131n 6-da ke\u00e7iril\u0259n iclas\u0131ndan sonra R\u00f6vn\u0259q Abdullayev 2009-cu ild\u0259n Berlind\u0259 f\u0259aliyy\u0259t g\u00f6st\u0259r\u0259n futbol m\u0259kt\u0259bin\u0259 maliyy\u0259 yard\u0131m\u0131n\u0131 dayand\u0131rd\u0131qlar\u0131n\u0131 bildirmi\u015fdi. AFFA prezidenti bu ideyan\u0131n mill\u0259t v\u0259kili, AFFA-n\u0131n birinci vitse-prezidenti Rauf \u018fliyev\u0259 m\u0259xsus oldu\u011funu da vur\u011fulam\u0131\u015fd\u0131.\n<\/p>\n<p>\n  Berlind\u0259 f\u0259aliyy\u0259t g\u00f6st\u0259r\u0259n futbol m\u0259kt\u0259binin r\u0259hb\u0259ri Tofiq Qarayev \u201cFutbol+\u201d q\u0259zetin\u0259 verdiyi m\u00fcsahib\u0259d\u0259 onlara AFFA t\u0259r\u0259find\u0259n ayda c\u0259mi be\u015f min manat v\u0259sait k\u00f6\u00e7\u00fcr\u00fcld\u00fcy\u00fcn\u00fc deyib: \u201c\u018fvv\u0259lki ill\u0259rd\u0259 AFFA m\u0259kt\u0259bd\u0259 \u00e7al\u0131\u015fan m\u0259\u015fq\u00e7il\u0259r\u0259 5 min avro maa\u015f verirdi. 2014-d\u0259 dedil\u0259r ki, imkan yoxdu v\u0259 m\u0259bl\u0259\u011fi 3 min\u0259 sald\u0131lar. 2015-d\u0259 is\u0259 maliyy\u0259l\u0259\u015fm\u0259 tam dayand\u0131\u201d.\n<\/p>\n<p>\n  Komanda.az-\u0131n yayd\u0131\u011f\u0131 m\u0259lumata g\u00f6r\u0259, AFFA-n\u0131n b\u00fcdc\u0259yl\u0259 ba\u011fl\u0131 a\u00e7\u0131qlad\u0131\u011f\u0131 hesabatda is\u0259 g\u00f6st\u0259rilir ki, qurum Berlind\u0259ki futbol m\u0259kt\u0259bin\u0259 160 min manat ay\u0131r\u0131b. Sayt hesabatla ba\u011fl\u0131 t\u0259hlil d\u0259 apar\u0131b: \u201c6 ild\u0259 bu v\u0259sait t\u0259xmin\u0259n 1 milyon manat edir. Maliyy\u0259 v\u0259saitinin bu ilin yanvar\u0131nda dayand\u0131r\u0131ld\u0131\u011f\u0131n\u0131 n\u0259z\u0259r\u0259 al\u0131b, dollar\u0131n ovaxtk\u0131 kursu il\u0259 hesablasaq, AFFA-n\u0131n b\u00fcdc\u0259sind\u0259n futbol m\u0259kt\u0259bin\u0259 1 milyon 300 min dollar v\u0259sait ay\u0131r\u0131l\u0131b. \u0130ndi bu v\u0259saitd\u0259n futbol m\u0259kt\u0259bin\u0259 \u00e7atan m\u0259bl\u0259\u011fi \u00e7\u0131xaq. Qarayevin dediyin\u0259 g\u00f6r\u0259, ilk 5 ild\u0259 ayda 5 min avro, 2014-d\u0259 is\u0259 3 min avro \u00f6d\u0259nilib. Bu da edir 336 min avro. Bu da ovaxtk\u0131 kursla t\u0259xmin\u0259n 400 min dollar edir. Bir milyon 300 min dollardan bu m\u0259bl\u0259\u011fi \u00e7\u0131xsaq, 900 min dollar\u0131n m\u0259nims\u0259nildiyi m\u0259lum olar. Onu da qeyd ed\u0259k ki, AFFA 2014-c\u00fc ild\u0259 m\u0259kt\u0259b\u0259 160 min manat ay\u0131r\u0131b. \u018fvv\u0259lki ill\u0259rd\u0259 bu r\u0259q\u0259m daha \u00e7ox olub. Dem\u0259li, \u0259slind\u0259 m\u0259nims\u0259nil\u0259n m\u0259bl\u0259\u011f 1 milyon dollardan da \u00e7oxdu\u201d.\n<\/p>\n<p>\n  Meydan TV bir milyonluq yeyinti iddias\u0131na deputat Rauf \u018fliyevd\u0259n m\u00fcnasib\u0259t \u00f6yr\u0259nm\u0259y\u0259 \u00e7al\u0131\u015fsa da, ona m\u0259xsus telefonlar s\u00f6nd\u00fcr\u00fcld\u00fcy\u00fcnd\u0259n \u0259laq\u0259 saxlamaq m\u00fcmk\u00fcn olmay\u0131b.\n<\/p>\n<p>\n  AFFA-n\u0131n M\u0259tbuat v\u0259 \u0130ctimaiyy\u0259tl\u0259 \u018flaq\u0259l\u0259r Departamentinin r\u0259hb\u0259ri Mikay\u0131l N\u0259rimano\u011flu Komanda.az-\u0131n redaksiyas\u0131na qurumun Hesabat v\u0259 M\u00fchasibat Departamentinin hesabat\u0131n\u0131 g\u00f6nd\u0259rib. Hesabatda g\u00f6st\u0259rilir:\n<\/p>\n<p>\n  &#8220;Cross Culture&#8221; layih\u0259si v\u0259 Alman Futbol m\u0259kt\u0259bi &#8211; 160 230.00 AZN\n<\/p>\n<p>\n  &#8220;Cross Culture&#8221; layih\u0259sin\u0259 g\u00f6r\u0259 \u00f6d\u0259ni\u015f:\n<\/p>\n<p>\n  31.03.2014 &#8211; 107820.00 AZN (100 000.00 EUR)\n<\/p>\n<p>\n  Alman Futbol M\u0259kt\u0259bi layih\u0259sin\u0259 g\u00f6r\u0259 \u00f6d\u0259ni\u015f:\n<\/p>\n<p>\n  23.01.2014 &#8211; 10623.00 AZN (10 000.00 EUR)\n<\/p>\n<p>\n  16.04.2014 &#8211; 10837.00 AZN (10 000.00 EUR)\n<\/p>\n<p>\n  11.07.2014 &#8211; 16004.00 AZN (15 000.00 EUR)\n<\/p>\n<p>\n  28.10.2014 \u2013 14946.00 AZN (15 000.00 EUR)\n<\/p>\n<p>\n  C\u018fM\u0130: 160 230.00 AZN\n<\/p>\n<p>\n  &#8221;<br \/>\n  <a href=\"http:\/\/ccpa.eu\/\"><br \/>\n    Cross Culture<br \/>\n  <\/a><br \/>\n  &#8221; layih\u0259si daha \u00e7ox u\u015faq v\u0259 g\u0259ncl\u0259ri \u0259hat\u0259 edir. Ot\u00fcst\u00fc idman n\u00f6v\u00fc \u00fczr\u0259 h\u0259yata ke\u00e7irilir. \u018fsas\u0259n m\u00fcharib\u0259 v\u0259 daxili konfliktl\u0259rd\u0259n t\u0259sirl\u0259n\u0259n u\u015faqlar v\u0259 g\u0259ncl\u0259r c\u0259lb edilir. Az\u0259rbaycan medias\u0131nda bu layih\u0259nin ad\u0131 yaln\u0131z AFFA-n\u0131n r\u0259smi x\u0259b\u0259rl\u0259rind\u0259 ke\u00e7ir. Ancaq layih\u0259nin n\u0259 m\u0259qs\u0259d da\u015f\u0131d\u0131\u011f\u0131, Az\u0259rbaycanla \u0259laq\u0259si haqq\u0131nda he\u00e7 bir m\u0259lumat yoxdur. AFFA-n\u0131n m\u0259tbuat xidm\u0259tinin m\u0259lumat\u0131na g\u00f6r\u0259, bu layih\u0259 \u00e7\u0259r\u00e7iv\u0259sind\u0259 Az\u0259rbaycan \u00fc\u00e7\u00fcn futbol\u00e7u yeti\u015fdirim\u0259lidir. Lakin \u00f6t\u0259n 6 ild\u0259 ne\u00e7\u0259 futbol\u00e7unun yeti\u015fdirilib \u00f6lk\u0259y\u0259 g\u0259tirildiyi bar\u0259d\u0259 m\u0259lumat yoxdur. Mikay\u0131l N\u0259rimano\u011flu Meydan TV-nin bununla ba\u011fl\u0131 sual\u0131na &#8220;m\u0259n bu bar\u0259d\u0259 dan\u0131\u015fa bilm\u0259r\u0259m, Tofiq Qarayev cavabland\u0131rmal\u0131d\u0131r&#8221; cavab\u0131n\u0131 verib.\n<\/p>\n<p>\n  Yaln\u0131z o m\u0259lumdur ki, &#8220;Cross Cultures Project Association&#8221;\u00a0bu ilin yanvar\u0131nda AFFA-n\u0131n I vitse-prezidenti Rauf \u018fliyevi m\u00fckafatland\u0131r\u0131b. Bu bar\u0259d\u0259 AFFA-n\u0131n<br \/>\n  <a href=\"http:\/\/www.affa.az\/index.php\/news\/affa-nn-i-vitse-prezidenti-diplomla-tltif-olunub-\/21467\"><br \/>\n    r\u0259smi sayt\u0131nda<br \/>\n  <\/a><br \/>\n  m\u0259lumat verilib. M\u0259lumatda bildirilir ki, Beyn\u0259lxalq A\u00e7\u0131q \u018fyl\u0259nc\u0259li Futbol M\u0259kt\u0259bl\u0259ri layih\u0259sinin infrastrukturunun inki\u015faf\u0131 v\u0259 realla\u015fd\u0131r\u0131lmas\u0131nda, Az\u0259rbaycanda k\u00fctl\u0259vi futbolun t\u0259bli\u011find\u0259 v\u0259 h\u0259yata ke\u00e7irilm\u0259sind\u0259 \u0259ld\u0259 olunan u\u011furlara g\u00f6r\u0259 Rauf \u018fliyev qurum t\u0259r\u0259find\u0259n diplomla m\u00fckafatland\u0131r\u0131l\u0131b.\n<\/p>\n<p>\n  M\u00f6vzunu diqq\u0259td\u0259 saxlayaca\u011f\u0131q.<\/p>\n","protected":false},"excerpt":{"rendered":"<p>Futbol m\u0259kt\u0259bi \u00fc\u00e7\u00fcn ayr\u0131lan v\u0259saitin m\u0259nims\u0259nildiyi iddia olunur<\/p>\n","protected":false},"author":11,"featured_media":21366,"comment_status":"closed","ping_status":"open","sticky":false,"template":"","format":"standard","meta":{"_acf_changed":false,"_sitemap_exclude":false,"_sitemap_priority":"","_sitemap_frequency":"","footnotes":""},"categories":[56],"tags":[],"class_list":["post-167227","post","type-post","status-publish","format-standard","has-post-thumbnail","hentry","category-xeberler","infinite-scroll-item","generate-columns","tablet-grid-50","mobile-grid-100","grid-parent","grid-33","no-featured-image-padding"],"acf":[],"yoast_head":"<!-- This site is optimized with the Yoast SEO plugin v28.3 - https:\/\/yoast.com\/product\/yoast-seo-wordpress\/ -->\n<title>AFFA-dan Almaniyaya ged\u0259n pullar... - MEYDAN.TV<\/title>\n<meta name=\"robots\" content=\"index, follow, max-snippet:-1, max-image-preview:large, max-video-preview:-1\" \/>\n<link rel=\"canonical\" href=\"https:\/\/www.meydan.tv\/az\/article\/affa-dan-almaniyaya-geden-pullar\/\" \/>\n<meta property=\"og:locale\" content=\"az_AZ\" \/>\n<meta property=\"og:type\" content=\"article\" \/>\n<meta property=\"og:title\" content=\"AFFA-dan Almaniyaya ged\u0259n pullar... - MEYDAN.TV\" \/>\n<meta property=\"og:description\" content=\"Futbol m\u0259kt\u0259bi \u00fc\u00e7\u00fcn ayr\u0131lan v\u0259saitin m\u0259nims\u0259nildiyi iddia olunur\" \/>\n<meta property=\"og:url\" content=\"https:\/\/www.meydan.tv\/az\/article\/affa-dan-almaniyaya-geden-pullar\/\" \/>\n<meta property=\"og:site_name\" content=\"MEYDAN.TV\" \/>\n<meta property=\"article:published_time\" content=\"2015-03-12T19:03:38+00:00\" \/>\n<meta property=\"og:image\" content=\"https:\/\/www.meydan.tv\/wp-content\/uploads\/7705.jpg\" \/>\n\t<meta property=\"og:image:width\" content=\"700\" \/>\n\t<meta property=\"og:image:height\" content=\"500\" \/>\n\t<meta property=\"og:image:type\" content=\"image\/jpeg\" \/>\n<meta name=\"twitter:card\" content=\"summary_large_image\" \/>\n<!-- \/ Yoast SEO plugin. -->","yoast_head_json":{"title":"AFFA-dan Almaniyaya ged\u0259n pullar... - MEYDAN.TV","robots":{"index":"index","follow":"follow","max-snippet":"max-snippet:-1","max-image-preview":"max-image-preview:large","max-video-preview":"max-video-preview:-1"},"canonical":"https:\/\/www.meydan.tv\/az\/article\/affa-dan-almaniyaya-geden-pullar\/","og_locale":"az_AZ","og_type":"article","og_title":"AFFA-dan Almaniyaya ged\u0259n pullar... - MEYDAN.TV","og_description":"Futbol m\u0259kt\u0259bi \u00fc\u00e7\u00fcn ayr\u0131lan v\u0259saitin m\u0259nims\u0259nildiyi iddia olunur","og_url":"https:\/\/www.meydan.tv\/az\/article\/affa-dan-almaniyaya-geden-pullar\/","og_site_name":"MEYDAN.TV","article_published_time":"2015-03-12T19:03:38+00:00","og_image":[{"width":700,"height":500,"url":"https:\/\/www.meydan.tv\/wp-content\/uploads\/7705.jpg","type":"image\/jpeg"}],"twitter_card":"summary_large_image","schema":{"@context":"https:\/\/schema.org","@graph":[{"@type":"Article","@id":"https:\/\/www.meydan.tv\/az\/article\/affa-dan-almaniyaya-geden-pullar\/#article","isPartOf":{"@id":"https:\/\/www.meydan.tv\/az\/article\/affa-dan-almaniyaya-geden-pullar\/"},"author":{"name":"user-manager","@id":"https:\/\/www.meydan.tv\/az\/#\/schema\/person\/10d11eccf6da3662cf5fdab9806ea91a"},"headline":"AFFA-dan Almaniyaya ged\u0259n pullar&#8230;","datePublished":"2015-03-12T19:03:38+00:00","mainEntityOfPage":{"@id":"https:\/\/www.meydan.tv\/az\/article\/affa-dan-almaniyaya-geden-pullar\/"},"wordCount":751,"publisher":{"@id":"https:\/\/www.meydan.tv\/az\/#organization"},"image":{"@id":"https:\/\/www.meydan.tv\/az\/article\/affa-dan-almaniyaya-geden-pullar\/#primaryimage"},"thumbnailUrl":"https:\/\/www.meydan.tv\/wp-content\/uploads\/7705.jpg","articleSection":["X\u0259b\u0259rl\u0259r"],"inLanguage":"az"},{"@type":"WebPage","@id":"https:\/\/www.meydan.tv\/az\/article\/affa-dan-almaniyaya-geden-pullar\/","url":"https:\/\/www.meydan.tv\/az\/article\/affa-dan-almaniyaya-geden-pullar\/","name":"AFFA-dan Almaniyaya ged\u0259n pullar... - MEYDAN.TV","isPartOf":{"@id":"https:\/\/www.meydan.tv\/az\/#website"},"primaryImageOfPage":{"@id":"https:\/\/www.meydan.tv\/az\/article\/affa-dan-almaniyaya-geden-pullar\/#primaryimage"},"image":{"@id":"https:\/\/www.meydan.tv\/az\/article\/affa-dan-almaniyaya-geden-pullar\/#primaryimage"},"thumbnailUrl":"https:\/\/www.meydan.tv\/wp-content\/uploads\/7705.jpg","datePublished":"2015-03-12T19:03:38+00:00","breadcrumb":{"@id":"https:\/\/www.meydan.tv\/az\/article\/affa-dan-almaniyaya-geden-pullar\/#breadcrumb"},"inLanguage":"az","potentialAction":[{"@type":"ReadAction","target":["https:\/\/www.meydan.tv\/az\/article\/affa-dan-almaniyaya-geden-pullar\/"]}]},{"@type":"ImageObject","inLanguage":"az","@id":"https:\/\/www.meydan.tv\/az\/article\/affa-dan-almaniyaya-geden-pullar\/#primaryimage","url":"https:\/\/www.meydan.tv\/wp-content\/uploads\/7705.jpg","contentUrl":"https:\/\/www.meydan.tv\/wp-content\/uploads\/7705.jpg","width":700,"height":500,"caption":"Source:"},{"@type":"BreadcrumbList","@id":"https:\/\/www.meydan.tv\/az\/article\/affa-dan-almaniyaya-geden-pullar\/#breadcrumb","itemListElement":[{"@type":"ListItem","position":1,"name":"Ana s\u0259hif\u0259","item":"https:\/\/www.meydan.tv\/az\/"},{"@type":"ListItem","position":2,"name":"X\u0259b\u0259rl\u0259r","item":"https:\/\/www.meydan.tv\/az\/section\/xeberler\/"},{"@type":"ListItem","position":3,"name":"AFFA-dan Almaniyaya ged\u0259n pullar&#8230;"}]},{"@type":"WebSite","@id":"https:\/\/www.meydan.tv\/az\/#website","url":"https:\/\/www.meydan.tv\/az\/","name":"MEYDAN.TV","description":"Meydan TV Az\u0259rbaycan\u0131n media m\u0259kan\u0131ndak\u0131 alternativ s\u0259sidir","publisher":{"@id":"https:\/\/www.meydan.tv\/az\/#organization"},"potentialAction":[{"@type":"SearchAction","target":{"@type":"EntryPoint","urlTemplate":"https:\/\/www.meydan.tv\/az\/?s={search_term_string}"},"query-input":{"@type":"PropertyValueSpecification","valueRequired":true,"valueName":"search_term_string"}}],"inLanguage":"az"},{"@type":"Organization","@id":"https:\/\/www.meydan.tv\/az\/#organization","name":"Meydan TV","url":"https:\/\/www.meydan.tv\/az\/","logo":{"@type":"ImageObject","inLanguage":"az","@id":"https:\/\/www.meydan.tv\/az\/#\/schema\/logo\/image\/","url":"https:\/\/www.meydan.tv\/wp-content\/uploads\/2021\/07\/meydan-logo.svg","contentUrl":"https:\/\/www.meydan.tv\/wp-content\/uploads\/2021\/07\/meydan-logo.svg","width":195,"height":46,"caption":"Meydan TV"},"image":{"@id":"https:\/\/www.meydan.tv\/az\/#\/schema\/logo\/image\/"}},{"@type":"Person","@id":"https:\/\/www.meydan.tv\/az\/#\/schema\/person\/10d11eccf6da3662cf5fdab9806ea91a","name":"user-manager"}]}},"_links":{"self":[{"href":"https:\/\/www.meydan.tv\/az\/wp-json\/wp\/v2\/posts\/167227","targetHints":{"allow":["GET"]}}],"collection":[{"href":"https:\/\/www.meydan.tv\/az\/wp-json\/wp\/v2\/posts"}],"about":[{"href":"https:\/\/www.meydan.tv\/az\/wp-json\/wp\/v2\/types\/post"}],"author":[{"embeddable":true,"href":"https:\/\/www.meydan.tv\/az\/wp-json\/wp\/v2\/users\/11"}],"replies":[{"embeddable":true,"href":"https:\/\/www.meydan.tv\/az\/wp-json\/wp\/v2\/comments?post=167227"}],"version-history":[{"count":0,"href":"https:\/\/www.meydan.tv\/az\/wp-json\/wp\/v2\/posts\/167227\/revisions"}],"wp:featuredmedia":[{"embeddable":true,"href":"https:\/\/www.meydan.tv\/az\/wp-json\/wp\/v2\/media\/21366"}],"wp:attachment":[{"href":"https:\/\/www.meydan.tv\/az\/wp-json\/wp\/v2\/media?parent=167227"}],"wp:term":[{"taxonomy":"category","embeddable":true,"href":"https:\/\/www.meydan.tv\/az\/wp-json\/wp\/v2\/categories?post=167227"},{"taxonomy":"post_tag","embeddable":true,"href":"https:\/\/www.meydan.tv\/az\/wp-json\/wp\/v2\/tags?post=167227"}],"curies":[{"name":"wp","href":"https:\/\/api.w.org\/{rel}","templated":true}]}}