{"id":167226,"date":"2015-03-12T18:40:37","date_gmt":"2015-03-12T18:40:37","guid":{"rendered":"https:\/\/www.meydan.tv\/article\/yalcin-imanovu-xedice-ismayilin-vekilliyinden-kenarlasdirdilar\/"},"modified":"2015-03-12T18:40:37","modified_gmt":"2015-03-12T18:40:37","slug":"yalcin-imanovu-xedice-ismayilin-vekilliyinden-kenarlasdirdilar","status":"publish","type":"post","link":"https:\/\/www.meydan.tv\/az\/article\/yalcin-imanovu-xedice-ismayilin-vekilliyinden-kenarlasdirdilar\/","title":{"rendered":"Yal\u00e7\u0131n \u0130manovu X\u0259dic\u0259 \u0130smay\u0131l\u0131n v\u0259killiyind\u0259n k\u0259narla\u015fd\u0131rd\u0131lar"},"content":{"rendered":"<figure class=\"wp-block-image size-large\">\n  <img decoding=\"async\" src=\"https:\/\/www.meydan.tv\/az\/21363\/\" alt=\"\" class=\"wp-image-21363\"\/><figcaption><\/figcaption><\/figure>\n<figure class=\"wp-block-image size-large\">\n  <img decoding=\"async\" src=\"https:\/\/www.meydan.tv\/az\/21363\/\" alt=\"\" class=\"wp-image-21363\"\/><figcaption><\/figcaption><\/figure>\n<p>\n  <i><br \/>\n    &#8220;M\u0259qs\u0259d jurnalistin m\u00fcdafi\u0259sini z\u0259ifl\u0259tm\u0259kdir&#8221;<br \/>\n  <\/i><\/p>\n<p>\n  Mart\u0131n 12-d\u0259 Bak\u0131 Apellyasiya M\u0259hk\u0259m\u0259sind\u0259 v\u0259kil Yal\u00e7\u0131n \u0130manov jurnalist X\u0259dic\u0259 \u0130smay\u0131l\u0131n i\u015find\u0259n k\u0259narla\u015fd\u0131r\u0131l\u0131b. M\u0259lumat\u0131 Meydan TV-y\u0259 v\u0259kil \u00f6z\u00fc verib.\n<\/p>\n<p>\n  Yal\u00e7\u0131n \u0130manov bildirib ki, m\u0259hk\u0259m\u0259d\u0259 X\u0259dic\u0259 \u0130smay\u0131l\u0131n h\u0259bs m\u00fcdd\u0259tinin uzad\u0131lmas\u0131 il\u0259 ba\u011fl\u0131 apellyasiya \u015fikay\u0259tin\u0259 bax\u0131l\u0131rd\u0131: &#8220;Proses zaman\u0131 A\u011f\u0131r Cinay\u0259tl\u0259r\u0259 dair \u0130stintaq \u0130dar\u0259sinin m\u00fcst\u0259ntiqi Orxan Babayev bildirdi ki,\n<\/p>\n<p>\n  Azadl\u0131q Radiosunda axtar\u0131\u015fla ba\u011fl\u0131 v\u0259kil \u0130manov \u015fahid qismind\u0259 dindirildiyind\u0259n X\u0259dic\u0259 \u0130smay\u0131l\u0131n v\u0259kili kimi t\u0259msil oluna bilm\u0259z. \u00c7\u00fcnki bunlar eyni sayl\u0131 cinay\u0259t i\u015fidir. M\u0259n d\u0259, X\u0259dic\u0259 xan\u0131m da etiraz etdik ki, bunlar f\u0259rqli i\u015fl\u0259r oldu\u011fundan qar\u0131\u015fd\u0131rmaq do\u011fru deyil. X\u0259dic\u0259 \u0130smay\u0131l q\u0259rar\u0131n onun m\u00fcdafi\u0259sinin z\u0259ifl\u0259dilm\u0259sin\u0259 xidm\u0259t etdiyini dedi. Bundan sonra m\u0259hk\u0259m\u0259 m\u00fc\u015flavir\u0259y\u0259 getdi, saat 16-da g\u0259lib elan etdil\u0259r ki, m\u0259n prosesd\u0259n k\u0259narla\u015fd\u0131r\u0131lm\u0131\u015fam&#8221;.\n<\/p>\n<p>\n  Yal\u00e7\u0131n \u0130manov m\u0259hk\u0259m\u0259nin q\u0259rar\u0131n\u0131 qanunsuz v\u0259 \u0259sass\u0131z d\u0259y\u0259rl\u0259ndirdi. &#8220;M\u0259nim radionun i\u015find\u0259 dindirilm\u0259yim X\u0259dic\u0259 \u0130smay\u0131l\u0131n i\u015find\u0259n k\u0259narla\u015fd\u0131r\u0131lma\u011f\u0131ma h\u00fcquqi \u0259sas ola bilm\u0259z. Bunlar f\u0259rqli i\u015fl\u0259rdir. X\u0259dic\u0259 \u0130smay\u0131la qar\u015f\u0131 Cinay\u0259t M\u0259c\u0259ll\u0259sinin 5 madd\u0259si ir\u0259li s\u00fcr\u00fcl\u00fcbs\u0259, Azadl\u0131q Radiosu il\u0259 ba\u011fl\u0131 ara\u015fd\u0131rma davam etdirilir. M\u0259qs\u0259d jurnalistin m\u00fcdafi\u0259sini z\u0259ifl\u0259tm\u0259kdir&#8221;.<\/p>\n","protected":false},"excerpt":{"rendered":"<p>&#8220;M\u0259qs\u0259d jurnalistin m\u00fcdafi\u0259sini z\u0259ifl\u0259tm\u0259kdir&#8221;<\/p>\n","protected":false},"author":11,"featured_media":21363,"comment_status":"closed","ping_status":"open","sticky":false,"template":"","format":"standard","meta":{"_acf_changed":false,"_sitemap_exclude":false,"_sitemap_priority":"","_sitemap_frequency":"","footnotes":""},"categories":[56],"tags":[],"class_list":["post-167226","post","type-post","status-publish","format-standard","has-post-thumbnail","hentry","category-xeberler","infinite-scroll-item","generate-columns","tablet-grid-50","mobile-grid-100","grid-parent","grid-33","no-featured-image-padding"],"acf":[],"yoast_head":"<!-- This site is optimized with the Yoast SEO plugin v28.3 - https:\/\/yoast.com\/product\/yoast-seo-wordpress\/ -->\n<title>Yal\u00e7\u0131n \u0130manovu X\u0259dic\u0259 \u0130smay\u0131l\u0131n v\u0259killiyind\u0259n k\u0259narla\u015fd\u0131rd\u0131lar - MEYDAN.TV<\/title>\n<meta name=\"robots\" content=\"index, follow, max-snippet:-1, max-image-preview:large, max-video-preview:-1\" \/>\n<link rel=\"canonical\" href=\"https:\/\/www.meydan.tv\/az\/article\/yalcin-imanovu-xedice-ismayilin-vekilliyinden-kenarlasdirdilar\/\" \/>\n<meta property=\"og:locale\" content=\"az_AZ\" \/>\n<meta property=\"og:type\" content=\"article\" \/>\n<meta property=\"og:title\" content=\"Yal\u00e7\u0131n \u0130manovu X\u0259dic\u0259 \u0130smay\u0131l\u0131n v\u0259killiyind\u0259n k\u0259narla\u015fd\u0131rd\u0131lar - MEYDAN.TV\" \/>\n<meta property=\"og:description\" content=\"&quot;M\u0259qs\u0259d jurnalistin m\u00fcdafi\u0259sini z\u0259ifl\u0259tm\u0259kdir&quot;\" \/>\n<meta property=\"og:url\" content=\"https:\/\/www.meydan.tv\/az\/article\/yalcin-imanovu-xedice-ismayilin-vekilliyinden-kenarlasdirdilar\/\" \/>\n<meta property=\"og:site_name\" content=\"MEYDAN.TV\" \/>\n<meta property=\"article:published_time\" content=\"2015-03-12T18:40:37+00:00\" \/>\n<meta property=\"og:image\" content=\"https:\/\/www.meydan.tv\/wp-content\/uploads\/7704.jpg\" \/>\n\t<meta property=\"og:image:width\" content=\"480\" \/>\n\t<meta property=\"og:image:height\" content=\"360\" \/>\n\t<meta property=\"og:image:type\" content=\"image\/jpeg\" \/>\n<meta name=\"twitter:card\" content=\"summary_large_image\" \/>\n<!-- \/ Yoast SEO plugin. -->","yoast_head_json":{"title":"Yal\u00e7\u0131n \u0130manovu X\u0259dic\u0259 \u0130smay\u0131l\u0131n v\u0259killiyind\u0259n k\u0259narla\u015fd\u0131rd\u0131lar - MEYDAN.TV","robots":{"index":"index","follow":"follow","max-snippet":"max-snippet:-1","max-image-preview":"max-image-preview:large","max-video-preview":"max-video-preview:-1"},"canonical":"https:\/\/www.meydan.tv\/az\/article\/yalcin-imanovu-xedice-ismayilin-vekilliyinden-kenarlasdirdilar\/","og_locale":"az_AZ","og_type":"article","og_title":"Yal\u00e7\u0131n \u0130manovu X\u0259dic\u0259 \u0130smay\u0131l\u0131n v\u0259killiyind\u0259n k\u0259narla\u015fd\u0131rd\u0131lar - MEYDAN.TV","og_description":"\"M\u0259qs\u0259d jurnalistin m\u00fcdafi\u0259sini z\u0259ifl\u0259tm\u0259kdir\"","og_url":"https:\/\/www.meydan.tv\/az\/article\/yalcin-imanovu-xedice-ismayilin-vekilliyinden-kenarlasdirdilar\/","og_site_name":"MEYDAN.TV","article_published_time":"2015-03-12T18:40:37+00:00","og_image":[{"width":480,"height":360,"url":"https:\/\/www.meydan.tv\/wp-content\/uploads\/7704.jpg","type":"image\/jpeg"}],"twitter_card":"summary_large_image","schema":{"@context":"https:\/\/schema.org","@graph":[{"@type":"Article","@id":"https:\/\/www.meydan.tv\/az\/article\/yalcin-imanovu-xedice-ismayilin-vekilliyinden-kenarlasdirdilar\/#article","isPartOf":{"@id":"https:\/\/www.meydan.tv\/az\/article\/yalcin-imanovu-xedice-ismayilin-vekilliyinden-kenarlasdirdilar\/"},"author":{"name":"user-manager","@id":"https:\/\/www.meydan.tv\/az\/#\/schema\/person\/10d11eccf6da3662cf5fdab9806ea91a"},"headline":"Yal\u00e7\u0131n \u0130manovu X\u0259dic\u0259 \u0130smay\u0131l\u0131n v\u0259killiyind\u0259n k\u0259narla\u015fd\u0131rd\u0131lar","datePublished":"2015-03-12T18:40:37+00:00","mainEntityOfPage":{"@id":"https:\/\/www.meydan.tv\/az\/article\/yalcin-imanovu-xedice-ismayilin-vekilliyinden-kenarlasdirdilar\/"},"wordCount":310,"publisher":{"@id":"https:\/\/www.meydan.tv\/az\/#organization"},"image":{"@id":"https:\/\/www.meydan.tv\/az\/article\/yalcin-imanovu-xedice-ismayilin-vekilliyinden-kenarlasdirdilar\/#primaryimage"},"thumbnailUrl":"https:\/\/www.meydan.tv\/wp-content\/uploads\/7704.jpg","articleSection":["X\u0259b\u0259rl\u0259r"],"inLanguage":"az"},{"@type":"WebPage","@id":"https:\/\/www.meydan.tv\/az\/article\/yalcin-imanovu-xedice-ismayilin-vekilliyinden-kenarlasdirdilar\/","url":"https:\/\/www.meydan.tv\/az\/article\/yalcin-imanovu-xedice-ismayilin-vekilliyinden-kenarlasdirdilar\/","name":"Yal\u00e7\u0131n \u0130manovu X\u0259dic\u0259 \u0130smay\u0131l\u0131n v\u0259killiyind\u0259n k\u0259narla\u015fd\u0131rd\u0131lar - MEYDAN.TV","isPartOf":{"@id":"https:\/\/www.meydan.tv\/az\/#website"},"primaryImageOfPage":{"@id":"https:\/\/www.meydan.tv\/az\/article\/yalcin-imanovu-xedice-ismayilin-vekilliyinden-kenarlasdirdilar\/#primaryimage"},"image":{"@id":"https:\/\/www.meydan.tv\/az\/article\/yalcin-imanovu-xedice-ismayilin-vekilliyinden-kenarlasdirdilar\/#primaryimage"},"thumbnailUrl":"https:\/\/www.meydan.tv\/wp-content\/uploads\/7704.jpg","datePublished":"2015-03-12T18:40:37+00:00","breadcrumb":{"@id":"https:\/\/www.meydan.tv\/az\/article\/yalcin-imanovu-xedice-ismayilin-vekilliyinden-kenarlasdirdilar\/#breadcrumb"},"inLanguage":"az","potentialAction":[{"@type":"ReadAction","target":["https:\/\/www.meydan.tv\/az\/article\/yalcin-imanovu-xedice-ismayilin-vekilliyinden-kenarlasdirdilar\/"]}]},{"@type":"ImageObject","inLanguage":"az","@id":"https:\/\/www.meydan.tv\/az\/article\/yalcin-imanovu-xedice-ismayilin-vekilliyinden-kenarlasdirdilar\/#primaryimage","url":"https:\/\/www.meydan.tv\/wp-content\/uploads\/7704.jpg","contentUrl":"https:\/\/www.meydan.tv\/wp-content\/uploads\/7704.jpg","width":480,"height":360,"caption":"Source:"},{"@type":"BreadcrumbList","@id":"https:\/\/www.meydan.tv\/az\/article\/yalcin-imanovu-xedice-ismayilin-vekilliyinden-kenarlasdirdilar\/#breadcrumb","itemListElement":[{"@type":"ListItem","position":1,"name":"Ana s\u0259hif\u0259","item":"https:\/\/www.meydan.tv\/az\/"},{"@type":"ListItem","position":2,"name":"X\u0259b\u0259rl\u0259r","item":"https:\/\/www.meydan.tv\/az\/section\/xeberler\/"},{"@type":"ListItem","position":3,"name":"Yal\u00e7\u0131n \u0130manovu X\u0259dic\u0259 \u0130smay\u0131l\u0131n v\u0259killiyind\u0259n k\u0259narla\u015fd\u0131rd\u0131lar"}]},{"@type":"WebSite","@id":"https:\/\/www.meydan.tv\/az\/#website","url":"https:\/\/www.meydan.tv\/az\/","name":"MEYDAN.TV","description":"Meydan TV Az\u0259rbaycan\u0131n media m\u0259kan\u0131ndak\u0131 alternativ s\u0259sidir","publisher":{"@id":"https:\/\/www.meydan.tv\/az\/#organization"},"potentialAction":[{"@type":"SearchAction","target":{"@type":"EntryPoint","urlTemplate":"https:\/\/www.meydan.tv\/az\/?s={search_term_string}"},"query-input":{"@type":"PropertyValueSpecification","valueRequired":true,"valueName":"search_term_string"}}],"inLanguage":"az"},{"@type":"Organization","@id":"https:\/\/www.meydan.tv\/az\/#organization","name":"Meydan TV","url":"https:\/\/www.meydan.tv\/az\/","logo":{"@type":"ImageObject","inLanguage":"az","@id":"https:\/\/www.meydan.tv\/az\/#\/schema\/logo\/image\/","url":"https:\/\/www.meydan.tv\/wp-content\/uploads\/2021\/07\/meydan-logo.svg","contentUrl":"https:\/\/www.meydan.tv\/wp-content\/uploads\/2021\/07\/meydan-logo.svg","width":195,"height":46,"caption":"Meydan TV"},"image":{"@id":"https:\/\/www.meydan.tv\/az\/#\/schema\/logo\/image\/"}},{"@type":"Person","@id":"https:\/\/www.meydan.tv\/az\/#\/schema\/person\/10d11eccf6da3662cf5fdab9806ea91a","name":"user-manager"}]}},"_links":{"self":[{"href":"https:\/\/www.meydan.tv\/az\/wp-json\/wp\/v2\/posts\/167226","targetHints":{"allow":["GET"]}}],"collection":[{"href":"https:\/\/www.meydan.tv\/az\/wp-json\/wp\/v2\/posts"}],"about":[{"href":"https:\/\/www.meydan.tv\/az\/wp-json\/wp\/v2\/types\/post"}],"author":[{"embeddable":true,"href":"https:\/\/www.meydan.tv\/az\/wp-json\/wp\/v2\/users\/11"}],"replies":[{"embeddable":true,"href":"https:\/\/www.meydan.tv\/az\/wp-json\/wp\/v2\/comments?post=167226"}],"version-history":[{"count":0,"href":"https:\/\/www.meydan.tv\/az\/wp-json\/wp\/v2\/posts\/167226\/revisions"}],"wp:featuredmedia":[{"embeddable":true,"href":"https:\/\/www.meydan.tv\/az\/wp-json\/wp\/v2\/media\/21363"}],"wp:attachment":[{"href":"https:\/\/www.meydan.tv\/az\/wp-json\/wp\/v2\/media?parent=167226"}],"wp:term":[{"taxonomy":"category","embeddable":true,"href":"https:\/\/www.meydan.tv\/az\/wp-json\/wp\/v2\/categories?post=167226"},{"taxonomy":"post_tag","embeddable":true,"href":"https:\/\/www.meydan.tv\/az\/wp-json\/wp\/v2\/tags?post=167226"}],"curies":[{"name":"wp","href":"https:\/\/api.w.org\/{rel}","templated":true}]}}