{"id":167223,"date":"2015-03-12T17:15:27","date_gmt":"2015-03-12T17:15:27","guid":{"rendered":"https:\/\/www.meydan.tv\/article\/qubad-ibadoglu-indiki-halda-12-nazirliyin-saxlanmasi-optimal-sayilir\/"},"modified":"2015-03-12T17:15:27","modified_gmt":"2015-03-12T17:15:27","slug":"qubad-ibadoglu-indiki-halda-12-nazirliyin-saxlanmasi-optimal-sayilir","status":"publish","type":"post","link":"https:\/\/www.meydan.tv\/az\/article\/qubad-ibadoglu-indiki-halda-12-nazirliyin-saxlanmasi-optimal-sayilir\/","title":{"rendered":"Qubad \u0130bado\u011flu: \u0130ndiki halda 12 nazirliyin saxlanmas\u0131 optimal say\u0131l\u0131r"},"content":{"rendered":"<figure class=\"wp-block-image size-large\">\n  <img decoding=\"async\" src=\"https:\/\/www.meydan.tv\/az\/21345\/\" alt=\"\" class=\"wp-image-21345\"\/><figcaption><\/figcaption><\/figure>\n<figure class=\"wp-block-image size-large\">\n  <img decoding=\"async\" src=\"https:\/\/www.meydan.tv\/az\/21345\/\" alt=\"\" class=\"wp-image-21345\"\/><figcaption><\/figcaption><\/figure>\n<p><div>\n    <i><br \/>\n      \u0130qtisad\u00e7\u0131\u00a0idar\u0259etm\u0259d\u0259 m\u0259rh\u0259l\u0259li islahatlara start verilm\u0259si t\u0259klifil\u0259 \u00e7\u0131x\u0131\u015f edib<br \/>\n    <\/i>\n  <\/div>\n<\/p>\n<p><div>\n    <br \/>\n    &#8220;Neft g\u0259lirl\u0259rinin azald\u0131\u011f\u0131 indiki m\u0259rh\u0259l\u0259d\u0259 d\u00f6vl\u0259t aparat\u0131n\u0131n saxlanmas\u0131 ciddi maliyy\u0259 t\u0259l\u0259b edir. \u0130ndiki halda 12 nazirliyin saxlanmas\u0131 optimal say\u0131l\u0131r&#8221;. Bunu \u00f6z Facebook s\u0259hif\u0259sind\u0259 iqtisad\u00e7\u0131 Qubad \u0130bado\u011flu yaz\u0131b. O, \u00f6lk\u0259d\u0259ki m\u00f6vcud iqtisadi situasiyadan ir\u0259li g\u0259l\u0259r\u0259k idar\u0259etm\u0259d\u0259 m\u0259rh\u0259l\u0259li islahatlara start verilm\u0259si t\u0259klifil\u0259 \u00e7\u0131x\u0131\u015f edib.\n  <\/div>\n<\/p>\n<p>\n  Qubad \u0130bado\u011flu Az\u0259rbaycanda 20 nazirliyin oldu\u011funu yazaraq, \u0130taliyada 14, Almaniya v\u0259 Bel\u00e7ikada 11, \u0130spaniyada 9 nazirlik oldu\u011funu qeyd edir. AB\u015e-da is\u0259 nazirlik s\u0259viyy\u0259sind\u0259 c\u0259mi 11 federal h\u00f6kum\u0259t qurumunun f\u0259aliyy\u0259t g\u00f6st\u0259rdiyini xat\u0131rlad\u0131r. Ona g\u00f6r\u0259 d\u0259 iqtisad\u00e7\u0131 Az\u0259rbaycanda 20 nazirliyin f\u0259aliyy\u0259t g\u00f6st\u0259rm\u0259si fakt\u0131n\u0131n \u00f6z\u00fcn\u00fcidar\u0259etm\u0259 x\u0259rcl\u0259rinin optimalla\u015fd\u0131r\u0131lmas\u0131 v\u0259 struktur islahatlar\u0131n\u0131n apar\u0131lmas\u0131 \u00fc\u00e7\u00fcn g\u00f6st\u0259rici adland\u0131r\u0131r.\n<\/p>\n<p>\n  \u0130qtisad\u00e7\u0131 m\u00fcdafi\u0259, daxili i\u015fl\u0259r, milli t\u0259hl\u00fck\u0259sizlik, \u0259dliyy\u0259, xarici i\u015fl\u0259r, maliyy\u0259, k\u0259nd t\u0259s\u0259rr\u00fcfat\u0131 v\u0259 \u0259rzaq, s\u0259hiyy\u0259, t\u0259hsil v\u0259 rifah, s\u0259naye, elm v\u0259 texnologiyalar, n\u0259qliyyat v\u0259 infrastruktur, vergi v\u0259 r\u00fcsumlar\u0131n t\u0259nziml\u0259nm\u0259si, \u0259m\u0259k nazirlikl\u0259rinin saxlanmas\u0131n\u0131 t\u0259klif edir.\n<\/p>\n<p>\n  Qubad \u0130bado\u011flu yax\u0131n vaxtlarda neftin qiym\u0259tind\u0259 ucuzla\u015fma, manat\u0131n d\u0259y\u0259rind\u0259 is\u0259 bahala\u015fma g\u00f6zl\u0259nilm\u0259diyini dey\u0259r\u0259k, bunun ail\u0259 v\u0259 biznesd\u0259 oldu\u011fu kimi h\u00f6k\u00fcm\u0259td\u0259 d\u0259 rasional x\u0259rcl\u0259m\u0259l\u0259r m\u00f6vzusunu aktualla\u015fd\u0131rd\u0131\u011f\u0131n\u0131 s\u00f6yl\u0259yib. O, b\u00fcdc\u0259 x\u0259rcl\u0259rinin optimalla\u015fd\u0131r\u0131lmas\u0131n\u0131 ixtisarlara v\u0259 \u0259m\u0259k haqq\u0131 g\u0259lirl\u0259rinin azalmas\u0131na yol verm\u0259d\u0259n idar\u0259etm\u0259d\u0259ki qurumlar\u0131n say\u0131n\u0131 z\u0259ruri h\u0259dd\u0259 saxlamaqda g\u00f6rd\u00fcy\u00fcn\u00fc bidlirir.\n<\/p>\n<div>\n<p>\n      \u00d6lk\u0259nin Nazirl\u0259r Kabinetinin t\u0259rkibin\u0259 b\u00fcdc\u0259d\u0259n maliyy\u0259l\u0259\u015f\u0259n 20 nazirlik, 10 d\u00f6vl\u0259t komit\u0259si, 2 d\u00f6vl\u0259t administrasiyas\u0131, 4 d\u00f6vl\u0259t xidm\u0259ti v\u0259 1 d\u00f6vl\u0259t fondu daxil oldu\u011funu, kabinetin t\u0259rkibind\u0259 m\u00fcxt\u0259lif adlarla yer alan m\u0259rk\u0259zi icra strukturlar\u0131n\u0131n say\u0131n\u0131n 37-y\u0259 \u00e7atd\u0131\u011f\u0131n\u0131 dey\u0259n iqtisad\u00e7\u0131 bel\u0259 \u201c\u015fi\u015fkin idar\u0259etm\u0259 aparat\u0131na\u201d ehtiyac olmad\u0131\u011f\u0131n\u0131 vur\u011fulay\u0131r.\n    <\/p>\n<\/p><\/div><\/p>\n","protected":false},"excerpt":{"rendered":"<p>\u0130qtisad\u00e7\u0131 idar\u0259etm\u0259d\u0259 m\u0259rh\u0259l\u0259li islahatlara start verilm\u0259si t\u0259klifil\u0259 \u00e7\u0131x\u0131\u015f edib<\/p>\n","protected":false},"author":11,"featured_media":21345,"comment_status":"closed","ping_status":"open","sticky":false,"template":"","format":"standard","meta":{"_acf_changed":false,"_sitemap_exclude":false,"_sitemap_priority":"","_sitemap_frequency":"","footnotes":""},"categories":[56],"tags":[],"class_list":["post-167223","post","type-post","status-publish","format-standard","has-post-thumbnail","hentry","category-xeberler","infinite-scroll-item","generate-columns","tablet-grid-50","mobile-grid-100","grid-parent","grid-33","no-featured-image-padding"],"acf":[],"yoast_head":"<!-- This site is optimized with the Yoast SEO plugin v28.3 - https:\/\/yoast.com\/product\/yoast-seo-wordpress\/ -->\n<title>Qubad \u0130bado\u011flu: \u0130ndiki halda 12 nazirliyin saxlanmas\u0131 optimal say\u0131l\u0131r - MEYDAN.TV<\/title>\n<meta name=\"robots\" content=\"index, follow, max-snippet:-1, max-image-preview:large, max-video-preview:-1\" \/>\n<link rel=\"canonical\" href=\"https:\/\/www.meydan.tv\/az\/article\/qubad-ibadoglu-indiki-halda-12-nazirliyin-saxlanmasi-optimal-sayilir\/\" \/>\n<meta property=\"og:locale\" content=\"az_AZ\" \/>\n<meta property=\"og:type\" content=\"article\" \/>\n<meta property=\"og:title\" content=\"Qubad \u0130bado\u011flu: \u0130ndiki halda 12 nazirliyin saxlanmas\u0131 optimal say\u0131l\u0131r - MEYDAN.TV\" \/>\n<meta property=\"og:description\" content=\"\u0130qtisad\u00e7\u0131 idar\u0259etm\u0259d\u0259 m\u0259rh\u0259l\u0259li islahatlara start verilm\u0259si t\u0259klifil\u0259 \u00e7\u0131x\u0131\u015f edib\" \/>\n<meta property=\"og:url\" content=\"https:\/\/www.meydan.tv\/az\/article\/qubad-ibadoglu-indiki-halda-12-nazirliyin-saxlanmasi-optimal-sayilir\/\" \/>\n<meta property=\"og:site_name\" content=\"MEYDAN.TV\" \/>\n<meta property=\"article:published_time\" content=\"2015-03-12T17:15:27+00:00\" \/>\n<meta property=\"og:image\" content=\"https:\/\/www.meydan.tv\/wp-content\/uploads\/7698.jpg\" \/>\n\t<meta property=\"og:image:width\" content=\"440\" \/>\n\t<meta property=\"og:image:height\" content=\"300\" \/>\n\t<meta property=\"og:image:type\" content=\"image\/jpeg\" \/>\n<meta name=\"twitter:card\" content=\"summary_large_image\" \/>\n<!-- \/ Yoast SEO plugin. -->","yoast_head_json":{"title":"Qubad \u0130bado\u011flu: \u0130ndiki halda 12 nazirliyin saxlanmas\u0131 optimal say\u0131l\u0131r - MEYDAN.TV","robots":{"index":"index","follow":"follow","max-snippet":"max-snippet:-1","max-image-preview":"max-image-preview:large","max-video-preview":"max-video-preview:-1"},"canonical":"https:\/\/www.meydan.tv\/az\/article\/qubad-ibadoglu-indiki-halda-12-nazirliyin-saxlanmasi-optimal-sayilir\/","og_locale":"az_AZ","og_type":"article","og_title":"Qubad \u0130bado\u011flu: \u0130ndiki halda 12 nazirliyin saxlanmas\u0131 optimal say\u0131l\u0131r - MEYDAN.TV","og_description":"\u0130qtisad\u00e7\u0131 idar\u0259etm\u0259d\u0259 m\u0259rh\u0259l\u0259li islahatlara start verilm\u0259si t\u0259klifil\u0259 \u00e7\u0131x\u0131\u015f edib","og_url":"https:\/\/www.meydan.tv\/az\/article\/qubad-ibadoglu-indiki-halda-12-nazirliyin-saxlanmasi-optimal-sayilir\/","og_site_name":"MEYDAN.TV","article_published_time":"2015-03-12T17:15:27+00:00","og_image":[{"width":440,"height":300,"url":"https:\/\/www.meydan.tv\/wp-content\/uploads\/7698.jpg","type":"image\/jpeg"}],"twitter_card":"summary_large_image","schema":{"@context":"https:\/\/schema.org","@graph":[{"@type":"Article","@id":"https:\/\/www.meydan.tv\/az\/article\/qubad-ibadoglu-indiki-halda-12-nazirliyin-saxlanmasi-optimal-sayilir\/#article","isPartOf":{"@id":"https:\/\/www.meydan.tv\/az\/article\/qubad-ibadoglu-indiki-halda-12-nazirliyin-saxlanmasi-optimal-sayilir\/"},"author":{"name":"user-manager","@id":"https:\/\/www.meydan.tv\/az\/#\/schema\/person\/10d11eccf6da3662cf5fdab9806ea91a"},"headline":"Qubad \u0130bado\u011flu: \u0130ndiki halda 12 nazirliyin saxlanmas\u0131 optimal say\u0131l\u0131r","datePublished":"2015-03-12T17:15:27+00:00","mainEntityOfPage":{"@id":"https:\/\/www.meydan.tv\/az\/article\/qubad-ibadoglu-indiki-halda-12-nazirliyin-saxlanmasi-optimal-sayilir\/"},"wordCount":415,"publisher":{"@id":"https:\/\/www.meydan.tv\/az\/#organization"},"image":{"@id":"https:\/\/www.meydan.tv\/az\/article\/qubad-ibadoglu-indiki-halda-12-nazirliyin-saxlanmasi-optimal-sayilir\/#primaryimage"},"thumbnailUrl":"https:\/\/www.meydan.tv\/wp-content\/uploads\/7698.jpg","articleSection":["X\u0259b\u0259rl\u0259r"],"inLanguage":"az"},{"@type":"WebPage","@id":"https:\/\/www.meydan.tv\/az\/article\/qubad-ibadoglu-indiki-halda-12-nazirliyin-saxlanmasi-optimal-sayilir\/","url":"https:\/\/www.meydan.tv\/az\/article\/qubad-ibadoglu-indiki-halda-12-nazirliyin-saxlanmasi-optimal-sayilir\/","name":"Qubad \u0130bado\u011flu: \u0130ndiki halda 12 nazirliyin saxlanmas\u0131 optimal say\u0131l\u0131r - MEYDAN.TV","isPartOf":{"@id":"https:\/\/www.meydan.tv\/az\/#website"},"primaryImageOfPage":{"@id":"https:\/\/www.meydan.tv\/az\/article\/qubad-ibadoglu-indiki-halda-12-nazirliyin-saxlanmasi-optimal-sayilir\/#primaryimage"},"image":{"@id":"https:\/\/www.meydan.tv\/az\/article\/qubad-ibadoglu-indiki-halda-12-nazirliyin-saxlanmasi-optimal-sayilir\/#primaryimage"},"thumbnailUrl":"https:\/\/www.meydan.tv\/wp-content\/uploads\/7698.jpg","datePublished":"2015-03-12T17:15:27+00:00","breadcrumb":{"@id":"https:\/\/www.meydan.tv\/az\/article\/qubad-ibadoglu-indiki-halda-12-nazirliyin-saxlanmasi-optimal-sayilir\/#breadcrumb"},"inLanguage":"az","potentialAction":[{"@type":"ReadAction","target":["https:\/\/www.meydan.tv\/az\/article\/qubad-ibadoglu-indiki-halda-12-nazirliyin-saxlanmasi-optimal-sayilir\/"]}]},{"@type":"ImageObject","inLanguage":"az","@id":"https:\/\/www.meydan.tv\/az\/article\/qubad-ibadoglu-indiki-halda-12-nazirliyin-saxlanmasi-optimal-sayilir\/#primaryimage","url":"https:\/\/www.meydan.tv\/wp-content\/uploads\/7698.jpg","contentUrl":"https:\/\/www.meydan.tv\/wp-content\/uploads\/7698.jpg","width":440,"height":300,"caption":"Source:"},{"@type":"BreadcrumbList","@id":"https:\/\/www.meydan.tv\/az\/article\/qubad-ibadoglu-indiki-halda-12-nazirliyin-saxlanmasi-optimal-sayilir\/#breadcrumb","itemListElement":[{"@type":"ListItem","position":1,"name":"Ana s\u0259hif\u0259","item":"https:\/\/www.meydan.tv\/az\/"},{"@type":"ListItem","position":2,"name":"X\u0259b\u0259rl\u0259r","item":"https:\/\/www.meydan.tv\/az\/section\/xeberler\/"},{"@type":"ListItem","position":3,"name":"Qubad \u0130bado\u011flu: \u0130ndiki halda 12 nazirliyin saxlanmas\u0131 optimal say\u0131l\u0131r"}]},{"@type":"WebSite","@id":"https:\/\/www.meydan.tv\/az\/#website","url":"https:\/\/www.meydan.tv\/az\/","name":"MEYDAN.TV","description":"Meydan TV Az\u0259rbaycan\u0131n media m\u0259kan\u0131ndak\u0131 alternativ s\u0259sidir","publisher":{"@id":"https:\/\/www.meydan.tv\/az\/#organization"},"potentialAction":[{"@type":"SearchAction","target":{"@type":"EntryPoint","urlTemplate":"https:\/\/www.meydan.tv\/az\/?s={search_term_string}"},"query-input":{"@type":"PropertyValueSpecification","valueRequired":true,"valueName":"search_term_string"}}],"inLanguage":"az"},{"@type":"Organization","@id":"https:\/\/www.meydan.tv\/az\/#organization","name":"Meydan TV","url":"https:\/\/www.meydan.tv\/az\/","logo":{"@type":"ImageObject","inLanguage":"az","@id":"https:\/\/www.meydan.tv\/az\/#\/schema\/logo\/image\/","url":"https:\/\/www.meydan.tv\/wp-content\/uploads\/2021\/07\/meydan-logo.svg","contentUrl":"https:\/\/www.meydan.tv\/wp-content\/uploads\/2021\/07\/meydan-logo.svg","width":195,"height":46,"caption":"Meydan TV"},"image":{"@id":"https:\/\/www.meydan.tv\/az\/#\/schema\/logo\/image\/"}},{"@type":"Person","@id":"https:\/\/www.meydan.tv\/az\/#\/schema\/person\/10d11eccf6da3662cf5fdab9806ea91a","name":"user-manager"}]}},"_links":{"self":[{"href":"https:\/\/www.meydan.tv\/az\/wp-json\/wp\/v2\/posts\/167223","targetHints":{"allow":["GET"]}}],"collection":[{"href":"https:\/\/www.meydan.tv\/az\/wp-json\/wp\/v2\/posts"}],"about":[{"href":"https:\/\/www.meydan.tv\/az\/wp-json\/wp\/v2\/types\/post"}],"author":[{"embeddable":true,"href":"https:\/\/www.meydan.tv\/az\/wp-json\/wp\/v2\/users\/11"}],"replies":[{"embeddable":true,"href":"https:\/\/www.meydan.tv\/az\/wp-json\/wp\/v2\/comments?post=167223"}],"version-history":[{"count":0,"href":"https:\/\/www.meydan.tv\/az\/wp-json\/wp\/v2\/posts\/167223\/revisions"}],"wp:featuredmedia":[{"embeddable":true,"href":"https:\/\/www.meydan.tv\/az\/wp-json\/wp\/v2\/media\/21345"}],"wp:attachment":[{"href":"https:\/\/www.meydan.tv\/az\/wp-json\/wp\/v2\/media?parent=167223"}],"wp:term":[{"taxonomy":"category","embeddable":true,"href":"https:\/\/www.meydan.tv\/az\/wp-json\/wp\/v2\/categories?post=167223"},{"taxonomy":"post_tag","embeddable":true,"href":"https:\/\/www.meydan.tv\/az\/wp-json\/wp\/v2\/tags?post=167223"}],"curies":[{"name":"wp","href":"https:\/\/api.w.org\/{rel}","templated":true}]}}