{"id":167222,"date":"2015-03-12T16:51:13","date_gmt":"2015-03-12T16:51:13","guid":{"rendered":"https:\/\/www.meydan.tv\/article\/hadi-recebli-fikirlerinin-konteksden-cixarildigini-deyir\/"},"modified":"2015-03-12T16:51:13","modified_gmt":"2015-03-12T16:51:13","slug":"hadi-recebli-fikirlerinin-konteksden-cixarildigini-deyir","status":"publish","type":"post","link":"https:\/\/www.meydan.tv\/az\/article\/hadi-recebli-fikirlerinin-konteksden-cixarildigini-deyir\/","title":{"rendered":"Had\u0131 R\u0259c\u0259bli fikirl\u0259rinin konteksd\u0259n \u00e7\u0131xar\u0131ld\u0131\u011f\u0131n\u0131 deyir"},"content":{"rendered":"<figure class=\"wp-block-image size-large\">\n  <img decoding=\"async\" src=\"https:\/\/www.meydan.tv\/az\/21351\/\" alt=\"\" class=\"wp-image-21351\"\/><figcaption><\/figcaption><\/figure>\n<figure class=\"wp-block-image size-large\">\n  <img decoding=\"async\" src=\"https:\/\/www.meydan.tv\/az\/21351\/\" alt=\"\" class=\"wp-image-21351\"\/><figcaption><\/figcaption><\/figure>\n<p>\n  <i><br \/>\n    &#8220;B\u0259zi media orqanlar\u0131 bil\u0259r\u0259kd\u0259n m\u0259nim dedikl\u0259rimi m\u00fc\u0259lliml\u0259r\u0259 m\u0259nfi m\u0259nada y\u00f6n\u0259ltm\u0259y\u0259 \u00e7al\u0131\u015f\u0131blar&#8221;<br \/>\n  <\/i>\n<\/p>\n<p><div>\n    \u201cM\u0259n m\u00fc\u0259llim ail\u0259sind\u0259 b\u00f6y\u00fcm\u00fc\u015f\u0259m. D\u00f6rd qarda\u015f\u0131m\u0131n xan\u0131mlar\u0131, iki bac\u0131m, q\u0131z\u0131m, o\u011flanlar\u0131m\u0131n xan\u0131mlar\u0131, h\u0259yat yolda\u015f\u0131m m\u00fc\u0259llim\u0259dirl\u0259r. \u00d6z\u00fcm d\u0259 m\u00fc\u0259llim\u0259m, bu adla f\u0259xr edir\u0259m, d\u0259rs deyir\u0259m\u201d.\n  <\/div>\n<\/p>\n<p><div><\/div>\n<\/p>\n<p><div>\n    Bunu APA-ya a\u00e7\u0131qlamas\u0131nda Az\u0259rbaycan Milli M\u0259clisinin Sosial Siyas\u0259t Komit\u0259sinin s\u0259dri Had\u0131 R\u0259c\u0259bli sonuncu m\u00fcsahib\u0259sind\u0259 m\u00fc\u0259lliml\u0259rl\u0259 ba\u011fl\u0131 fikirl\u0259rinin yaratd\u0131\u011f\u0131 m\u00fczakir\u0259l\u0259r\u0259 cavab olaraq bildirib.\n  <\/div>\n<\/p>\n<p><div><\/div>\n<\/p>\n<p><div>\n    H.R\u0259c\u0259bli qeyd edib ki, onun m\u00fcsahib\u0259si q\u0259tiyy\u0259n m\u00fc\u0259lliml\u0259r\u0259 h\u0259sr olunmay\u0131b: \u201cB\u0259zi media orqanlar\u0131 bil\u0259r\u0259kd\u0259n m\u0259nim dedikl\u0259rimi kontekstd\u0259n \u00e7\u0131xararaq, bunu m\u00fc\u0259lliml\u0259r\u0259 m\u0259nfi m\u0259nada y\u00f6n\u0259ltm\u0259y\u0259 \u00e7al\u0131\u015f\u0131blar. M\u00fcsahib\u0259nin yaln\u0131z bir c\u00fcml\u0259si tan\u0131d\u0131\u011f\u0131m bir m\u00fc\u0259llimin ustal\u0131\u011f\u0131ndan b\u0259hs edib\u201d.\n  <\/div>\n<\/p>\n<p><div><\/div>\n<\/p>\n<p><div>\n    Deputat deyib ki, Az\u0259rbaycan prezidenti bu yax\u0131nlarda m\u00fc\u0259lliml\u0259rin maa\u015flar\u0131n\u0131n artmas\u0131 il\u0259 ba\u011fl\u0131 s\u0259r\u0259ncam imzalay\u0131b: \u201cBu s\u00f6hb\u0259t g\u00fcnd\u0259md\u0259 buna g\u00f6r\u0259 ola bil\u0259r. Prezidentimiz m\u00fc\u0259lliml\u0259rin maa\u015flar\u0131n\u0131n art\u0131r\u0131lmas\u0131 il\u0259 ba\u011fl\u0131 m\u00fct\u0259madi s\u0259r\u0259ncamlar imzalay\u0131r. M\u00fc\u0259lliml\u0259rin d\u0259 dig\u0259r sah\u0259l\u0259rd\u0259 \u00e7al\u0131\u015fanlar kimi sosial rifah\u0131n\u0131n yax\u015f\u0131la\u015fd\u0131r\u0131lmas\u0131 h\u0259mi\u015f\u0259 d\u00f6vl\u0259tin g\u00fcnd\u0259mind\u0259dir. M\u0259nim m\u00fcsahib\u0259min is\u0259 f\u0259ls\u0259f\u0259si odur ki, adamlar q\u0259na\u0259tcil olmal\u0131, \u00e7ox pul qazanmaq \u00fc\u00e7\u00fcn daha \u00e7ox \u00e7al\u0131\u015fmal\u0131d\u0131rlar\u201d.\n  <\/div>\n<\/p>\n<div>\n<div><\/div>\n<div>\n      H.R\u0259c\u0259bli bildirib ki, o da \u0259m\u0259k f\u0259aliyy\u0259tin\u0259 15 ya\u015f\u0131ndan f\u0259hl\u0259 kimi ba\u015flay\u0131b: \u201cM\u0259nim m\u00fcsahib\u0259m m\u00fc\u0259lliml\u0259r\u0259 y\u00f6n\u0259lmi\u015f deyil. M\u0259n m\u00fcsahib\u0259d\u0259 insanlar\u0131n \u0259m\u0259kd\u0259n utanmal\u0131 olmad\u0131qlar\u0131n\u0131, \u00e7al\u0131\u015fma\u011fa h\u0259v\u0259sli olmalar\u0131n\u0131 qeyd el\u0259mi\u015f\u0259m. M\u00fcsahib\u0259ni kontekstd\u0259n \u00e7\u0131xar\u0131rlar. H\u0259min adamlara dem\u0259k ist\u0259y\u0259r\u0259m ki, t\u0259xribata, t\u0259hrik\u00e7iliy\u0259 son qoysunlar\u201d.\n    <\/div>\n<div><\/div>\n<\/p><\/div><\/p>\n","protected":false},"excerpt":{"rendered":"<p>&#8220;B\u0259zi media orqanlar\u0131 bil\u0259r\u0259kd\u0259n m\u0259nim dedikl\u0259rimi m\u00fc\u0259lliml\u0259r\u0259 m\u0259nfi m\u0259nada y\u00f6n\u0259ltm\u0259y\u0259 \u00e7al\u0131\u015f\u0131blar&#8221;<\/p>\n","protected":false},"author":11,"featured_media":21351,"comment_status":"closed","ping_status":"open","sticky":false,"template":"","format":"standard","meta":{"_acf_changed":false,"_sitemap_exclude":false,"_sitemap_priority":"","_sitemap_frequency":"","footnotes":""},"categories":[56],"tags":[],"class_list":["post-167222","post","type-post","status-publish","format-standard","has-post-thumbnail","hentry","category-xeberler","infinite-scroll-item","generate-columns","tablet-grid-50","mobile-grid-100","grid-parent","grid-33","no-featured-image-padding"],"acf":[],"yoast_head":"<!-- This site is optimized with the Yoast SEO plugin v28.3 - https:\/\/yoast.com\/product\/yoast-seo-wordpress\/ -->\n<title>Had\u0131 R\u0259c\u0259bli fikirl\u0259rinin konteksd\u0259n \u00e7\u0131xar\u0131ld\u0131\u011f\u0131n\u0131 deyir - MEYDAN.TV<\/title>\n<meta name=\"robots\" content=\"index, follow, max-snippet:-1, max-image-preview:large, max-video-preview:-1\" \/>\n<link rel=\"canonical\" href=\"https:\/\/www.meydan.tv\/az\/article\/hadi-recebli-fikirlerinin-konteksden-cixarildigini-deyir\/\" \/>\n<meta property=\"og:locale\" content=\"az_AZ\" \/>\n<meta property=\"og:type\" content=\"article\" \/>\n<meta property=\"og:title\" content=\"Had\u0131 R\u0259c\u0259bli fikirl\u0259rinin konteksd\u0259n \u00e7\u0131xar\u0131ld\u0131\u011f\u0131n\u0131 deyir - MEYDAN.TV\" \/>\n<meta property=\"og:description\" content=\"&quot;B\u0259zi media orqanlar\u0131 bil\u0259r\u0259kd\u0259n m\u0259nim dedikl\u0259rimi m\u00fc\u0259lliml\u0259r\u0259 m\u0259nfi m\u0259nada y\u00f6n\u0259ltm\u0259y\u0259 \u00e7al\u0131\u015f\u0131blar&quot;\" \/>\n<meta property=\"og:url\" content=\"https:\/\/www.meydan.tv\/az\/article\/hadi-recebli-fikirlerinin-konteksden-cixarildigini-deyir\/\" \/>\n<meta property=\"og:site_name\" content=\"MEYDAN.TV\" \/>\n<meta property=\"article:published_time\" content=\"2015-03-12T16:51:13+00:00\" \/>\n<meta property=\"og:image\" content=\"https:\/\/www.meydan.tv\/wp-content\/uploads\/7697.jpg\" \/>\n\t<meta property=\"og:image:width\" content=\"448\" \/>\n\t<meta property=\"og:image:height\" content=\"336\" \/>\n\t<meta property=\"og:image:type\" content=\"image\/jpeg\" \/>\n<meta name=\"twitter:card\" content=\"summary_large_image\" \/>\n<!-- \/ Yoast SEO plugin. -->","yoast_head_json":{"title":"Had\u0131 R\u0259c\u0259bli fikirl\u0259rinin konteksd\u0259n \u00e7\u0131xar\u0131ld\u0131\u011f\u0131n\u0131 deyir - MEYDAN.TV","robots":{"index":"index","follow":"follow","max-snippet":"max-snippet:-1","max-image-preview":"max-image-preview:large","max-video-preview":"max-video-preview:-1"},"canonical":"https:\/\/www.meydan.tv\/az\/article\/hadi-recebli-fikirlerinin-konteksden-cixarildigini-deyir\/","og_locale":"az_AZ","og_type":"article","og_title":"Had\u0131 R\u0259c\u0259bli fikirl\u0259rinin konteksd\u0259n \u00e7\u0131xar\u0131ld\u0131\u011f\u0131n\u0131 deyir - MEYDAN.TV","og_description":"\"B\u0259zi media orqanlar\u0131 bil\u0259r\u0259kd\u0259n m\u0259nim dedikl\u0259rimi m\u00fc\u0259lliml\u0259r\u0259 m\u0259nfi m\u0259nada y\u00f6n\u0259ltm\u0259y\u0259 \u00e7al\u0131\u015f\u0131blar\"","og_url":"https:\/\/www.meydan.tv\/az\/article\/hadi-recebli-fikirlerinin-konteksden-cixarildigini-deyir\/","og_site_name":"MEYDAN.TV","article_published_time":"2015-03-12T16:51:13+00:00","og_image":[{"width":448,"height":336,"url":"https:\/\/www.meydan.tv\/wp-content\/uploads\/7697.jpg","type":"image\/jpeg"}],"twitter_card":"summary_large_image","schema":{"@context":"https:\/\/schema.org","@graph":[{"@type":"Article","@id":"https:\/\/www.meydan.tv\/az\/article\/hadi-recebli-fikirlerinin-konteksden-cixarildigini-deyir\/#article","isPartOf":{"@id":"https:\/\/www.meydan.tv\/az\/article\/hadi-recebli-fikirlerinin-konteksden-cixarildigini-deyir\/"},"author":{"name":"user-manager","@id":"https:\/\/www.meydan.tv\/az\/#\/schema\/person\/10d11eccf6da3662cf5fdab9806ea91a"},"headline":"Had\u0131 R\u0259c\u0259bli fikirl\u0259rinin konteksd\u0259n \u00e7\u0131xar\u0131ld\u0131\u011f\u0131n\u0131 deyir","datePublished":"2015-03-12T16:51:13+00:00","mainEntityOfPage":{"@id":"https:\/\/www.meydan.tv\/az\/article\/hadi-recebli-fikirlerinin-konteksden-cixarildigini-deyir\/"},"wordCount":400,"publisher":{"@id":"https:\/\/www.meydan.tv\/az\/#organization"},"image":{"@id":"https:\/\/www.meydan.tv\/az\/article\/hadi-recebli-fikirlerinin-konteksden-cixarildigini-deyir\/#primaryimage"},"thumbnailUrl":"https:\/\/www.meydan.tv\/wp-content\/uploads\/7697.jpg","articleSection":["X\u0259b\u0259rl\u0259r"],"inLanguage":"az"},{"@type":"WebPage","@id":"https:\/\/www.meydan.tv\/az\/article\/hadi-recebli-fikirlerinin-konteksden-cixarildigini-deyir\/","url":"https:\/\/www.meydan.tv\/az\/article\/hadi-recebli-fikirlerinin-konteksden-cixarildigini-deyir\/","name":"Had\u0131 R\u0259c\u0259bli fikirl\u0259rinin konteksd\u0259n \u00e7\u0131xar\u0131ld\u0131\u011f\u0131n\u0131 deyir - MEYDAN.TV","isPartOf":{"@id":"https:\/\/www.meydan.tv\/az\/#website"},"primaryImageOfPage":{"@id":"https:\/\/www.meydan.tv\/az\/article\/hadi-recebli-fikirlerinin-konteksden-cixarildigini-deyir\/#primaryimage"},"image":{"@id":"https:\/\/www.meydan.tv\/az\/article\/hadi-recebli-fikirlerinin-konteksden-cixarildigini-deyir\/#primaryimage"},"thumbnailUrl":"https:\/\/www.meydan.tv\/wp-content\/uploads\/7697.jpg","datePublished":"2015-03-12T16:51:13+00:00","breadcrumb":{"@id":"https:\/\/www.meydan.tv\/az\/article\/hadi-recebli-fikirlerinin-konteksden-cixarildigini-deyir\/#breadcrumb"},"inLanguage":"az","potentialAction":[{"@type":"ReadAction","target":["https:\/\/www.meydan.tv\/az\/article\/hadi-recebli-fikirlerinin-konteksden-cixarildigini-deyir\/"]}]},{"@type":"ImageObject","inLanguage":"az","@id":"https:\/\/www.meydan.tv\/az\/article\/hadi-recebli-fikirlerinin-konteksden-cixarildigini-deyir\/#primaryimage","url":"https:\/\/www.meydan.tv\/wp-content\/uploads\/7697.jpg","contentUrl":"https:\/\/www.meydan.tv\/wp-content\/uploads\/7697.jpg","width":448,"height":336,"caption":"Source:"},{"@type":"BreadcrumbList","@id":"https:\/\/www.meydan.tv\/az\/article\/hadi-recebli-fikirlerinin-konteksden-cixarildigini-deyir\/#breadcrumb","itemListElement":[{"@type":"ListItem","position":1,"name":"Ana s\u0259hif\u0259","item":"https:\/\/www.meydan.tv\/az\/"},{"@type":"ListItem","position":2,"name":"X\u0259b\u0259rl\u0259r","item":"https:\/\/www.meydan.tv\/az\/section\/xeberler\/"},{"@type":"ListItem","position":3,"name":"Had\u0131 R\u0259c\u0259bli fikirl\u0259rinin konteksd\u0259n \u00e7\u0131xar\u0131ld\u0131\u011f\u0131n\u0131 deyir"}]},{"@type":"WebSite","@id":"https:\/\/www.meydan.tv\/az\/#website","url":"https:\/\/www.meydan.tv\/az\/","name":"MEYDAN.TV","description":"Meydan TV Az\u0259rbaycan\u0131n media m\u0259kan\u0131ndak\u0131 alternativ s\u0259sidir","publisher":{"@id":"https:\/\/www.meydan.tv\/az\/#organization"},"potentialAction":[{"@type":"SearchAction","target":{"@type":"EntryPoint","urlTemplate":"https:\/\/www.meydan.tv\/az\/?s={search_term_string}"},"query-input":{"@type":"PropertyValueSpecification","valueRequired":true,"valueName":"search_term_string"}}],"inLanguage":"az"},{"@type":"Organization","@id":"https:\/\/www.meydan.tv\/az\/#organization","name":"Meydan TV","url":"https:\/\/www.meydan.tv\/az\/","logo":{"@type":"ImageObject","inLanguage":"az","@id":"https:\/\/www.meydan.tv\/az\/#\/schema\/logo\/image\/","url":"https:\/\/www.meydan.tv\/wp-content\/uploads\/2021\/07\/meydan-logo.svg","contentUrl":"https:\/\/www.meydan.tv\/wp-content\/uploads\/2021\/07\/meydan-logo.svg","width":195,"height":46,"caption":"Meydan TV"},"image":{"@id":"https:\/\/www.meydan.tv\/az\/#\/schema\/logo\/image\/"}},{"@type":"Person","@id":"https:\/\/www.meydan.tv\/az\/#\/schema\/person\/10d11eccf6da3662cf5fdab9806ea91a","name":"user-manager"}]}},"_links":{"self":[{"href":"https:\/\/www.meydan.tv\/az\/wp-json\/wp\/v2\/posts\/167222","targetHints":{"allow":["GET"]}}],"collection":[{"href":"https:\/\/www.meydan.tv\/az\/wp-json\/wp\/v2\/posts"}],"about":[{"href":"https:\/\/www.meydan.tv\/az\/wp-json\/wp\/v2\/types\/post"}],"author":[{"embeddable":true,"href":"https:\/\/www.meydan.tv\/az\/wp-json\/wp\/v2\/users\/11"}],"replies":[{"embeddable":true,"href":"https:\/\/www.meydan.tv\/az\/wp-json\/wp\/v2\/comments?post=167222"}],"version-history":[{"count":0,"href":"https:\/\/www.meydan.tv\/az\/wp-json\/wp\/v2\/posts\/167222\/revisions"}],"wp:featuredmedia":[{"embeddable":true,"href":"https:\/\/www.meydan.tv\/az\/wp-json\/wp\/v2\/media\/21351"}],"wp:attachment":[{"href":"https:\/\/www.meydan.tv\/az\/wp-json\/wp\/v2\/media?parent=167222"}],"wp:term":[{"taxonomy":"category","embeddable":true,"href":"https:\/\/www.meydan.tv\/az\/wp-json\/wp\/v2\/categories?post=167222"},{"taxonomy":"post_tag","embeddable":true,"href":"https:\/\/www.meydan.tv\/az\/wp-json\/wp\/v2\/tags?post=167222"}],"curies":[{"name":"wp","href":"https:\/\/api.w.org\/{rel}","templated":true}]}}