{"id":167216,"date":"2015-03-12T15:44:39","date_gmt":"2015-03-12T15:44:39","guid":{"rendered":"https:\/\/www.meydan.tv\/article\/danisiqlar-prosesinde-dagliq-qarabag-ehalisinin-maraqlari-nezere-alinmalidir\/"},"modified":"2015-03-12T15:44:39","modified_gmt":"2015-03-12T15:44:39","slug":"danisiqlar-prosesinde-dagliq-qarabag-ehalisinin-maraqlari-nezere-alinmalidir","status":"publish","type":"post","link":"https:\/\/www.meydan.tv\/az\/article\/danisiqlar-prosesinde-dagliq-qarabag-ehalisinin-maraqlari-nezere-alinmalidir\/","title":{"rendered":"&#8220;Dan\u0131\u015f\u0131qlar prosesind\u0259 Da\u011fl\u0131q Qaraba\u011f \u0259halisinin maraqlar\u0131 n\u0259z\u0259r\u0259 al\u0131nmal\u0131d\u0131r&#8221;"},"content":{"rendered":"<figure class=\"wp-block-image size-large\">\n  <img decoding=\"async\" src=\"https:\/\/www.meydan.tv\/az\/21321\/\" alt=\"\" class=\"wp-image-21321\"\/><figcaption><\/figcaption><\/figure>\n<figure class=\"wp-block-image size-large\">\n  <img decoding=\"async\" src=\"https:\/\/www.meydan.tv\/az\/21321\/\" alt=\"\" class=\"wp-image-21321\"\/><figcaption><\/figcaption><\/figure>\n<p>\n  <i><br \/>\n    &#8220;T\u0259r\u0259fl\u0259rin bu v\u0259 dig\u0259r m\u0259s\u0259l\u0259l\u0259rd\u0259 raz\u0131l\u0131\u011fa g\u0259l\u0259 bil\u0259c\u0259kl\u0259rin\u0259 \u00fcmid edirik&#8221;<br \/>\n  <\/i>\n<\/p>\n<p>\n  <a href=\"http:\/\/az.apa.az\/tag\/AT%C6%8FT\"><br \/>\n    AT\u018fT<br \/>\n  <\/a><br \/>\n  -in Minsk Qrupunun amerikal\u0131 h\u0259ms\u0259dri Ceyms Uorlikin<br \/>\n  <a href=\"https:\/\/apa.az\"><br \/>\n    APA<br \/>\n  <\/a><br \/>\n  -ya m\u00fcsahib\u0259si\n<\/p>\n<p>\n  <b><br \/>\n    &#8211; B\u00f6lg\u0259y\u0259 son s\u0259f\u0259rinizd\u0259n sonra t\u0259mas x\u0259ttind\u0259ki son v\u0259ziyy\u0259ti nec\u0259 xarakteriz\u0259 ed\u0259rdiniz?<br \/>\n  <\/b>\n<\/p>\n<p>\n  &#8211; T\u0259mas x\u0259ttind\u0259 v\u0259ziyy\u0259t g\u0259rgin olaraq qal\u0131r, lakin yanvar ay\u0131n\u0131n sonundan stabill\u0259\u015fib. Biz t\u0259r\u0259fl\u0259ri s\u00fclh dan\u0131\u015f\u0131qlar\u0131na daha \u0259lveri\u015fli atmosfer yaratmaq \u00fc\u00e7\u00fcn at\u0259\u015fk\u0259s rejimin\u0259 \u0259m\u0259l etm\u0259y\u0259 \u00e7a\u011f\u0131r\u0131r\u0131q.\n<\/p>\n<p>\n  <b><br \/>\n    &#8211; Bu s\u0259f\u0259rd\u0259 m\u0259qs\u0259din t\u0259r\u0259fl\u0259ri at\u0259\u015fk\u0259s\u0259 sadiq qalma\u011fa \u00e7a\u011f\u0131rmaq oldu\u011fu bar\u0259d\u0259 b\u0259yanat verdiniz. B\u0259s s\u0259f\u0259r zaman\u0131 h\u0259r hans\u0131 konkret t\u0259klifl\u0259r s\u0259sl\u0259ndirildimi?<br \/>\n  <\/b>\n<\/p>\n<p>\n  &#8211; G\u00f6r\u00fc\u015fl\u0259rd\u0259 prezidentl\u0259r m\u00fcnaqi\u015f\u0259nin s\u00fclh yolu il\u0259 h\u0259llin\u0259 t\u0259r\u0259fdar olduqlar\u0131n\u0131 t\u0259sdiql\u0259dil\u0259r v\u0259 at\u0259\u015fk\u0259s rejiminin m\u00f6hk\u0259ml\u0259ndirilm\u0259si bar\u0259d\u0259 t\u0259klifl\u0259ri n\u0259z\u0259r\u0259 alacaqlar\u0131n\u0131 bildirdil\u0259r. Bizim t\u0259klifl\u0259rimiz g\u0259rginliyin artmas\u0131na \u015f\u0259rait yarada bil\u0259c\u0259k insidentl\u0259rin qar\u015f\u0131s\u0131n\u0131 alacaq. Biz \u00fcmid edirik ki, t\u0259r\u0259fl\u0259r bu v\u0259 dig\u0259r m\u0259s\u0259l\u0259l\u0259rd\u0259 raz\u0131l\u0131\u011fa g\u0259l\u0259 bil\u0259c\u0259kl\u0259r.\n<\/p>\n<p>\n  <b><br \/>\n    &#8211; S\u0259f\u0259riniz zaman\u0131 Beyn\u0259lxalq Q\u0131z\u0131l Xa\u00e7 Komit\u0259sinin \u0259m\u0259kda\u015flar\u0131 il\u0259 g\u00f6r\u00fc\u015fd\u00fcy\u00fcn\u00fcz\u00fc bildirdiniz.<br \/>\n  <\/b><br \/>\n  <b><br \/>\n    Daha \u00f6nc\u0259 AB\u015e d\u00f6vl\u0259t katibinin k\u00f6m\u0259k\u00e7isi Viktoria Nuland Erm\u0259nistan\u0131 humanitar jest olaraq az\u0259rbaycanl\u0131 girovlar\u0131 geri qaytarma\u011fa \u00e7a\u011f\u0131r\u0131b. Bununla ba\u011fl\u0131 proses n\u0259 yerd\u0259dir?<br \/>\n  <\/b>\n<\/p>\n<p>\n  &#8211; \u0130ki Az\u0259rbaycan v\u0259t\u0259nda\u015f\u0131 h\u0259l\u0259 d\u0259 h\u0259bsxanadad\u0131r. Biz h\u0259l\u0259 d\u0259 m\u00f6hk\u0259m inan\u0131r\u0131q ki, t\u0259r\u0259fl\u0259rin h\u0259bsd\u0259 saxlad\u0131qlar\u0131 b\u00fct\u00fcn m\u0259hbuslar\u0131 azad etm\u0259si vacib humanitar jest olar.\n<\/p>\n<p>\n  <b><br \/>\n    &#8211; Erm\u0259nistan t\u0259r\u0259fi Da\u011fl\u0131q Qaraba\u011fdak\u0131 de-fakto rejimin dan\u0131\u015f\u0131qlar prosesind\u0259 i\u015ftirak\u0131n\u0131 t\u0259l\u0259b edir.<br \/>\n  <\/b><br \/>\n  <b><br \/>\n    Bu m\u0259s\u0259l\u0259 dan\u0131\u015f\u0131qlar prosesin\u0259 n\u0259 d\u0259r\u0259c\u0259d\u0259 t\u0259sir ed\u0259c\u0259k?<br \/>\n  <\/b>\n<\/p>\n<p>\n  &#8211; Dan\u0131\u015f\u0131qlar prosesind\u0259<br \/>\n  <a href=\"http:\/\/az.apa.az\/tag\/Da%C4%9Fl%C4%B1q+Qaraba%C4%9F+\"><br \/>\n    Da\u011fl\u0131q Qaraba\u011f<br \/>\n  <\/a><br \/>\n  \u0259halisinin maraqlar\u0131 n\u0259z\u0259r\u0259 al\u0131nmal\u0131d\u0131r. M\u0259hz bu s\u0259b\u0259bd\u0259n h\u0259ms\u0259drl\u0259r Da\u011fl\u0131q Qaraba\u011fa s\u0259f\u0259r edir, de-fakto r\u0259hb\u0259rlik v\u0259 icman\u0131n dig\u0259r \u00fczvl\u0259ri il\u0259 g\u00f6r\u00fc\u015f\u00fcr.\n<\/p>\n<p>\n  <b><br \/>\n    &#8211; N\u00f6vb\u0259ti m\u0259rh\u0259l\u0259d\u0259 h\u0259r iki \u00f6lk\u0259 xarici i\u015fl\u0259r nazirl\u0259rinin g\u00f6r\u00fc\u015f\u00fc il\u0259 ba\u011fl\u0131 planlar varm\u0131?<br \/>\n  <\/b>\n<\/p>\n<p>\n  &#8211; Biz uy\u011fun bir vaxtda xarici i\u015fl\u0259r nazirl\u0259rini bir araya g\u0259tirm\u0259yi planla\u015fd\u0131r\u0131r\u0131q v\u0259 onlarla s\u0131x \u0259laq\u0259 m\u00f6vcuddur. Baxmayaraq ki, biz bel\u0259 bir dialoqu faydal\u0131 hesab edirik, lakin n\u0259tic\u0259d\u0259 g\u00f6r\u00fc\u015f\u00fcb-g\u00f6r\u00fc\u015fm\u0259m\u0259k onlar\u0131n q\u0259rar\u0131d\u0131r.\n<\/p>\n<p>\n  <b><br \/>\n    &#8211; B\u0259yanat\u0131n\u0131zda bu ilin sonlar\u0131na yax\u0131n prezidentl\u0259rin g\u00f6r\u00fc\u015f\u00fcn\u00fcn t\u0259\u015fkilin\u0259 dair planlar\u0131n\u0131z\u0131 a\u00e7\u0131qlad\u0131n\u0131z.<br \/>\n  <\/b><br \/>\n  <b><br \/>\n    Bu istiqam\u0259td\u0259 haz\u0131rl\u0131q prosesi hans\u0131 \u015f\u0259kild\u0259 apar\u0131lacaq v\u0259 bu g\u00f6r\u00fc\u015f n\u0259 zaman planla\u015fd\u0131r\u0131l\u0131r? Son m\u00fcsahib\u0259l\u0259rinizd\u0259 g\u00f6r\u00fc\u015f namin\u0259 g\u00f6r\u00fc\u015f ist\u0259m\u0259diyinizi a\u00e7\u0131qlam\u0131\u015fd\u0131n\u0131z. Bu g\u00f6r\u00fc\u015fl\u0259rin g\u00f6r\u00fc\u015f namin\u0259 olmamas\u0131 \u00fc\u00e7\u00fcn hans\u0131 planlar\u0131n\u0131z var?<br \/>\n  <\/b>\n<\/p>\n<p>\n  &#8211; 2014-c\u00fc ilin oktyabr\u0131nda Paris g\u00f6r\u00fc\u015f\u00fcnd\u0259 prezidentl\u0259r bu il dialoqu inki\u015faf etdirm\u0259y\u0259 t\u0259r\u0259fdar olduqlar\u0131n\u0131 a\u00e7\u0131qlad\u0131lar. H\u0259ms\u0259drl\u0259rin regiona son s\u0259f\u0259rl\u0259ri zaman\u0131 is\u0259 onlar bu il \u0259rzind\u0259 g\u00f6r\u00fc\u015fm\u0259y\u0259 haz\u0131r olduqlar\u0131n\u0131 bir daha t\u0259sdiql\u0259dil\u0259r. Biz \u0259sas m\u0259s\u0259l\u0259l\u0259rd\u0259 t\u0259r\u0259fl\u0259r aras\u0131nda fikir ayr\u0131l\u0131qlar\u0131n\u0131n azald\u0131lmas\u0131 v\u0259 prezidentl\u0259rin n\u00f6vb\u0259ti g\u00f6r\u00fc\u015f\u00fc \u00fc\u00e7\u00fcn \u0259sasl\u0131 g\u00fcnd\u0259liyin haz\u0131rlanmas\u0131 istiqam\u0259tind\u0259 xarici i\u015fl\u0259r nazirl\u0259ri il\u0259 i\u015f apar\u0131r\u0131q.<\/p>\n","protected":false},"excerpt":{"rendered":"<p>&#8220;T\u0259r\u0259fl\u0259rin bu v\u0259 dig\u0259r m\u0259s\u0259l\u0259l\u0259rd\u0259 raz\u0131l\u0131\u011fa g\u0259l\u0259 bil\u0259c\u0259kl\u0259rin\u0259 \u00fcmid edirik&#8221;<\/p>\n","protected":false},"author":11,"featured_media":21321,"comment_status":"closed","ping_status":"open","sticky":false,"template":"","format":"standard","meta":{"_acf_changed":false,"_sitemap_exclude":false,"_sitemap_priority":"","_sitemap_frequency":"","footnotes":""},"categories":[56],"tags":[],"class_list":["post-167216","post","type-post","status-publish","format-standard","has-post-thumbnail","hentry","category-xeberler","infinite-scroll-item","generate-columns","tablet-grid-50","mobile-grid-100","grid-parent","grid-33","no-featured-image-padding"],"acf":[],"yoast_head":"<!-- This site is optimized with the Yoast SEO plugin v28.3 - https:\/\/yoast.com\/product\/yoast-seo-wordpress\/ -->\n<title>&quot;Dan\u0131\u015f\u0131qlar prosesind\u0259 Da\u011fl\u0131q Qaraba\u011f \u0259halisinin maraqlar\u0131 n\u0259z\u0259r\u0259 al\u0131nmal\u0131d\u0131r&quot; - MEYDAN.TV<\/title>\n<meta name=\"robots\" content=\"index, follow, max-snippet:-1, max-image-preview:large, max-video-preview:-1\" \/>\n<link rel=\"canonical\" href=\"https:\/\/www.meydan.tv\/az\/article\/danisiqlar-prosesinde-dagliq-qarabag-ehalisinin-maraqlari-nezere-alinmalidir\/\" \/>\n<meta property=\"og:locale\" content=\"az_AZ\" \/>\n<meta property=\"og:type\" content=\"article\" \/>\n<meta property=\"og:title\" content=\"&quot;Dan\u0131\u015f\u0131qlar prosesind\u0259 Da\u011fl\u0131q Qaraba\u011f \u0259halisinin maraqlar\u0131 n\u0259z\u0259r\u0259 al\u0131nmal\u0131d\u0131r&quot; - MEYDAN.TV\" \/>\n<meta property=\"og:description\" content=\"&quot;T\u0259r\u0259fl\u0259rin bu v\u0259 dig\u0259r m\u0259s\u0259l\u0259l\u0259rd\u0259 raz\u0131l\u0131\u011fa g\u0259l\u0259 bil\u0259c\u0259kl\u0259rin\u0259 \u00fcmid edirik&quot;\" \/>\n<meta property=\"og:url\" content=\"https:\/\/www.meydan.tv\/az\/article\/danisiqlar-prosesinde-dagliq-qarabag-ehalisinin-maraqlari-nezere-alinmalidir\/\" \/>\n<meta property=\"og:site_name\" content=\"MEYDAN.TV\" \/>\n<meta property=\"article:published_time\" content=\"2015-03-12T15:44:39+00:00\" \/>\n<meta property=\"og:image\" content=\"https:\/\/www.meydan.tv\/wp-content\/uploads\/7688.jpg\" \/>\n\t<meta property=\"og:image:width\" content=\"477\" \/>\n\t<meta property=\"og:image:height\" content=\"337\" \/>\n\t<meta property=\"og:image:type\" content=\"image\/jpeg\" \/>\n<meta name=\"twitter:card\" content=\"summary_large_image\" \/>\n<!-- \/ Yoast SEO plugin. -->","yoast_head_json":{"title":"\"Dan\u0131\u015f\u0131qlar prosesind\u0259 Da\u011fl\u0131q Qaraba\u011f \u0259halisinin maraqlar\u0131 n\u0259z\u0259r\u0259 al\u0131nmal\u0131d\u0131r\" - MEYDAN.TV","robots":{"index":"index","follow":"follow","max-snippet":"max-snippet:-1","max-image-preview":"max-image-preview:large","max-video-preview":"max-video-preview:-1"},"canonical":"https:\/\/www.meydan.tv\/az\/article\/danisiqlar-prosesinde-dagliq-qarabag-ehalisinin-maraqlari-nezere-alinmalidir\/","og_locale":"az_AZ","og_type":"article","og_title":"\"Dan\u0131\u015f\u0131qlar prosesind\u0259 Da\u011fl\u0131q Qaraba\u011f \u0259halisinin maraqlar\u0131 n\u0259z\u0259r\u0259 al\u0131nmal\u0131d\u0131r\" - MEYDAN.TV","og_description":"\"T\u0259r\u0259fl\u0259rin bu v\u0259 dig\u0259r m\u0259s\u0259l\u0259l\u0259rd\u0259 raz\u0131l\u0131\u011fa g\u0259l\u0259 bil\u0259c\u0259kl\u0259rin\u0259 \u00fcmid edirik\"","og_url":"https:\/\/www.meydan.tv\/az\/article\/danisiqlar-prosesinde-dagliq-qarabag-ehalisinin-maraqlari-nezere-alinmalidir\/","og_site_name":"MEYDAN.TV","article_published_time":"2015-03-12T15:44:39+00:00","og_image":[{"width":477,"height":337,"url":"https:\/\/www.meydan.tv\/wp-content\/uploads\/7688.jpg","type":"image\/jpeg"}],"twitter_card":"summary_large_image","schema":{"@context":"https:\/\/schema.org","@graph":[{"@type":"Article","@id":"https:\/\/www.meydan.tv\/az\/article\/danisiqlar-prosesinde-dagliq-qarabag-ehalisinin-maraqlari-nezere-alinmalidir\/#article","isPartOf":{"@id":"https:\/\/www.meydan.tv\/az\/article\/danisiqlar-prosesinde-dagliq-qarabag-ehalisinin-maraqlari-nezere-alinmalidir\/"},"author":{"name":"user-manager","@id":"https:\/\/www.meydan.tv\/az\/#\/schema\/person\/10d11eccf6da3662cf5fdab9806ea91a"},"headline":"&#8220;Dan\u0131\u015f\u0131qlar prosesind\u0259 Da\u011fl\u0131q Qaraba\u011f \u0259halisinin maraqlar\u0131 n\u0259z\u0259r\u0259 al\u0131nmal\u0131d\u0131r&#8221;","datePublished":"2015-03-12T15:44:39+00:00","mainEntityOfPage":{"@id":"https:\/\/www.meydan.tv\/az\/article\/danisiqlar-prosesinde-dagliq-qarabag-ehalisinin-maraqlari-nezere-alinmalidir\/"},"wordCount":724,"publisher":{"@id":"https:\/\/www.meydan.tv\/az\/#organization"},"image":{"@id":"https:\/\/www.meydan.tv\/az\/article\/danisiqlar-prosesinde-dagliq-qarabag-ehalisinin-maraqlari-nezere-alinmalidir\/#primaryimage"},"thumbnailUrl":"https:\/\/www.meydan.tv\/wp-content\/uploads\/7688.jpg","articleSection":["X\u0259b\u0259rl\u0259r"],"inLanguage":"az"},{"@type":"WebPage","@id":"https:\/\/www.meydan.tv\/az\/article\/danisiqlar-prosesinde-dagliq-qarabag-ehalisinin-maraqlari-nezere-alinmalidir\/","url":"https:\/\/www.meydan.tv\/az\/article\/danisiqlar-prosesinde-dagliq-qarabag-ehalisinin-maraqlari-nezere-alinmalidir\/","name":"\"Dan\u0131\u015f\u0131qlar prosesind\u0259 Da\u011fl\u0131q Qaraba\u011f \u0259halisinin maraqlar\u0131 n\u0259z\u0259r\u0259 al\u0131nmal\u0131d\u0131r\" - MEYDAN.TV","isPartOf":{"@id":"https:\/\/www.meydan.tv\/az\/#website"},"primaryImageOfPage":{"@id":"https:\/\/www.meydan.tv\/az\/article\/danisiqlar-prosesinde-dagliq-qarabag-ehalisinin-maraqlari-nezere-alinmalidir\/#primaryimage"},"image":{"@id":"https:\/\/www.meydan.tv\/az\/article\/danisiqlar-prosesinde-dagliq-qarabag-ehalisinin-maraqlari-nezere-alinmalidir\/#primaryimage"},"thumbnailUrl":"https:\/\/www.meydan.tv\/wp-content\/uploads\/7688.jpg","datePublished":"2015-03-12T15:44:39+00:00","breadcrumb":{"@id":"https:\/\/www.meydan.tv\/az\/article\/danisiqlar-prosesinde-dagliq-qarabag-ehalisinin-maraqlari-nezere-alinmalidir\/#breadcrumb"},"inLanguage":"az","potentialAction":[{"@type":"ReadAction","target":["https:\/\/www.meydan.tv\/az\/article\/danisiqlar-prosesinde-dagliq-qarabag-ehalisinin-maraqlari-nezere-alinmalidir\/"]}]},{"@type":"ImageObject","inLanguage":"az","@id":"https:\/\/www.meydan.tv\/az\/article\/danisiqlar-prosesinde-dagliq-qarabag-ehalisinin-maraqlari-nezere-alinmalidir\/#primaryimage","url":"https:\/\/www.meydan.tv\/wp-content\/uploads\/7688.jpg","contentUrl":"https:\/\/www.meydan.tv\/wp-content\/uploads\/7688.jpg","width":477,"height":337,"caption":"Source:"},{"@type":"BreadcrumbList","@id":"https:\/\/www.meydan.tv\/az\/article\/danisiqlar-prosesinde-dagliq-qarabag-ehalisinin-maraqlari-nezere-alinmalidir\/#breadcrumb","itemListElement":[{"@type":"ListItem","position":1,"name":"Ana s\u0259hif\u0259","item":"https:\/\/www.meydan.tv\/az\/"},{"@type":"ListItem","position":2,"name":"X\u0259b\u0259rl\u0259r","item":"https:\/\/www.meydan.tv\/az\/section\/xeberler\/"},{"@type":"ListItem","position":3,"name":"&#8220;Dan\u0131\u015f\u0131qlar prosesind\u0259 Da\u011fl\u0131q Qaraba\u011f \u0259halisinin maraqlar\u0131 n\u0259z\u0259r\u0259 al\u0131nmal\u0131d\u0131r&#8221;"}]},{"@type":"WebSite","@id":"https:\/\/www.meydan.tv\/az\/#website","url":"https:\/\/www.meydan.tv\/az\/","name":"MEYDAN.TV","description":"Meydan TV Az\u0259rbaycan\u0131n media m\u0259kan\u0131ndak\u0131 alternativ s\u0259sidir","publisher":{"@id":"https:\/\/www.meydan.tv\/az\/#organization"},"potentialAction":[{"@type":"SearchAction","target":{"@type":"EntryPoint","urlTemplate":"https:\/\/www.meydan.tv\/az\/?s={search_term_string}"},"query-input":{"@type":"PropertyValueSpecification","valueRequired":true,"valueName":"search_term_string"}}],"inLanguage":"az"},{"@type":"Organization","@id":"https:\/\/www.meydan.tv\/az\/#organization","name":"Meydan TV","url":"https:\/\/www.meydan.tv\/az\/","logo":{"@type":"ImageObject","inLanguage":"az","@id":"https:\/\/www.meydan.tv\/az\/#\/schema\/logo\/image\/","url":"https:\/\/www.meydan.tv\/wp-content\/uploads\/2021\/07\/meydan-logo.svg","contentUrl":"https:\/\/www.meydan.tv\/wp-content\/uploads\/2021\/07\/meydan-logo.svg","width":195,"height":46,"caption":"Meydan TV"},"image":{"@id":"https:\/\/www.meydan.tv\/az\/#\/schema\/logo\/image\/"}},{"@type":"Person","@id":"https:\/\/www.meydan.tv\/az\/#\/schema\/person\/10d11eccf6da3662cf5fdab9806ea91a","name":"user-manager"}]}},"_links":{"self":[{"href":"https:\/\/www.meydan.tv\/az\/wp-json\/wp\/v2\/posts\/167216","targetHints":{"allow":["GET"]}}],"collection":[{"href":"https:\/\/www.meydan.tv\/az\/wp-json\/wp\/v2\/posts"}],"about":[{"href":"https:\/\/www.meydan.tv\/az\/wp-json\/wp\/v2\/types\/post"}],"author":[{"embeddable":true,"href":"https:\/\/www.meydan.tv\/az\/wp-json\/wp\/v2\/users\/11"}],"replies":[{"embeddable":true,"href":"https:\/\/www.meydan.tv\/az\/wp-json\/wp\/v2\/comments?post=167216"}],"version-history":[{"count":0,"href":"https:\/\/www.meydan.tv\/az\/wp-json\/wp\/v2\/posts\/167216\/revisions"}],"wp:featuredmedia":[{"embeddable":true,"href":"https:\/\/www.meydan.tv\/az\/wp-json\/wp\/v2\/media\/21321"}],"wp:attachment":[{"href":"https:\/\/www.meydan.tv\/az\/wp-json\/wp\/v2\/media?parent=167216"}],"wp:term":[{"taxonomy":"category","embeddable":true,"href":"https:\/\/www.meydan.tv\/az\/wp-json\/wp\/v2\/categories?post=167216"},{"taxonomy":"post_tag","embeddable":true,"href":"https:\/\/www.meydan.tv\/az\/wp-json\/wp\/v2\/tags?post=167216"}],"curies":[{"name":"wp","href":"https:\/\/api.w.org\/{rel}","templated":true}]}}