{"id":167215,"date":"2015-03-12T15:27:50","date_gmt":"2015-03-12T15:27:50","guid":{"rendered":"https:\/\/www.meydan.tv\/article\/mehbus-agzini-tikerek-acliga-baslayib\/"},"modified":"2015-03-12T15:27:50","modified_gmt":"2015-03-12T15:27:50","slug":"mehbus-agzini-tikerek-acliga-baslayib","status":"publish","type":"post","link":"https:\/\/www.meydan.tv\/az\/article\/mehbus-agzini-tikerek-acliga-baslayib\/","title":{"rendered":"M\u0259hbus a\u011fz\u0131n\u0131 tik\u0259r\u0259k, acl\u0131\u011fa ba\u015flay\u0131b"},"content":{"rendered":"<figure class=\"wp-block-image size-large\">\n  <img decoding=\"async\" src=\"https:\/\/www.meydan.tv\/az\/21306\/\" alt=\"\" class=\"wp-image-21306\"\/><figcaption><\/figcaption><\/figure>\n<figure class=\"wp-block-image size-large\">\n  <img decoding=\"async\" src=\"https:\/\/www.meydan.tv\/az\/21306\/\" alt=\"\" class=\"wp-image-21306\"\/><figcaption><\/figcaption><\/figure>\n<p><div>\n    <i><br \/>\n      Penitensiar Xidm\u0259t m\u0259lumat\u0131 t\u0259kzib edir<br \/>\n    <\/i>\n  <\/div>\n<\/p>\n<p>\n  \u201cO\u011flum El\u015f\u0259n Pa\u015fayev mart\u0131n 2-d\u0259n 1 sayl\u0131 c\u0259za\u00e7\u0259km\u0259 m\u00fc\u0259ssis\u0259sind\u0259 \u00a0a\u011fz\u0131n\u0131 tik\u0259r\u0259k acl\u0131q edir. Onun v\u0259ziyy\u0259ti \u00e7ox a\u011f\u0131rd\u0131r. Penitensiar Xidm\u0259t o\u011flumun sa\u011flaml\u0131q durumu il\u0259 ba\u011fl\u0131 m\u0259lumat vermir. M\u0259ni o\u011flumla g\u00f6r\u00fc\u015f\u0259 buraxm\u0131rlar\u201d. Bu bar\u0259d\u0259 m\u0259hbus El\u015f\u0259n Pa\u015fayevin anas\u0131 Lida Mirz\u0259liyeva &#8220;Turan \u0130A&#8221;-a bildirib.\n<\/p>\n<p>\n  El\u015f\u0259n Pa\u015fayev Cinay\u0259t M\u0259c\u0259ll\u0259sinin q\u0259sd\u0259n adam \u00f6ld\u00fcrm\u0259 madd\u0259si il\u0259 h\u0259bs edilib. O, 12 il m\u00fcdd\u0259tin\u0259 m\u0259hkum edilib v\u0259 c\u0259zas\u0131n\u0131n art\u0131q 10 ilini \u00e7\u0259kib.\n<\/p>\n<p>\n  Pa\u015fayev c\u0259zas\u0131n\u0131n \u00e7\u0259kilm\u0259mi\u015f hiss\u0259sind\u0259n azad edilm\u0259si il\u0259 ba\u011fl\u0131 m\u0259hk\u0259m\u0259y\u0259 m\u00fcraci\u0259t edib. Onun m\u00fcraci\u0259tin\u0259 fevral\u0131n 24-d\u0259 bax\u0131l\u0131b. C\u0259za\u00e7\u0259km\u0259 m\u00fc\u0259ssis\u0259si ona m\u00fcsb\u0259t xarakteristika verm\u0259yib.\n<\/p>\n<p>\n  Lida Mirz\u0259yeva o\u011fluna qar\u015f\u0131 ittiham\u0131n d\u00fczg\u00fcn verilm\u0259diyini deyir: &#8220;\u00d6l\u00fcxanan\u0131n (Morq) kitab\u0131nda h\u0259min \u015f\u0259xsin spirtli i\u00e7kid\u0259n v\u0259fat etdiyi yaz\u0131l\u0131b. M\u00fcxt\u0259lif instansiyalara \u015fikay\u0259tl\u0259r etmi\u015f\u0259m. \u015eikay\u0259tim n\u0259z\u0259r\u0259 al\u0131nm\u0131r\u201d.\n<\/p>\n<p>\n  Penitensiar Xidm\u0259t &#8220;Turan \u0130A&#8221;-\u0131n sor\u011fusuna cavabda bildirir ki, ad\u0131 qeyd olunan m\u0259hkum acl\u0131q aksiyas\u0131 ke\u00e7irm\u0259si il\u0259 ba\u011fl\u0131 m\u00fc\u0259ssis\u0259 r\u0259hb\u0259rliyin\u0259 \u0259riz\u0259 il\u0259 m\u00fcraci\u0259t etm\u0259yib.\n<\/p>\n<p>\n  \u201cM\u0259hkum Pa\u015fayev El\u015f\u0259nin fiziki durumu v\u0259 sa\u011flaml\u0131\u011f\u0131 il\u0259 ba\u011fl\u0131 problemi yoxdur v\u0259 acl\u0131q aksiyas\u0131 ke\u00e7irm\u0259si bar\u0259d\u0259 m\u0259lumatlar h\u0259qiq\u0259ti \u0259ks etdirmir\u201d, dey\u0259 cavabda qeyd edilir.\n<\/p>\n<p>\n  Lida Mirz\u0259yeva Penitensiar Xidm\u0259tin El\u015f\u0259n Pa\u015fayevin acl\u0131q etm\u0259m\u0259si v\u0259 sa\u011flaml\u0131q durumunun normal olmas\u0131 il\u0259 ba\u011fl\u0131 m\u0259lumat\u0131n\u0131n d\u00fczg\u00fcn olmad\u0131\u011f\u0131n\u0131 bildirir.\n<\/p>\n<p>\n  \u201cO\u011fluma tibbi yard\u0131m edilib-edilm\u0259m\u0259si bar\u0259d\u0259 d\u0259 m\u0259lumat vermirl\u0259r. Xahi\u015f edir\u0259m ki, o\u011flumla g\u00f6r\u00fc\u015f\u00fcm\u0259 \u015f\u0259rait yarats\u0131nlar, ona yalvar\u0131m acl\u0131\u011f\u0131 dayand\u0131rs\u0131n, \u00f6lm\u0259sin\u201d, dey\u0259 ana bildirib.\n<\/p>\n<p>\n  O, ail\u0259sinin v\u0259kil tutma\u011fa imkan\u0131 olmad\u0131\u011f\u0131n\u0131, o\u011flu h\u0259bs edil\u0259nd\u0259n sonra \u00f6z\u00fcn\u00fcn v\u0259 q\u0131z\u0131n\u0131n x\u0259st\u0259lik tapd\u0131\u011f\u0131n\u0131 deyib.\n<\/p>\n<p>\n  \u201cO\u011flum \u015f\u0259rl\u0259n\u0259r\u0259k h\u0259bsd\u0259 oldu\u011fu 10 il m\u00fcdd\u0259tind\u0259 47 d\u0259f\u0259 ba\u015f prokurorun q\u0259bulunda olmu\u015fam. Q\u0131z\u0131mla birg\u0259 \u00f6z\u00fcm\u00fcz\u00fc yand\u0131rm\u0131\u015f\u0131q. Venalar\u0131m\u0131z\u0131 k\u0259smi\u015fik, m\u0259nim venama 67, q\u0131z\u0131m\u0131n venas\u0131na 18 tiki\u015f qoyulub\u201d.\n<\/p>\n<p>\n  Ana o\u011flunun g\u00fcnah\u0131n\u0131n olmad\u0131\u011f\u0131n\u0131 v\u0259 i\u015f\u0259 yenid\u0259n bax\u0131lmas\u0131n\u0131 vacib say\u0131r.\n<\/p>\n<p>\n  \u201cH\u00f6kum\u0259td\u0259n, Az\u0259rbaycan\u0131n qeyr\u0259tli analar\u0131ndan, s\u00f6z\u00fc ke\u00e7\u0259n xan\u0131mlar\u0131ndan acizan\u0259 xahi\u015f edir\u0259m ki, o\u011flumun \u00f6l\u00fcmd\u0259n xilas\u0131nda m\u0259n\u0259 d\u0259st\u0259k olsunlar\u201d, dey\u0259 o qeyd edib.\n<\/p><\/p>\n","protected":false},"excerpt":{"rendered":"<p>Penitensiar Xidm\u0259t m\u0259lumat\u0131 t\u0259kzib edir<\/p>\n","protected":false},"author":11,"featured_media":21306,"comment_status":"closed","ping_status":"open","sticky":false,"template":"","format":"standard","meta":{"_acf_changed":false,"_sitemap_exclude":false,"_sitemap_priority":"","_sitemap_frequency":"","footnotes":""},"categories":[56],"tags":[],"class_list":["post-167215","post","type-post","status-publish","format-standard","has-post-thumbnail","hentry","category-xeberler","infinite-scroll-item","generate-columns","tablet-grid-50","mobile-grid-100","grid-parent","grid-33","no-featured-image-padding"],"acf":[],"yoast_head":"<!-- This site is optimized with the Yoast SEO plugin v28.3 - https:\/\/yoast.com\/product\/yoast-seo-wordpress\/ -->\n<title>M\u0259hbus a\u011fz\u0131n\u0131 tik\u0259r\u0259k, acl\u0131\u011fa ba\u015flay\u0131b - MEYDAN.TV<\/title>\n<meta name=\"robots\" content=\"index, follow, max-snippet:-1, max-image-preview:large, max-video-preview:-1\" \/>\n<link rel=\"canonical\" href=\"https:\/\/www.meydan.tv\/az\/article\/mehbus-agzini-tikerek-acliga-baslayib\/\" \/>\n<meta property=\"og:locale\" content=\"az_AZ\" \/>\n<meta property=\"og:type\" content=\"article\" \/>\n<meta property=\"og:title\" content=\"M\u0259hbus a\u011fz\u0131n\u0131 tik\u0259r\u0259k, acl\u0131\u011fa ba\u015flay\u0131b - MEYDAN.TV\" \/>\n<meta property=\"og:description\" content=\"Penitensiar Xidm\u0259t m\u0259lumat\u0131 t\u0259kzib edir\" \/>\n<meta property=\"og:url\" content=\"https:\/\/www.meydan.tv\/az\/article\/mehbus-agzini-tikerek-acliga-baslayib\/\" \/>\n<meta property=\"og:site_name\" content=\"MEYDAN.TV\" \/>\n<meta property=\"article:published_time\" content=\"2015-03-12T15:27:50+00:00\" \/>\n<meta property=\"og:image\" content=\"https:\/\/www.meydan.tv\/wp-content\/uploads\/7687.jpg\" \/>\n\t<meta property=\"og:image:width\" content=\"400\" \/>\n\t<meta property=\"og:image:height\" content=\"300\" \/>\n\t<meta property=\"og:image:type\" content=\"image\/jpeg\" \/>\n<meta name=\"twitter:card\" content=\"summary_large_image\" \/>\n<!-- \/ Yoast SEO plugin. -->","yoast_head_json":{"title":"M\u0259hbus a\u011fz\u0131n\u0131 tik\u0259r\u0259k, acl\u0131\u011fa ba\u015flay\u0131b - MEYDAN.TV","robots":{"index":"index","follow":"follow","max-snippet":"max-snippet:-1","max-image-preview":"max-image-preview:large","max-video-preview":"max-video-preview:-1"},"canonical":"https:\/\/www.meydan.tv\/az\/article\/mehbus-agzini-tikerek-acliga-baslayib\/","og_locale":"az_AZ","og_type":"article","og_title":"M\u0259hbus a\u011fz\u0131n\u0131 tik\u0259r\u0259k, acl\u0131\u011fa ba\u015flay\u0131b - MEYDAN.TV","og_description":"Penitensiar Xidm\u0259t m\u0259lumat\u0131 t\u0259kzib edir","og_url":"https:\/\/www.meydan.tv\/az\/article\/mehbus-agzini-tikerek-acliga-baslayib\/","og_site_name":"MEYDAN.TV","article_published_time":"2015-03-12T15:27:50+00:00","og_image":[{"width":400,"height":300,"url":"https:\/\/www.meydan.tv\/wp-content\/uploads\/7687.jpg","type":"image\/jpeg"}],"twitter_card":"summary_large_image","schema":{"@context":"https:\/\/schema.org","@graph":[{"@type":"Article","@id":"https:\/\/www.meydan.tv\/az\/article\/mehbus-agzini-tikerek-acliga-baslayib\/#article","isPartOf":{"@id":"https:\/\/www.meydan.tv\/az\/article\/mehbus-agzini-tikerek-acliga-baslayib\/"},"author":{"name":"user-manager","@id":"https:\/\/www.meydan.tv\/az\/#\/schema\/person\/10d11eccf6da3662cf5fdab9806ea91a"},"headline":"M\u0259hbus a\u011fz\u0131n\u0131 tik\u0259r\u0259k, acl\u0131\u011fa ba\u015flay\u0131b","datePublished":"2015-03-12T15:27:50+00:00","mainEntityOfPage":{"@id":"https:\/\/www.meydan.tv\/az\/article\/mehbus-agzini-tikerek-acliga-baslayib\/"},"wordCount":520,"publisher":{"@id":"https:\/\/www.meydan.tv\/az\/#organization"},"image":{"@id":"https:\/\/www.meydan.tv\/az\/article\/mehbus-agzini-tikerek-acliga-baslayib\/#primaryimage"},"thumbnailUrl":"https:\/\/www.meydan.tv\/wp-content\/uploads\/7687.jpg","articleSection":["X\u0259b\u0259rl\u0259r"],"inLanguage":"az"},{"@type":"WebPage","@id":"https:\/\/www.meydan.tv\/az\/article\/mehbus-agzini-tikerek-acliga-baslayib\/","url":"https:\/\/www.meydan.tv\/az\/article\/mehbus-agzini-tikerek-acliga-baslayib\/","name":"M\u0259hbus a\u011fz\u0131n\u0131 tik\u0259r\u0259k, acl\u0131\u011fa ba\u015flay\u0131b - MEYDAN.TV","isPartOf":{"@id":"https:\/\/www.meydan.tv\/az\/#website"},"primaryImageOfPage":{"@id":"https:\/\/www.meydan.tv\/az\/article\/mehbus-agzini-tikerek-acliga-baslayib\/#primaryimage"},"image":{"@id":"https:\/\/www.meydan.tv\/az\/article\/mehbus-agzini-tikerek-acliga-baslayib\/#primaryimage"},"thumbnailUrl":"https:\/\/www.meydan.tv\/wp-content\/uploads\/7687.jpg","datePublished":"2015-03-12T15:27:50+00:00","breadcrumb":{"@id":"https:\/\/www.meydan.tv\/az\/article\/mehbus-agzini-tikerek-acliga-baslayib\/#breadcrumb"},"inLanguage":"az","potentialAction":[{"@type":"ReadAction","target":["https:\/\/www.meydan.tv\/az\/article\/mehbus-agzini-tikerek-acliga-baslayib\/"]}]},{"@type":"ImageObject","inLanguage":"az","@id":"https:\/\/www.meydan.tv\/az\/article\/mehbus-agzini-tikerek-acliga-baslayib\/#primaryimage","url":"https:\/\/www.meydan.tv\/wp-content\/uploads\/7687.jpg","contentUrl":"https:\/\/www.meydan.tv\/wp-content\/uploads\/7687.jpg","width":400,"height":300,"caption":"Source:"},{"@type":"BreadcrumbList","@id":"https:\/\/www.meydan.tv\/az\/article\/mehbus-agzini-tikerek-acliga-baslayib\/#breadcrumb","itemListElement":[{"@type":"ListItem","position":1,"name":"Ana s\u0259hif\u0259","item":"https:\/\/www.meydan.tv\/az\/"},{"@type":"ListItem","position":2,"name":"X\u0259b\u0259rl\u0259r","item":"https:\/\/www.meydan.tv\/az\/section\/xeberler\/"},{"@type":"ListItem","position":3,"name":"M\u0259hbus a\u011fz\u0131n\u0131 tik\u0259r\u0259k, acl\u0131\u011fa ba\u015flay\u0131b"}]},{"@type":"WebSite","@id":"https:\/\/www.meydan.tv\/az\/#website","url":"https:\/\/www.meydan.tv\/az\/","name":"MEYDAN.TV","description":"Meydan TV Az\u0259rbaycan\u0131n media m\u0259kan\u0131ndak\u0131 alternativ s\u0259sidir","publisher":{"@id":"https:\/\/www.meydan.tv\/az\/#organization"},"potentialAction":[{"@type":"SearchAction","target":{"@type":"EntryPoint","urlTemplate":"https:\/\/www.meydan.tv\/az\/?s={search_term_string}"},"query-input":{"@type":"PropertyValueSpecification","valueRequired":true,"valueName":"search_term_string"}}],"inLanguage":"az"},{"@type":"Organization","@id":"https:\/\/www.meydan.tv\/az\/#organization","name":"Meydan TV","url":"https:\/\/www.meydan.tv\/az\/","logo":{"@type":"ImageObject","inLanguage":"az","@id":"https:\/\/www.meydan.tv\/az\/#\/schema\/logo\/image\/","url":"https:\/\/www.meydan.tv\/wp-content\/uploads\/2021\/07\/meydan-logo.svg","contentUrl":"https:\/\/www.meydan.tv\/wp-content\/uploads\/2021\/07\/meydan-logo.svg","width":195,"height":46,"caption":"Meydan TV"},"image":{"@id":"https:\/\/www.meydan.tv\/az\/#\/schema\/logo\/image\/"}},{"@type":"Person","@id":"https:\/\/www.meydan.tv\/az\/#\/schema\/person\/10d11eccf6da3662cf5fdab9806ea91a","name":"user-manager"}]}},"_links":{"self":[{"href":"https:\/\/www.meydan.tv\/az\/wp-json\/wp\/v2\/posts\/167215","targetHints":{"allow":["GET"]}}],"collection":[{"href":"https:\/\/www.meydan.tv\/az\/wp-json\/wp\/v2\/posts"}],"about":[{"href":"https:\/\/www.meydan.tv\/az\/wp-json\/wp\/v2\/types\/post"}],"author":[{"embeddable":true,"href":"https:\/\/www.meydan.tv\/az\/wp-json\/wp\/v2\/users\/11"}],"replies":[{"embeddable":true,"href":"https:\/\/www.meydan.tv\/az\/wp-json\/wp\/v2\/comments?post=167215"}],"version-history":[{"count":0,"href":"https:\/\/www.meydan.tv\/az\/wp-json\/wp\/v2\/posts\/167215\/revisions"}],"wp:featuredmedia":[{"embeddable":true,"href":"https:\/\/www.meydan.tv\/az\/wp-json\/wp\/v2\/media\/21306"}],"wp:attachment":[{"href":"https:\/\/www.meydan.tv\/az\/wp-json\/wp\/v2\/media?parent=167215"}],"wp:term":[{"taxonomy":"category","embeddable":true,"href":"https:\/\/www.meydan.tv\/az\/wp-json\/wp\/v2\/categories?post=167215"},{"taxonomy":"post_tag","embeddable":true,"href":"https:\/\/www.meydan.tv\/az\/wp-json\/wp\/v2\/tags?post=167215"}],"curies":[{"name":"wp","href":"https:\/\/api.w.org\/{rel}","templated":true}]}}