{"id":167214,"date":"2015-03-12T14:43:34","date_gmt":"2015-03-12T14:43:34","guid":{"rendered":"https:\/\/www.meydan.tv\/article\/cemil-hesenli-adindan-yayilan-muracietleri-texribat-adlandirdi\/"},"modified":"2015-03-12T14:43:34","modified_gmt":"2015-03-12T14:43:34","slug":"cemil-hesenli-adindan-yayilan-muracietleri-texribat-adlandirdi","status":"publish","type":"post","link":"https:\/\/www.meydan.tv\/az\/article\/cemil-hesenli-adindan-yayilan-muracietleri-texribat-adlandirdi\/","title":{"rendered":"C\u0259mil H\u0259s\u0259nli ad\u0131ndan yay\u0131lan m\u00fcraci\u0259tl\u0259ri t\u0259xribat  adland\u0131rd\u0131"},"content":{"rendered":"<figure class=\"wp-block-image size-large\">\n  <img decoding=\"async\" src=\"https:\/\/www.meydan.tv\/az\/21318\/\" alt=\"\" class=\"wp-image-21318\"\/><figcaption><\/figcaption><\/figure>\n<p>\n  <i><br \/>\n    &#8220;Yay\u0131lan m\u00fcraci\u0259tl\u0259rin m\u0259n\u0259 he\u00e7 bir aidiyyat\u0131 yoxdur&#8221;<br \/>\n  <\/i>\n<\/p>\n<p>\n  Demokratik Q\u00fcvv\u0259l\u0259rin Milli \u015euras\u0131n\u0131n s\u0259dri, professor C\u0259mil H\u0259s\u0259nlinin Facebook s\u0259hif\u0259sind\u0259 15 mart mitinqi il\u0259 ba\u011fl\u0131 m\u00fcraci\u0259tl\u0259r yay\u0131l\u0131b. M\u00fcraci\u0259tl\u0259r &#8220;Mitinq\u0259 g\u0259lm\u0259yin, sizi polisl\u0259r\u0259 d\u00f6yd\u00fcr\u0259c\u0259k v\u0259 h\u0259bs etdir\u0259c\u0259kl\u0259r&#8221; tezisi il\u0259 ba\u015flay\u0131r.\n<\/p>\n<p>\n  Milli \u015eura s\u0259dri C\u0259mil H\u0259s\u0259nli Meydan TV-y\u0259 a\u00e7\u0131qlamas\u0131nda bildirib ki, o, he\u00e7 bir m\u00fcraci\u0259t yaymay\u0131b v\u0259 bunlar hakimiyy\u0259tin m\u00fcvafiq strukturlar\u0131n\u0131n t\u0259xribat\u0131d\u0131r.\n<\/p>\n<p>\n  C\u0259mil H\u0259s\u0259nli deyib ki, onun Facebook s\u0259hif\u0259sini da\u011f\u0131d\u0131b ad\u0131ndan a\u00e7\u0131qlama yay\u0131blar: &#8220;Yay\u0131lan m\u00fcraci\u0259tl\u0259rin m\u0259n\u0259 he\u00e7 bir aidiyyat\u0131 yoxdur. M\u00fcraci\u0259tl\u0259rd\u0259 haqq\u0131nda s\u00f6hb\u0259t ged\u0259n m\u0259s\u0259l\u0259l\u0259rin ham\u0131s\u0131 uydurmad\u0131r. Bu m\u00fcraci\u0259tl\u0259ri yaymaqda m\u0259qs\u0259d mitinqin k\u00fctl\u0259viliyinin qar\u015f\u0131s\u0131n\u0131 almaq m\u0259qs\u0259di da\u015f\u0131y\u0131r. Hesab edir\u0259m ki, t\u0259xribat\u0131 m\u00fcvafiq d\u00f6vl\u0259t orqanlar\u0131 h\u0259yata ke\u00e7iribl\u0259r&#8221;.<\/p>\n","protected":false},"excerpt":{"rendered":"<p>&#8220;Yay\u0131lan m\u00fcraci\u0259tl\u0259rin m\u0259n\u0259 he\u00e7 bir aidiyyat\u0131 yoxdur&#8221;<\/p>\n","protected":false},"author":11,"featured_media":21318,"comment_status":"closed","ping_status":"open","sticky":false,"template":"","format":"standard","meta":{"_acf_changed":false,"_sitemap_exclude":false,"_sitemap_priority":"","_sitemap_frequency":"","footnotes":""},"categories":[56],"tags":[],"class_list":["post-167214","post","type-post","status-publish","format-standard","has-post-thumbnail","hentry","category-xeberler","infinite-scroll-item","generate-columns","tablet-grid-50","mobile-grid-100","grid-parent","grid-33","no-featured-image-padding"],"acf":[],"yoast_head":"<!-- This site is optimized with the Yoast SEO plugin v28.3 - https:\/\/yoast.com\/product\/yoast-seo-wordpress\/ -->\n<title>C\u0259mil H\u0259s\u0259nli ad\u0131ndan yay\u0131lan m\u00fcraci\u0259tl\u0259ri t\u0259xribat adland\u0131rd\u0131 - MEYDAN.TV<\/title>\n<meta name=\"robots\" content=\"index, follow, max-snippet:-1, max-image-preview:large, max-video-preview:-1\" \/>\n<link rel=\"canonical\" href=\"https:\/\/www.meydan.tv\/az\/article\/cemil-hesenli-adindan-yayilan-muracietleri-texribat-adlandirdi\/\" \/>\n<meta property=\"og:locale\" content=\"az_AZ\" \/>\n<meta property=\"og:type\" content=\"article\" \/>\n<meta property=\"og:title\" content=\"C\u0259mil H\u0259s\u0259nli ad\u0131ndan yay\u0131lan m\u00fcraci\u0259tl\u0259ri t\u0259xribat adland\u0131rd\u0131 - MEYDAN.TV\" \/>\n<meta property=\"og:description\" content=\"&quot;Yay\u0131lan m\u00fcraci\u0259tl\u0259rin m\u0259n\u0259 he\u00e7 bir aidiyyat\u0131 yoxdur&quot;\" \/>\n<meta property=\"og:url\" content=\"https:\/\/www.meydan.tv\/az\/article\/cemil-hesenli-adindan-yayilan-muracietleri-texribat-adlandirdi\/\" \/>\n<meta property=\"og:site_name\" content=\"MEYDAN.TV\" \/>\n<meta property=\"article:published_time\" content=\"2015-03-12T14:43:34+00:00\" \/>\n<meta property=\"og:image\" content=\"https:\/\/www.meydan.tv\/wp-content\/uploads\/7686.jpg\" \/>\n\t<meta property=\"og:image:width\" content=\"768\" \/>\n\t<meta property=\"og:image:height\" content=\"421\" \/>\n\t<meta property=\"og:image:type\" content=\"image\/jpeg\" \/>\n<meta name=\"twitter:card\" content=\"summary_large_image\" \/>\n<!-- \/ Yoast SEO plugin. -->","yoast_head_json":{"title":"C\u0259mil H\u0259s\u0259nli ad\u0131ndan yay\u0131lan m\u00fcraci\u0259tl\u0259ri t\u0259xribat adland\u0131rd\u0131 - MEYDAN.TV","robots":{"index":"index","follow":"follow","max-snippet":"max-snippet:-1","max-image-preview":"max-image-preview:large","max-video-preview":"max-video-preview:-1"},"canonical":"https:\/\/www.meydan.tv\/az\/article\/cemil-hesenli-adindan-yayilan-muracietleri-texribat-adlandirdi\/","og_locale":"az_AZ","og_type":"article","og_title":"C\u0259mil H\u0259s\u0259nli ad\u0131ndan yay\u0131lan m\u00fcraci\u0259tl\u0259ri t\u0259xribat adland\u0131rd\u0131 - MEYDAN.TV","og_description":"\"Yay\u0131lan m\u00fcraci\u0259tl\u0259rin m\u0259n\u0259 he\u00e7 bir aidiyyat\u0131 yoxdur\"","og_url":"https:\/\/www.meydan.tv\/az\/article\/cemil-hesenli-adindan-yayilan-muracietleri-texribat-adlandirdi\/","og_site_name":"MEYDAN.TV","article_published_time":"2015-03-12T14:43:34+00:00","og_image":[{"width":768,"height":421,"url":"https:\/\/www.meydan.tv\/wp-content\/uploads\/7686.jpg","type":"image\/jpeg"}],"twitter_card":"summary_large_image","schema":{"@context":"https:\/\/schema.org","@graph":[{"@type":"Article","@id":"https:\/\/www.meydan.tv\/az\/article\/cemil-hesenli-adindan-yayilan-muracietleri-texribat-adlandirdi\/#article","isPartOf":{"@id":"https:\/\/www.meydan.tv\/az\/article\/cemil-hesenli-adindan-yayilan-muracietleri-texribat-adlandirdi\/"},"author":{"name":"user-manager","@id":"https:\/\/www.meydan.tv\/az\/#\/schema\/person\/10d11eccf6da3662cf5fdab9806ea91a"},"headline":"C\u0259mil H\u0259s\u0259nli ad\u0131ndan yay\u0131lan m\u00fcraci\u0259tl\u0259ri t\u0259xribat adland\u0131rd\u0131","datePublished":"2015-03-12T14:43:34+00:00","mainEntityOfPage":{"@id":"https:\/\/www.meydan.tv\/az\/article\/cemil-hesenli-adindan-yayilan-muracietleri-texribat-adlandirdi\/"},"wordCount":220,"publisher":{"@id":"https:\/\/www.meydan.tv\/az\/#organization"},"image":{"@id":"https:\/\/www.meydan.tv\/az\/article\/cemil-hesenli-adindan-yayilan-muracietleri-texribat-adlandirdi\/#primaryimage"},"thumbnailUrl":"https:\/\/www.meydan.tv\/wp-content\/uploads\/7686.jpg","articleSection":["X\u0259b\u0259rl\u0259r"],"inLanguage":"az"},{"@type":"WebPage","@id":"https:\/\/www.meydan.tv\/az\/article\/cemil-hesenli-adindan-yayilan-muracietleri-texribat-adlandirdi\/","url":"https:\/\/www.meydan.tv\/az\/article\/cemil-hesenli-adindan-yayilan-muracietleri-texribat-adlandirdi\/","name":"C\u0259mil H\u0259s\u0259nli ad\u0131ndan yay\u0131lan m\u00fcraci\u0259tl\u0259ri t\u0259xribat adland\u0131rd\u0131 - MEYDAN.TV","isPartOf":{"@id":"https:\/\/www.meydan.tv\/az\/#website"},"primaryImageOfPage":{"@id":"https:\/\/www.meydan.tv\/az\/article\/cemil-hesenli-adindan-yayilan-muracietleri-texribat-adlandirdi\/#primaryimage"},"image":{"@id":"https:\/\/www.meydan.tv\/az\/article\/cemil-hesenli-adindan-yayilan-muracietleri-texribat-adlandirdi\/#primaryimage"},"thumbnailUrl":"https:\/\/www.meydan.tv\/wp-content\/uploads\/7686.jpg","datePublished":"2015-03-12T14:43:34+00:00","breadcrumb":{"@id":"https:\/\/www.meydan.tv\/az\/article\/cemil-hesenli-adindan-yayilan-muracietleri-texribat-adlandirdi\/#breadcrumb"},"inLanguage":"az","potentialAction":[{"@type":"ReadAction","target":["https:\/\/www.meydan.tv\/az\/article\/cemil-hesenli-adindan-yayilan-muracietleri-texribat-adlandirdi\/"]}]},{"@type":"ImageObject","inLanguage":"az","@id":"https:\/\/www.meydan.tv\/az\/article\/cemil-hesenli-adindan-yayilan-muracietleri-texribat-adlandirdi\/#primaryimage","url":"https:\/\/www.meydan.tv\/wp-content\/uploads\/7686.jpg","contentUrl":"https:\/\/www.meydan.tv\/wp-content\/uploads\/7686.jpg","width":768,"height":421,"caption":"Source:"},{"@type":"BreadcrumbList","@id":"https:\/\/www.meydan.tv\/az\/article\/cemil-hesenli-adindan-yayilan-muracietleri-texribat-adlandirdi\/#breadcrumb","itemListElement":[{"@type":"ListItem","position":1,"name":"Ana s\u0259hif\u0259","item":"https:\/\/www.meydan.tv\/az\/"},{"@type":"ListItem","position":2,"name":"X\u0259b\u0259rl\u0259r","item":"https:\/\/www.meydan.tv\/az\/section\/xeberler\/"},{"@type":"ListItem","position":3,"name":"C\u0259mil H\u0259s\u0259nli ad\u0131ndan yay\u0131lan m\u00fcraci\u0259tl\u0259ri t\u0259xribat adland\u0131rd\u0131"}]},{"@type":"WebSite","@id":"https:\/\/www.meydan.tv\/az\/#website","url":"https:\/\/www.meydan.tv\/az\/","name":"MEYDAN.TV","description":"Meydan TV Az\u0259rbaycan\u0131n media m\u0259kan\u0131ndak\u0131 alternativ s\u0259sidir","publisher":{"@id":"https:\/\/www.meydan.tv\/az\/#organization"},"potentialAction":[{"@type":"SearchAction","target":{"@type":"EntryPoint","urlTemplate":"https:\/\/www.meydan.tv\/az\/?s={search_term_string}"},"query-input":{"@type":"PropertyValueSpecification","valueRequired":true,"valueName":"search_term_string"}}],"inLanguage":"az"},{"@type":"Organization","@id":"https:\/\/www.meydan.tv\/az\/#organization","name":"Meydan TV","url":"https:\/\/www.meydan.tv\/az\/","logo":{"@type":"ImageObject","inLanguage":"az","@id":"https:\/\/www.meydan.tv\/az\/#\/schema\/logo\/image\/","url":"https:\/\/www.meydan.tv\/wp-content\/uploads\/2021\/07\/meydan-logo.svg","contentUrl":"https:\/\/www.meydan.tv\/wp-content\/uploads\/2021\/07\/meydan-logo.svg","width":195,"height":46,"caption":"Meydan TV"},"image":{"@id":"https:\/\/www.meydan.tv\/az\/#\/schema\/logo\/image\/"}},{"@type":"Person","@id":"https:\/\/www.meydan.tv\/az\/#\/schema\/person\/10d11eccf6da3662cf5fdab9806ea91a","name":"user-manager"}]}},"_links":{"self":[{"href":"https:\/\/www.meydan.tv\/az\/wp-json\/wp\/v2\/posts\/167214","targetHints":{"allow":["GET"]}}],"collection":[{"href":"https:\/\/www.meydan.tv\/az\/wp-json\/wp\/v2\/posts"}],"about":[{"href":"https:\/\/www.meydan.tv\/az\/wp-json\/wp\/v2\/types\/post"}],"author":[{"embeddable":true,"href":"https:\/\/www.meydan.tv\/az\/wp-json\/wp\/v2\/users\/11"}],"replies":[{"embeddable":true,"href":"https:\/\/www.meydan.tv\/az\/wp-json\/wp\/v2\/comments?post=167214"}],"version-history":[{"count":0,"href":"https:\/\/www.meydan.tv\/az\/wp-json\/wp\/v2\/posts\/167214\/revisions"}],"wp:featuredmedia":[{"embeddable":true,"href":"https:\/\/www.meydan.tv\/az\/wp-json\/wp\/v2\/media\/21318"}],"wp:attachment":[{"href":"https:\/\/www.meydan.tv\/az\/wp-json\/wp\/v2\/media?parent=167214"}],"wp:term":[{"taxonomy":"category","embeddable":true,"href":"https:\/\/www.meydan.tv\/az\/wp-json\/wp\/v2\/categories?post=167214"},{"taxonomy":"post_tag","embeddable":true,"href":"https:\/\/www.meydan.tv\/az\/wp-json\/wp\/v2\/tags?post=167214"}],"curies":[{"name":"wp","href":"https:\/\/api.w.org\/{rel}","templated":true}]}}