{"id":167212,"date":"2015-03-12T13:41:02","date_gmt":"2015-03-12T13:41:02","guid":{"rendered":"https:\/\/www.meydan.tv\/article\/oqtay-gulaliyev-ali-mehkemeye-kassasiya-sikayeti-verdi\/"},"modified":"2015-03-12T13:41:02","modified_gmt":"2015-03-12T13:41:02","slug":"oqtay-gulaliyev-ali-mehkemeye-kassasiya-sikayeti-verdi","status":"publish","type":"post","link":"https:\/\/www.meydan.tv\/az\/article\/oqtay-gulaliyev-ali-mehkemeye-kassasiya-sikayeti-verdi\/","title":{"rendered":"Oqtay G\u00fclal\u0131yev Ali M\u0259hk\u0259m\u0259y\u0259 kassasiya \u015fikay\u0259ti verdi"},"content":{"rendered":"<figure class=\"wp-block-image size-large\">\n  <img decoding=\"async\" src=\"https:\/\/www.meydan.tv\/az\/21309\/\" alt=\"\" class=\"wp-image-21309\"\/><figcaption><\/figcaption><\/figure>\n<figure class=\"wp-block-image size-large\">\n  <img decoding=\"async\" src=\"https:\/\/www.meydan.tv\/az\/21309\/\" alt=\"\" class=\"wp-image-21309\"\/><figcaption><\/figcaption><\/figure>\n<p><div>\n    <i><br \/>\n      H\u00fcquq m\u00fcdafi\u0259\u00e7isi o\u011flu il\u0259 ba\u011fl\u0131 verilmi\u015f m\u0259hk\u0259m\u0259 q\u0259rar\u0131ndan naraz\u0131d\u0131r<br \/>\n    <\/i>\n  <\/div>\n<\/p>\n<p>\n  Mart\u0131n 11-d\u0259 Bak\u0131 Apellyasiya M\u0259hk\u0259m\u0259sind\u0259 Milli \u015euran\u0131n Koordinasiya M\u0259rk\u0259zinin \u00fczv\u00fc, h\u00fcquq m\u00fcdafi\u0259\u00e7isi Oqtay G\u00fclal\u0131yevin yetkinlik ya\u015f\u0131na \u00e7atmayan \u00f6vlad\u0131 \u018fli Gulal\u0131yevl\u0259 ba\u011fl\u0131 verilmi\u015f apellyasiya \u015fikay\u0259tin\u0259 bax\u0131l\u0131b.\n<\/p>\n<p>\n  Bu bar\u0259d\u0259 Meydan TV-y\u0259 Oqtay G\u00fclal\u0131yev m\u0259lumat verib.\n<\/p>\n<p>\n  \u018f. G\u00fclal\u0131yev X\u0259tai rayon M\u0259hk\u0259m\u0259sinin 30 oktyabr 2014- c\u00fc il tarixli h\u00f6km\u00fc il\u0259 Az\u0259rbaycan Respublikas\u0131 Cinay\u0259t M\u0259c\u0259ll\u0259sinin 221.1- ci madd\u0259si il\u0259 ittiham edil\u0259r\u0259k qazanc\u0131n\u0131n 15 (on be\u015f) faizi m\u0259bl\u0259\u011find\u0259 pul d\u00f6vl\u0259t n\u0259fin\u0259 tutulmaqla 6 ay m\u00fcdd\u0259tin\u0259 islah i\u015fl\u0259ri c\u0259zas\u0131na m\u0259hkum edilib.\n<\/p>\n<p>\n  M\u0259hk\u0259m\u0259 h\u00f6km\u00fcnd\u0259n verilmi\u015f apellyasiya \u015fikay\u0259tin\u0259 Bak\u0131 Apellyasiya M\u0259hk\u0259m\u0259sind\u0259 hakim V\u00fcqar M\u0259mm\u0259dovun s\u0259drlik etdiyi kollegiya bax\u0131r. Apellyasiya M\u0259hk\u0259m\u0259sinin m\u0259hk\u0259m\u0259 istintaq\u0131 il\u0259 apar\u0131lmas\u0131 bar\u0259d\u0259 m\u00fcdafi\u0259 t\u0259r\u0259finin verdiyi v\u0259sat\u0259ti m\u0259hk\u0259m\u0259 hey\u0259ti q\u0259bul etm\u0259yib. M\u0259hk\u0259m\u0259 kollegiyas\u0131 apellyasiya \u015fikay\u0259tin\u0259 m\u0259hk\u0259m\u0259 istintaq\u0131 apar\u0131lmadan ke\u00e7irilm\u0259sin\u0259 dair q\u0259rar q\u0259bul edib. Q\u0259rarla raz\u0131la\u015fmayan m\u00fcdafi\u0259 t\u0259r\u0259fi Ali M\u0259hk\u0259m\u0259nin Cinay\u0259t Kollegiyas\u0131na kassasiya \u015fikay\u0259ti verib.\n<\/p>\n<p>\n  Kassasiya \u015fikay\u0259tind\u0259 qeyd olunur ki, Apellyasiya M\u0259hk\u0259m\u0259sind\u0259 m\u0259hk\u0259m\u0259 bax\u0131\u015f\u0131 m\u0259hk\u0259m\u0259 istintaq\u0131 ke\u00e7irilm\u0259kl\u0259 apar\u0131lmal\u0131d\u0131r. \u00c7\u00fcnki X\u0259tai rayon M\u0259hk\u0259m\u0259sinin 30 oktyabr 2014-c\u00fc il tarixli h\u00f6km\u00fc il\u0259 t\u0259qsirl\u0259ndiril\u0259n \u015f\u0259xs\u0259 qar\u015f\u0131 ir\u0259li s\u00fcr\u00fcl\u0259n ittihamlar s\u00fcbuta yetirilm\u0259yib, eyni zamanda m\u0259hk\u0259m\u0259 t\u0259qdim edil\u0259n s\u00fcbutlar\u0131 d\u00fczg\u00fcn qiym\u0259tl\u0259ndirm\u0259yib. H\u0259min s\u00fcbutlar\u0131 yenid\u0259n ara\u015fd\u0131rmadan i\u015f \u00fczr\u0259 hallara d\u00fczg\u00fcn v\u0259 obyektiv qiym\u0259t verm\u0259k m\u00fcmk\u00fcn deyil.\n<\/p>\n<p><div>\n    H\u0259m\u00e7inin qeyd olunur ki, X\u0259tai rayon M\u0259hk\u0259m\u0259si m\u0259hk\u0259m\u0259 iclas protokollar\u0131n\u0131 saxtala\u015fd\u0131r\u0131b v\u0259 \u015fahidl\u0259rin, z\u0259r\u0259r\u00e7\u0259k\u0259nin, t\u0259qsirl\u0259ndiril\u0259n \u015f\u0259xsin qanuni n\u00fcmay\u0259nd\u0259sinin m\u0259hk\u0259m\u0259 iclas zal\u0131nda verdiyi ifad\u0259l\u0259ri oldu\u011fu kimi iclas protokoluna qeyd etm\u0259yib. Bununla ba\u011fl\u0131 X\u0259tai rayon M\u0259hk\u0259m\u0259sin\u0259 protokola qeydl\u0259r verlm\u0259si \u00fc\u00e7\u00fcn \u0259riz\u0259 verils\u0259 d\u0259, m\u0259hk\u0259m\u0259 t\u0259r\u0259find\u0259n \u0259riz\u0259 t\u0259min edilm\u0259yib. H\u0259tta protokola qeydl\u0259rin n\u0259z\u0259r\u0259 al\u0131nmas\u0131 \u00fc\u00e7\u00fcn m\u00fcdafi\u0259 t\u0259r\u0259finin v\u0259sat\u0259ti \u0259sas\u0131nda Apellyasiya M\u0259hk\u0259m\u0259si i\u015f materiallar\u0131n\u0131 9 yanvar tarixli q\u0259rarla X\u0259tai rayon M\u0259hk\u0259m\u0259sin\u0259 qaytarsa da, birinci instansiya m\u0259hk\u0259m\u0259si bunu da n\u0259z\u0259r\u0259 almay\u0131b.\n  <\/div>\n<\/p>\n<p><div><\/div>\n<\/p>\n<p><div>\n    Kassasiya \u015fikay\u0259tind\u0259 daha sonra bildirilir ki,\u00a0X\u0259tai rayon M\u0259hk\u0259m\u0259sind\u0259 \u015fahid qismind\u0259 dindiril\u0259n yetkinlik ya\u015f\u0131na \u00e7atmayan \u015fahidl\u0259r, 165 sayl\u0131 orta m\u0259kt\u0259bin \u015fagirdl\u0259ri istintaqda onlar\u0131n imzas\u0131 il\u0259 t\u0259rtib olunan izahatdan f\u0259rqli ifad\u0259 veribl\u0259r. M\u0259hk\u0259m\u0259d\u0259 \u015fahidl\u0259r bildiribl\u0259r ki, onlar\u0131 valideynl\u0259rinin i\u015ftirak\u0131 olmadan polis b\u00f6lm\u0259sin\u0259 apar\u0131b t\u0259zyiq ed\u0259r\u0259k, \u201cifad\u0259 verm\u0259s\u0259niz sizin \u00fc\u00e7\u00fcn yax\u015f\u0131 olmayacaq, ham\u0131n\u0131z videoya d\u00fc\u015fm\u00fcs\u00fcn\u00fcz\u201d dey\u0259 onlar\u0131 aldad\u0131b, h\u0259d\u0259l\u0259y\u0259r\u0259k, haz\u0131r yaz\u0131lm\u0131\u015f ifad\u0259y\u0259 qol \u00e7\u0259kdiribl\u0259r. M\u0259hk\u0259m\u0259 \u015fahidl\u0259rd\u0259n istintaq m\u00fcdd\u0259tind\u0259 zorla, t\u0259zyiq alt\u0131nda ifad\u0259 al\u0131nmas\u0131 kimi qanunsuz h\u0259r\u0259k\u0259ti ara\u015fd\u0131r\u0131b, bu qanunsuzlu\u011fa h\u00fcquqi qiym\u0259t verm\u0259yib. Odur ki, Apellyasiya M\u0259hk\u0259m\u0259si \u015fahidl\u0259rd\u0259n istintaq zaman\u0131 t\u0259zyiq alt\u0131nda ifad\u0259 al\u0131nmas\u0131 fakt\u0131n\u0131 ara\u015fd\u0131rmal\u0131 v\u0259 bu fakta h\u00fcquqi qiym\u0259t verm\u0259lidir.\n  <\/div>\n<\/p>\n<p><div><\/div>\n<\/p>\n<p><div>\n    Bundan ba\u015fqa, X\u0259tai rayon M\u0259hk\u0259m\u0259sinin protokollar\u0131nda \u015fahidl\u0259rin ifad\u0259 b\u00f6lm\u00fcnd\u0259 veril\u0259n ifad\u0259l\u0259r d\u00fczg\u00fcn qeyd\u0259 al\u0131nmay\u0131b v\u0259 saxtala\u015fd\u0131r\u0131l\u0131b. \u015eahid ifad\u0259l\u0259ri tam t\u0259hrif olunub. Polisin t\u0259zyiqi alt\u0131nda istintaqda \u015fahidl\u0259rd\u0259n al\u0131nan ifad\u0259l\u0259r ox\u015far formada m\u0259hk\u0259m\u0259 h\u00f6km\u00fcn\u0259 \u0259lav\u0259 edilib. Odur ki, Apellyasiya M\u0259hk\u0259m\u0259sind\u0259 \u015fahidl\u0259rin yenid\u0259n dindirm\u0259si z\u0259ruridir.\n  <\/div>\n<\/p>\n<p><div><\/div>\n<\/p>\n<p><div>\n    M\u0259hk\u0259m\u0259 iclas\u0131nda m\u00fcdafi\u0259 t\u0259r\u0259fi hadis\u0259nin ba\u015f verdiyi iddia olunan m\u0259kanda v\u0259 saatda NZS q\u0259s\u0259b\u0259si 165 sayl\u0131 orta m\u0259kt\u0259bin 3 m\u0259rt\u0259b\u0259sind\u0259 d\u0259hlizin yuxar\u0131 hiss\u0259sind\u0259 qura\u015fd\u0131r\u0131lm\u0131\u015f m\u00fc\u015fahid\u0259 kameras\u0131n\u0131n yadda\u015f\u0131nda olan video g\u00f6r\u00fcnt\u00fcy\u0259 m\u0259hk\u0259m\u0259 zal\u0131nda baxlmas\u0131na dair v\u0259sat\u0259t verib, lakin m\u0259hk\u0259m\u0259 \u0259sasl\u0131 v\u0259 h\u0259lledici m\u0259qamlardan olmas\u0131na baxmayaraq, video disk\u0259 bax\u0131\u015f ke\u00e7irilm\u0259si bar\u0259d\u0259 v\u0259sat\u0259ti r\u0259dd edib. Bununla da m\u0259hk\u0259m\u0259 ba\u015f verdiyi iddia olunan hadis\u0259nin qurama v\u0259 \u0259sass\u0131z olmas\u0131na dair \u0259sas fakt\u0131 g\u00f6rm\u0259k v\u0259 inc\u0259l\u0259m\u0259k ist\u0259m\u0259yib. Halbuki, video kamera hadis\u0259nin ba\u015f verdiyi iddia olunan m\u0259kan\u0131 v\u0259 \u015f\u0259xsl\u0259ri tam \u0259hat\u0259 edir. Ona g\u00f6r\u0259 d\u0259 hadis\u0259nin ba\u015f verdiyi m\u0259kanda qura\u015fd\u0131r\u0131lm\u0131\u015f m\u00fc\u015fahid\u0259 kameras\u0131n\u0131n yadda\u015f\u0131nda olan video g\u00f6r\u00fcnt\u00fcl\u0259r\u0259 baxaraq hadis\u0259 bar\u0259d\u0259 \u0259trafl\u0131 t\u0259s\u0259vv\u00fcrl\u0259r\u0259 malik olmaq m\u00fcmk\u00fcnd\u00fcr. &#8220;T\u0259\u0259ss\u00fcf ki, Apellyasiya M\u0259hk\u0259m\u0259si d\u0259 m\u0259hk\u0259m\u0259 istintaq\u0131n\u0131n apar\u0131lmas\u0131n\u0131 z\u0259ruri ed\u0259n \u0259sas faktorlardan biri olan videog\u00f6r\u00fcnt\u00fcy\u0259 bax\u0131\u015f ke\u00e7irilm\u0259sin\u0259 l\u00fczum g\u00f6rm\u0259yib. M\u0259hk\u0259m\u0259 q\u0259rar\u0131n\u0131 onunla \u0259sasland\u0131r\u0131b ki, guya m\u00fcdafi\u0259 t\u0259r\u0259finin birinci instansiya m\u0259hk\u0259m\u0259sind\u0259 bu bar\u0259d\u0259 v\u0259sat\u0259ti olmay\u0131b v\u0259 ibtidai istintaq\u0131 aparan m\u00fcst\u0259ntiq t\u0259r\u0259find\u0259n t\u0259rtib olunmu\u015f protokolda qeyd olunur ki, \u201cvideog\u00f6r\u00fcnt\u00fcd\u0259 dava- dala\u015f olmas\u0131, sonra h\u0259min \u015f\u0259xsl\u0259rin arala\u015fmas\u0131 ayd\u0131n \u015f\u0259kild\u0259 g\u00f6rm\u0259k m\u00fcmk\u00fcn olsa da hadis\u0259 zaman\u0131 bir araya topla\u015fm\u0131\u015f \u015f\u0259xsl\u0259rin \u015f\u0259xsiyy\u0259tl\u0259rini v\u0259 \u00fczl\u0259rini ayd\u0131n g\u00f6rm\u0259k m\u00fcmk\u00fcn deyil\u201d. Qeyd etm\u0259k laz\u0131md\u0131r ki, Apellyasiya M\u0259hk\u0259m\u0259sinin g\u0259ldiyi n\u0259tic\u0259 v\u0259 \u0259sasland\u0131rma d\u00fczg\u00fcn deyil. \u018fvval\u0259 m\u00fcdafi\u0259 t\u0259r\u0259fi X\u0259tai rayon M\u0259hk\u0259m\u0259sind\u0259 videog\u00f6r\u00fcnt\u00fcy\u0259 bax\u0131\u015f ke\u00e7irilm\u0259si bar\u0259d\u0259 d\u0259f\u0259l\u0259rl\u0259 v\u0259sat\u0259t verib. Lakin v\u0259sat\u0259t q\u0259bul olunmay\u0131b v\u0259 birinci instansiya m\u0259hk\u0259m\u0259si bu fakt\u0131 \u00f6rt- basdir etm\u0259k \u00fc\u00e7\u00fcn h\u0259min v\u0259sat\u0259t bar\u0259d\u0259 qeydl\u0259ri protokola daxil etm\u0259yib. Dig\u0259r t\u0259r\u0259fd\u0259n, maraql\u0131d\u0131r, n\u0259 \u00fc\u00e7\u00fcn istintaq\u0131n v\u0259 birinci instansiya m\u0259hk\u0259m\u0259sinin buraxd\u0131\u011f\u0131 s\u0259hvl\u0259ri ara\u015fd\u0131r\u0131b bu fakta h\u00fcquqi qiym\u0259t verm\u0259li olan Apellyasiya M\u0259hk\u0259m\u0259si istintaq m\u00fcdd\u0259tind\u0259 m\u00fcst\u0259ntqin \u201cq\u0259na\u0259ti\u201d-ni \u0259sas g\u00f6t\u00fcr\u0259r\u0259k, videog\u00f6r\u00fcnt\u00fcy\u0259 bax\u0131\u015f ke\u00e7irm\u0259kd\u0259n imtina edir? Qeyd etm\u0259k laz\u0131md\u0131r ki, i\u015f materiallar\u0131n\u0131n 43- c\u00fc s\u0259hif\u0259sind\u0259 video g\u00f6r\u00fcnt\u00fcy\u0259 bax\u0131\u015f ke\u00e7irilm\u0259si bar\u0259d\u0259 X\u0259tai RP\u0130- nin \u0130\u015e- nin m\u00fcst\u0259ntiqi polis ba\u015f leytinant\u0131 H\u0259s\u0259n\u0259liyev M\u0259mm\u0259d\u015fah\u0131n t\u0259rtib etdiyi protokolda da qeyd olunur ki, \u201cd\u0259hlizin sonunda bir ne\u00e7\u0259 \u015f\u0259xs bir yer\u0259 topla\u015f\u0131b m\u00fcbahis\u0259 ets\u0259l\u0259r d\u0259, onlar\u0131n \u015f\u0259xsiyy\u0259tini v\u0259 \u00fczl\u0259rini m\u00fc\u0259yy\u0259n ed\u0259 bilm\u0259yib\u201d. M\u00fcst\u0259ntiq h\u0259min r\u0259yd\u0259 \u201cdava-dala\u015f\u0131n olmas\u0131\u201d v\u0259 \u201csonra h\u0259min \u015f\u0259xsl\u0259rin arala\u015fmas\u0131\u201d bar\u0259d\u0259 fikir bildirm\u0259yib. Apellyasiya M\u0259hk\u0259m\u0259sinin m\u00fcst\u0259ntiqin r\u0259yini t\u0259hrif olunmu\u015f \u015f\u0259kild\u0259 \u0259sas g\u0259tir\u0259r\u0259k, videog\u00f6r\u00fcnt\u00fcy\u0259 bax\u0131\u015f ke\u00e7irilm\u0259sind\u0259n imtina etm\u0259si absurd v\u0259 \u0259sass\u0131zd\u0131r. H\u0259tta m\u00fcdafi\u0259 t\u0259r\u0259fi birinci instansiya m\u0259hk\u0259m\u0259sind\u0259 videog\u00f6r\u00fcnt\u00fcy\u0259 bax\u0131\u015f ke\u00e7irilm\u0259si bar\u0259d\u0259 v\u0259sat\u0259t verm\u0259s\u0259 v\u0259 ya bu bar\u0259d\u0259 m\u00fcst\u0259ntiqin r\u0259yi olmasa bel\u0259 h\u0259qiq\u0259ti \u00f6yr\u0259nm\u0259k v\u0259 a\u015fkara \u00e7\u0131xarmaq \u00fc\u00e7\u00fcn ba\u015f verdiyi iddia olunan hadis\u0259nin \u0259sas \u015fahid faktoru olan m\u00fc\u015fahid\u0259 kameras\u0131n\u0131n yadda\u015f\u0131nda olan g\u00f6r\u00fcnt\u00fcy\u0259 bax\u0131\u015f ke\u00e7irilm\u0259si Apellyasiya M\u0259hk\u0259m\u0259sinin mara\u011f\u0131nda olmal\u0131d\u0131r.\u00a0Buna g\u00f6r\u0259 d\u0259 bu v\u0259 dig\u0259r hallar\u0131n ara\u015fd\u0131r\u0131lmas\u0131 \u00fc\u00e7\u00fcn apellyasiya bax\u0131\u015f\u0131 qism\u0259n m\u0259hk\u0259m\u0259 istintaq\u0131n\u0131n ke\u00e7irilm\u0259si il\u0259 apar\u0131lmal\u0131d\u0131r. Yaln\u0131z bu yolla obyektiv h\u0259qiq\u0259t\u0259 nail olmaq m\u00fcmk\u00fcn olar. M\u0259hk\u0259m\u0259 istintaq\u0131 apar\u0131lmadan m\u0259hk\u0259m\u0259 iclas\u0131n\u0131n ke\u00e7irilm\u0259si apellyasiya \u015fikay\u0259tinin d\u0259llill\u0259rinin ara\u015fd\u0131r\u0131lmas\u0131na v\u0259 qiym\u0259t verilm\u0259sin\u0259 kifay\u0259t etmir&#8221;.\n  <\/div>\n<\/p>\n<p><div><\/div>\n<\/p>\n<p><div>\n    Bel\u0259likl\u0259, Apellyasiya M\u0259hk\u0259m\u0259sinin \u018fli G\u00fclal\u0131yevin t\u0259qsirsizliyini v\u0259 \u0259slind\u0259 ittiham\u0131n saxta olmas\u0131 haqq\u0131nda \u0259sasl\u0131 arqumentl\u0259ri ara\u015fd\u0131rmamas\u0131 apellyasiya bax\u0131\u015f\u0131n\u0131 s\u0259m\u0259r\u0259siz edib v\u0259 Konvensiyan\u0131n 6-c\u0131 madd\u0259sinin 1-ci b\u0259ndinin kobud \u015f\u0259kild\u0259 pozub.\n  <\/div>\n<\/p>\n<div>\n<div><\/div>\n<div>\n      CPM-nin 325.2-ci madd\u0259si m\u0259hk\u0259m\u0259 istintaq\u0131 zaman\u0131 s\u00fcbutlar\u0131n t\u0259dqiq edilm\u0259si ard\u0131c\u0131ll\u0131\u011f\u0131n\u0131 sadalay\u0131b v\u0259 h\u0259min s\u00fcbutlar apellyasiya m\u0259hk\u0259m\u0259sind\u0259 ara\u015fd\u0131r\u0131lm\u0131rsa, obyektiv h\u00f6km q\u0259bul etm\u0259k m\u00fcmk\u00fcn deyil.\u00a0Bununla da Apelyasiya M\u0259hk\u0259m\u0259si m\u0259hk\u0259m\u0259 prosesini qeyri-m\u00fc\u0259yy\u0259n vaxta q\u0259d\u0259r t\u0259xir\u0259 sal\u0131nmas\u0131 bar\u0259d\u0259 q\u0259rar \u00e7\u0131xar\u0131b&#8221; &#8211;\u00a0&#8211; dey\u0259 kassasiya \u015fikay\u0259tind\u0259 qeyd olunur.\n    <\/div>\n<div>\n<div><\/div>\n<div>\n        H\u00fcquq m\u00fcdafi\u0259\u00e7isi Oqtay G\u00fclal\u0131yevin az ya\u015fl\u0131 \u00f6vlad\u0131 \u018fli G\u00fclal\u0131yev 2013- c\u00fc il prezident se\u00e7kil\u0259ri \u00f6nc\u0259si, 22 sentyabrda ya\u015fad\u0131\u011f\u0131 NSZ q\u0259s\u0259b\u0259sind\u0259 nam\u0259lum \u015f\u0259kild\u0259 d\u00f6y\u00fcl\u0259r\u0259k b\u0131\u00e7aqlan\u0131b. Hadis\u0259nin \u00fcst\u00fcnd\u0259n 1 il 6 ay vaxt ke\u00e7s\u0259 d\u0259, hadis\u0259ni t\u00f6r\u0259d\u0259n \u015f\u0259xsl\u0259r c\u0259zaland\u0131rmay\u0131b. \u018fksin\u0259, z\u0259r\u0259r\u00e7\u0259k\u0259n \u015f\u0259xs \u018f. G\u00fclal\u0131yev sonradan t\u0259qsirl\u0259ndiril\u0259n \u015f\u0259xs\u0259 \u00e7evrilib v\u0259 ona qar\u015f\u0131 Bak\u0131 \u015f\u0259h\u0259r Ba\u015f Polis \u0130dar\u0259sinin A\u011f\u0131r Cinay\u0259tl\u0259r \u015f\u00f6b\u0259sind\u0259 cinay\u0259t i\u015fi qald\u0131r\u0131l\u0131b.\n      <\/div>\n<\/p><\/div>\n<\/p><\/div>\n<\/p>\n<div>\n<div><\/div>\n<\/p><\/div><\/p>\n","protected":false},"excerpt":{"rendered":"<p>H\u00fcquq m\u00fcdafi\u0259\u00e7isi o\u011flu il\u0259 ba\u011fl\u0131 verilmi\u015f m\u0259hk\u0259m\u0259 q\u0259rar\u0131ndan naraz\u0131d\u0131r<\/p>\n","protected":false},"author":11,"featured_media":21309,"comment_status":"closed","ping_status":"open","sticky":false,"template":"","format":"standard","meta":{"_acf_changed":false,"_sitemap_exclude":false,"_sitemap_priority":"","_sitemap_frequency":"","footnotes":""},"categories":[56],"tags":[],"class_list":["post-167212","post","type-post","status-publish","format-standard","has-post-thumbnail","hentry","category-xeberler","infinite-scroll-item","generate-columns","tablet-grid-50","mobile-grid-100","grid-parent","grid-33","no-featured-image-padding"],"acf":[],"yoast_head":"<!-- This site is optimized with the Yoast SEO plugin v28.3 - https:\/\/yoast.com\/product\/yoast-seo-wordpress\/ -->\n<title>Oqtay G\u00fclal\u0131yev Ali M\u0259hk\u0259m\u0259y\u0259 kassasiya \u015fikay\u0259ti verdi - MEYDAN.TV<\/title>\n<meta name=\"robots\" content=\"index, follow, max-snippet:-1, max-image-preview:large, max-video-preview:-1\" \/>\n<link rel=\"canonical\" href=\"https:\/\/www.meydan.tv\/az\/article\/oqtay-gulaliyev-ali-mehkemeye-kassasiya-sikayeti-verdi\/\" \/>\n<meta property=\"og:locale\" content=\"az_AZ\" \/>\n<meta property=\"og:type\" content=\"article\" \/>\n<meta property=\"og:title\" content=\"Oqtay G\u00fclal\u0131yev Ali M\u0259hk\u0259m\u0259y\u0259 kassasiya \u015fikay\u0259ti verdi - MEYDAN.TV\" \/>\n<meta property=\"og:description\" content=\"H\u00fcquq m\u00fcdafi\u0259\u00e7isi o\u011flu il\u0259 ba\u011fl\u0131 verilmi\u015f m\u0259hk\u0259m\u0259 q\u0259rar\u0131ndan naraz\u0131d\u0131r\" \/>\n<meta property=\"og:url\" content=\"https:\/\/www.meydan.tv\/az\/article\/oqtay-gulaliyev-ali-mehkemeye-kassasiya-sikayeti-verdi\/\" \/>\n<meta property=\"og:site_name\" content=\"MEYDAN.TV\" \/>\n<meta property=\"article:published_time\" content=\"2015-03-12T13:41:02+00:00\" \/>\n<meta property=\"og:image\" content=\"https:\/\/www.meydan.tv\/wp-content\/uploads\/7683.jpg\" \/>\n\t<meta property=\"og:image:width\" content=\"259\" \/>\n\t<meta property=\"og:image:height\" content=\"194\" \/>\n\t<meta property=\"og:image:type\" content=\"image\/jpeg\" \/>\n<meta name=\"twitter:card\" content=\"summary_large_image\" \/>\n<!-- \/ Yoast SEO plugin. -->","yoast_head_json":{"title":"Oqtay G\u00fclal\u0131yev Ali M\u0259hk\u0259m\u0259y\u0259 kassasiya \u015fikay\u0259ti verdi - MEYDAN.TV","robots":{"index":"index","follow":"follow","max-snippet":"max-snippet:-1","max-image-preview":"max-image-preview:large","max-video-preview":"max-video-preview:-1"},"canonical":"https:\/\/www.meydan.tv\/az\/article\/oqtay-gulaliyev-ali-mehkemeye-kassasiya-sikayeti-verdi\/","og_locale":"az_AZ","og_type":"article","og_title":"Oqtay G\u00fclal\u0131yev Ali M\u0259hk\u0259m\u0259y\u0259 kassasiya \u015fikay\u0259ti verdi - MEYDAN.TV","og_description":"H\u00fcquq m\u00fcdafi\u0259\u00e7isi o\u011flu il\u0259 ba\u011fl\u0131 verilmi\u015f m\u0259hk\u0259m\u0259 q\u0259rar\u0131ndan naraz\u0131d\u0131r","og_url":"https:\/\/www.meydan.tv\/az\/article\/oqtay-gulaliyev-ali-mehkemeye-kassasiya-sikayeti-verdi\/","og_site_name":"MEYDAN.TV","article_published_time":"2015-03-12T13:41:02+00:00","og_image":[{"width":259,"height":194,"url":"https:\/\/www.meydan.tv\/wp-content\/uploads\/7683.jpg","type":"image\/jpeg"}],"twitter_card":"summary_large_image","schema":{"@context":"https:\/\/schema.org","@graph":[{"@type":"Article","@id":"https:\/\/www.meydan.tv\/az\/article\/oqtay-gulaliyev-ali-mehkemeye-kassasiya-sikayeti-verdi\/#article","isPartOf":{"@id":"https:\/\/www.meydan.tv\/az\/article\/oqtay-gulaliyev-ali-mehkemeye-kassasiya-sikayeti-verdi\/"},"author":{"name":"user-manager","@id":"https:\/\/www.meydan.tv\/az\/#\/schema\/person\/10d11eccf6da3662cf5fdab9806ea91a"},"headline":"Oqtay G\u00fclal\u0131yev Ali M\u0259hk\u0259m\u0259y\u0259 kassasiya \u015fikay\u0259ti verdi","datePublished":"2015-03-12T13:41:02+00:00","mainEntityOfPage":{"@id":"https:\/\/www.meydan.tv\/az\/article\/oqtay-gulaliyev-ali-mehkemeye-kassasiya-sikayeti-verdi\/"},"wordCount":1804,"publisher":{"@id":"https:\/\/www.meydan.tv\/az\/#organization"},"image":{"@id":"https:\/\/www.meydan.tv\/az\/article\/oqtay-gulaliyev-ali-mehkemeye-kassasiya-sikayeti-verdi\/#primaryimage"},"thumbnailUrl":"https:\/\/www.meydan.tv\/wp-content\/uploads\/7683.jpg","articleSection":["X\u0259b\u0259rl\u0259r"],"inLanguage":"az"},{"@type":"WebPage","@id":"https:\/\/www.meydan.tv\/az\/article\/oqtay-gulaliyev-ali-mehkemeye-kassasiya-sikayeti-verdi\/","url":"https:\/\/www.meydan.tv\/az\/article\/oqtay-gulaliyev-ali-mehkemeye-kassasiya-sikayeti-verdi\/","name":"Oqtay G\u00fclal\u0131yev Ali M\u0259hk\u0259m\u0259y\u0259 kassasiya \u015fikay\u0259ti verdi - MEYDAN.TV","isPartOf":{"@id":"https:\/\/www.meydan.tv\/az\/#website"},"primaryImageOfPage":{"@id":"https:\/\/www.meydan.tv\/az\/article\/oqtay-gulaliyev-ali-mehkemeye-kassasiya-sikayeti-verdi\/#primaryimage"},"image":{"@id":"https:\/\/www.meydan.tv\/az\/article\/oqtay-gulaliyev-ali-mehkemeye-kassasiya-sikayeti-verdi\/#primaryimage"},"thumbnailUrl":"https:\/\/www.meydan.tv\/wp-content\/uploads\/7683.jpg","datePublished":"2015-03-12T13:41:02+00:00","breadcrumb":{"@id":"https:\/\/www.meydan.tv\/az\/article\/oqtay-gulaliyev-ali-mehkemeye-kassasiya-sikayeti-verdi\/#breadcrumb"},"inLanguage":"az","potentialAction":[{"@type":"ReadAction","target":["https:\/\/www.meydan.tv\/az\/article\/oqtay-gulaliyev-ali-mehkemeye-kassasiya-sikayeti-verdi\/"]}]},{"@type":"ImageObject","inLanguage":"az","@id":"https:\/\/www.meydan.tv\/az\/article\/oqtay-gulaliyev-ali-mehkemeye-kassasiya-sikayeti-verdi\/#primaryimage","url":"https:\/\/www.meydan.tv\/wp-content\/uploads\/7683.jpg","contentUrl":"https:\/\/www.meydan.tv\/wp-content\/uploads\/7683.jpg","width":259,"height":194,"caption":"Source:"},{"@type":"BreadcrumbList","@id":"https:\/\/www.meydan.tv\/az\/article\/oqtay-gulaliyev-ali-mehkemeye-kassasiya-sikayeti-verdi\/#breadcrumb","itemListElement":[{"@type":"ListItem","position":1,"name":"Ana s\u0259hif\u0259","item":"https:\/\/www.meydan.tv\/az\/"},{"@type":"ListItem","position":2,"name":"X\u0259b\u0259rl\u0259r","item":"https:\/\/www.meydan.tv\/az\/section\/xeberler\/"},{"@type":"ListItem","position":3,"name":"Oqtay G\u00fclal\u0131yev Ali M\u0259hk\u0259m\u0259y\u0259 kassasiya \u015fikay\u0259ti verdi"}]},{"@type":"WebSite","@id":"https:\/\/www.meydan.tv\/az\/#website","url":"https:\/\/www.meydan.tv\/az\/","name":"MEYDAN.TV","description":"Meydan TV Az\u0259rbaycan\u0131n media m\u0259kan\u0131ndak\u0131 alternativ s\u0259sidir","publisher":{"@id":"https:\/\/www.meydan.tv\/az\/#organization"},"potentialAction":[{"@type":"SearchAction","target":{"@type":"EntryPoint","urlTemplate":"https:\/\/www.meydan.tv\/az\/?s={search_term_string}"},"query-input":{"@type":"PropertyValueSpecification","valueRequired":true,"valueName":"search_term_string"}}],"inLanguage":"az"},{"@type":"Organization","@id":"https:\/\/www.meydan.tv\/az\/#organization","name":"Meydan TV","url":"https:\/\/www.meydan.tv\/az\/","logo":{"@type":"ImageObject","inLanguage":"az","@id":"https:\/\/www.meydan.tv\/az\/#\/schema\/logo\/image\/","url":"https:\/\/www.meydan.tv\/wp-content\/uploads\/2021\/07\/meydan-logo.svg","contentUrl":"https:\/\/www.meydan.tv\/wp-content\/uploads\/2021\/07\/meydan-logo.svg","width":195,"height":46,"caption":"Meydan TV"},"image":{"@id":"https:\/\/www.meydan.tv\/az\/#\/schema\/logo\/image\/"}},{"@type":"Person","@id":"https:\/\/www.meydan.tv\/az\/#\/schema\/person\/10d11eccf6da3662cf5fdab9806ea91a","name":"user-manager"}]}},"_links":{"self":[{"href":"https:\/\/www.meydan.tv\/az\/wp-json\/wp\/v2\/posts\/167212","targetHints":{"allow":["GET"]}}],"collection":[{"href":"https:\/\/www.meydan.tv\/az\/wp-json\/wp\/v2\/posts"}],"about":[{"href":"https:\/\/www.meydan.tv\/az\/wp-json\/wp\/v2\/types\/post"}],"author":[{"embeddable":true,"href":"https:\/\/www.meydan.tv\/az\/wp-json\/wp\/v2\/users\/11"}],"replies":[{"embeddable":true,"href":"https:\/\/www.meydan.tv\/az\/wp-json\/wp\/v2\/comments?post=167212"}],"version-history":[{"count":0,"href":"https:\/\/www.meydan.tv\/az\/wp-json\/wp\/v2\/posts\/167212\/revisions"}],"wp:featuredmedia":[{"embeddable":true,"href":"https:\/\/www.meydan.tv\/az\/wp-json\/wp\/v2\/media\/21309"}],"wp:attachment":[{"href":"https:\/\/www.meydan.tv\/az\/wp-json\/wp\/v2\/media?parent=167212"}],"wp:term":[{"taxonomy":"category","embeddable":true,"href":"https:\/\/www.meydan.tv\/az\/wp-json\/wp\/v2\/categories?post=167212"},{"taxonomy":"post_tag","embeddable":true,"href":"https:\/\/www.meydan.tv\/az\/wp-json\/wp\/v2\/tags?post=167212"}],"curies":[{"name":"wp","href":"https:\/\/api.w.org\/{rel}","templated":true}]}}