{"id":167211,"date":"2015-03-12T12:30:17","date_gmt":"2015-03-12T12:30:17","guid":{"rendered":"https:\/\/www.meydan.tv\/article\/azerbaycanli-tarixci-stalin-repressiyalarindan-yazdi\/"},"modified":"2015-03-12T12:30:17","modified_gmt":"2015-03-12T12:30:17","slug":"azerbaycanli-tarixci-stalin-repressiyalarindan-yazdi","status":"publish","type":"post","link":"https:\/\/www.meydan.tv\/az\/article\/azerbaycanli-tarixci-stalin-repressiyalarindan-yazdi\/","title":{"rendered":"Az\u0259rbaycanl\u0131 tarix\u00e7i Stalin repressiyalar\u0131ndan yazd\u0131"},"content":{"rendered":"<figure class=\"wp-block-image size-large\">\n  <img decoding=\"async\" src=\"https:\/\/www.meydan.tv\/az\/21294\/\" alt=\"\" class=\"wp-image-21294\"\/><figcaption><\/figcaption><\/figure>\n<figure class=\"wp-block-image size-large\">\n  <img decoding=\"async\" src=\"https:\/\/www.meydan.tv\/az\/21294\/\" alt=\"\" class=\"wp-image-21294\"\/><figcaption><\/figcaption><\/figure>\n<p>\n  <i><br \/>\n    M\u00fc\u0259llifin Stalin repressiyalar\u0131na mara\u011f\u0131 h\u0259min hadis\u0259l\u0259r\u0259, habel\u0259 ayr\u0131-ayr\u0131 d\u00f6vl\u0259t xadiml\u0259rinin roluna tamamil\u0259 zidd bax\u0131\u015flar v\u0259 qiym\u0259tl\u0259rd\u0259n ir\u0259li g\u0259lib<br \/>\n  <\/i>\n<\/p>\n<p>\n  Moskvan\u0131n \u201cROSSPEN\u201d n\u0259\u015friyyat\u0131 tarix\u00e7i-sovet\u015f\u00fcnas Eldar \u0130smay\u0131lovun \u201cAz\u0259rbaycanda \u201cb\u00f6y\u00fck terror\u201d tarixi\u201d kitab\u0131n\u0131 n\u0259\u015fr edib.\n<\/p>\n<p>\n  Professor E.\u0130smay\u0131lov (1950-2014) Az\u0259rbaycan v\u0259 Rusiyan\u0131n \u0259n yeni tarixi d\u00f6vrl\u0259rin\u0259 h\u0259sr olunmu\u015f 10 monoqrafiyan\u0131n v\u0259 100-d\u0259n \u00e7ox elmi m\u0259qal\u0259nin m\u00fc\u0259llifidir.\n<\/p>\n<p>\n  Bu monoqrafiya sovet tarixinin \u0259n dramatik d\u00f6vr\u00fcn \u2013 Az\u0259rbaycanda 1936-1938-ci il Stalin repressiyalar\u0131na h\u0259sr edilib.\n<\/p>\n<p>\n  Az\u0259rbaycan tarix\u015f\u00fcnasl\u0131\u011f\u0131nda indiy\u0259d\u0259k Stalin repressiyalar\u0131 d\u00f6vr\u00fcn\u00fcn kompleks \u015f\u0259kild\u0259 ara\u015fd\u0131rmas\u0131 yoxdur. Bu n\u00f6qteyi-n\u0259z\u0259rd\u0259n bu i\u015f m\u00f6vcud bo\u015flu\u011fu doldurur.\n<\/p>\n<p>\n  M\u00fc\u0259llifin Stalin repressiyalar\u0131na mara\u011f\u0131 h\u0259min hadis\u0259l\u0259r\u0259, habel\u0259 ayr\u0131-ayr\u0131 d\u00f6vl\u0259t xadiml\u0259rinin roluna tamamil\u0259 zidd bax\u0131\u015flar v\u0259 qiym\u0259tl\u0259rd\u0259n ir\u0259li g\u0259lib.\n<\/p>\n<p>\n  Az\u0259rbaycan v\u0259 Rusiya Federasiyas\u0131 arxivl\u0259rind\u0259n bir \u00e7ox s\u0259n\u0259dl\u0259r \u0259sas\u0131nda Eldar \u0130smay\u0131lov Stalin repressiyalar\u0131n\u0131 t\u0259hlil edir v\u0259 onlar\u0131n Az\u0259rbaycandak\u0131 x\u00fcsusiyy\u0259tl\u0259rini a\u00e7\u0131r.\n<\/p>\n<p>\n  \u201cB\u00f6y\u00fck terror\u201d \u0259sl faci\u0259 olub v\u0259 \u00f6lk\u0259nin g\u0259l\u0259c\u0259k inki\u015faf\u0131nda d\u0259rin iz burax\u0131b.\n<\/p>\n<p>\n  Kitab professor C\u0259f\u0259r C\u0259f\u0259rovun v\u0259 El\u00e7in A\u011faki\u015fiyevin d\u0259st\u0259yi il\u0259 n\u0259\u015fr olunub.\n<\/p>\n<p>\n  M\u0259lumat\u0131 Meydan TV-y\u0259 m\u0259rhum tarix\u00e7inin yax\u0131nlar\u0131 verib.<\/p>\n","protected":false},"excerpt":{"rendered":"<p>M\u00fc\u0259llifin Stalin repressiyalar\u0131na mara\u011f\u0131 h\u0259min hadis\u0259l\u0259r\u0259, habel\u0259 ayr\u0131-ayr\u0131 d\u00f6vl\u0259t xadiml\u0259rinin roluna tamamil\u0259 zidd bax\u0131\u015flar v\u0259 qiym\u0259tl\u0259rd\u0259n ir\u0259li g\u0259lib<\/p>\n","protected":false},"author":11,"featured_media":21294,"comment_status":"closed","ping_status":"open","sticky":false,"template":"","format":"standard","meta":{"_acf_changed":false,"_sitemap_exclude":false,"_sitemap_priority":"","_sitemap_frequency":"","footnotes":""},"categories":[56],"tags":[],"class_list":["post-167211","post","type-post","status-publish","format-standard","has-post-thumbnail","hentry","category-xeberler","infinite-scroll-item","generate-columns","tablet-grid-50","mobile-grid-100","grid-parent","grid-33","no-featured-image-padding"],"acf":[],"yoast_head":"<!-- This site is optimized with the Yoast SEO plugin v28.3 - https:\/\/yoast.com\/product\/yoast-seo-wordpress\/ -->\n<title>Az\u0259rbaycanl\u0131 tarix\u00e7i Stalin repressiyalar\u0131ndan yazd\u0131 - MEYDAN.TV<\/title>\n<meta name=\"robots\" content=\"index, follow, max-snippet:-1, max-image-preview:large, max-video-preview:-1\" \/>\n<link rel=\"canonical\" href=\"https:\/\/www.meydan.tv\/az\/article\/azerbaycanli-tarixci-stalin-repressiyalarindan-yazdi\/\" \/>\n<meta property=\"og:locale\" content=\"az_AZ\" \/>\n<meta property=\"og:type\" content=\"article\" \/>\n<meta property=\"og:title\" content=\"Az\u0259rbaycanl\u0131 tarix\u00e7i Stalin repressiyalar\u0131ndan yazd\u0131 - MEYDAN.TV\" \/>\n<meta property=\"og:description\" content=\"M\u00fc\u0259llifin Stalin repressiyalar\u0131na mara\u011f\u0131 h\u0259min hadis\u0259l\u0259r\u0259, habel\u0259 ayr\u0131-ayr\u0131 d\u00f6vl\u0259t xadiml\u0259rinin roluna tamamil\u0259 zidd bax\u0131\u015flar v\u0259 qiym\u0259tl\u0259rd\u0259n ir\u0259li g\u0259lib\" \/>\n<meta property=\"og:url\" content=\"https:\/\/www.meydan.tv\/az\/article\/azerbaycanli-tarixci-stalin-repressiyalarindan-yazdi\/\" \/>\n<meta property=\"og:site_name\" content=\"MEYDAN.TV\" \/>\n<meta property=\"article:published_time\" content=\"2015-03-12T12:30:17+00:00\" \/>\n<meta property=\"og:image\" content=\"https:\/\/www.meydan.tv\/wp-content\/uploads\/7682.jpg\" \/>\n\t<meta property=\"og:image:width\" content=\"400\" \/>\n\t<meta property=\"og:image:height\" content=\"282\" \/>\n\t<meta property=\"og:image:type\" content=\"image\/jpeg\" \/>\n<meta name=\"twitter:card\" content=\"summary_large_image\" \/>\n<!-- \/ Yoast SEO plugin. -->","yoast_head_json":{"title":"Az\u0259rbaycanl\u0131 tarix\u00e7i Stalin repressiyalar\u0131ndan yazd\u0131 - MEYDAN.TV","robots":{"index":"index","follow":"follow","max-snippet":"max-snippet:-1","max-image-preview":"max-image-preview:large","max-video-preview":"max-video-preview:-1"},"canonical":"https:\/\/www.meydan.tv\/az\/article\/azerbaycanli-tarixci-stalin-repressiyalarindan-yazdi\/","og_locale":"az_AZ","og_type":"article","og_title":"Az\u0259rbaycanl\u0131 tarix\u00e7i Stalin repressiyalar\u0131ndan yazd\u0131 - MEYDAN.TV","og_description":"M\u00fc\u0259llifin Stalin repressiyalar\u0131na mara\u011f\u0131 h\u0259min hadis\u0259l\u0259r\u0259, habel\u0259 ayr\u0131-ayr\u0131 d\u00f6vl\u0259t xadiml\u0259rinin roluna tamamil\u0259 zidd bax\u0131\u015flar v\u0259 qiym\u0259tl\u0259rd\u0259n ir\u0259li g\u0259lib","og_url":"https:\/\/www.meydan.tv\/az\/article\/azerbaycanli-tarixci-stalin-repressiyalarindan-yazdi\/","og_site_name":"MEYDAN.TV","article_published_time":"2015-03-12T12:30:17+00:00","og_image":[{"width":400,"height":282,"url":"https:\/\/www.meydan.tv\/wp-content\/uploads\/7682.jpg","type":"image\/jpeg"}],"twitter_card":"summary_large_image","schema":{"@context":"https:\/\/schema.org","@graph":[{"@type":"Article","@id":"https:\/\/www.meydan.tv\/az\/article\/azerbaycanli-tarixci-stalin-repressiyalarindan-yazdi\/#article","isPartOf":{"@id":"https:\/\/www.meydan.tv\/az\/article\/azerbaycanli-tarixci-stalin-repressiyalarindan-yazdi\/"},"author":{"name":"user-manager","@id":"https:\/\/www.meydan.tv\/az\/#\/schema\/person\/10d11eccf6da3662cf5fdab9806ea91a"},"headline":"Az\u0259rbaycanl\u0131 tarix\u00e7i Stalin repressiyalar\u0131ndan yazd\u0131","datePublished":"2015-03-12T12:30:17+00:00","mainEntityOfPage":{"@id":"https:\/\/www.meydan.tv\/az\/article\/azerbaycanli-tarixci-stalin-repressiyalarindan-yazdi\/"},"wordCount":272,"publisher":{"@id":"https:\/\/www.meydan.tv\/az\/#organization"},"image":{"@id":"https:\/\/www.meydan.tv\/az\/article\/azerbaycanli-tarixci-stalin-repressiyalarindan-yazdi\/#primaryimage"},"thumbnailUrl":"https:\/\/www.meydan.tv\/wp-content\/uploads\/7682.jpg","articleSection":["X\u0259b\u0259rl\u0259r"],"inLanguage":"az"},{"@type":"WebPage","@id":"https:\/\/www.meydan.tv\/az\/article\/azerbaycanli-tarixci-stalin-repressiyalarindan-yazdi\/","url":"https:\/\/www.meydan.tv\/az\/article\/azerbaycanli-tarixci-stalin-repressiyalarindan-yazdi\/","name":"Az\u0259rbaycanl\u0131 tarix\u00e7i Stalin repressiyalar\u0131ndan yazd\u0131 - MEYDAN.TV","isPartOf":{"@id":"https:\/\/www.meydan.tv\/az\/#website"},"primaryImageOfPage":{"@id":"https:\/\/www.meydan.tv\/az\/article\/azerbaycanli-tarixci-stalin-repressiyalarindan-yazdi\/#primaryimage"},"image":{"@id":"https:\/\/www.meydan.tv\/az\/article\/azerbaycanli-tarixci-stalin-repressiyalarindan-yazdi\/#primaryimage"},"thumbnailUrl":"https:\/\/www.meydan.tv\/wp-content\/uploads\/7682.jpg","datePublished":"2015-03-12T12:30:17+00:00","breadcrumb":{"@id":"https:\/\/www.meydan.tv\/az\/article\/azerbaycanli-tarixci-stalin-repressiyalarindan-yazdi\/#breadcrumb"},"inLanguage":"az","potentialAction":[{"@type":"ReadAction","target":["https:\/\/www.meydan.tv\/az\/article\/azerbaycanli-tarixci-stalin-repressiyalarindan-yazdi\/"]}]},{"@type":"ImageObject","inLanguage":"az","@id":"https:\/\/www.meydan.tv\/az\/article\/azerbaycanli-tarixci-stalin-repressiyalarindan-yazdi\/#primaryimage","url":"https:\/\/www.meydan.tv\/wp-content\/uploads\/7682.jpg","contentUrl":"https:\/\/www.meydan.tv\/wp-content\/uploads\/7682.jpg","width":400,"height":282,"caption":"Source:"},{"@type":"BreadcrumbList","@id":"https:\/\/www.meydan.tv\/az\/article\/azerbaycanli-tarixci-stalin-repressiyalarindan-yazdi\/#breadcrumb","itemListElement":[{"@type":"ListItem","position":1,"name":"Ana s\u0259hif\u0259","item":"https:\/\/www.meydan.tv\/az\/"},{"@type":"ListItem","position":2,"name":"X\u0259b\u0259rl\u0259r","item":"https:\/\/www.meydan.tv\/az\/section\/xeberler\/"},{"@type":"ListItem","position":3,"name":"Az\u0259rbaycanl\u0131 tarix\u00e7i Stalin repressiyalar\u0131ndan yazd\u0131"}]},{"@type":"WebSite","@id":"https:\/\/www.meydan.tv\/az\/#website","url":"https:\/\/www.meydan.tv\/az\/","name":"MEYDAN.TV","description":"Meydan TV Az\u0259rbaycan\u0131n media m\u0259kan\u0131ndak\u0131 alternativ s\u0259sidir","publisher":{"@id":"https:\/\/www.meydan.tv\/az\/#organization"},"potentialAction":[{"@type":"SearchAction","target":{"@type":"EntryPoint","urlTemplate":"https:\/\/www.meydan.tv\/az\/?s={search_term_string}"},"query-input":{"@type":"PropertyValueSpecification","valueRequired":true,"valueName":"search_term_string"}}],"inLanguage":"az"},{"@type":"Organization","@id":"https:\/\/www.meydan.tv\/az\/#organization","name":"Meydan TV","url":"https:\/\/www.meydan.tv\/az\/","logo":{"@type":"ImageObject","inLanguage":"az","@id":"https:\/\/www.meydan.tv\/az\/#\/schema\/logo\/image\/","url":"https:\/\/www.meydan.tv\/wp-content\/uploads\/2021\/07\/meydan-logo.svg","contentUrl":"https:\/\/www.meydan.tv\/wp-content\/uploads\/2021\/07\/meydan-logo.svg","width":195,"height":46,"caption":"Meydan TV"},"image":{"@id":"https:\/\/www.meydan.tv\/az\/#\/schema\/logo\/image\/"}},{"@type":"Person","@id":"https:\/\/www.meydan.tv\/az\/#\/schema\/person\/10d11eccf6da3662cf5fdab9806ea91a","name":"user-manager"}]}},"_links":{"self":[{"href":"https:\/\/www.meydan.tv\/az\/wp-json\/wp\/v2\/posts\/167211","targetHints":{"allow":["GET"]}}],"collection":[{"href":"https:\/\/www.meydan.tv\/az\/wp-json\/wp\/v2\/posts"}],"about":[{"href":"https:\/\/www.meydan.tv\/az\/wp-json\/wp\/v2\/types\/post"}],"author":[{"embeddable":true,"href":"https:\/\/www.meydan.tv\/az\/wp-json\/wp\/v2\/users\/11"}],"replies":[{"embeddable":true,"href":"https:\/\/www.meydan.tv\/az\/wp-json\/wp\/v2\/comments?post=167211"}],"version-history":[{"count":0,"href":"https:\/\/www.meydan.tv\/az\/wp-json\/wp\/v2\/posts\/167211\/revisions"}],"wp:featuredmedia":[{"embeddable":true,"href":"https:\/\/www.meydan.tv\/az\/wp-json\/wp\/v2\/media\/21294"}],"wp:attachment":[{"href":"https:\/\/www.meydan.tv\/az\/wp-json\/wp\/v2\/media?parent=167211"}],"wp:term":[{"taxonomy":"category","embeddable":true,"href":"https:\/\/www.meydan.tv\/az\/wp-json\/wp\/v2\/categories?post=167211"},{"taxonomy":"post_tag","embeddable":true,"href":"https:\/\/www.meydan.tv\/az\/wp-json\/wp\/v2\/tags?post=167211"}],"curies":[{"name":"wp","href":"https:\/\/api.w.org\/{rel}","templated":true}]}}