{"id":167209,"date":"2015-03-12T12:00:45","date_gmt":"2015-03-12T12:00:45","guid":{"rendered":"https:\/\/www.meydan.tv\/article\/avropa-birliyinin-xususi-numayendesi-anar-memmedli-ile-gorusub\/"},"modified":"2015-03-12T12:00:45","modified_gmt":"2015-03-12T12:00:45","slug":"avropa-birliyinin-xususi-numayendesi-anar-memmedli-ile-gorusub","status":"publish","type":"post","link":"https:\/\/www.meydan.tv\/az\/article\/avropa-birliyinin-xususi-numayendesi-anar-memmedli-ile-gorusub\/","title":{"rendered":"Avropa Birliyinin x\u00fcsusi n\u00fcmay\u0259nd\u0259si Anar M\u0259mm\u0259dli il\u0259 g\u00f6r\u00fc\u015f\u00fcb"},"content":{"rendered":"<figure class=\"wp-block-image size-large\">\n  <img decoding=\"async\" src=\"https:\/\/www.meydan.tv\/az\/21291\/\" alt=\"\" class=\"wp-image-21291\"\/><figcaption><\/figcaption><\/figure>\n<figure class=\"wp-block-image size-large\">\n  <img decoding=\"async\" src=\"https:\/\/www.meydan.tv\/az\/21291\/\" alt=\"\" class=\"wp-image-21291\"\/><figcaption><\/figcaption><\/figure>\n<p>\n  <i><br \/>\n    Anar M\u0259mm\u0259dliy\u0259 v\u0259 orada saxlan\u0131lan dig\u0259r siyasi m\u0259hbuslara 3-4 g\u00fcnd\u0259n bir m\u00fcst\u0259qil q\u0259zetl\u0259r verils\u0259 d\u0259, onlarla ba\u011fl\u0131 olan yaz\u0131lar k\u0259sil\u0259r\u0259k g\u00f6t\u00fcr\u00fcl\u00fcr<br \/>\n  <\/i>\n<\/p>\n<p>\n  Mart\u0131n 11-d\u0259 ail\u0259 \u00fczvl\u0259ri \u018fdliyy\u0259 Nazirliyi Penitensiar Xidm\u0259tinin 13 sayl\u0131 c\u0259za\u00e7\u0259km\u0259 m\u00fc\u0259ssis\u0259sind\u0259 saxlan\u0131lan h\u00fcquq m\u00fcdafi\u0259\u00e7isi Anar M\u0259mm\u0259dli il\u0259 g\u00f6r\u00fc\u015f\u00fcbl\u0259r. Bu bar\u0259d\u0259 Meydan TV-y\u0259 Anar M\u0259mm\u0259dlinin ail\u0259 \u00fczvl\u0259ri m\u0259lumat veribl\u0259r.\n<\/p>\n<p>\n  Onlar\u0131n dediyin\u0259 g\u00f6r\u0259, Anar M\u0259mm\u0259dlinin \u0259hval\u0131\u00a0 yax\u015f\u0131d\u0131r, s\u0259hh\u0259tind\u0259 ciddi probleml\u0259r olmasa da, \u00fcz\u00fcnd\u0259 yaranan allergiyaya g\u00f6r\u0259 m\u00fcalic\u0259si h\u0259l\u0259 d\u0259 davam edir.\n<\/p>\n<p>\n  Ail\u0259 \u00fczvl\u0259ri deyibl\u0259r ki, Anar M\u0259mm\u0259dli saxlan\u0131ld\u0131\u011f\u0131 c\u0259za\u00e7\u0259km\u0259 m\u00fc\u0259ssis\u0259sind\u0259 yerl\u0259\u015f\u0259n ba\u015fqa baraka k\u00f6\u00e7\u00fcr\u00fcl\u00fcb, haz\u0131rda saxland\u0131\u011f\u0131 yerind\u0259n naraz\u0131 deyil.\n<\/p>\n<p>\n  Anar M\u0259mm\u0259dli qald\u0131\u011f\u0131 barak\u0131n yax\u015f\u0131 olmad\u0131\u011f\u0131na g\u00f6r\u0259 yerinin d\u0259yi\u015film\u0259si \u00fc\u00e7\u00fcn bir ne\u00e7\u0259 g\u00fcn \u00f6nc\u0259 c\u0259za\u00e7\u0259km\u0259 m\u00fc\u0259ssis\u0259sinin r\u0259hb\u0259rliyin\u0259 m\u00fcraci\u0259t etmi\u015fdi.\n<\/p>\n<p>\n  Anar M\u0259mm\u0259dli ail\u0259 \u00fczvl\u0259rin\u0259 bildirib ki, Avropa \u015euras\u0131 Parlament Assambleyas\u0131n\u0131n (A\u015ePA) Monitorinq Komit\u0259sinin Az\u0259rbaycan \u00fczr\u0259 h\u0259mm\u0259ruz\u0259\u00e7il\u0259ri Pedro Aqramunt v\u0259 Tadeus \u0130vinski Bak\u0131da s\u0259f\u0259rd\u0259 olark\u0259n, onunla g\u00f6r\u00fc\u015f\u00fcbl\u0259r. Anar M\u0259mm\u0259dli il\u0259 g\u00f6r\u00fc\u015fd\u0259 Avropa \u015euras\u0131n\u0131n Bak\u0131 ofisinin r\u0259hb\u0259ri d\u0259 i\u015ftirak edib. Bundan \u0259lav\u0259 Avropa Birliyinin insan h\u00fcquqlar\u0131 \u00fczr\u0259 x\u00fcsusi n\u00fcmay\u0259nd\u0259si Stavros Lambrinidis d\u0259 Anar M\u0259mm\u0259dli v\u0259 M\u00fcsavat ba\u015fqan\u0131n\u0131n m\u00fcavini Tofiq Yaqublu il\u0259 g\u00f6r\u00fc\u015f\u00fcbl\u0259r.\u00a0\u00a0G\u00f6r\u00fc\u015fd\u0259 Avropa Birliyinin Az\u0259rbaycandak\u0131 missiyas\u0131n\u0131n r\u0259hb\u0259ri, s\u0259fir Malena Mard da i\u015ftirak edib.\n<\/p>\n<p>\n  G\u00f6r\u00fc\u015fl\u0259rd\u0259 siyasi m\u0259hbuslardan, onlar\u0131n saxlanma \u015f\u0259raitind\u0259n, el\u0259c\u0259 d\u0259 \u00f6lk\u0259d\u0259ki v\u0259ziyy\u0259td\u0259n v\u0259 bu ilin pay\u0131z\u0131nda ke\u00e7iril\u0259c\u0259k parlament se\u00e7kil\u0259rind\u0259n dan\u0131\u015f\u0131l\u0131b. Anar M\u0259mm\u0259dliy\u0259 v\u0259 orada saxlan\u0131lan dig\u0259r siyasi m\u0259hbuslara 3-4 g\u00fcnd\u0259n bir m\u00fcst\u0259qil q\u0259zetl\u0259r verils\u0259 d\u0259, onlarla ba\u011fl\u0131 olan yaz\u0131lar k\u0259sil\u0259r\u0259k g\u00f6t\u00fcr\u00fcl\u00fcr.\n<\/p>\n<p>\n  Se\u00e7kil\u0259rin Monitorinqi v\u0259 Demokratiyan\u0131n T\u0259drisi M\u0259rk\u0259zinin r\u0259hb\u0259ri Anar M\u0259mm\u0259dli 16 dekabr 2013-c\u00fc ild\u0259 h\u0259bs edilib. Bak\u0131 A\u011f\u0131r Cinay\u0259tl\u0259r M\u0259hk\u0259m\u0259si onu qanunsuz sahibkarl\u0131q, v\u0259zif\u0259 m\u00f6vqeyind\u0259n sui-istifad\u0259 v\u0259 vergi \u00f6d\u0259ni\u015find\u0259n yay\u0131nma ittihamlar\u0131 il\u0259 5 il 6 ay m\u00fcdd\u0259tin\u0259 azadl\u0131qdan m\u0259hrum edib.\n<\/p>\n<p>\n  Amnesty \u0130nternational t\u0259\u015fkilat\u0131 Anar M\u0259mm\u0259dlini vicdan m\u0259hbusu elan edib. O, A\u015ePA-nin t\u0259sis etdiyi Vatslav Havel m\u00fckafat\u0131na layiq g\u00f6r\u00fcl\u00fcb.<\/p>\n","protected":false},"excerpt":{"rendered":"<p>Anar M\u0259mm\u0259dliy\u0259 v\u0259 orada saxlan\u0131lan dig\u0259r siyasi m\u0259hbuslara 3-4 g\u00fcnd\u0259n bir m\u00fcst\u0259qil q\u0259zetl\u0259r verils\u0259 d\u0259, onlarla ba\u011fl\u0131 olan yaz\u0131lar k\u0259sil\u0259r\u0259k g\u00f6t\u00fcr\u00fcl\u00fcr<\/p>\n","protected":false},"author":11,"featured_media":21291,"comment_status":"closed","ping_status":"open","sticky":false,"template":"","format":"standard","meta":{"_acf_changed":false,"_sitemap_exclude":false,"_sitemap_priority":"","_sitemap_frequency":"","footnotes":""},"categories":[56],"tags":[],"class_list":["post-167209","post","type-post","status-publish","format-standard","has-post-thumbnail","hentry","category-xeberler","infinite-scroll-item","generate-columns","tablet-grid-50","mobile-grid-100","grid-parent","grid-33","no-featured-image-padding"],"acf":[],"yoast_head":"<!-- This site is optimized with the Yoast SEO plugin v28.3 - https:\/\/yoast.com\/product\/yoast-seo-wordpress\/ -->\n<title>Avropa Birliyinin x\u00fcsusi n\u00fcmay\u0259nd\u0259si Anar M\u0259mm\u0259dli il\u0259 g\u00f6r\u00fc\u015f\u00fcb - MEYDAN.TV<\/title>\n<meta name=\"robots\" content=\"index, follow, max-snippet:-1, max-image-preview:large, max-video-preview:-1\" \/>\n<link rel=\"canonical\" href=\"https:\/\/www.meydan.tv\/az\/article\/avropa-birliyinin-xususi-numayendesi-anar-memmedli-ile-gorusub\/\" \/>\n<meta property=\"og:locale\" content=\"az_AZ\" \/>\n<meta property=\"og:type\" content=\"article\" \/>\n<meta property=\"og:title\" content=\"Avropa Birliyinin x\u00fcsusi n\u00fcmay\u0259nd\u0259si Anar M\u0259mm\u0259dli il\u0259 g\u00f6r\u00fc\u015f\u00fcb - MEYDAN.TV\" \/>\n<meta property=\"og:description\" content=\"Anar M\u0259mm\u0259dliy\u0259 v\u0259 orada saxlan\u0131lan dig\u0259r siyasi m\u0259hbuslara 3-4 g\u00fcnd\u0259n bir m\u00fcst\u0259qil q\u0259zetl\u0259r verils\u0259 d\u0259, onlarla ba\u011fl\u0131 olan yaz\u0131lar k\u0259sil\u0259r\u0259k g\u00f6t\u00fcr\u00fcl\u00fcr\" \/>\n<meta property=\"og:url\" content=\"https:\/\/www.meydan.tv\/az\/article\/avropa-birliyinin-xususi-numayendesi-anar-memmedli-ile-gorusub\/\" \/>\n<meta property=\"og:site_name\" content=\"MEYDAN.TV\" \/>\n<meta property=\"article:published_time\" content=\"2015-03-12T12:00:45+00:00\" \/>\n<meta property=\"og:image\" content=\"https:\/\/www.meydan.tv\/wp-content\/uploads\/7679.jpg\" \/>\n\t<meta property=\"og:image:width\" content=\"368\" \/>\n\t<meta property=\"og:image:height\" content=\"250\" \/>\n\t<meta property=\"og:image:type\" content=\"image\/jpeg\" \/>\n<meta name=\"twitter:card\" content=\"summary_large_image\" \/>\n<!-- \/ Yoast SEO plugin. -->","yoast_head_json":{"title":"Avropa Birliyinin x\u00fcsusi n\u00fcmay\u0259nd\u0259si Anar M\u0259mm\u0259dli il\u0259 g\u00f6r\u00fc\u015f\u00fcb - MEYDAN.TV","robots":{"index":"index","follow":"follow","max-snippet":"max-snippet:-1","max-image-preview":"max-image-preview:large","max-video-preview":"max-video-preview:-1"},"canonical":"https:\/\/www.meydan.tv\/az\/article\/avropa-birliyinin-xususi-numayendesi-anar-memmedli-ile-gorusub\/","og_locale":"az_AZ","og_type":"article","og_title":"Avropa Birliyinin x\u00fcsusi n\u00fcmay\u0259nd\u0259si Anar M\u0259mm\u0259dli il\u0259 g\u00f6r\u00fc\u015f\u00fcb - MEYDAN.TV","og_description":"Anar M\u0259mm\u0259dliy\u0259 v\u0259 orada saxlan\u0131lan dig\u0259r siyasi m\u0259hbuslara 3-4 g\u00fcnd\u0259n bir m\u00fcst\u0259qil q\u0259zetl\u0259r verils\u0259 d\u0259, onlarla ba\u011fl\u0131 olan yaz\u0131lar k\u0259sil\u0259r\u0259k g\u00f6t\u00fcr\u00fcl\u00fcr","og_url":"https:\/\/www.meydan.tv\/az\/article\/avropa-birliyinin-xususi-numayendesi-anar-memmedli-ile-gorusub\/","og_site_name":"MEYDAN.TV","article_published_time":"2015-03-12T12:00:45+00:00","og_image":[{"width":368,"height":250,"url":"https:\/\/www.meydan.tv\/wp-content\/uploads\/7679.jpg","type":"image\/jpeg"}],"twitter_card":"summary_large_image","schema":{"@context":"https:\/\/schema.org","@graph":[{"@type":"Article","@id":"https:\/\/www.meydan.tv\/az\/article\/avropa-birliyinin-xususi-numayendesi-anar-memmedli-ile-gorusub\/#article","isPartOf":{"@id":"https:\/\/www.meydan.tv\/az\/article\/avropa-birliyinin-xususi-numayendesi-anar-memmedli-ile-gorusub\/"},"author":{"name":"user-manager","@id":"https:\/\/www.meydan.tv\/az\/#\/schema\/person\/10d11eccf6da3662cf5fdab9806ea91a"},"headline":"Avropa Birliyinin x\u00fcsusi n\u00fcmay\u0259nd\u0259si Anar M\u0259mm\u0259dli il\u0259 g\u00f6r\u00fc\u015f\u00fcb","datePublished":"2015-03-12T12:00:45+00:00","mainEntityOfPage":{"@id":"https:\/\/www.meydan.tv\/az\/article\/avropa-birliyinin-xususi-numayendesi-anar-memmedli-ile-gorusub\/"},"wordCount":512,"publisher":{"@id":"https:\/\/www.meydan.tv\/az\/#organization"},"image":{"@id":"https:\/\/www.meydan.tv\/az\/article\/avropa-birliyinin-xususi-numayendesi-anar-memmedli-ile-gorusub\/#primaryimage"},"thumbnailUrl":"https:\/\/www.meydan.tv\/wp-content\/uploads\/7679.jpg","articleSection":["X\u0259b\u0259rl\u0259r"],"inLanguage":"az"},{"@type":"WebPage","@id":"https:\/\/www.meydan.tv\/az\/article\/avropa-birliyinin-xususi-numayendesi-anar-memmedli-ile-gorusub\/","url":"https:\/\/www.meydan.tv\/az\/article\/avropa-birliyinin-xususi-numayendesi-anar-memmedli-ile-gorusub\/","name":"Avropa Birliyinin x\u00fcsusi n\u00fcmay\u0259nd\u0259si Anar M\u0259mm\u0259dli il\u0259 g\u00f6r\u00fc\u015f\u00fcb - MEYDAN.TV","isPartOf":{"@id":"https:\/\/www.meydan.tv\/az\/#website"},"primaryImageOfPage":{"@id":"https:\/\/www.meydan.tv\/az\/article\/avropa-birliyinin-xususi-numayendesi-anar-memmedli-ile-gorusub\/#primaryimage"},"image":{"@id":"https:\/\/www.meydan.tv\/az\/article\/avropa-birliyinin-xususi-numayendesi-anar-memmedli-ile-gorusub\/#primaryimage"},"thumbnailUrl":"https:\/\/www.meydan.tv\/wp-content\/uploads\/7679.jpg","datePublished":"2015-03-12T12:00:45+00:00","breadcrumb":{"@id":"https:\/\/www.meydan.tv\/az\/article\/avropa-birliyinin-xususi-numayendesi-anar-memmedli-ile-gorusub\/#breadcrumb"},"inLanguage":"az","potentialAction":[{"@type":"ReadAction","target":["https:\/\/www.meydan.tv\/az\/article\/avropa-birliyinin-xususi-numayendesi-anar-memmedli-ile-gorusub\/"]}]},{"@type":"ImageObject","inLanguage":"az","@id":"https:\/\/www.meydan.tv\/az\/article\/avropa-birliyinin-xususi-numayendesi-anar-memmedli-ile-gorusub\/#primaryimage","url":"https:\/\/www.meydan.tv\/wp-content\/uploads\/7679.jpg","contentUrl":"https:\/\/www.meydan.tv\/wp-content\/uploads\/7679.jpg","width":368,"height":250,"caption":"Source:"},{"@type":"BreadcrumbList","@id":"https:\/\/www.meydan.tv\/az\/article\/avropa-birliyinin-xususi-numayendesi-anar-memmedli-ile-gorusub\/#breadcrumb","itemListElement":[{"@type":"ListItem","position":1,"name":"Ana s\u0259hif\u0259","item":"https:\/\/www.meydan.tv\/az\/"},{"@type":"ListItem","position":2,"name":"X\u0259b\u0259rl\u0259r","item":"https:\/\/www.meydan.tv\/az\/section\/xeberler\/"},{"@type":"ListItem","position":3,"name":"Avropa Birliyinin x\u00fcsusi n\u00fcmay\u0259nd\u0259si Anar M\u0259mm\u0259dli il\u0259 g\u00f6r\u00fc\u015f\u00fcb"}]},{"@type":"WebSite","@id":"https:\/\/www.meydan.tv\/az\/#website","url":"https:\/\/www.meydan.tv\/az\/","name":"MEYDAN.TV","description":"Meydan TV Az\u0259rbaycan\u0131n media m\u0259kan\u0131ndak\u0131 alternativ s\u0259sidir","publisher":{"@id":"https:\/\/www.meydan.tv\/az\/#organization"},"potentialAction":[{"@type":"SearchAction","target":{"@type":"EntryPoint","urlTemplate":"https:\/\/www.meydan.tv\/az\/?s={search_term_string}"},"query-input":{"@type":"PropertyValueSpecification","valueRequired":true,"valueName":"search_term_string"}}],"inLanguage":"az"},{"@type":"Organization","@id":"https:\/\/www.meydan.tv\/az\/#organization","name":"Meydan TV","url":"https:\/\/www.meydan.tv\/az\/","logo":{"@type":"ImageObject","inLanguage":"az","@id":"https:\/\/www.meydan.tv\/az\/#\/schema\/logo\/image\/","url":"https:\/\/www.meydan.tv\/wp-content\/uploads\/2021\/07\/meydan-logo.svg","contentUrl":"https:\/\/www.meydan.tv\/wp-content\/uploads\/2021\/07\/meydan-logo.svg","width":195,"height":46,"caption":"Meydan TV"},"image":{"@id":"https:\/\/www.meydan.tv\/az\/#\/schema\/logo\/image\/"}},{"@type":"Person","@id":"https:\/\/www.meydan.tv\/az\/#\/schema\/person\/10d11eccf6da3662cf5fdab9806ea91a","name":"user-manager"}]}},"_links":{"self":[{"href":"https:\/\/www.meydan.tv\/az\/wp-json\/wp\/v2\/posts\/167209","targetHints":{"allow":["GET"]}}],"collection":[{"href":"https:\/\/www.meydan.tv\/az\/wp-json\/wp\/v2\/posts"}],"about":[{"href":"https:\/\/www.meydan.tv\/az\/wp-json\/wp\/v2\/types\/post"}],"author":[{"embeddable":true,"href":"https:\/\/www.meydan.tv\/az\/wp-json\/wp\/v2\/users\/11"}],"replies":[{"embeddable":true,"href":"https:\/\/www.meydan.tv\/az\/wp-json\/wp\/v2\/comments?post=167209"}],"version-history":[{"count":0,"href":"https:\/\/www.meydan.tv\/az\/wp-json\/wp\/v2\/posts\/167209\/revisions"}],"wp:featuredmedia":[{"embeddable":true,"href":"https:\/\/www.meydan.tv\/az\/wp-json\/wp\/v2\/media\/21291"}],"wp:attachment":[{"href":"https:\/\/www.meydan.tv\/az\/wp-json\/wp\/v2\/media?parent=167209"}],"wp:term":[{"taxonomy":"category","embeddable":true,"href":"https:\/\/www.meydan.tv\/az\/wp-json\/wp\/v2\/categories?post=167209"},{"taxonomy":"post_tag","embeddable":true,"href":"https:\/\/www.meydan.tv\/az\/wp-json\/wp\/v2\/tags?post=167209"}],"curies":[{"name":"wp","href":"https:\/\/api.w.org\/{rel}","templated":true}]}}