{"id":167208,"date":"2015-03-12T05:59:49","date_gmt":"2015-03-12T05:59:49","guid":{"rendered":"https:\/\/www.meydan.tv\/article\/hadi-recebli-muellim-dolana-bilmirse-isden-sonra-das-da-horsun\/"},"modified":"2015-03-12T05:59:49","modified_gmt":"2015-03-12T05:59:49","slug":"hadi-recebli-muellim-dolana-bilmirse-isden-sonra-das-da-horsun","status":"publish","type":"post","link":"https:\/\/www.meydan.tv\/az\/article\/hadi-recebli-muellim-dolana-bilmirse-isden-sonra-das-da-horsun\/","title":{"rendered":"Had\u0131 R\u0259c\u0259bli: M\u00fc\u0259llim dolana bilmirs\u0259, i\u015fd\u0259n sonra da\u015f da h\u00f6rs\u00fcn"},"content":{"rendered":"<figure class=\"wp-block-image size-large\">\n  <img decoding=\"async\" src=\"https:\/\/www.meydan.tv\/az\/21297\/\" alt=\"\" class=\"wp-image-21297\"\/><figcaption><\/figcaption><\/figure>\n<p>\n  Milli M\u0259clisin Sosial siyas\u0259t komit\u0259sinin s\u0259dri\u00a0Had\u0131 R\u0259c\u0259bli Trend \u0130nformasiya Agentliyin\u0259<br \/>\n  <a href=\"http:\/\/news.milli.az\/politics\/328975.html\" target=\"_blank\" rel=\"noopener\"><br \/>\n    m\u00fcsahib\u0259<br \/>\n  <\/a><br \/>\n  verib. M\u00fcsahib\u0259sind\u0259ki \u0259sa\u0259n a\u015fa\u011f\u0131dak\u0131 fikirl\u0259r sosial \u015f\u0259b\u0259k\u0259l\u0259rd\u0259 v\u0259 ictimaiyy\u0259t aras\u0131nda naraz\u0131l\u0131qla qar\u015f\u0131lan\u0131b v\u0259 m\u00fczakir\u0259 m\u00f6vzusu olub:\n<\/p>\n<p>\n  <i><br \/>\n    <b><br \/>\n      &#8211; M\u0259z\u0259nn\u0259 siyas\u0259tinin d\u0259yi\u015fm\u0259sind\u0259n sonra \u00f6lk\u0259d\u0259 x\u00fcsus\u0259n d\u0259 g\u0259nc, el\u0259c\u0259 d\u0259 imkans\u0131z ail\u0259l\u0259rin \u00f6z t\u0259minat\u0131n\u0131 yax\u015f\u0131la\u015fd\u0131rmas\u0131 \u00fc\u00e7\u00fcn n\u0259 t\u00f6vsiy\u0259 ed\u0259rdiz?<br \/>\n    <\/b><br \/>\n  <\/i><\/p>\n<p>  &#8211; Manat\u0131n m\u0259z\u0259nn\u0259si il\u0259 ba\u011fl\u0131 siyas\u0259tin d\u0259yi\u015fm\u0259si x\u0259st\u0259nin m\u00fcalic\u0259si prosesin\u0259 ox\u015fay\u0131r. Adam a\u011f\u0131r x\u0259st\u0259 olanda onu incidir, iyn\u0259 vurur, qarn\u0131n\u0131 k\u0259sib \u0259m\u0259liyyat edirl\u0259r. H\u0259min vaxt q\u0131\u015fq\u0131r\u0131b ba\u011f\u0131ran da, h\u0259kimi s\u00f6y\u0259n d\u0259 olur. Lakin sa\u011falandan sonra sakitl\u0259\u015firl\u0259r, h\u0259l\u0259 h\u0259kimin can\u0131na dua da edirl\u0259r.\n<\/p>\n<p>\n  Bax, Az\u0259rbaycandak\u0131 m\u0259z\u0259nn\u0259 siyas\u0259tind\u0259 d\u0259 \u201c\u015fok terapiyas\u0131\u201d elementl\u0259ri var. Biz d\u00fcnyadan xali deyilik. Bu add\u0131m m\u0259cbur\u0259n at\u0131l\u0131b. Buna ilk n\u00f6vb\u0259d\u0259 d\u00fcnyada ged\u0259n prosesl\u0259r, neftin qiym\u0259tinin a\u015fa\u011f\u0131 d\u00fc\u015fm\u0259si t\u0259sir edib. Dig\u0259r t\u0259r\u0259fd\u0259n manat\u0131n dollara nisb\u0259t\u0259n baha olmas\u0131 Az\u0259rbaycana xaricd\u0259n yat\u0131r\u0131mlar\u0131n qoyulmas\u0131na mane olurdu. Ona g\u00f6r\u0259 d\u0259 bu add\u0131m \u00fcmumi i\u015fin xeyrin\u0259 olacaq.\n<\/p>\n<p>\n  Kapitalizmin sosializmd\u0259n f\u0259rqi n\u0259dir? Bunun \u00fc\u00e7\u00fcn loru da olsa, bir misal \u00e7\u0259k\u0259c\u0259y\u0259m. Kapitalist adam\u0131 at\u0131r d\u0259nizin ortas\u0131na. \u00dcz\u0259 bils\u0259n, gedib sahil\u0259 \u00e7at\u0131rsan, \u00fcz\u0259 bilm\u0259s\u0259n, g\u0259r\u0259k \u00e7apalay\u0131b \u00fczm\u0259yi \u00f6yr\u0259n\u0259s\u0259n, birt\u0259h\u0259r qurtulasan. N\u0259 \u00fcz\u0259 bilm\u0259s\u0259n, n\u0259 d\u0259 c\u0259hd etm\u0259s\u0259n, suda bat\u0131b bo\u011fulacaqsan. Sosializmd\u0259 is\u0259 d\u00f6vl\u0259t \u00f6z il\u0259 apar\u0131b s\u0259ni sahil\u0259 \u00e7\u0131xar\u0131r. Bu is\u0259 sonda s\u0259nd\u0259 arxay\u0131nl\u0131q yarad\u0131r.<\/p>\n<p>  Yad\u0131n\u0131zdad\u0131rsa, Pol\u015fada \u201c\u015fok terapiyas\u0131\u201d deyil\u0259n bir \u015fey oldu. Onlar ke\u00e7id d\u00f6vr\u00fcnd\u0259 bazar\u0131 t\u0259nziml\u0259m\u0259d\u0259n s\u0259rb\u0259st, \u00f6z ixtiyar\u0131na buraxd\u0131lar. Qiym\u0259tl\u0259r qalxd\u0131, naraz\u0131l\u0131q artd\u0131. Lakin 1 ild\u0259n sonra h\u0259r \u015fey \u00f6z yerini tutma\u011fa ba\u015flad\u0131. Bu g\u00fcn Pol\u015fa normal inki\u015faf ed\u0259n d\u00f6vl\u0259tl\u0259rd\u0259n biridir.<\/p>\n<p>  \u018fg\u0259r v\u0259t\u0259nda\u015f yax\u015f\u0131 ya\u015famaq ist\u0259yirs\u0259, \u00e7ox i\u015fl\u0259m\u0259lidir. \u018fg\u0259r bu g\u00fcn m\u00fc\u0259llim 150-200 manat maa\u015f al\u0131r v\u0259 dolana bilmirs\u0259, o, i\u015fd\u0259n sonra da ba\u015fqa n\u0259 il\u0259s\u0259 m\u0259\u015f\u011ful olmal\u0131d\u0131r. L\u0259nk\u0259ran\u0131n Veravul k\u0259ndind\u0259 Balab\u0259y m\u00fc\u0259llim adl\u0131 bir \u015f\u0259xs var. O, g\u00fcn\u00fcn birinci yar\u0131s\u0131 m\u00fc\u0259llimlik edir, nahardan sonra is\u0259 gedib da\u015f h\u00f6r\u00fcr, ustal\u0131q edir. Qazand\u0131\u011f\u0131 pulla da ail\u0259sini saxlay\u0131r. O, bunu he\u00e7 d\u0259 ay\u0131b hesab etmir. Bunun n\u0259yi pisdir ki?\n<\/p>\n<p>\n  Amma adam da var ki, g\u0259lib deyir ki, m\u0259nim \u00f6vlad\u0131ma bir i\u015f d\u00fcz\u0259lt. M\u0259lum olur ki, o\u011flunun n\u0259 ali t\u0259hsili, n\u0259 d\u0259 \u0259lav\u0259 bacar\u0131\u011f\u0131 var. Deyir\u0259m, b\u0259s n\u0259 \u0259c\u0259b tikintiy\u0259 i\u015fl\u0259m\u0259y\u0259 g\u00f6nd\u0259rmirs\u0259n? Deyir, aaa, b\u0259s ay\u0131b deyil? Dem\u0259zl\u0259r ki, filank\u0259sin o\u011flu f\u0259hl\u0259lik edir? Bu yana\u015fma d\u00fczg\u00fcn, do\u011fru deyil. Ax\u0131 o niy\u0259 da\u015f da\u015f\u0131mamal\u0131d\u0131r? Niy\u0259 f\u0259hl\u0259 olmamal\u0131d\u0131r? C\u0259miyy\u0259td\u0259 b\u0259zil\u0259rinin bel\u0259 m\u0259s\u0259l\u0259l\u0259r\u0259 bax\u0131\u015f\u0131 k\u00f6k\u00fcnd\u0259n do\u011fru deyil. Ax\u0131 halal yolla pul qazanmaq ay\u0131b olmamal\u0131d\u0131r.<\/p>\n<p>  Deyirl\u0259r ki, guya i\u015f yoxdur. M\u0259n bununla da raz\u0131 deyil\u0259m. Populyar v\u0259 qeyri-populyar, y\u00fcks\u0259k v\u0259 az \u00f6d\u0259ni\u015fli i\u015f m\u0259s\u0259l\u0259si var. \u00c7ox t\u0259\u0259ss\u00fcf ki, adam var \u00f6z k\u0259ndind\u0259, rayonunda f\u0259hl\u0259lik etmir, amma Bak\u0131ya g\u0259lib kiray\u0259 m\u0259nzild\u0259 ya\u015fayaraq eyni \u0259m\u0259khaqq\u0131 il\u0259 f\u0259hl\u0259 i\u015fl\u0259yir. Guya onu rayonda tan\u0131yanlardan utan\u0131r, bu i\u015fi \u00f6z\u00fcn\u0259 ay\u0131b hesab edir. N\u0259 vaxtdan \u00e7\u00f6r\u0259k qazanmaq ay\u0131b olub? Bu g\u00fcn b\u00f6lg\u0259l\u0259rd\u0259 art\u0131q malabaxan, torpaqda i\u015fl\u0259y\u0259n adam tapmaq m\u00fc\u015fk\u00fcl\u0259 \u00e7evrilib.\n<\/p>\n<p>\n  Bizd\u0259 \u00fcnvanl\u0131 yard\u0131m deyirl\u0259r. D\u00fcnyan\u0131n he\u00e7 bir yerind\u0259 \u0259lini g\u00f6y\u0259 a\u00e7araq yerind\u0259 duran insanlara pul ver\u0259n yoxdur. Bu, \u0259l\u0259bax\u0131ml\u0131l\u0131q, t\u0259nb\u0259llik yarad\u0131r. Onlara deyirl\u0259r ki, s\u0259n\u0259 layih\u0259 verir\u0259m, g\u0259l i\u015fl\u0259, pul verim. M\u0259s\u0259l\u0259n, \u00c7ind\u0259 \u0259lil insana pul \u0259v\u0259zin\u0259 h\u0259min d\u0259y\u0259rd\u0259 bir ne\u00e7\u0259 c\u00fct ayaqqab\u0131 verirl\u0259r. H\u0259min adam da gedib onlar\u0131 sat\u0131b pul qazan\u0131r. Daha \u00e7ox satd\u0131qca da daha \u00e7ox qazan\u0131r. Bununla o, h\u0259m \u0259l\u0259bax\u0131ml\u0131l\u0131qdan qurtulur, h\u0259m d\u0259 i\u015f quraraq pul qazana bilir.<\/p>\n","protected":false},"excerpt":{"rendered":"<p>\u018fg\u0259r v\u0259t\u0259nda\u015f yax\u015f\u0131 ya\u015famaq ist\u0259yirs\u0259, \u00e7ox i\u015fl\u0259m\u0259lidir. \u018fg\u0259r bu g\u00fcn m\u00fc\u0259llim 150-200 manat maa\u015f al\u0131r v\u0259 dolana bilmirs\u0259, o, i\u015fd\u0259n sonra da ba\u015fqa n\u0259 il\u0259s\u0259 m\u0259\u015f\u011ful olmal\u0131d\u0131r.<\/p>\n","protected":false},"author":11,"featured_media":21297,"comment_status":"closed","ping_status":"open","sticky":false,"template":"","format":"standard","meta":{"_acf_changed":false,"_sitemap_exclude":false,"_sitemap_priority":"","_sitemap_frequency":"","footnotes":""},"categories":[56],"tags":[],"class_list":["post-167208","post","type-post","status-publish","format-standard","has-post-thumbnail","hentry","category-xeberler","infinite-scroll-item","generate-columns","tablet-grid-50","mobile-grid-100","grid-parent","grid-33","no-featured-image-padding"],"acf":[],"yoast_head":"<!-- This site is optimized with the Yoast SEO plugin v28.3 - https:\/\/yoast.com\/product\/yoast-seo-wordpress\/ -->\n<title>Had\u0131 R\u0259c\u0259bli: M\u00fc\u0259llim dolana bilmirs\u0259, i\u015fd\u0259n sonra da\u015f da h\u00f6rs\u00fcn - MEYDAN.TV<\/title>\n<meta name=\"robots\" content=\"index, follow, max-snippet:-1, max-image-preview:large, max-video-preview:-1\" \/>\n<link rel=\"canonical\" href=\"https:\/\/www.meydan.tv\/az\/article\/hadi-recebli-muellim-dolana-bilmirse-isden-sonra-das-da-horsun\/\" \/>\n<meta property=\"og:locale\" content=\"az_AZ\" \/>\n<meta property=\"og:type\" content=\"article\" \/>\n<meta property=\"og:title\" content=\"Had\u0131 R\u0259c\u0259bli: M\u00fc\u0259llim dolana bilmirs\u0259, i\u015fd\u0259n sonra da\u015f da h\u00f6rs\u00fcn - MEYDAN.TV\" \/>\n<meta property=\"og:description\" content=\"\u018fg\u0259r v\u0259t\u0259nda\u015f yax\u015f\u0131 ya\u015famaq ist\u0259yirs\u0259, \u00e7ox i\u015fl\u0259m\u0259lidir. \u018fg\u0259r bu g\u00fcn m\u00fc\u0259llim 150-200 manat maa\u015f al\u0131r v\u0259 dolana bilmirs\u0259, o, i\u015fd\u0259n sonra da ba\u015fqa n\u0259 il\u0259s\u0259 m\u0259\u015f\u011ful olmal\u0131d\u0131r.\" \/>\n<meta property=\"og:url\" content=\"https:\/\/www.meydan.tv\/az\/article\/hadi-recebli-muellim-dolana-bilmirse-isden-sonra-das-da-horsun\/\" \/>\n<meta property=\"og:site_name\" content=\"MEYDAN.TV\" \/>\n<meta property=\"article:published_time\" content=\"2015-03-12T05:59:49+00:00\" \/>\n<meta property=\"og:image\" content=\"https:\/\/www.meydan.tv\/wp-content\/uploads\/7678.jpg\" \/>\n\t<meta property=\"og:image:width\" content=\"900\" \/>\n\t<meta property=\"og:image:height\" content=\"557\" \/>\n\t<meta property=\"og:image:type\" content=\"image\/jpeg\" \/>\n<meta name=\"twitter:card\" content=\"summary_large_image\" \/>\n<!-- \/ Yoast SEO plugin. -->","yoast_head_json":{"title":"Had\u0131 R\u0259c\u0259bli: M\u00fc\u0259llim dolana bilmirs\u0259, i\u015fd\u0259n sonra da\u015f da h\u00f6rs\u00fcn - MEYDAN.TV","robots":{"index":"index","follow":"follow","max-snippet":"max-snippet:-1","max-image-preview":"max-image-preview:large","max-video-preview":"max-video-preview:-1"},"canonical":"https:\/\/www.meydan.tv\/az\/article\/hadi-recebli-muellim-dolana-bilmirse-isden-sonra-das-da-horsun\/","og_locale":"az_AZ","og_type":"article","og_title":"Had\u0131 R\u0259c\u0259bli: M\u00fc\u0259llim dolana bilmirs\u0259, i\u015fd\u0259n sonra da\u015f da h\u00f6rs\u00fcn - MEYDAN.TV","og_description":"\u018fg\u0259r v\u0259t\u0259nda\u015f yax\u015f\u0131 ya\u015famaq ist\u0259yirs\u0259, \u00e7ox i\u015fl\u0259m\u0259lidir. \u018fg\u0259r bu g\u00fcn m\u00fc\u0259llim 150-200 manat maa\u015f al\u0131r v\u0259 dolana bilmirs\u0259, o, i\u015fd\u0259n sonra da ba\u015fqa n\u0259 il\u0259s\u0259 m\u0259\u015f\u011ful olmal\u0131d\u0131r.","og_url":"https:\/\/www.meydan.tv\/az\/article\/hadi-recebli-muellim-dolana-bilmirse-isden-sonra-das-da-horsun\/","og_site_name":"MEYDAN.TV","article_published_time":"2015-03-12T05:59:49+00:00","og_image":[{"width":900,"height":557,"url":"https:\/\/www.meydan.tv\/wp-content\/uploads\/7678.jpg","type":"image\/jpeg"}],"twitter_card":"summary_large_image","schema":{"@context":"https:\/\/schema.org","@graph":[{"@type":"Article","@id":"https:\/\/www.meydan.tv\/az\/article\/hadi-recebli-muellim-dolana-bilmirse-isden-sonra-das-da-horsun\/#article","isPartOf":{"@id":"https:\/\/www.meydan.tv\/az\/article\/hadi-recebli-muellim-dolana-bilmirse-isden-sonra-das-da-horsun\/"},"author":{"name":"user-manager","@id":"https:\/\/www.meydan.tv\/az\/#\/schema\/person\/10d11eccf6da3662cf5fdab9806ea91a"},"headline":"Had\u0131 R\u0259c\u0259bli: M\u00fc\u0259llim dolana bilmirs\u0259, i\u015fd\u0259n sonra da\u015f da h\u00f6rs\u00fcn","datePublished":"2015-03-12T05:59:49+00:00","mainEntityOfPage":{"@id":"https:\/\/www.meydan.tv\/az\/article\/hadi-recebli-muellim-dolana-bilmirse-isden-sonra-das-da-horsun\/"},"wordCount":883,"publisher":{"@id":"https:\/\/www.meydan.tv\/az\/#organization"},"image":{"@id":"https:\/\/www.meydan.tv\/az\/article\/hadi-recebli-muellim-dolana-bilmirse-isden-sonra-das-da-horsun\/#primaryimage"},"thumbnailUrl":"https:\/\/www.meydan.tv\/wp-content\/uploads\/7678.jpg","articleSection":["X\u0259b\u0259rl\u0259r"],"inLanguage":"az"},{"@type":"WebPage","@id":"https:\/\/www.meydan.tv\/az\/article\/hadi-recebli-muellim-dolana-bilmirse-isden-sonra-das-da-horsun\/","url":"https:\/\/www.meydan.tv\/az\/article\/hadi-recebli-muellim-dolana-bilmirse-isden-sonra-das-da-horsun\/","name":"Had\u0131 R\u0259c\u0259bli: M\u00fc\u0259llim dolana bilmirs\u0259, i\u015fd\u0259n sonra da\u015f da h\u00f6rs\u00fcn - MEYDAN.TV","isPartOf":{"@id":"https:\/\/www.meydan.tv\/az\/#website"},"primaryImageOfPage":{"@id":"https:\/\/www.meydan.tv\/az\/article\/hadi-recebli-muellim-dolana-bilmirse-isden-sonra-das-da-horsun\/#primaryimage"},"image":{"@id":"https:\/\/www.meydan.tv\/az\/article\/hadi-recebli-muellim-dolana-bilmirse-isden-sonra-das-da-horsun\/#primaryimage"},"thumbnailUrl":"https:\/\/www.meydan.tv\/wp-content\/uploads\/7678.jpg","datePublished":"2015-03-12T05:59:49+00:00","breadcrumb":{"@id":"https:\/\/www.meydan.tv\/az\/article\/hadi-recebli-muellim-dolana-bilmirse-isden-sonra-das-da-horsun\/#breadcrumb"},"inLanguage":"az","potentialAction":[{"@type":"ReadAction","target":["https:\/\/www.meydan.tv\/az\/article\/hadi-recebli-muellim-dolana-bilmirse-isden-sonra-das-da-horsun\/"]}]},{"@type":"ImageObject","inLanguage":"az","@id":"https:\/\/www.meydan.tv\/az\/article\/hadi-recebli-muellim-dolana-bilmirse-isden-sonra-das-da-horsun\/#primaryimage","url":"https:\/\/www.meydan.tv\/wp-content\/uploads\/7678.jpg","contentUrl":"https:\/\/www.meydan.tv\/wp-content\/uploads\/7678.jpg","width":900,"height":557,"caption":"Source:"},{"@type":"BreadcrumbList","@id":"https:\/\/www.meydan.tv\/az\/article\/hadi-recebli-muellim-dolana-bilmirse-isden-sonra-das-da-horsun\/#breadcrumb","itemListElement":[{"@type":"ListItem","position":1,"name":"Ana s\u0259hif\u0259","item":"https:\/\/www.meydan.tv\/az\/"},{"@type":"ListItem","position":2,"name":"X\u0259b\u0259rl\u0259r","item":"https:\/\/www.meydan.tv\/az\/section\/xeberler\/"},{"@type":"ListItem","position":3,"name":"Had\u0131 R\u0259c\u0259bli: M\u00fc\u0259llim dolana bilmirs\u0259, i\u015fd\u0259n sonra da\u015f da h\u00f6rs\u00fcn"}]},{"@type":"WebSite","@id":"https:\/\/www.meydan.tv\/az\/#website","url":"https:\/\/www.meydan.tv\/az\/","name":"MEYDAN.TV","description":"Meydan TV Az\u0259rbaycan\u0131n media m\u0259kan\u0131ndak\u0131 alternativ s\u0259sidir","publisher":{"@id":"https:\/\/www.meydan.tv\/az\/#organization"},"potentialAction":[{"@type":"SearchAction","target":{"@type":"EntryPoint","urlTemplate":"https:\/\/www.meydan.tv\/az\/?s={search_term_string}"},"query-input":{"@type":"PropertyValueSpecification","valueRequired":true,"valueName":"search_term_string"}}],"inLanguage":"az"},{"@type":"Organization","@id":"https:\/\/www.meydan.tv\/az\/#organization","name":"Meydan TV","url":"https:\/\/www.meydan.tv\/az\/","logo":{"@type":"ImageObject","inLanguage":"az","@id":"https:\/\/www.meydan.tv\/az\/#\/schema\/logo\/image\/","url":"https:\/\/www.meydan.tv\/wp-content\/uploads\/2021\/07\/meydan-logo.svg","contentUrl":"https:\/\/www.meydan.tv\/wp-content\/uploads\/2021\/07\/meydan-logo.svg","width":195,"height":46,"caption":"Meydan TV"},"image":{"@id":"https:\/\/www.meydan.tv\/az\/#\/schema\/logo\/image\/"}},{"@type":"Person","@id":"https:\/\/www.meydan.tv\/az\/#\/schema\/person\/10d11eccf6da3662cf5fdab9806ea91a","name":"user-manager"}]}},"_links":{"self":[{"href":"https:\/\/www.meydan.tv\/az\/wp-json\/wp\/v2\/posts\/167208","targetHints":{"allow":["GET"]}}],"collection":[{"href":"https:\/\/www.meydan.tv\/az\/wp-json\/wp\/v2\/posts"}],"about":[{"href":"https:\/\/www.meydan.tv\/az\/wp-json\/wp\/v2\/types\/post"}],"author":[{"embeddable":true,"href":"https:\/\/www.meydan.tv\/az\/wp-json\/wp\/v2\/users\/11"}],"replies":[{"embeddable":true,"href":"https:\/\/www.meydan.tv\/az\/wp-json\/wp\/v2\/comments?post=167208"}],"version-history":[{"count":0,"href":"https:\/\/www.meydan.tv\/az\/wp-json\/wp\/v2\/posts\/167208\/revisions"}],"wp:featuredmedia":[{"embeddable":true,"href":"https:\/\/www.meydan.tv\/az\/wp-json\/wp\/v2\/media\/21297"}],"wp:attachment":[{"href":"https:\/\/www.meydan.tv\/az\/wp-json\/wp\/v2\/media?parent=167208"}],"wp:term":[{"taxonomy":"category","embeddable":true,"href":"https:\/\/www.meydan.tv\/az\/wp-json\/wp\/v2\/categories?post=167208"},{"taxonomy":"post_tag","embeddable":true,"href":"https:\/\/www.meydan.tv\/az\/wp-json\/wp\/v2\/tags?post=167208"}],"curies":[{"name":"wp","href":"https:\/\/api.w.org\/{rel}","templated":true}]}}