{"id":167206,"date":"2015-03-12T01:14:59","date_gmt":"2015-03-12T01:14:59","guid":{"rendered":"https:\/\/www.meydan.tv\/article\/din-ve-respublika-prokurorlugunun-aciqlamasi-partiyalarda-naraziliq-yaratdi\/"},"modified":"2015-03-12T01:14:59","modified_gmt":"2015-03-12T01:14:59","slug":"din-ve-respublika-prokurorlugunun-aciqlamasi-partiyalarda-naraziliq-yaratdi","status":"publish","type":"post","link":"https:\/\/www.meydan.tv\/az\/article\/din-ve-respublika-prokurorlugunun-aciqlamasi-partiyalarda-naraziliq-yaratdi\/","title":{"rendered":"D\u0130N v\u0259 Respublika Prokurorlu\u011funun a\u00e7\u0131qlamas\u0131 partiyalarda naraz\u0131l\u0131q yaratd\u0131"},"content":{"rendered":"<figure class=\"wp-block-image size-large\">\n  <img decoding=\"async\" src=\"https:\/\/www.meydan.tv\/az\/21282\/\" alt=\"\" class=\"wp-image-21282\"\/><figcaption><\/figcaption><\/figure>\n<figure class=\"wp-block-image size-large\">\n  <img decoding=\"async\" src=\"https:\/\/www.meydan.tv\/az\/21288\/\" alt=\"\" class=\"wp-image-21288\"\/><figcaption><\/figcaption><\/figure>\n<p>\n  <i><br \/>\n    H\u0259bs olunanlar\u0131n m\u0259nzill\u0259rin\u0259 bax\u0131\u015f zaman\u0131 2 \u0259d\u0259d sand\u0131q\u00e7as\u0131 il\u0259 birlikd\u0259 1 avtomat, 800 qram partlay\u0131c\u0131 madd\u0259, 9 \u0259l qumbaras\u0131, 170 \u0259d\u0259d patron, yay\u0131lmas\u0131 qanunla qada\u011fan olunmu\u015f xeyli sayda dini \u0259d\u0259biyyat, diskl\u0259r v\u0259 s. maddi s\u00fcbutlar g\u00f6t\u00fcr\u00fcl\u00fcb<br \/>\n  <\/i>\n<\/p>\n<p>\n  H\u00fcquq-m\u00fchafiz\u0259 orqanlar\u0131 cinay\u0259tkarl\u0131qla m\u00fcbariz\u0259 sah\u0259sind\u0259 T\u0259rt\u0259r rayonunda n\u00f6vb\u0259ti x\u00fcsusi \u0259m\u0259liyyat t\u0259dbiri h\u0259yata ke\u00e7iribl\u0259r. Bu haqda Daxili \u0130\u015fl\u0259r Nazirliyi m\u0259lumat yay\u0131b (Turan \u0130A).\n<\/p>\n<p>\n  D\u0130N-\u0259 m\u00fcraci\u0259t ed\u0259n T\u0259rt\u0259r rayon sakini yetkinlik ya\u015f\u0131na \u00e7atmayan o\u011flunun radikal dini c\u0259r\u0259yana c\u0259lb olunmaqla Suriyaya g\u00f6nd\u0259rilm\u0259si v\u0259 orada qanunsuz silahl\u0131 birl\u0259\u015fm\u0259l\u0259rin t\u0259rkibind\u0259 d\u00f6y\u00fc\u015fl\u0259rd\u0259 i\u015ftirak etm\u0259si haqda D\u0130N-\u0259 m\u00fcraci\u0259t edib. Ara\u015fd\u0131rmalar n\u0259tic\u0259sind\u0259 T\u0259rt\u0259r \u0259razisind\u0259 ayr\u0131-ayr\u0131 v\u0259t\u0259nda\u015flar\u0131n \u00f6lk\u0259 h\u00fcdudlar\u0131ndan k\u0259narda qanunsuz f\u0259aliyy\u0259t g\u00f6st\u0259r\u0259n silahl\u0131 birl\u0259\u015fm\u0259l\u0259rin s\u0131ralar\u0131na qo\u015fulmas\u0131n\u0131 t\u0259\u015fkil ed\u0259n ekstremist y\u00f6n\u00fcml\u00fc m\u00fct\u0259\u015f\u0259kkil cinay\u0259tkar d\u0259st\u0259 m\u00fc\u0259yy\u0259n edilib.\n<\/p>\n<p>\n  Nazirliyin x\u00fcsusi t\u0259yinatl\u0131 polis q\u00fcvv\u0259l\u0259ri d\u0259 c\u0259lb olunmaqla, Ba\u015f M\u00fct\u0259\u015f\u0259kkil Cinay\u0259tkarl\u0131\u011fa qar\u015f\u0131 M\u00fcbariz\u0259 \u0130dar\u0259si, T\u0259rt\u0259r Rayon Polis \u015e\u00f6b\u0259si v\u0259 prokurorlu\u011fu \u0259m\u0259kda\u015flar\u0131 d\u0259st\u0259nin 4 \u00fczv\u00fcn\u00fc Z\u00fclf\u00fcqar \u0130brahimovu, M\u00fcbariz Mirz\u0259liyevi, \u015e\u0259ms\u0259ddin Abdullazad\u0259 v\u0259 V\u00fcqar \u018fliyevi saxlay\u0131blar. Onlar\u0131n ya\u015fad\u0131qlar\u0131 m\u0259nzill\u0259r\u0259 bax\u0131\u015f zaman\u0131 2 \u0259d\u0259d sand\u0131q\u00e7as\u0131 il\u0259 birlikd\u0259 1 avtomat, 800 qram partlay\u0131c\u0131 madd\u0259, 9 \u0259l qumbaras\u0131, 170 \u0259d\u0259d patron, yay\u0131lmas\u0131 qanunla qada\u011fan olunmu\u015f xeyli sayda dini \u0259d\u0259biyyat, diskl\u0259r v\u0259 s. maddi s\u00fcbutlar g\u00f6t\u00fcr\u00fcl\u00fcb.\n<\/p>\n<p>\n  Faktla ba\u011fl\u0131 cinay\u0259t i\u015fi ba\u015flan\u0131l\u0131b, istintaq apar\u0131l\u0131r.\n<\/p>\n<p>\n  Haz\u0131rda m\u00fct\u0259\u015f\u0259kkil d\u0259st\u0259nin cinay\u0259tkar \u0259laq\u0259l\u0259rinin if\u015fas\u0131, habel\u0259, dig\u0259r \u00fczvl\u0259rinin m\u00fc\u0259yy\u0259n olunaraq m\u0259suliyy\u0259t\u0259 c\u0259lb edilm\u0259si istiqam\u0259tind\u0259 t\u0259xir\u0259sal\u0131nmaz istintaq v\u0259 \u0259m\u0259liyyat t\u0259dbirl\u0259ri davam etdirilir (APA).\n<\/p>\n<figure class=\"wp-block-image size-large\">\n  <img decoding=\"async\" src=\"https:\/\/www.meydan.tv\/az\/21282\/\" alt=\"\" class=\"wp-image-21282\"\/><figcaption><\/figcaption><\/figure>\n<p>\n  D\u0130N-in a\u00e7\u0131qlamas\u0131nda ad\u0131 \u00e7\u0259kil\u0259n Z\u00fclf\u00fcqar \u0130brahim B\u00f6y\u00fck Qurulu\u015f Partiyas\u0131n\u0131n (BQP) rayon t\u0259\u015fkilat\u0131n\u0131n s\u0259dridir, V\u00fcqar \u018fliyev is\u0259 \u00dcmid Partiyas\u0131n\u0131n sabiq \u00fczv\u00fc olub. Eyni zamanda, h\u0259r iki \u015f\u0259xs Qaraba\u011f Azadl\u0131q T\u0259\u015fkilat\u0131n\u0131n (QAT) \u00fczv\u00fcd\u00fcrl\u0259r. Art\u0131q adlar\u0131 \u00e7\u0259kil\u0259n partiyalar\u0131n v\u0259 QAT-\u0131n r\u0259hb\u0259rliyi etiraz b\u0259yanat\u0131 yay\u0131blar.\n<\/p>\n<p>\n  BQP-nin yayd\u0131\u011f\u0131 b\u0259yanatda bildirilir ki, 10 mart tarixd\u0259 h\u00fcquq-m\u00fchafiz\u0259 orqanlar\u0131 t\u0259r\u0259find\u0259n B\u00f6y\u00fck Qurulu\u015f Partiyas\u0131n\u0131n T\u0259rt\u0259r rayon \u015f\u00f6b\u0259sinin s\u0259dri, sahibkarl\u0131q f\u0259aliyy\u0259ti il\u0259 m\u0259\u015f\u011ful olan Z\u00fclf\u00fcqar \u0130brahimovun h\u0259bsi v\u0259 evind\u0259 axtar\u0131\u015f apar\u0131lmas\u0131 ciddi narahat\u00e7\u0131l\u0131q do\u011furub: &#8220;Bir ay \u00f6nc\u0259 Z\u00fclf\u00fcqar \u0130brahimov bar\u0259d\u0259 &#8220;Etatist&#8221; sayt\u0131nda ged\u0259n sifari\u015fli v\u0259 b\u00f6htan\u00e7\u0131 yaz\u0131dan sonra bu fakt\u0131n ba\u015f verm\u0259si bel\u0259 bir narahat\u00e7\u0131l\u0131\u011fa ciddi \u0259sas verm\u0259kd\u0259dir. Z\u00fclf\u00fcqar \u0130brahimovun Az\u0259rbaycan d\u00f6vl\u0259t\u00e7iliyin\u0259 sadiq, Qaraba\u011f\u0131n azadl\u0131\u011f\u0131 u\u011frunda vuru\u015fmu\u015f, sahibkar kimi vicdanla vergisini \u00f6d\u0259y\u0259n, qeyri-qanuni davran\u0131\u015flardan uzaq duran, inancl\u0131 bir Az\u0259rbaycan v\u0259t\u0259nda\u015f\u0131d\u0131r. BQP hesab edir ki, onun qanunsuz silah saxlamas\u0131, yaxud da ba\u015fqa qeyri-qanuni h\u0259r\u0259k\u0259tl\u0259r etm\u0259si bar\u0259d\u0259 m\u00fclahiz\u0259l\u0259r bir daha diqq\u0259tl\u0259 ara\u015fd\u0131r\u0131lmal\u0131, h\u00fcquq-m\u00fchafiz\u0259 orqanlar\u0131 bu m\u0259s\u0259l\u0259 il\u0259 ba\u011fl\u0131 obyektiv q\u0259rar q\u0259bul etm\u0259lidirl\u0259r.\n<\/p>\n<p>\n  \u0130ttihama Qaraba\u011f Azadl\u0131q T\u0259\u015fkilat\u0131n\u0131n s\u0259dri Akif Na\u011f\u0131 da etiraz edib.\n<\/p>\n<p><div>\n    &#8220;Tam m\u0259suliyy\u0259tl\u0259 \u00a0bildirir\u0259m ki, bu, qurama bir i\u015fdir, rayon s\u0259viyy\u0259sind\u0259 hans\u0131sa m\u0259murun intriqas\u0131 v\u0259 q\u0259r\u0259zind\u0259n ba\u015fqa bir \u015fey deyildir. Z\u00fclf\u00fcqar \u0130brahimov v\u0259 V\u00fcqar \u018fliyev n\u00fcmun\u0259vi, qanuna tabe olan v\u0259t\u0259nda\u015flard\u0131r, he\u00e7 bir qrupla \u0259laq\u0259l\u0259ri yoxdur, he\u00e7 vaxt he\u00e7 bir yaban\u00e7\u0131 v\u0259 z\u0259r\u0259rli t\u0259bli\u011fatla m\u0259\u015f\u011ful olmay\u0131blar. Hesab edirik ki, bu yanl\u0131\u015fl\u0131q v\u0259 \u0259dal\u0259tsizlik d\u0259rhal aradan qald\u0131r\u0131lmal\u0131d\u0131r. Hans\u0131sa m\u0259murun bu c\u00fcr q\u0259r\u0259zli h\u0259r\u0259k\u0259ti hakimiyy\u0259tin imicin\u0259 d\u0259 z\u0259rb\u0259 vurur, c\u0259miyy\u0259td\u0259, x\u00fcsusil\u0259 d\u0259 c\u0259bh\u0259yan\u0131 \u0259razil\u0259rd\u0259 m\u0259n\u0259vi-psixoloji duruma m\u0259nfi t\u0259sir g\u00f6st\u0259rir&#8221;,-dey\u0259 Na\u011f\u0131 bildirib.\n  <\/div>\n<\/p>\n<p><div><\/div>\n<\/p>\n<p><div>\n    \u0130.A\u011fazad\u0259 is\u0259 &#8220;Yeni M\u00fcsavat&#8221;a deyib ki, V\u00fcqar \u018fliyev partiya s\u0131ralar\u0131ndan 2010-ci ild\u0259 tamamil\u0259 ayr\u0131l\u0131b, h\u0259m d\u0259 o, dini yox, d\u00fcny\u0259vi g\u00f6r\u00fc\u015fl\u0259ri il\u0259 se\u00e7ilirmi\u015f<br \/>\n    <b><br \/>\n      :<br \/>\n    <\/b><br \/>\n    \u201cV\u00fcqar \u018fliyev ciddi karyeras\u0131 olan bir \u015f\u0259xsdi. O, G\u0259ncl\u0259r v\u0259 \u0130dman Nazirliyinin t\u0259rkibind\u0259ki qurumlardan birind\u0259 beyn\u0259lxalq \u0259laq\u0259l\u0259r \u00fczr\u0259 katib olub. Eyni zamanda, Avropa \u015euras\u0131nda Az\u0259rbaycan g\u0259ncliyini t\u0259msil edirdi \u2013 Avropa \u015euras\u0131n\u0131n milli komit\u0259sind\u0259 g\u0259ncl\u0259r \u00fczr\u0259 katib idi. O he\u00e7 vaxt dindar olmay\u0131b, he\u00e7 vaxt namaz q\u0131lmay\u0131b. Onun \u00e7al\u0131\u015fd\u0131\u011f\u0131 \u0259n son qurumlardan biri Avroatlantik m\u0259kana inteqrasiya il\u0259 ba\u011fl\u0131 bir QHT idi\u201d.\n  <\/div>\n<\/p>\n<p><div><\/div>\n<\/p><\/p>\n","protected":false},"excerpt":{"rendered":"<p>H\u0259bs olunanlar\u0131n m\u0259nzill\u0259rin\u0259 bax\u0131\u015f zaman\u0131 2 \u0259d\u0259d sand\u0131q\u00e7as\u0131 il\u0259 birlikd\u0259 1 avtomat, 800 qram partlay\u0131c\u0131 madd\u0259, 9 \u0259l qumbaras\u0131, 170 \u0259d\u0259d patron, yay\u0131lmas\u0131 qanunla qada\u011fan olunmu\u015f xeyli sayda dini \u0259d\u0259biyyat, diskl\u0259r v\u0259 s. maddi s\u00fcbutlar g\u00f6t\u00fcr\u00fcl\u00fcb<\/p>\n","protected":false},"author":11,"featured_media":21282,"comment_status":"closed","ping_status":"open","sticky":false,"template":"","format":"standard","meta":{"_acf_changed":false,"_sitemap_exclude":false,"_sitemap_priority":"","_sitemap_frequency":"","footnotes":""},"categories":[56],"tags":[],"class_list":["post-167206","post","type-post","status-publish","format-standard","has-post-thumbnail","hentry","category-xeberler","infinite-scroll-item","generate-columns","tablet-grid-50","mobile-grid-100","grid-parent","grid-33","no-featured-image-padding"],"acf":[],"yoast_head":"<!-- This site is optimized with the Yoast SEO plugin v28.3 - https:\/\/yoast.com\/product\/yoast-seo-wordpress\/ -->\n<title>D\u0130N v\u0259 Respublika Prokurorlu\u011funun a\u00e7\u0131qlamas\u0131 partiyalarda naraz\u0131l\u0131q yaratd\u0131 - MEYDAN.TV<\/title>\n<meta name=\"robots\" content=\"index, follow, max-snippet:-1, max-image-preview:large, max-video-preview:-1\" \/>\n<link rel=\"canonical\" href=\"https:\/\/www.meydan.tv\/az\/article\/din-ve-respublika-prokurorlugunun-aciqlamasi-partiyalarda-naraziliq-yaratdi\/\" \/>\n<meta property=\"og:locale\" content=\"az_AZ\" \/>\n<meta property=\"og:type\" content=\"article\" \/>\n<meta property=\"og:title\" content=\"D\u0130N v\u0259 Respublika Prokurorlu\u011funun a\u00e7\u0131qlamas\u0131 partiyalarda naraz\u0131l\u0131q yaratd\u0131 - MEYDAN.TV\" \/>\n<meta property=\"og:description\" content=\"H\u0259bs olunanlar\u0131n m\u0259nzill\u0259rin\u0259 bax\u0131\u015f zaman\u0131 2 \u0259d\u0259d sand\u0131q\u00e7as\u0131 il\u0259 birlikd\u0259 1 avtomat, 800 qram partlay\u0131c\u0131 madd\u0259, 9 \u0259l qumbaras\u0131, 170 \u0259d\u0259d patron, yay\u0131lmas\u0131 qanunla qada\u011fan olunmu\u015f xeyli sayda dini \u0259d\u0259biyyat, diskl\u0259r v\u0259 s. maddi s\u00fcbutlar g\u00f6t\u00fcr\u00fcl\u00fcb\" \/>\n<meta property=\"og:url\" content=\"https:\/\/www.meydan.tv\/az\/article\/din-ve-respublika-prokurorlugunun-aciqlamasi-partiyalarda-naraziliq-yaratdi\/\" \/>\n<meta property=\"og:site_name\" content=\"MEYDAN.TV\" \/>\n<meta property=\"article:published_time\" content=\"2015-03-12T01:14:59+00:00\" \/>\n<meta property=\"og:image\" content=\"https:\/\/www.meydan.tv\/wp-content\/uploads\/7675.jpg\" \/>\n\t<meta property=\"og:image:width\" content=\"480\" \/>\n\t<meta property=\"og:image:height\" content=\"325\" \/>\n\t<meta property=\"og:image:type\" content=\"image\/jpeg\" \/>\n<meta name=\"twitter:card\" content=\"summary_large_image\" \/>\n<!-- \/ Yoast SEO plugin. -->","yoast_head_json":{"title":"D\u0130N v\u0259 Respublika Prokurorlu\u011funun a\u00e7\u0131qlamas\u0131 partiyalarda naraz\u0131l\u0131q yaratd\u0131 - MEYDAN.TV","robots":{"index":"index","follow":"follow","max-snippet":"max-snippet:-1","max-image-preview":"max-image-preview:large","max-video-preview":"max-video-preview:-1"},"canonical":"https:\/\/www.meydan.tv\/az\/article\/din-ve-respublika-prokurorlugunun-aciqlamasi-partiyalarda-naraziliq-yaratdi\/","og_locale":"az_AZ","og_type":"article","og_title":"D\u0130N v\u0259 Respublika Prokurorlu\u011funun a\u00e7\u0131qlamas\u0131 partiyalarda naraz\u0131l\u0131q yaratd\u0131 - MEYDAN.TV","og_description":"H\u0259bs olunanlar\u0131n m\u0259nzill\u0259rin\u0259 bax\u0131\u015f zaman\u0131 2 \u0259d\u0259d sand\u0131q\u00e7as\u0131 il\u0259 birlikd\u0259 1 avtomat, 800 qram partlay\u0131c\u0131 madd\u0259, 9 \u0259l qumbaras\u0131, 170 \u0259d\u0259d patron, yay\u0131lmas\u0131 qanunla qada\u011fan olunmu\u015f xeyli sayda dini \u0259d\u0259biyyat, diskl\u0259r v\u0259 s. maddi s\u00fcbutlar g\u00f6t\u00fcr\u00fcl\u00fcb","og_url":"https:\/\/www.meydan.tv\/az\/article\/din-ve-respublika-prokurorlugunun-aciqlamasi-partiyalarda-naraziliq-yaratdi\/","og_site_name":"MEYDAN.TV","article_published_time":"2015-03-12T01:14:59+00:00","og_image":[{"width":480,"height":325,"url":"https:\/\/www.meydan.tv\/wp-content\/uploads\/7675.jpg","type":"image\/jpeg"}],"twitter_card":"summary_large_image","schema":{"@context":"https:\/\/schema.org","@graph":[{"@type":"Article","@id":"https:\/\/www.meydan.tv\/az\/article\/din-ve-respublika-prokurorlugunun-aciqlamasi-partiyalarda-naraziliq-yaratdi\/#article","isPartOf":{"@id":"https:\/\/www.meydan.tv\/az\/article\/din-ve-respublika-prokurorlugunun-aciqlamasi-partiyalarda-naraziliq-yaratdi\/"},"author":{"name":"user-manager","@id":"https:\/\/www.meydan.tv\/az\/#\/schema\/person\/10d11eccf6da3662cf5fdab9806ea91a"},"headline":"D\u0130N v\u0259 Respublika Prokurorlu\u011funun a\u00e7\u0131qlamas\u0131 partiyalarda naraz\u0131l\u0131q yaratd\u0131","datePublished":"2015-03-12T01:14:59+00:00","mainEntityOfPage":{"@id":"https:\/\/www.meydan.tv\/az\/article\/din-ve-respublika-prokurorlugunun-aciqlamasi-partiyalarda-naraziliq-yaratdi\/"},"wordCount":926,"publisher":{"@id":"https:\/\/www.meydan.tv\/az\/#organization"},"image":{"@id":"https:\/\/www.meydan.tv\/az\/article\/din-ve-respublika-prokurorlugunun-aciqlamasi-partiyalarda-naraziliq-yaratdi\/#primaryimage"},"thumbnailUrl":"https:\/\/www.meydan.tv\/wp-content\/uploads\/7675.jpg","articleSection":["X\u0259b\u0259rl\u0259r"],"inLanguage":"az"},{"@type":"WebPage","@id":"https:\/\/www.meydan.tv\/az\/article\/din-ve-respublika-prokurorlugunun-aciqlamasi-partiyalarda-naraziliq-yaratdi\/","url":"https:\/\/www.meydan.tv\/az\/article\/din-ve-respublika-prokurorlugunun-aciqlamasi-partiyalarda-naraziliq-yaratdi\/","name":"D\u0130N v\u0259 Respublika Prokurorlu\u011funun a\u00e7\u0131qlamas\u0131 partiyalarda naraz\u0131l\u0131q yaratd\u0131 - MEYDAN.TV","isPartOf":{"@id":"https:\/\/www.meydan.tv\/az\/#website"},"primaryImageOfPage":{"@id":"https:\/\/www.meydan.tv\/az\/article\/din-ve-respublika-prokurorlugunun-aciqlamasi-partiyalarda-naraziliq-yaratdi\/#primaryimage"},"image":{"@id":"https:\/\/www.meydan.tv\/az\/article\/din-ve-respublika-prokurorlugunun-aciqlamasi-partiyalarda-naraziliq-yaratdi\/#primaryimage"},"thumbnailUrl":"https:\/\/www.meydan.tv\/wp-content\/uploads\/7675.jpg","datePublished":"2015-03-12T01:14:59+00:00","breadcrumb":{"@id":"https:\/\/www.meydan.tv\/az\/article\/din-ve-respublika-prokurorlugunun-aciqlamasi-partiyalarda-naraziliq-yaratdi\/#breadcrumb"},"inLanguage":"az","potentialAction":[{"@type":"ReadAction","target":["https:\/\/www.meydan.tv\/az\/article\/din-ve-respublika-prokurorlugunun-aciqlamasi-partiyalarda-naraziliq-yaratdi\/"]}]},{"@type":"ImageObject","inLanguage":"az","@id":"https:\/\/www.meydan.tv\/az\/article\/din-ve-respublika-prokurorlugunun-aciqlamasi-partiyalarda-naraziliq-yaratdi\/#primaryimage","url":"https:\/\/www.meydan.tv\/wp-content\/uploads\/7675.jpg","contentUrl":"https:\/\/www.meydan.tv\/wp-content\/uploads\/7675.jpg","width":480,"height":325,"caption":"Source:"},{"@type":"BreadcrumbList","@id":"https:\/\/www.meydan.tv\/az\/article\/din-ve-respublika-prokurorlugunun-aciqlamasi-partiyalarda-naraziliq-yaratdi\/#breadcrumb","itemListElement":[{"@type":"ListItem","position":1,"name":"Ana s\u0259hif\u0259","item":"https:\/\/www.meydan.tv\/az\/"},{"@type":"ListItem","position":2,"name":"X\u0259b\u0259rl\u0259r","item":"https:\/\/www.meydan.tv\/az\/section\/xeberler\/"},{"@type":"ListItem","position":3,"name":"D\u0130N v\u0259 Respublika Prokurorlu\u011funun a\u00e7\u0131qlamas\u0131 partiyalarda naraz\u0131l\u0131q yaratd\u0131"}]},{"@type":"WebSite","@id":"https:\/\/www.meydan.tv\/az\/#website","url":"https:\/\/www.meydan.tv\/az\/","name":"MEYDAN.TV","description":"Meydan TV Az\u0259rbaycan\u0131n media m\u0259kan\u0131ndak\u0131 alternativ s\u0259sidir","publisher":{"@id":"https:\/\/www.meydan.tv\/az\/#organization"},"potentialAction":[{"@type":"SearchAction","target":{"@type":"EntryPoint","urlTemplate":"https:\/\/www.meydan.tv\/az\/?s={search_term_string}"},"query-input":{"@type":"PropertyValueSpecification","valueRequired":true,"valueName":"search_term_string"}}],"inLanguage":"az"},{"@type":"Organization","@id":"https:\/\/www.meydan.tv\/az\/#organization","name":"Meydan TV","url":"https:\/\/www.meydan.tv\/az\/","logo":{"@type":"ImageObject","inLanguage":"az","@id":"https:\/\/www.meydan.tv\/az\/#\/schema\/logo\/image\/","url":"https:\/\/www.meydan.tv\/wp-content\/uploads\/2021\/07\/meydan-logo.svg","contentUrl":"https:\/\/www.meydan.tv\/wp-content\/uploads\/2021\/07\/meydan-logo.svg","width":195,"height":46,"caption":"Meydan TV"},"image":{"@id":"https:\/\/www.meydan.tv\/az\/#\/schema\/logo\/image\/"}},{"@type":"Person","@id":"https:\/\/www.meydan.tv\/az\/#\/schema\/person\/10d11eccf6da3662cf5fdab9806ea91a","name":"user-manager"}]}},"_links":{"self":[{"href":"https:\/\/www.meydan.tv\/az\/wp-json\/wp\/v2\/posts\/167206","targetHints":{"allow":["GET"]}}],"collection":[{"href":"https:\/\/www.meydan.tv\/az\/wp-json\/wp\/v2\/posts"}],"about":[{"href":"https:\/\/www.meydan.tv\/az\/wp-json\/wp\/v2\/types\/post"}],"author":[{"embeddable":true,"href":"https:\/\/www.meydan.tv\/az\/wp-json\/wp\/v2\/users\/11"}],"replies":[{"embeddable":true,"href":"https:\/\/www.meydan.tv\/az\/wp-json\/wp\/v2\/comments?post=167206"}],"version-history":[{"count":0,"href":"https:\/\/www.meydan.tv\/az\/wp-json\/wp\/v2\/posts\/167206\/revisions"}],"wp:featuredmedia":[{"embeddable":true,"href":"https:\/\/www.meydan.tv\/az\/wp-json\/wp\/v2\/media\/21282"}],"wp:attachment":[{"href":"https:\/\/www.meydan.tv\/az\/wp-json\/wp\/v2\/media?parent=167206"}],"wp:term":[{"taxonomy":"category","embeddable":true,"href":"https:\/\/www.meydan.tv\/az\/wp-json\/wp\/v2\/categories?post=167206"},{"taxonomy":"post_tag","embeddable":true,"href":"https:\/\/www.meydan.tv\/az\/wp-json\/wp\/v2\/tags?post=167206"}],"curies":[{"name":"wp","href":"https:\/\/api.w.org\/{rel}","templated":true}]}}