{"id":167205,"date":"2015-03-12T00:44:47","date_gmt":"2015-03-12T00:44:47","guid":{"rendered":"https:\/\/www.meydan.tv\/article\/esgeri-gullelediyi-deyilen-cavus-hebs-edildi\/"},"modified":"2015-03-12T00:44:47","modified_gmt":"2015-03-12T00:44:47","slug":"esgeri-gullelediyi-deyilen-cavus-hebs-edildi","status":"publish","type":"post","link":"https:\/\/www.meydan.tv\/az\/article\/esgeri-gullelediyi-deyilen-cavus-hebs-edildi\/","title":{"rendered":"\u018fsg\u0259ri g\u00fcll\u0259l\u0259diyi deyil\u0259n \u00e7avu\u015f h\u0259bs edildi"},"content":{"rendered":"<figure class=\"wp-block-image size-large\">\n  <img decoding=\"async\" src=\"https:\/\/www.meydan.tv\/az\/21273\/\" alt=\"\" class=\"wp-image-21273\"\/><figcaption><\/figcaption><\/figure>\n<figure class=\"wp-block-image size-large\">\n  <img decoding=\"async\" src=\"https:\/\/www.meydan.tv\/az\/21273\/\" alt=\"\" class=\"wp-image-21273\"\/><figcaption><\/figcaption><\/figure>\n<p>\n  Anar Bayramovun q\u0259sd\u0259n \u00f6ld\u00fcr\u00fcld\u00fcy\u00fc bildirilir\n<\/p>\n<p>\n  Az\u0259rbaycanda \u0259sg\u0259ri avtomat silahdan at\u0259\u015f a\u00e7araq q\u0259tl\u0259 yetirm\u0259kd\u0259 \u015f\u00fcbh\u0259l\u0259n\u0259n \u015f\u0259xs h\u0259bs edilib.\n<\/p>\n<p>\n  H\u0259rbi Prokurorluqdan Trend-\u0259 veril\u0259n m\u0259lumata g\u00f6r\u0259, M\u00fcdafi\u0259 Nazirliyinin N sayl\u0131 h\u0259rbi hiss\u0259sinin \u0259sg\u0259ri \u00a0Anar G\u00fcn\u0259\u015f o\u011flu Bayramovun avtomat silahdan a\u00e7\u0131lm\u0131\u015f at\u0259\u015f n\u0259tic\u0259sind\u0259 \u00f6lm\u0259si fakt\u0131na g\u00f6r\u0259 7 mart 2015-ci il tarixd\u0259 Az\u0259rbaycan Respublikas\u0131 Cinay\u0259t M\u0259c\u0259ll\u0259sinin 125-ci madd\u0259si il\u0259 cinay\u0259t i\u015fi ba\u015flan\u0131l\u0131b. Cinay\u0259t i\u015fi \u00fczr\u0259 Respublika H\u0259rbi Prokurorlu\u011funun A\u011f\u0131r cinay\u0259tl\u0259r\u0259 dair \u0130\u015fl\u0259r \u00fczr\u0259 \u0130stintaq \u0130dar\u0259sind\u0259 apar\u0131lm\u0131\u015f t\u0259xir\u0259sal\u0131nmaz istintaq h\u0259r\u0259k\u0259tl\u0259ri n\u0259tic\u0259sind\u0259 \u0259sg\u0259r Anar Bayramovun h\u0259min h\u0259rbi hiss\u0259nin ki\u00e7ik \u00e7avu\u015fu Tural G\u00fclmirz\u0259 o\u011flu B\u0259yverdiyev\u00a0t\u0259r\u0259find\u0259n avtomat silahdan a\u00e7\u0131lm\u0131\u015f at\u0259\u015f n\u0259tic\u0259sind\u0259 q\u0259sd\u0259n \u00f6ld\u00fcr\u00fclm\u0259si m\u00fc\u0259yy\u0259n edilib.\n<\/p>\n<p>\n  Toplanm\u0131\u015f s\u00fcbutlar \u0259sas\u0131nda 9 mart 2015-ci il tarixd\u0259 Tural B\u0259yverdiyev Az\u0259rbaycan Respublikas\u0131 CM-in 120.2.2-ci madd\u0259si il\u0259 t\u0259qsirl\u0259ndiril\u0259n \u015f\u0259xs qismind\u0259 c\u0259lb edil\u0259r\u0259k, bar\u0259sind\u0259 G\u0259nc\u0259 h\u0259rbi m\u0259hk\u0259m\u0259sinin q\u0259rar\u0131 il\u0259 h\u0259bs q\u0259timkan se\u00e7ilib.\n<\/p>\n<p>\n  Haz\u0131rda z\u0259ruri istintaq h\u0259r\u0259k\u0259tl\u0259ri davam etdirilir.<\/p>\n","protected":false},"excerpt":{"rendered":"<p>Anar Bayramovun q\u0259sd\u0259n \u00f6ld\u00fcr\u00fcld\u00fcy\u00fc bildirilir<\/p>\n","protected":false},"author":11,"featured_media":21273,"comment_status":"closed","ping_status":"open","sticky":false,"template":"","format":"standard","meta":{"_acf_changed":false,"_sitemap_exclude":false,"_sitemap_priority":"","_sitemap_frequency":"","footnotes":""},"categories":[56],"tags":[],"class_list":["post-167205","post","type-post","status-publish","format-standard","has-post-thumbnail","hentry","category-xeberler","infinite-scroll-item","generate-columns","tablet-grid-50","mobile-grid-100","grid-parent","grid-33","no-featured-image-padding"],"acf":[],"yoast_head":"<!-- This site is optimized with the Yoast SEO plugin v28.3 - https:\/\/yoast.com\/product\/yoast-seo-wordpress\/ -->\n<title>\u018fsg\u0259ri g\u00fcll\u0259l\u0259diyi deyil\u0259n \u00e7avu\u015f h\u0259bs edildi - MEYDAN.TV<\/title>\n<meta name=\"robots\" content=\"index, follow, max-snippet:-1, max-image-preview:large, max-video-preview:-1\" \/>\n<link rel=\"canonical\" href=\"https:\/\/www.meydan.tv\/az\/article\/esgeri-gullelediyi-deyilen-cavus-hebs-edildi\/\" \/>\n<meta property=\"og:locale\" content=\"az_AZ\" \/>\n<meta property=\"og:type\" content=\"article\" \/>\n<meta property=\"og:title\" content=\"\u018fsg\u0259ri g\u00fcll\u0259l\u0259diyi deyil\u0259n \u00e7avu\u015f h\u0259bs edildi - MEYDAN.TV\" \/>\n<meta property=\"og:description\" content=\"Anar Bayramovun q\u0259sd\u0259n \u00f6ld\u00fcr\u00fcld\u00fcy\u00fc bildirilir\" \/>\n<meta property=\"og:url\" content=\"https:\/\/www.meydan.tv\/az\/article\/esgeri-gullelediyi-deyilen-cavus-hebs-edildi\/\" \/>\n<meta property=\"og:site_name\" content=\"MEYDAN.TV\" \/>\n<meta property=\"article:published_time\" content=\"2015-03-12T00:44:47+00:00\" \/>\n<meta property=\"og:image\" content=\"https:\/\/www.meydan.tv\/wp-content\/uploads\/7672.jpg\" \/>\n\t<meta property=\"og:image:width\" content=\"440\" \/>\n\t<meta property=\"og:image:height\" content=\"293\" \/>\n\t<meta property=\"og:image:type\" content=\"image\/jpeg\" \/>\n<meta name=\"twitter:card\" content=\"summary_large_image\" \/>\n<!-- \/ Yoast SEO plugin. -->","yoast_head_json":{"title":"\u018fsg\u0259ri g\u00fcll\u0259l\u0259diyi deyil\u0259n \u00e7avu\u015f h\u0259bs edildi - MEYDAN.TV","robots":{"index":"index","follow":"follow","max-snippet":"max-snippet:-1","max-image-preview":"max-image-preview:large","max-video-preview":"max-video-preview:-1"},"canonical":"https:\/\/www.meydan.tv\/az\/article\/esgeri-gullelediyi-deyilen-cavus-hebs-edildi\/","og_locale":"az_AZ","og_type":"article","og_title":"\u018fsg\u0259ri g\u00fcll\u0259l\u0259diyi deyil\u0259n \u00e7avu\u015f h\u0259bs edildi - MEYDAN.TV","og_description":"Anar Bayramovun q\u0259sd\u0259n \u00f6ld\u00fcr\u00fcld\u00fcy\u00fc bildirilir","og_url":"https:\/\/www.meydan.tv\/az\/article\/esgeri-gullelediyi-deyilen-cavus-hebs-edildi\/","og_site_name":"MEYDAN.TV","article_published_time":"2015-03-12T00:44:47+00:00","og_image":[{"width":440,"height":293,"url":"https:\/\/www.meydan.tv\/wp-content\/uploads\/7672.jpg","type":"image\/jpeg"}],"twitter_card":"summary_large_image","schema":{"@context":"https:\/\/schema.org","@graph":[{"@type":"Article","@id":"https:\/\/www.meydan.tv\/az\/article\/esgeri-gullelediyi-deyilen-cavus-hebs-edildi\/#article","isPartOf":{"@id":"https:\/\/www.meydan.tv\/az\/article\/esgeri-gullelediyi-deyilen-cavus-hebs-edildi\/"},"author":{"name":"user-manager","@id":"https:\/\/www.meydan.tv\/az\/#\/schema\/person\/10d11eccf6da3662cf5fdab9806ea91a"},"headline":"\u018fsg\u0259ri g\u00fcll\u0259l\u0259diyi deyil\u0259n \u00e7avu\u015f h\u0259bs edildi","datePublished":"2015-03-12T00:44:47+00:00","mainEntityOfPage":{"@id":"https:\/\/www.meydan.tv\/az\/article\/esgeri-gullelediyi-deyilen-cavus-hebs-edildi\/"},"wordCount":252,"publisher":{"@id":"https:\/\/www.meydan.tv\/az\/#organization"},"image":{"@id":"https:\/\/www.meydan.tv\/az\/article\/esgeri-gullelediyi-deyilen-cavus-hebs-edildi\/#primaryimage"},"thumbnailUrl":"https:\/\/www.meydan.tv\/wp-content\/uploads\/7672.jpg","articleSection":["X\u0259b\u0259rl\u0259r"],"inLanguage":"az"},{"@type":"WebPage","@id":"https:\/\/www.meydan.tv\/az\/article\/esgeri-gullelediyi-deyilen-cavus-hebs-edildi\/","url":"https:\/\/www.meydan.tv\/az\/article\/esgeri-gullelediyi-deyilen-cavus-hebs-edildi\/","name":"\u018fsg\u0259ri g\u00fcll\u0259l\u0259diyi deyil\u0259n \u00e7avu\u015f h\u0259bs edildi - MEYDAN.TV","isPartOf":{"@id":"https:\/\/www.meydan.tv\/az\/#website"},"primaryImageOfPage":{"@id":"https:\/\/www.meydan.tv\/az\/article\/esgeri-gullelediyi-deyilen-cavus-hebs-edildi\/#primaryimage"},"image":{"@id":"https:\/\/www.meydan.tv\/az\/article\/esgeri-gullelediyi-deyilen-cavus-hebs-edildi\/#primaryimage"},"thumbnailUrl":"https:\/\/www.meydan.tv\/wp-content\/uploads\/7672.jpg","datePublished":"2015-03-12T00:44:47+00:00","breadcrumb":{"@id":"https:\/\/www.meydan.tv\/az\/article\/esgeri-gullelediyi-deyilen-cavus-hebs-edildi\/#breadcrumb"},"inLanguage":"az","potentialAction":[{"@type":"ReadAction","target":["https:\/\/www.meydan.tv\/az\/article\/esgeri-gullelediyi-deyilen-cavus-hebs-edildi\/"]}]},{"@type":"ImageObject","inLanguage":"az","@id":"https:\/\/www.meydan.tv\/az\/article\/esgeri-gullelediyi-deyilen-cavus-hebs-edildi\/#primaryimage","url":"https:\/\/www.meydan.tv\/wp-content\/uploads\/7672.jpg","contentUrl":"https:\/\/www.meydan.tv\/wp-content\/uploads\/7672.jpg","width":440,"height":293,"caption":"Source:"},{"@type":"BreadcrumbList","@id":"https:\/\/www.meydan.tv\/az\/article\/esgeri-gullelediyi-deyilen-cavus-hebs-edildi\/#breadcrumb","itemListElement":[{"@type":"ListItem","position":1,"name":"Ana s\u0259hif\u0259","item":"https:\/\/www.meydan.tv\/az\/"},{"@type":"ListItem","position":2,"name":"X\u0259b\u0259rl\u0259r","item":"https:\/\/www.meydan.tv\/az\/section\/xeberler\/"},{"@type":"ListItem","position":3,"name":"\u018fsg\u0259ri g\u00fcll\u0259l\u0259diyi deyil\u0259n \u00e7avu\u015f h\u0259bs edildi"}]},{"@type":"WebSite","@id":"https:\/\/www.meydan.tv\/az\/#website","url":"https:\/\/www.meydan.tv\/az\/","name":"MEYDAN.TV","description":"Meydan TV Az\u0259rbaycan\u0131n media m\u0259kan\u0131ndak\u0131 alternativ s\u0259sidir","publisher":{"@id":"https:\/\/www.meydan.tv\/az\/#organization"},"potentialAction":[{"@type":"SearchAction","target":{"@type":"EntryPoint","urlTemplate":"https:\/\/www.meydan.tv\/az\/?s={search_term_string}"},"query-input":{"@type":"PropertyValueSpecification","valueRequired":true,"valueName":"search_term_string"}}],"inLanguage":"az"},{"@type":"Organization","@id":"https:\/\/www.meydan.tv\/az\/#organization","name":"Meydan TV","url":"https:\/\/www.meydan.tv\/az\/","logo":{"@type":"ImageObject","inLanguage":"az","@id":"https:\/\/www.meydan.tv\/az\/#\/schema\/logo\/image\/","url":"https:\/\/www.meydan.tv\/wp-content\/uploads\/2021\/07\/meydan-logo.svg","contentUrl":"https:\/\/www.meydan.tv\/wp-content\/uploads\/2021\/07\/meydan-logo.svg","width":195,"height":46,"caption":"Meydan TV"},"image":{"@id":"https:\/\/www.meydan.tv\/az\/#\/schema\/logo\/image\/"}},{"@type":"Person","@id":"https:\/\/www.meydan.tv\/az\/#\/schema\/person\/10d11eccf6da3662cf5fdab9806ea91a","name":"user-manager"}]}},"_links":{"self":[{"href":"https:\/\/www.meydan.tv\/az\/wp-json\/wp\/v2\/posts\/167205","targetHints":{"allow":["GET"]}}],"collection":[{"href":"https:\/\/www.meydan.tv\/az\/wp-json\/wp\/v2\/posts"}],"about":[{"href":"https:\/\/www.meydan.tv\/az\/wp-json\/wp\/v2\/types\/post"}],"author":[{"embeddable":true,"href":"https:\/\/www.meydan.tv\/az\/wp-json\/wp\/v2\/users\/11"}],"replies":[{"embeddable":true,"href":"https:\/\/www.meydan.tv\/az\/wp-json\/wp\/v2\/comments?post=167205"}],"version-history":[{"count":0,"href":"https:\/\/www.meydan.tv\/az\/wp-json\/wp\/v2\/posts\/167205\/revisions"}],"wp:featuredmedia":[{"embeddable":true,"href":"https:\/\/www.meydan.tv\/az\/wp-json\/wp\/v2\/media\/21273"}],"wp:attachment":[{"href":"https:\/\/www.meydan.tv\/az\/wp-json\/wp\/v2\/media?parent=167205"}],"wp:term":[{"taxonomy":"category","embeddable":true,"href":"https:\/\/www.meydan.tv\/az\/wp-json\/wp\/v2\/categories?post=167205"},{"taxonomy":"post_tag","embeddable":true,"href":"https:\/\/www.meydan.tv\/az\/wp-json\/wp\/v2\/tags?post=167205"}],"curies":[{"name":"wp","href":"https:\/\/api.w.org\/{rel}","templated":true}]}}