{"id":167203,"date":"2015-03-12T00:31:21","date_gmt":"2015-03-12T00:31:21","guid":{"rendered":"https:\/\/www.meydan.tv\/article\/kecmis-polisler-efvle-bagli-prezidente-muraciet-etdiler\/"},"modified":"2015-03-12T00:31:21","modified_gmt":"2015-03-12T00:31:21","slug":"kecmis-polisler-efvle-bagli-prezidente-muraciet-etdiler","status":"publish","type":"post","link":"https:\/\/www.meydan.tv\/az\/article\/kecmis-polisler-efvle-bagli-prezidente-muraciet-etdiler\/","title":{"rendered":"Ke\u00e7mi\u015f polisl\u0259r \u0259fvl\u0259 ba\u011fl\u0131 prezident\u0259 m\u00fcraci\u0259t etdil\u0259r"},"content":{"rendered":"<figure class=\"wp-block-image size-large\">\n  <img decoding=\"async\" src=\"https:\/\/www.meydan.tv\/az\/21270\/\" alt=\"\" class=\"wp-image-21270\"\/><figcaption><\/figcaption><\/figure>\n<figure class=\"wp-block-image size-large\">\n  <img decoding=\"async\" src=\"https:\/\/www.meydan.tv\/az\/21270\/\" alt=\"\" class=\"wp-image-21270\"\/><figcaption><\/figcaption><\/figure>\n<p>\n  <i><br \/>\n    Nizami \u015eahmuradov g\u00f6st\u0259rdikl\u0259ri \u015f\u00fcca\u0259t v\u0259 igidlikl\u0259r\u0259 baxmayaraq, \u201cXTPD\u201dd\u0259n olan \u015f\u0259hid v\u0259 qazi ail\u0259l\u0259rinin d\u0259 adlar\u0131n\u0131n \u201ck\u00f6lg\u0259\u201dy\u0259 d\u00fc\u015fd\u00fcy\u00fcn\u00fc deyir<br \/>\n  <\/i>\n<\/p>\n<\/p>\n<p>\n  Ke\u00e7mi\u015f X\u00fcsusi T\u0259yinatl\u0131 Polis D\u0259st\u0259sinin (XTPD) komandirl\u0259rind\u0259n olmu\u015f Nizami \u015eahmuradov mart\u0131n 11-d\u0259 Beyn\u0259lxalq M\u0259tbuat M\u0259rk\u0259zind\u0259 (BMM) m\u0259rbuat konfrans\u0131 ke\u00e7irib.\n<\/p>\n<p>\n  O, 1995-ci ilin 17 mart hadis\u0259l\u0259ri zaman\u0131 h\u0259bs edil\u0259n XTPD-\u00e7il\u0259rd\u0259n El\u00e7in \u018fmiraslanov, S\u0259fa Poladov v\u0259 Arif Kaz\u0131movun \u00f6m\u00fcrl\u00fck h\u0259bs c\u0259zas\u0131 ald\u0131qlar\u0131n\u0131 bildirib. O, bu 3 n\u0259f\u0259rin \u0259fv olunmalar\u0131 \u00fc\u00e7\u00fcn d\u00f6vl\u0259t ba\u015f\u00e7\u0131s\u0131na m\u00fcraci\u0259t haz\u0131rlad\u0131qlar\u0131n\u0131 n\u0259z\u0259r\u0259 \u00e7atd\u0131r\u0131b. Nizami \u015eahmuradov h\u0259r \u00fc\u00e7 ke\u00e7mi\u015f d\u00f6y\u00fc\u015f\u00e7\u00fcn\u00fcn s\u0259hh\u0259tl\u0259rind\u0259 ciddi probleml\u0259r yarand\u0131\u011f\u0131n\u0131, h\u0259kiml\u0259rin s\u00f6zl\u0259rin\u0259 istinad\u0259n onlar\u0131n h\u0259bsd\u0259 saxlanmalar\u0131n\u0131n h\u0259yatlar\u0131 \u00fc\u00e7\u00fcn t\u0259hl\u00fck\u0259li oldu\u011funu vur\u011fulay\u0131b.\n<\/p>\n<p>\n  \u00a0Bununla yana\u015f\u0131, N.\u015eahmuradov azadl\u0131qda olan XTPD-\u00e7il\u0259rin d\u0259 sosial probleml\u0259ri h\u0259ll edilm\u0259diyi \u00fc\u00e7\u00fcn probleml\u0259r ya\u015fad\u0131qlar\u0131n\u0131 n\u0259z\u0259r\u0259 \u00e7atd\u0131r\u0131b. &#8220;Ke\u00e7mi\u015f d\u00f6y\u00fc\u015f\u00e7\u00fcl\u0259r veteran v\u0259sq\u0259l\u0259rini ala bilmirl\u0259r, d\u00f6y\u00fc\u015fl\u0259rd\u0259 i\u015ftiraklar\u0131n\u0131 t\u0259sdiql\u0259y\u0259n s\u0259n\u0259dl\u0259r verilmir. Buna g\u00f6r\u0259 d\u0259 m\u00fcharib\u0259 \u0259lill\u0259rin\u0259 t\u0259tbiq edil\u0259n g\u00fcz\u0259\u015ftl\u0259rd\u0259n istifad\u0259 ed\u0259 bilmirl\u0259r. \u0130\u015f\u0259 d\u00fcz\u0259lm\u0259k m\u0259s\u0259l\u0259sind\u0259 XTPD-\u00e7i olduqlar\u0131 m\u0259lum olan kimi i\u015f verm\u0259kd\u0259n imtina olunur. Yaln\u0131z s\u00fcr\u00fcc\u00fcl\u00fck v\u0259siq\u0259si olanlar s\u00fcr\u00fcc\u00fcl\u00fck etm\u0259kl\u0259 ail\u0259l\u0259rin\u0259 \u00e7\u00f6r\u0259k pulu qazana bilirl\u0259r. \u018fks\u0259riyy\u0259ti cavan ya\u015flar\u0131ndan d\u00f6y\u00fc\u015fl\u0259r\u0259 qat\u0131ld\u0131qlar\u0131 \u00fc\u00e7\u00fcn t\u0259hsil ala bilm\u0259yibl\u0259r&#8221;,-\u015eahmuradov bel\u0259 deyib.\n<\/p>\n<p>\n  N.\u015eahmuradov g\u00f6st\u0259rdikl\u0259ri \u015f\u00fcca\u0259t v\u0259 igidlikl\u0259r\u0259 baxmayaraq, XTPD-d\u0259n olan \u015f\u0259hid v\u0259 qazi ail\u0259l\u0259rinin d\u0259 adlar\u0131n\u0131n \u201ck\u00f6lg\u0259\u201dy\u0259 d\u00fc\u015fd\u00fcy\u00fcn\u00fc t\u0259\u0259ss\u00fcfl\u0259 xat\u0131rlad\u0131b. XTPD-d\u0259n k\u0259nar m\u00fcharib\u0259 \u0259lill\u0259rinin b\u00fct\u00fcn g\u00fcz\u0259\u015ftl\u0259rd\u0259n istifad\u0259 etm\u0259sini, XTPD-\u00e7il\u0259r\u0259 is\u0259 bu g\u00fcz\u0259\u015ftl\u0259rin \u015famil olunmamas\u0131n\u0131 N.\u015eahmuradov ayr\u0131-se\u00e7kilik, \u0259dal\u0259td\u0259n uzaq add\u0131m say\u0131b.\n<\/p>\n<p>\n  Onun s\u00f6zl\u0259rin\u0259 g\u00f6r\u0259, h\u0259tta ke\u00e7mi\u015f XTPD-\u00e7il\u0259rin onun \u0259traf\u0131nda g\u00f6r\u00fcnm\u0259l\u0259rini bel\u0259 xo\u015flamayan \u015f\u0259xsl\u0259r var. Toplanmalar\u0131na s\u0259b\u0259b kimi is\u0259 h\u0259l\u0259 d\u0259 ke\u00e7mi\u015f XTPD-\u00e7il\u0259rin sosial probleml\u0259rinin h\u0259llini tapmamas\u0131, onlar\u0131n h\u0259lli yollar\u0131 bar\u0259d\u0259 m\u00fczakir\u0259 aparmalar\u0131n\u0131 g\u00f6st\u0259rib.\n<\/p>\n<p>\n  O, indi \u0259sas diqq\u0259ti \u00f6m\u00fcrl\u00fck h\u0259bs c\u0259zas\u0131 alm\u0131\u015f 3 ke\u015fmi\u015f XTPD-\u00e7ini\u00a0 h\u0259bsd\u0259n azad etm\u0259y\u0259 y\u00f6n\u0259ltdikl\u0259rini deyib. Novruz bayram\u0131 \u0259r\u0259f\u0259sind\u0259 \u018ffv F\u0259rman\u0131 olaca\u011f\u0131 haqda x\u0259b\u0259rl\u0259rd\u0259n ruhlanaraq, 3 XTPD-\u00e7inin \u0259fv olunmas\u0131 \u00fc\u00e7\u00fcn d\u00f6vl\u0259t ba\u015f\u00e7\u0131s\u0131na m\u00fcraci\u0259t etm\u0259k q\u0259rar\u0131na g\u0259ldikl\u0259rini bildirib.\n<\/p>\n<p>\n  XTPD 1991-ci ild\u0259 o zamanki daxili i\u015fl\u0259r naziri M\u0259h\u0259mm\u0259d \u018fs\u0259dovun ba\u015f\u00e7\u0131l\u0131\u011f\u0131 alt\u0131nda yarad\u0131l\u0131b. Daha sonra bu silahl\u0131 d\u0259st\u0259y\u0259 R\u00f6v\u015f\u0259n Cavadov komandirlik edib. 1995-ci il mart\u0131ln 17-d\u0259 ba\u015f ver\u0259\u0131n hadis\u0259l\u0259r zaman\u0131 XTPD-nin, dem\u0259k olar ki, b\u00fct\u00fcn \u00fczvl\u0259ri h\u0259bs\u0259 al\u0131n\u0131b, \u00f6z\u00fc is\u0259 qurum olaraq l\u0259\u011fv edilib.\n<\/p><\/p>\n","protected":false},"excerpt":{"rendered":"<p>Nizami \u015eahmuradov g\u00f6st\u0259rdikl\u0259ri \u015f\u00fcca\u0259t v\u0259 igidlikl\u0259r\u0259 baxmayaraq, \u201cXTPD\u201dd\u0259n olan \u015f\u0259hid v\u0259 qazi ail\u0259l\u0259rinin d\u0259 adlar\u0131n\u0131n \u201ck\u00f6lg\u0259\u201dy\u0259 d\u00fc\u015fd\u00fcy\u00fcn\u00fc deyir<\/p>\n","protected":false},"author":11,"featured_media":21270,"comment_status":"closed","ping_status":"open","sticky":false,"template":"","format":"standard","meta":{"_acf_changed":false,"_sitemap_exclude":false,"_sitemap_priority":"","_sitemap_frequency":"","footnotes":""},"categories":[56],"tags":[],"class_list":["post-167203","post","type-post","status-publish","format-standard","has-post-thumbnail","hentry","category-xeberler","infinite-scroll-item","generate-columns","tablet-grid-50","mobile-grid-100","grid-parent","grid-33","no-featured-image-padding"],"acf":[],"yoast_head":"<!-- This site is optimized with the Yoast SEO plugin v28.3 - https:\/\/yoast.com\/product\/yoast-seo-wordpress\/ -->\n<title>Ke\u00e7mi\u015f polisl\u0259r \u0259fvl\u0259 ba\u011fl\u0131 prezident\u0259 m\u00fcraci\u0259t etdil\u0259r - MEYDAN.TV<\/title>\n<meta name=\"robots\" content=\"index, follow, max-snippet:-1, max-image-preview:large, max-video-preview:-1\" \/>\n<link rel=\"canonical\" href=\"https:\/\/www.meydan.tv\/az\/article\/kecmis-polisler-efvle-bagli-prezidente-muraciet-etdiler\/\" \/>\n<meta property=\"og:locale\" content=\"az_AZ\" \/>\n<meta property=\"og:type\" content=\"article\" \/>\n<meta property=\"og:title\" content=\"Ke\u00e7mi\u015f polisl\u0259r \u0259fvl\u0259 ba\u011fl\u0131 prezident\u0259 m\u00fcraci\u0259t etdil\u0259r - MEYDAN.TV\" \/>\n<meta property=\"og:description\" content=\"Nizami \u015eahmuradov g\u00f6st\u0259rdikl\u0259ri \u015f\u00fcca\u0259t v\u0259 igidlikl\u0259r\u0259 baxmayaraq, \u201cXTPD\u201dd\u0259n olan \u015f\u0259hid v\u0259 qazi ail\u0259l\u0259rinin d\u0259 adlar\u0131n\u0131n \u201ck\u00f6lg\u0259\u201dy\u0259 d\u00fc\u015fd\u00fcy\u00fcn\u00fc deyir\" \/>\n<meta property=\"og:url\" content=\"https:\/\/www.meydan.tv\/az\/article\/kecmis-polisler-efvle-bagli-prezidente-muraciet-etdiler\/\" \/>\n<meta property=\"og:site_name\" content=\"MEYDAN.TV\" \/>\n<meta property=\"article:published_time\" content=\"2015-03-12T00:31:21+00:00\" \/>\n<meta property=\"og:image\" content=\"https:\/\/www.meydan.tv\/wp-content\/uploads\/7673.jpg\" \/>\n\t<meta property=\"og:image:width\" content=\"400\" \/>\n\t<meta property=\"og:image:height\" content=\"245\" \/>\n\t<meta property=\"og:image:type\" content=\"image\/jpeg\" \/>\n<meta name=\"twitter:card\" content=\"summary_large_image\" \/>\n<!-- \/ Yoast SEO plugin. -->","yoast_head_json":{"title":"Ke\u00e7mi\u015f polisl\u0259r \u0259fvl\u0259 ba\u011fl\u0131 prezident\u0259 m\u00fcraci\u0259t etdil\u0259r - MEYDAN.TV","robots":{"index":"index","follow":"follow","max-snippet":"max-snippet:-1","max-image-preview":"max-image-preview:large","max-video-preview":"max-video-preview:-1"},"canonical":"https:\/\/www.meydan.tv\/az\/article\/kecmis-polisler-efvle-bagli-prezidente-muraciet-etdiler\/","og_locale":"az_AZ","og_type":"article","og_title":"Ke\u00e7mi\u015f polisl\u0259r \u0259fvl\u0259 ba\u011fl\u0131 prezident\u0259 m\u00fcraci\u0259t etdil\u0259r - MEYDAN.TV","og_description":"Nizami \u015eahmuradov g\u00f6st\u0259rdikl\u0259ri \u015f\u00fcca\u0259t v\u0259 igidlikl\u0259r\u0259 baxmayaraq, \u201cXTPD\u201dd\u0259n olan \u015f\u0259hid v\u0259 qazi ail\u0259l\u0259rinin d\u0259 adlar\u0131n\u0131n \u201ck\u00f6lg\u0259\u201dy\u0259 d\u00fc\u015fd\u00fcy\u00fcn\u00fc deyir","og_url":"https:\/\/www.meydan.tv\/az\/article\/kecmis-polisler-efvle-bagli-prezidente-muraciet-etdiler\/","og_site_name":"MEYDAN.TV","article_published_time":"2015-03-12T00:31:21+00:00","og_image":[{"width":400,"height":245,"url":"https:\/\/www.meydan.tv\/wp-content\/uploads\/7673.jpg","type":"image\/jpeg"}],"twitter_card":"summary_large_image","schema":{"@context":"https:\/\/schema.org","@graph":[{"@type":"Article","@id":"https:\/\/www.meydan.tv\/az\/article\/kecmis-polisler-efvle-bagli-prezidente-muraciet-etdiler\/#article","isPartOf":{"@id":"https:\/\/www.meydan.tv\/az\/article\/kecmis-polisler-efvle-bagli-prezidente-muraciet-etdiler\/"},"author":{"name":"user-manager","@id":"https:\/\/www.meydan.tv\/az\/#\/schema\/person\/10d11eccf6da3662cf5fdab9806ea91a"},"headline":"Ke\u00e7mi\u015f polisl\u0259r \u0259fvl\u0259 ba\u011fl\u0131 prezident\u0259 m\u00fcraci\u0259t etdil\u0259r","datePublished":"2015-03-12T00:31:21+00:00","mainEntityOfPage":{"@id":"https:\/\/www.meydan.tv\/az\/article\/kecmis-polisler-efvle-bagli-prezidente-muraciet-etdiler\/"},"wordCount":626,"publisher":{"@id":"https:\/\/www.meydan.tv\/az\/#organization"},"image":{"@id":"https:\/\/www.meydan.tv\/az\/article\/kecmis-polisler-efvle-bagli-prezidente-muraciet-etdiler\/#primaryimage"},"thumbnailUrl":"https:\/\/www.meydan.tv\/wp-content\/uploads\/7673.jpg","articleSection":["X\u0259b\u0259rl\u0259r"],"inLanguage":"az"},{"@type":"WebPage","@id":"https:\/\/www.meydan.tv\/az\/article\/kecmis-polisler-efvle-bagli-prezidente-muraciet-etdiler\/","url":"https:\/\/www.meydan.tv\/az\/article\/kecmis-polisler-efvle-bagli-prezidente-muraciet-etdiler\/","name":"Ke\u00e7mi\u015f polisl\u0259r \u0259fvl\u0259 ba\u011fl\u0131 prezident\u0259 m\u00fcraci\u0259t etdil\u0259r - MEYDAN.TV","isPartOf":{"@id":"https:\/\/www.meydan.tv\/az\/#website"},"primaryImageOfPage":{"@id":"https:\/\/www.meydan.tv\/az\/article\/kecmis-polisler-efvle-bagli-prezidente-muraciet-etdiler\/#primaryimage"},"image":{"@id":"https:\/\/www.meydan.tv\/az\/article\/kecmis-polisler-efvle-bagli-prezidente-muraciet-etdiler\/#primaryimage"},"thumbnailUrl":"https:\/\/www.meydan.tv\/wp-content\/uploads\/7673.jpg","datePublished":"2015-03-12T00:31:21+00:00","breadcrumb":{"@id":"https:\/\/www.meydan.tv\/az\/article\/kecmis-polisler-efvle-bagli-prezidente-muraciet-etdiler\/#breadcrumb"},"inLanguage":"az","potentialAction":[{"@type":"ReadAction","target":["https:\/\/www.meydan.tv\/az\/article\/kecmis-polisler-efvle-bagli-prezidente-muraciet-etdiler\/"]}]},{"@type":"ImageObject","inLanguage":"az","@id":"https:\/\/www.meydan.tv\/az\/article\/kecmis-polisler-efvle-bagli-prezidente-muraciet-etdiler\/#primaryimage","url":"https:\/\/www.meydan.tv\/wp-content\/uploads\/7673.jpg","contentUrl":"https:\/\/www.meydan.tv\/wp-content\/uploads\/7673.jpg","width":400,"height":245,"caption":"Source:"},{"@type":"BreadcrumbList","@id":"https:\/\/www.meydan.tv\/az\/article\/kecmis-polisler-efvle-bagli-prezidente-muraciet-etdiler\/#breadcrumb","itemListElement":[{"@type":"ListItem","position":1,"name":"Ana s\u0259hif\u0259","item":"https:\/\/www.meydan.tv\/az\/"},{"@type":"ListItem","position":2,"name":"X\u0259b\u0259rl\u0259r","item":"https:\/\/www.meydan.tv\/az\/section\/xeberler\/"},{"@type":"ListItem","position":3,"name":"Ke\u00e7mi\u015f polisl\u0259r \u0259fvl\u0259 ba\u011fl\u0131 prezident\u0259 m\u00fcraci\u0259t etdil\u0259r"}]},{"@type":"WebSite","@id":"https:\/\/www.meydan.tv\/az\/#website","url":"https:\/\/www.meydan.tv\/az\/","name":"MEYDAN.TV","description":"Meydan TV Az\u0259rbaycan\u0131n media m\u0259kan\u0131ndak\u0131 alternativ s\u0259sidir","publisher":{"@id":"https:\/\/www.meydan.tv\/az\/#organization"},"potentialAction":[{"@type":"SearchAction","target":{"@type":"EntryPoint","urlTemplate":"https:\/\/www.meydan.tv\/az\/?s={search_term_string}"},"query-input":{"@type":"PropertyValueSpecification","valueRequired":true,"valueName":"search_term_string"}}],"inLanguage":"az"},{"@type":"Organization","@id":"https:\/\/www.meydan.tv\/az\/#organization","name":"Meydan TV","url":"https:\/\/www.meydan.tv\/az\/","logo":{"@type":"ImageObject","inLanguage":"az","@id":"https:\/\/www.meydan.tv\/az\/#\/schema\/logo\/image\/","url":"https:\/\/www.meydan.tv\/wp-content\/uploads\/2021\/07\/meydan-logo.svg","contentUrl":"https:\/\/www.meydan.tv\/wp-content\/uploads\/2021\/07\/meydan-logo.svg","width":195,"height":46,"caption":"Meydan TV"},"image":{"@id":"https:\/\/www.meydan.tv\/az\/#\/schema\/logo\/image\/"}},{"@type":"Person","@id":"https:\/\/www.meydan.tv\/az\/#\/schema\/person\/10d11eccf6da3662cf5fdab9806ea91a","name":"user-manager"}]}},"_links":{"self":[{"href":"https:\/\/www.meydan.tv\/az\/wp-json\/wp\/v2\/posts\/167203","targetHints":{"allow":["GET"]}}],"collection":[{"href":"https:\/\/www.meydan.tv\/az\/wp-json\/wp\/v2\/posts"}],"about":[{"href":"https:\/\/www.meydan.tv\/az\/wp-json\/wp\/v2\/types\/post"}],"author":[{"embeddable":true,"href":"https:\/\/www.meydan.tv\/az\/wp-json\/wp\/v2\/users\/11"}],"replies":[{"embeddable":true,"href":"https:\/\/www.meydan.tv\/az\/wp-json\/wp\/v2\/comments?post=167203"}],"version-history":[{"count":0,"href":"https:\/\/www.meydan.tv\/az\/wp-json\/wp\/v2\/posts\/167203\/revisions"}],"wp:featuredmedia":[{"embeddable":true,"href":"https:\/\/www.meydan.tv\/az\/wp-json\/wp\/v2\/media\/21270"}],"wp:attachment":[{"href":"https:\/\/www.meydan.tv\/az\/wp-json\/wp\/v2\/media?parent=167203"}],"wp:term":[{"taxonomy":"category","embeddable":true,"href":"https:\/\/www.meydan.tv\/az\/wp-json\/wp\/v2\/categories?post=167203"},{"taxonomy":"post_tag","embeddable":true,"href":"https:\/\/www.meydan.tv\/az\/wp-json\/wp\/v2\/tags?post=167203"}],"curies":[{"name":"wp","href":"https:\/\/api.w.org\/{rel}","templated":true}]}}