{"id":167199,"date":"2015-03-11T14:18:52","date_gmt":"2015-03-11T14:18:52","guid":{"rendered":"https:\/\/www.meydan.tv\/article\/xedice-ismayil-kameraya-bir-eded-gul-ve-1-eded-plitka-sokolad-verdiler\/"},"modified":"2015-03-11T14:18:52","modified_gmt":"2015-03-11T14:18:52","slug":"xedice-ismayil-kameraya-bir-eded-gul-ve-1-eded-plitka-sokolad-verdiler","status":"publish","type":"post","link":"https:\/\/www.meydan.tv\/az\/article\/xedice-ismayil-kameraya-bir-eded-gul-ve-1-eded-plitka-sokolad-verdiler\/","title":{"rendered":"X\u0259dic\u0259 \u0130smay\u0131l: &#8220;Kameraya bir \u0259d\u0259d g\u00fcl v\u0259 1 \u0259d\u0259d plitka \u015fokolad verdil\u0259r&#8221;"},"content":{"rendered":"<figure class=\"wp-block-image size-large\">\n  <img decoding=\"async\" src=\"https:\/\/www.meydan.tv\/az\/21258\/\" alt=\"\" class=\"wp-image-21258\"\/><figcaption><\/figcaption><\/figure>\n<p>\n  <b><br \/>\n    X\u0259dic\u0259 \u0130smay\u0131l Bak\u0131 \u0130stintaq T\u0259cridxanas\u0131nda 8 mart g\u00fcn\u00fc onu nec\u0259 t\u0259brik etdikl\u0259rind\u0259n yaz\u0131r<br \/>\n  <\/b>\n<\/p>\n<p>\n  \u201cKameraya bir \u0259d\u0259d g\u00fcl v\u0259 1 \u0259d\u0259d plitka \u015fokolad verdil\u0259r.\u00a08 martda kamerada olan 3 qad\u0131n\u0131 \u018fdliyy\u0259 Nazirliyinin Penitensiar Xidm\u0259t \u0130dar\u0259si m\u0259hz bel\u0259 t\u0259brik etdi&#8221;.\n<\/p>\n<p>\n  Bunu m\u0259hbus jurnalsit X\u0259dic\u0259 \u0130smay\u0131l t\u0259svir edir.\n<\/p>\n<p>\n  Onun AzadliqRadiosuna\u00a0\u00e7atd\u0131rd\u0131\u011f\u0131 m\u0259ktubda deyilir ki, \u0259slind\u0259 Penitensiar Xidm\u0259t qad\u0131nlara ehtiram\u0131n\u0131 ba\u015fqa yolla g\u00f6st\u0259r\u0259 bil\u0259rdi\u00a0&#8211; m\u0259hbus qad\u0131nlar\u0131n portretrini c\u0131zan bir statistika aparmaqla.\n<\/p>\n<p>\n  X\u0259dic\u0259nin \u00f6z\u00fcn\u00fcn haz\u0131rlad\u0131\u011f\u0131 m\u0259hbus-qad\u0131n portreti bel\u0259dir:\n<\/p>\n<p>\n  a) c\u0259nub b\u00f6lg\u0259si &#8211; \u0259sas\u0259n \u201cmilli madd\u0259\u201d (234 \u2013 narkotik vasit\u0259l\u0259rin qanunsuz d\u00f6vriyy\u0259si) il\u0259 m\u0259hkum olunanlar;\n<\/p>\n<p>\n  b) erk\u0259n nikahlar v\u0259 t\u0259hsilsizlik \u00fcz\u00fcnd\u0259n ba\u015f ver\u0259n cinay\u0259tl\u0259rin c\u0259zas\u0131n\u0131 \u00e7\u0259k\u0259nl\u0259r;\n<\/p>\n<p>\n  c) ki\u015fil\u0259r t\u0259r\u0259find\u0259n cinay\u0259t\u0259 t\u0259hrik v\u0259 ya m\u0259cbur edil\u0259nl\u0259r;\n<\/p>\n<p>\n  d) sevgi v\u0259 ya q\u0131sqancl\u0131q m\u0259hbuslar\u0131.\n<\/p>\n<p>\n  Az\u0259rbaycanda qad\u0131nlar\u0131 h\u0259bsxanaya g\u0259tri\u0259n \u0259sas s\u0259b\u0259bl\u0259rin yuxar\u0131dak\u0131 siyah\u0131n\u0131n a) v\u0259 b) b\u0259ndl\u0259rinin oldu\u011funu dey\u0259n X\u0259dic\u0259 vaxtil\u0259 jurnalist kimi h\u0259min probleml\u0259ri qald\u0131rd\u0131\u011f\u0131n\u0131 xat\u0131rlad\u0131r.\n<\/p>\n<p>\n  \u201c20 il \u0259vv\u0259l biz jurnalistl\u0259r c\u0259nub b\u00f6lg\u0259sinin probleml\u0259ri v\u0259 erk\u0259n nikahlar bar\u0259d\u0259 dan\u0131\u015fanda bu n\u0259tic\u0259ni g\u00f6zl\u0259m\u0259liydil\u0259r\u201d.\n<\/p>\n<p>\n  M\u0259hbus jurnalist bildirir ki, indi \u00f6lk\u0259nin \u015fimal b\u00f6lg\u0259sind\u0259 d\u0259 eyni problem var v\u0259 bir azdan bu problemin b\u00fct\u00fcn \u00f6lk\u0259y\u0259 yay\u0131laca\u011f\u0131ndan ehtiyyat edir.<\/p>\n","protected":false},"excerpt":{"rendered":"<p>X\u0259dic\u0259 \u0130smay\u0131l Bak\u0131 \u0130stintaq T\u0259cridxanas\u0131nda 8 mart g\u00fcn\u00fc onu nec\u0259 t\u0259brik etdikl\u0259rind\u0259n yaz\u0131r<\/p>\n","protected":false},"author":11,"featured_media":21258,"comment_status":"closed","ping_status":"open","sticky":false,"template":"","format":"standard","meta":{"_acf_changed":false,"_sitemap_exclude":false,"_sitemap_priority":"","_sitemap_frequency":"","footnotes":""},"categories":[56],"tags":[],"class_list":["post-167199","post","type-post","status-publish","format-standard","has-post-thumbnail","hentry","category-xeberler","infinite-scroll-item","generate-columns","tablet-grid-50","mobile-grid-100","grid-parent","grid-33","no-featured-image-padding"],"acf":[],"yoast_head":"<!-- This site is optimized with the Yoast SEO plugin v28.3 - https:\/\/yoast.com\/product\/yoast-seo-wordpress\/ -->\n<title>X\u0259dic\u0259 \u0130smay\u0131l: &quot;Kameraya bir \u0259d\u0259d g\u00fcl v\u0259 1 \u0259d\u0259d plitka \u015fokolad verdil\u0259r&quot; - MEYDAN.TV<\/title>\n<meta name=\"robots\" content=\"index, follow, max-snippet:-1, max-image-preview:large, max-video-preview:-1\" \/>\n<link rel=\"canonical\" href=\"https:\/\/www.meydan.tv\/az\/article\/xedice-ismayil-kameraya-bir-eded-gul-ve-1-eded-plitka-sokolad-verdiler\/\" \/>\n<meta property=\"og:locale\" content=\"az_AZ\" \/>\n<meta property=\"og:type\" content=\"article\" \/>\n<meta property=\"og:title\" content=\"X\u0259dic\u0259 \u0130smay\u0131l: &quot;Kameraya bir \u0259d\u0259d g\u00fcl v\u0259 1 \u0259d\u0259d plitka \u015fokolad verdil\u0259r&quot; - MEYDAN.TV\" \/>\n<meta property=\"og:description\" content=\"X\u0259dic\u0259 \u0130smay\u0131l Bak\u0131 \u0130stintaq T\u0259cridxanas\u0131nda 8 mart g\u00fcn\u00fc onu nec\u0259 t\u0259brik etdikl\u0259rind\u0259n yaz\u0131r\" \/>\n<meta property=\"og:url\" content=\"https:\/\/www.meydan.tv\/az\/article\/xedice-ismayil-kameraya-bir-eded-gul-ve-1-eded-plitka-sokolad-verdiler\/\" \/>\n<meta property=\"og:site_name\" content=\"MEYDAN.TV\" \/>\n<meta property=\"article:published_time\" content=\"2015-03-11T14:18:52+00:00\" \/>\n<meta property=\"og:image\" content=\"https:\/\/www.meydan.tv\/wp-content\/uploads\/7667.jpg\" \/>\n\t<meta property=\"og:image:width\" content=\"900\" \/>\n\t<meta property=\"og:image:height\" content=\"506\" \/>\n\t<meta property=\"og:image:type\" content=\"image\/jpeg\" \/>\n<meta name=\"twitter:card\" content=\"summary_large_image\" \/>\n<!-- \/ Yoast SEO plugin. -->","yoast_head_json":{"title":"X\u0259dic\u0259 \u0130smay\u0131l: \"Kameraya bir \u0259d\u0259d g\u00fcl v\u0259 1 \u0259d\u0259d plitka \u015fokolad verdil\u0259r\" - MEYDAN.TV","robots":{"index":"index","follow":"follow","max-snippet":"max-snippet:-1","max-image-preview":"max-image-preview:large","max-video-preview":"max-video-preview:-1"},"canonical":"https:\/\/www.meydan.tv\/az\/article\/xedice-ismayil-kameraya-bir-eded-gul-ve-1-eded-plitka-sokolad-verdiler\/","og_locale":"az_AZ","og_type":"article","og_title":"X\u0259dic\u0259 \u0130smay\u0131l: \"Kameraya bir \u0259d\u0259d g\u00fcl v\u0259 1 \u0259d\u0259d plitka \u015fokolad verdil\u0259r\" - MEYDAN.TV","og_description":"X\u0259dic\u0259 \u0130smay\u0131l Bak\u0131 \u0130stintaq T\u0259cridxanas\u0131nda 8 mart g\u00fcn\u00fc onu nec\u0259 t\u0259brik etdikl\u0259rind\u0259n yaz\u0131r","og_url":"https:\/\/www.meydan.tv\/az\/article\/xedice-ismayil-kameraya-bir-eded-gul-ve-1-eded-plitka-sokolad-verdiler\/","og_site_name":"MEYDAN.TV","article_published_time":"2015-03-11T14:18:52+00:00","og_image":[{"width":900,"height":506,"url":"https:\/\/www.meydan.tv\/wp-content\/uploads\/7667.jpg","type":"image\/jpeg"}],"twitter_card":"summary_large_image","schema":{"@context":"https:\/\/schema.org","@graph":[{"@type":"Article","@id":"https:\/\/www.meydan.tv\/az\/article\/xedice-ismayil-kameraya-bir-eded-gul-ve-1-eded-plitka-sokolad-verdiler\/#article","isPartOf":{"@id":"https:\/\/www.meydan.tv\/az\/article\/xedice-ismayil-kameraya-bir-eded-gul-ve-1-eded-plitka-sokolad-verdiler\/"},"author":{"name":"user-manager","@id":"https:\/\/www.meydan.tv\/az\/#\/schema\/person\/10d11eccf6da3662cf5fdab9806ea91a"},"headline":"X\u0259dic\u0259 \u0130smay\u0131l: &#8220;Kameraya bir \u0259d\u0259d g\u00fcl v\u0259 1 \u0259d\u0259d plitka \u015fokolad verdil\u0259r&#8221;","datePublished":"2015-03-11T14:18:52+00:00","mainEntityOfPage":{"@id":"https:\/\/www.meydan.tv\/az\/article\/xedice-ismayil-kameraya-bir-eded-gul-ve-1-eded-plitka-sokolad-verdiler\/"},"wordCount":308,"publisher":{"@id":"https:\/\/www.meydan.tv\/az\/#organization"},"image":{"@id":"https:\/\/www.meydan.tv\/az\/article\/xedice-ismayil-kameraya-bir-eded-gul-ve-1-eded-plitka-sokolad-verdiler\/#primaryimage"},"thumbnailUrl":"https:\/\/www.meydan.tv\/wp-content\/uploads\/7667.jpg","articleSection":["X\u0259b\u0259rl\u0259r"],"inLanguage":"az"},{"@type":"WebPage","@id":"https:\/\/www.meydan.tv\/az\/article\/xedice-ismayil-kameraya-bir-eded-gul-ve-1-eded-plitka-sokolad-verdiler\/","url":"https:\/\/www.meydan.tv\/az\/article\/xedice-ismayil-kameraya-bir-eded-gul-ve-1-eded-plitka-sokolad-verdiler\/","name":"X\u0259dic\u0259 \u0130smay\u0131l: \"Kameraya bir \u0259d\u0259d g\u00fcl v\u0259 1 \u0259d\u0259d plitka \u015fokolad verdil\u0259r\" - MEYDAN.TV","isPartOf":{"@id":"https:\/\/www.meydan.tv\/az\/#website"},"primaryImageOfPage":{"@id":"https:\/\/www.meydan.tv\/az\/article\/xedice-ismayil-kameraya-bir-eded-gul-ve-1-eded-plitka-sokolad-verdiler\/#primaryimage"},"image":{"@id":"https:\/\/www.meydan.tv\/az\/article\/xedice-ismayil-kameraya-bir-eded-gul-ve-1-eded-plitka-sokolad-verdiler\/#primaryimage"},"thumbnailUrl":"https:\/\/www.meydan.tv\/wp-content\/uploads\/7667.jpg","datePublished":"2015-03-11T14:18:52+00:00","breadcrumb":{"@id":"https:\/\/www.meydan.tv\/az\/article\/xedice-ismayil-kameraya-bir-eded-gul-ve-1-eded-plitka-sokolad-verdiler\/#breadcrumb"},"inLanguage":"az","potentialAction":[{"@type":"ReadAction","target":["https:\/\/www.meydan.tv\/az\/article\/xedice-ismayil-kameraya-bir-eded-gul-ve-1-eded-plitka-sokolad-verdiler\/"]}]},{"@type":"ImageObject","inLanguage":"az","@id":"https:\/\/www.meydan.tv\/az\/article\/xedice-ismayil-kameraya-bir-eded-gul-ve-1-eded-plitka-sokolad-verdiler\/#primaryimage","url":"https:\/\/www.meydan.tv\/wp-content\/uploads\/7667.jpg","contentUrl":"https:\/\/www.meydan.tv\/wp-content\/uploads\/7667.jpg","width":900,"height":506,"caption":"Source:"},{"@type":"BreadcrumbList","@id":"https:\/\/www.meydan.tv\/az\/article\/xedice-ismayil-kameraya-bir-eded-gul-ve-1-eded-plitka-sokolad-verdiler\/#breadcrumb","itemListElement":[{"@type":"ListItem","position":1,"name":"Ana s\u0259hif\u0259","item":"https:\/\/www.meydan.tv\/az\/"},{"@type":"ListItem","position":2,"name":"X\u0259b\u0259rl\u0259r","item":"https:\/\/www.meydan.tv\/az\/section\/xeberler\/"},{"@type":"ListItem","position":3,"name":"X\u0259dic\u0259 \u0130smay\u0131l: &#8220;Kameraya bir \u0259d\u0259d g\u00fcl v\u0259 1 \u0259d\u0259d plitka \u015fokolad verdil\u0259r&#8221;"}]},{"@type":"WebSite","@id":"https:\/\/www.meydan.tv\/az\/#website","url":"https:\/\/www.meydan.tv\/az\/","name":"MEYDAN.TV","description":"Meydan TV Az\u0259rbaycan\u0131n media m\u0259kan\u0131ndak\u0131 alternativ s\u0259sidir","publisher":{"@id":"https:\/\/www.meydan.tv\/az\/#organization"},"potentialAction":[{"@type":"SearchAction","target":{"@type":"EntryPoint","urlTemplate":"https:\/\/www.meydan.tv\/az\/?s={search_term_string}"},"query-input":{"@type":"PropertyValueSpecification","valueRequired":true,"valueName":"search_term_string"}}],"inLanguage":"az"},{"@type":"Organization","@id":"https:\/\/www.meydan.tv\/az\/#organization","name":"Meydan TV","url":"https:\/\/www.meydan.tv\/az\/","logo":{"@type":"ImageObject","inLanguage":"az","@id":"https:\/\/www.meydan.tv\/az\/#\/schema\/logo\/image\/","url":"https:\/\/www.meydan.tv\/wp-content\/uploads\/2021\/07\/meydan-logo.svg","contentUrl":"https:\/\/www.meydan.tv\/wp-content\/uploads\/2021\/07\/meydan-logo.svg","width":195,"height":46,"caption":"Meydan TV"},"image":{"@id":"https:\/\/www.meydan.tv\/az\/#\/schema\/logo\/image\/"}},{"@type":"Person","@id":"https:\/\/www.meydan.tv\/az\/#\/schema\/person\/10d11eccf6da3662cf5fdab9806ea91a","name":"user-manager"}]}},"_links":{"self":[{"href":"https:\/\/www.meydan.tv\/az\/wp-json\/wp\/v2\/posts\/167199","targetHints":{"allow":["GET"]}}],"collection":[{"href":"https:\/\/www.meydan.tv\/az\/wp-json\/wp\/v2\/posts"}],"about":[{"href":"https:\/\/www.meydan.tv\/az\/wp-json\/wp\/v2\/types\/post"}],"author":[{"embeddable":true,"href":"https:\/\/www.meydan.tv\/az\/wp-json\/wp\/v2\/users\/11"}],"replies":[{"embeddable":true,"href":"https:\/\/www.meydan.tv\/az\/wp-json\/wp\/v2\/comments?post=167199"}],"version-history":[{"count":0,"href":"https:\/\/www.meydan.tv\/az\/wp-json\/wp\/v2\/posts\/167199\/revisions"}],"wp:featuredmedia":[{"embeddable":true,"href":"https:\/\/www.meydan.tv\/az\/wp-json\/wp\/v2\/media\/21258"}],"wp:attachment":[{"href":"https:\/\/www.meydan.tv\/az\/wp-json\/wp\/v2\/media?parent=167199"}],"wp:term":[{"taxonomy":"category","embeddable":true,"href":"https:\/\/www.meydan.tv\/az\/wp-json\/wp\/v2\/categories?post=167199"},{"taxonomy":"post_tag","embeddable":true,"href":"https:\/\/www.meydan.tv\/az\/wp-json\/wp\/v2\/tags?post=167199"}],"curies":[{"name":"wp","href":"https:\/\/api.w.org\/{rel}","templated":true}]}}