{"id":167198,"date":"2015-03-11T13:05:26","date_gmt":"2015-03-11T13:05:26","guid":{"rendered":"https:\/\/www.meydan.tv\/article\/oten-il-qadin-sahibkarlara-10-milyon-manat-kredit-verilib\/"},"modified":"2015-03-11T13:05:26","modified_gmt":"2015-03-11T13:05:26","slug":"oten-il-qadin-sahibkarlara-10-milyon-manat-kredit-verilib","status":"publish","type":"post","link":"https:\/\/www.meydan.tv\/az\/article\/oten-il-qadin-sahibkarlara-10-milyon-manat-kredit-verilib\/","title":{"rendered":"\u00d6t\u0259n il qad\u0131n sahibkarlara 10 milyon manat kredit verilib"},"content":{"rendered":"<figure class=\"wp-block-image size-large\">\n  <img decoding=\"async\" src=\"https:\/\/www.meydan.tv\/az\/21264\/\" alt=\"\" class=\"wp-image-21264\"\/><figcaption><\/figcaption><\/figure>\n<figure class=\"wp-block-image size-large\">\n  <img decoding=\"async\" src=\"https:\/\/www.meydan.tv\/az\/21264\/\" alt=\"\" class=\"wp-image-21264\"\/><figcaption><\/figcaption><\/figure>\n<p>\n  <i><br \/>\n    &#8220;Qad\u0131n\u0131n g\u00fcc\u00fcn\u0259 g\u00fcc&#8221; adl\u0131 forumda qad\u0131nlar\u0131n probleml\u0259ri m\u00fczakir\u0259 olunur<br \/>\n  <\/i><\/p>\n<p>  Mart\u0131n 11-d\u0259 Bak\u0131da Avropa Bir\u0131iyi v\u0259 &#8220;Konrad Adenauer&#8221; Fondunun d\u0259st\u0259yi il\u0259 &#8220;Qad\u0131n g\u00fcc\u00fcn\u0259 g\u00fcc&#8221; adl\u0131 qad\u0131n forumu ke\u00e7irilib. T\u0259dbir\u0259 \u00f6lk\u0259nin ictimai-siyadi h\u0259yat\u0131nda rolu o\u0131an qad\u0131nlar qat\u0131l\u0131b. Layih\u0259nin koordinatorlar\u0131 \u015e\u0259hla \u0130smay\u0131l, \u015eorena Qariba\u015fvili \u00e7\u0131x\u0131\u015f ed\u0259r\u0259k, qad\u0131nlar\u0131n c\u0259miyy\u0259td\u0259 rolu v\u0259 probleml\u0259ri bar\u0259d\u0259 dan\u0131\u015f\u0131blar. Daha sonra almaniyal\u0131 sahibkar qad\u0131n Dorotea Mai\u015f \u00f6z i\u015f t\u0259cr\u00fcb\u0259sind\u0259n, Almaniyada qad\u0131nlar \u00fc\u00e7\u00fcn yarad\u0131lan \u015f\u0259raitd\u0259n dan\u0131\u015f\u0131b. Ail\u0259, Qad\u0131n v\u0259 U\u015faq Probleml\u0259ri \u00fczr\u0259 D\u00f6vl\u0259t Komit\u0259sinin informasiya v\u0259 analitik ara\u015fd\u0131rmalar \u015f\u00f6b\u0259sinin ba\u015f m\u0259sl\u0259h\u0259t\u00e7isi Aynur Veys\u0259lova \u00e7\u0131x\u0131\u015f\u0131nda \u0259sas\u0259n statistik r\u0259q\u0259ml\u0259r\u0259 toxunub.\n<\/p>\n<p>\n  Bel\u0259 ki, 2014-c\u00fc ilin yanvar ay\u0131na olan m\u0259lumata g\u00f6r\u0259, 9 milyon 477 min n\u0259f\u0259r olan \u00f6lk\u0259 \u0259halisinin 50,3 faizi qad\u0131nd\u0131r. Milli M\u0259clisd\u0259 125 deputat\u0131n 20-si qad\u0131nd\u0131r ki, onlardan biri parlament s\u0259drinin m\u00fcavinidir. \u00d6lk\u0259d\u0259 78 icra ba\u015f\u00e7\u0131s\u0131n\u0131n m\u00fcavini, 50-d\u0259n \u00e7ox ali m\u0259kt\u0259bin c\u0259mi 5-nin rektoru xan\u0131md\u0131r. H\u0259m\u00e7inin 65 hakim qad\u0131n f\u0259aliyy\u0259t g\u00f6st\u0259rir. Az\u0259rbaycanl\u0131 s\u0259fir qad\u0131n olmasa da, Xarici \u0130\u015fl\u0259r Nazirliyind\u0259 diplomat kimi \u00e7al\u0131\u015fan 329 qad\u0131n var.\n<\/p>\n<p>\n  Aynur Veys\u0259lova deyib ki, sahibkarl\u0131q f\u0259aliyy\u0259ti g\u00f6st\u0259r\u0259n qad\u0131nlar\u0131n say\u0131 ilb\u0259il art\u0131r. M\u0259s\u0259l\u0259n, 2012-ci ild\u0259 onlar\u0131n say\u0131 73 min 469 n\u0259f\u0259r idis\u0259, haz\u0131rda 99 mini \u00f6t\u00fcb. Bu ill\u0259rd\u0259 qad\u0131nlara veril\u0259n g\u00fcz\u0259\u015ftli kreditl\u0259rin d\u0259 say\u0131 art\u0131b. Sahibkarlara Yard\u0131m Fondu t\u0259r\u0259find\u0259n 2012-ci ild\u0259 188 qad\u0131na 3 milyon 600 min manat, 2014-c\u00fc ild\u0259 703 qad\u0131na 10 milyon manatdan art\u0131q v\u0259sait verilib.\n<\/p>\n<p>\n  QHT-l\u0259r\u0259 D\u00f6vl\u0259t D\u0259st\u0259yi \u015euras\u0131 2010-2015-ci ill\u0259r \u0259rzind\u0259 qad\u0131n t\u0259\u015fkilatlar\u0131n\u0131n 331 layih\u0259sini maliyy\u0259l\u0259\u015fdirib.\n<\/p>\n<p>\n  Forumda &#8220;125-l\u0259r&#8221; Siyasi Klubun \u00fczv\u00fc \u0130lhamiyy\u0259 Rza, iqtisad\u00e7\u0131 Az\u0259r Mehtiyev, Avropa \u0130ttifaq\u0131n\u0131n Bak\u0131 n\u00fcmay\u0259nd\u0259liyinin proqram meneceri M\u0259ry\u0259m Hac\u0131-\u0130smay\u0131lova maraql\u0131 t\u0259qdimatlar edibl\u0259r.\n<\/p>\n<p>\n  M\u00fczakir\u0259l\u0259rl\u0259 davam ed\u0259n forum g\u00fcn\u00fcn sonunda yekunla\u015facaq.\n<\/p><\/p>\n","protected":false},"excerpt":{"rendered":"<p>&#8220;Qad\u0131n\u0131n g\u00fcc\u00fcn\u0259 g\u00fcc&#8221; adl\u0131 forumda qad\u0131nlar\u0131n probleml\u0259ri m\u00fczakir\u0259 olunur<\/p>\n","protected":false},"author":11,"featured_media":21264,"comment_status":"closed","ping_status":"open","sticky":false,"template":"","format":"standard","meta":{"_acf_changed":false,"_sitemap_exclude":false,"_sitemap_priority":"","_sitemap_frequency":"","footnotes":""},"categories":[56],"tags":[],"class_list":["post-167198","post","type-post","status-publish","format-standard","has-post-thumbnail","hentry","category-xeberler","infinite-scroll-item","generate-columns","tablet-grid-50","mobile-grid-100","grid-parent","grid-33","no-featured-image-padding"],"acf":[],"yoast_head":"<!-- This site is optimized with the Yoast SEO plugin v28.3 - https:\/\/yoast.com\/product\/yoast-seo-wordpress\/ -->\n<title>\u00d6t\u0259n il qad\u0131n sahibkarlara 10 milyon manat kredit verilib - MEYDAN.TV<\/title>\n<meta name=\"robots\" content=\"index, follow, max-snippet:-1, max-image-preview:large, max-video-preview:-1\" \/>\n<link rel=\"canonical\" href=\"https:\/\/www.meydan.tv\/az\/article\/oten-il-qadin-sahibkarlara-10-milyon-manat-kredit-verilib\/\" \/>\n<meta property=\"og:locale\" content=\"az_AZ\" \/>\n<meta property=\"og:type\" content=\"article\" \/>\n<meta property=\"og:title\" content=\"\u00d6t\u0259n il qad\u0131n sahibkarlara 10 milyon manat kredit verilib - MEYDAN.TV\" \/>\n<meta property=\"og:description\" content=\"&quot;Qad\u0131n\u0131n g\u00fcc\u00fcn\u0259 g\u00fcc&quot; adl\u0131 forumda qad\u0131nlar\u0131n probleml\u0259ri m\u00fczakir\u0259 olunur\" \/>\n<meta property=\"og:url\" content=\"https:\/\/www.meydan.tv\/az\/article\/oten-il-qadin-sahibkarlara-10-milyon-manat-kredit-verilib\/\" \/>\n<meta property=\"og:site_name\" content=\"MEYDAN.TV\" \/>\n<meta property=\"article:published_time\" content=\"2015-03-11T13:05:26+00:00\" \/>\n<meta property=\"og:image\" content=\"https:\/\/www.meydan.tv\/wp-content\/uploads\/7665.jpg\" \/>\n\t<meta property=\"og:image:width\" content=\"533\" \/>\n\t<meta property=\"og:image:height\" content=\"400\" \/>\n\t<meta property=\"og:image:type\" content=\"image\/jpeg\" \/>\n<meta name=\"twitter:card\" content=\"summary_large_image\" \/>\n<!-- \/ Yoast SEO plugin. -->","yoast_head_json":{"title":"\u00d6t\u0259n il qad\u0131n sahibkarlara 10 milyon manat kredit verilib - MEYDAN.TV","robots":{"index":"index","follow":"follow","max-snippet":"max-snippet:-1","max-image-preview":"max-image-preview:large","max-video-preview":"max-video-preview:-1"},"canonical":"https:\/\/www.meydan.tv\/az\/article\/oten-il-qadin-sahibkarlara-10-milyon-manat-kredit-verilib\/","og_locale":"az_AZ","og_type":"article","og_title":"\u00d6t\u0259n il qad\u0131n sahibkarlara 10 milyon manat kredit verilib - MEYDAN.TV","og_description":"\"Qad\u0131n\u0131n g\u00fcc\u00fcn\u0259 g\u00fcc\" adl\u0131 forumda qad\u0131nlar\u0131n probleml\u0259ri m\u00fczakir\u0259 olunur","og_url":"https:\/\/www.meydan.tv\/az\/article\/oten-il-qadin-sahibkarlara-10-milyon-manat-kredit-verilib\/","og_site_name":"MEYDAN.TV","article_published_time":"2015-03-11T13:05:26+00:00","og_image":[{"width":533,"height":400,"url":"https:\/\/www.meydan.tv\/wp-content\/uploads\/7665.jpg","type":"image\/jpeg"}],"twitter_card":"summary_large_image","schema":{"@context":"https:\/\/schema.org","@graph":[{"@type":"Article","@id":"https:\/\/www.meydan.tv\/az\/article\/oten-il-qadin-sahibkarlara-10-milyon-manat-kredit-verilib\/#article","isPartOf":{"@id":"https:\/\/www.meydan.tv\/az\/article\/oten-il-qadin-sahibkarlara-10-milyon-manat-kredit-verilib\/"},"author":{"name":"user-manager","@id":"https:\/\/www.meydan.tv\/az\/#\/schema\/person\/10d11eccf6da3662cf5fdab9806ea91a"},"headline":"\u00d6t\u0259n il qad\u0131n sahibkarlara 10 milyon manat kredit verilib","datePublished":"2015-03-11T13:05:26+00:00","mainEntityOfPage":{"@id":"https:\/\/www.meydan.tv\/az\/article\/oten-il-qadin-sahibkarlara-10-milyon-manat-kredit-verilib\/"},"wordCount":418,"publisher":{"@id":"https:\/\/www.meydan.tv\/az\/#organization"},"image":{"@id":"https:\/\/www.meydan.tv\/az\/article\/oten-il-qadin-sahibkarlara-10-milyon-manat-kredit-verilib\/#primaryimage"},"thumbnailUrl":"https:\/\/www.meydan.tv\/wp-content\/uploads\/7665.jpg","articleSection":["X\u0259b\u0259rl\u0259r"],"inLanguage":"az"},{"@type":"WebPage","@id":"https:\/\/www.meydan.tv\/az\/article\/oten-il-qadin-sahibkarlara-10-milyon-manat-kredit-verilib\/","url":"https:\/\/www.meydan.tv\/az\/article\/oten-il-qadin-sahibkarlara-10-milyon-manat-kredit-verilib\/","name":"\u00d6t\u0259n il qad\u0131n sahibkarlara 10 milyon manat kredit verilib - MEYDAN.TV","isPartOf":{"@id":"https:\/\/www.meydan.tv\/az\/#website"},"primaryImageOfPage":{"@id":"https:\/\/www.meydan.tv\/az\/article\/oten-il-qadin-sahibkarlara-10-milyon-manat-kredit-verilib\/#primaryimage"},"image":{"@id":"https:\/\/www.meydan.tv\/az\/article\/oten-il-qadin-sahibkarlara-10-milyon-manat-kredit-verilib\/#primaryimage"},"thumbnailUrl":"https:\/\/www.meydan.tv\/wp-content\/uploads\/7665.jpg","datePublished":"2015-03-11T13:05:26+00:00","breadcrumb":{"@id":"https:\/\/www.meydan.tv\/az\/article\/oten-il-qadin-sahibkarlara-10-milyon-manat-kredit-verilib\/#breadcrumb"},"inLanguage":"az","potentialAction":[{"@type":"ReadAction","target":["https:\/\/www.meydan.tv\/az\/article\/oten-il-qadin-sahibkarlara-10-milyon-manat-kredit-verilib\/"]}]},{"@type":"ImageObject","inLanguage":"az","@id":"https:\/\/www.meydan.tv\/az\/article\/oten-il-qadin-sahibkarlara-10-milyon-manat-kredit-verilib\/#primaryimage","url":"https:\/\/www.meydan.tv\/wp-content\/uploads\/7665.jpg","contentUrl":"https:\/\/www.meydan.tv\/wp-content\/uploads\/7665.jpg","width":533,"height":400,"caption":"Source:"},{"@type":"BreadcrumbList","@id":"https:\/\/www.meydan.tv\/az\/article\/oten-il-qadin-sahibkarlara-10-milyon-manat-kredit-verilib\/#breadcrumb","itemListElement":[{"@type":"ListItem","position":1,"name":"Ana s\u0259hif\u0259","item":"https:\/\/www.meydan.tv\/az\/"},{"@type":"ListItem","position":2,"name":"X\u0259b\u0259rl\u0259r","item":"https:\/\/www.meydan.tv\/az\/section\/xeberler\/"},{"@type":"ListItem","position":3,"name":"\u00d6t\u0259n il qad\u0131n sahibkarlara 10 milyon manat kredit verilib"}]},{"@type":"WebSite","@id":"https:\/\/www.meydan.tv\/az\/#website","url":"https:\/\/www.meydan.tv\/az\/","name":"MEYDAN.TV","description":"Meydan TV Az\u0259rbaycan\u0131n media m\u0259kan\u0131ndak\u0131 alternativ s\u0259sidir","publisher":{"@id":"https:\/\/www.meydan.tv\/az\/#organization"},"potentialAction":[{"@type":"SearchAction","target":{"@type":"EntryPoint","urlTemplate":"https:\/\/www.meydan.tv\/az\/?s={search_term_string}"},"query-input":{"@type":"PropertyValueSpecification","valueRequired":true,"valueName":"search_term_string"}}],"inLanguage":"az"},{"@type":"Organization","@id":"https:\/\/www.meydan.tv\/az\/#organization","name":"Meydan TV","url":"https:\/\/www.meydan.tv\/az\/","logo":{"@type":"ImageObject","inLanguage":"az","@id":"https:\/\/www.meydan.tv\/az\/#\/schema\/logo\/image\/","url":"https:\/\/www.meydan.tv\/wp-content\/uploads\/2021\/07\/meydan-logo.svg","contentUrl":"https:\/\/www.meydan.tv\/wp-content\/uploads\/2021\/07\/meydan-logo.svg","width":195,"height":46,"caption":"Meydan TV"},"image":{"@id":"https:\/\/www.meydan.tv\/az\/#\/schema\/logo\/image\/"}},{"@type":"Person","@id":"https:\/\/www.meydan.tv\/az\/#\/schema\/person\/10d11eccf6da3662cf5fdab9806ea91a","name":"user-manager"}]}},"_links":{"self":[{"href":"https:\/\/www.meydan.tv\/az\/wp-json\/wp\/v2\/posts\/167198","targetHints":{"allow":["GET"]}}],"collection":[{"href":"https:\/\/www.meydan.tv\/az\/wp-json\/wp\/v2\/posts"}],"about":[{"href":"https:\/\/www.meydan.tv\/az\/wp-json\/wp\/v2\/types\/post"}],"author":[{"embeddable":true,"href":"https:\/\/www.meydan.tv\/az\/wp-json\/wp\/v2\/users\/11"}],"replies":[{"embeddable":true,"href":"https:\/\/www.meydan.tv\/az\/wp-json\/wp\/v2\/comments?post=167198"}],"version-history":[{"count":0,"href":"https:\/\/www.meydan.tv\/az\/wp-json\/wp\/v2\/posts\/167198\/revisions"}],"wp:featuredmedia":[{"embeddable":true,"href":"https:\/\/www.meydan.tv\/az\/wp-json\/wp\/v2\/media\/21264"}],"wp:attachment":[{"href":"https:\/\/www.meydan.tv\/az\/wp-json\/wp\/v2\/media?parent=167198"}],"wp:term":[{"taxonomy":"category","embeddable":true,"href":"https:\/\/www.meydan.tv\/az\/wp-json\/wp\/v2\/categories?post=167198"},{"taxonomy":"post_tag","embeddable":true,"href":"https:\/\/www.meydan.tv\/az\/wp-json\/wp\/v2\/tags?post=167198"}],"curies":[{"name":"wp","href":"https:\/\/api.w.org\/{rel}","templated":true}]}}