{"id":167197,"date":"2015-03-11T12:48:55","date_gmt":"2015-03-11T12:48:55","guid":{"rendered":"https:\/\/www.meydan.tv\/article\/musavat-partiyasi-efv-fermanini-gozleyir\/"},"modified":"2015-03-11T12:48:55","modified_gmt":"2015-03-11T12:48:55","slug":"musavat-partiyasi-efv-fermanini-gozleyir","status":"publish","type":"post","link":"https:\/\/www.meydan.tv\/az\/article\/musavat-partiyasi-efv-fermanini-gozleyir\/","title":{"rendered":"M\u00fcsavat Partiyas\u0131 \u018ffv F\u0259rman\u0131n\u0131 g\u00f6zl\u0259yir"},"content":{"rendered":"<figure class=\"wp-block-image size-large\">\n  <img decoding=\"async\" src=\"https:\/\/www.meydan.tv\/az\/21261\/\" alt=\"\" class=\"wp-image-21261\"\/><figcaption><\/figcaption><\/figure>\n<figure class=\"wp-block-image size-large\">\n  <img decoding=\"async\" src=\"https:\/\/www.meydan.tv\/az\/21261\/\" alt=\"\" class=\"wp-image-21261\"\/><figcaption><\/figcaption><\/figure>\n<p>\n  <i><br \/>\n    Elman F\u0259ttah: &#8220;Siyasi m\u0259hbuslar\u0131n \u0259h\u0259miyy\u0259tli hiss\u0259si azad edilm\u0259zs\u0259, m\u0259clis i\u015ftirak\u00e7\u0131 \u00f6lk\u0259l\u0259r\u0259 boykot \u00e7a\u011f\u0131r\u0131\u015f\u0131 ed\u0259c\u0259k&#8221;<br \/>\n  <\/i>\n<\/p>\n<p>\n  M\u00fcsavat Partiyas\u0131 Novruz Bayram\u0131nda siyasi m\u0259hbuslar\u0131n \u0259h\u0259miyy\u0259tli hiss\u0259si azad olunmazsa, Bak\u0131 Yay Olimpiya Oyunlar\u0131n\u0131n i\u015ftirak\u00e7\u0131 \u00f6lk\u0259l\u0259rin\u0259 boykot \u00e7a\u011f\u0131r\u0131\u015f\u0131 ed\u0259c\u0259k.\n<\/p>\n<p>\n  Bu bar\u0259d\u0259 Meydan TV-y\u0259 partiyan\u0131n ba\u015fqan m\u00fcavini Elman F\u0259ttah deyib.\n<\/p>\n<p>\n  Elman F\u0259ttah partiyan\u0131n 2014-c\u00fc ilin yanvar sessiyas\u0131nda siyasi m\u0259hbus Tofiq Yaqublunun beyn\u0259lxalq idman yar\u0131\u015f\u0131n\u0131n boykot edilib-edilm\u0259m\u0259si il\u0259 ba\u011fl\u0131 \u00e7a\u011f\u0131r\u0131\u015f\u0131 t\u0259klifini xat\u0131rlatd\u0131: &#8220;O zaman m\u0259clis b\u0259yanat verdi ki, siyasi m\u0259hbuslar azad olunmasa, partiya olimpiada i\u015ftirak\u00e7\u0131lar\u0131na boykot bar\u0259d\u0259 \u00e7a\u011f\u0131r\u0131\u015f ed\u0259c\u0259k. \u00d6t\u0259n ilin sentyabr\u0131nda partiya Divan\u0131 n\u00f6vb\u0259ti xat\u0131rlatma etdi ki, \u0259g\u0259r siyasi m\u0259hbuslar problemi h\u0259ll olunmasa, bu il m\u0259clisin sessiyas\u0131nda m\u0259s\u0259l\u0259y\u0259 yenid\u0259n qay\u0131d\u0131b q\u0259rar ver\u0259 bil\u0259 bil\u0259rl\u0259r. H\u0259min vaxt azadl\u0131qda olan h\u00fcquq m\u00fcdafi\u0259\u00e7isi Leyla Yunus da b\u00fct\u00fcn ictimai f\u0259allara, partiyalara bu bar\u0259d\u0259 m\u00fcraci\u0259t etmi\u015fdi&#8221;.\n<\/p>\n<p>\n  Elman F\u0259ttah deyib ki, partiya m\u0259clisinin n\u00f6vb\u0259ti sessiyas\u0131 apreld\u0259 ke\u00e7iril\u0259c\u0259k, Novruz Bayram\u0131nda siyasi m\u0259hbuslar\u0131n \u0259h\u0259miyy\u0259tli hiss\u0259si azad edilm\u0259zs\u0259, sessiyada i\u015ftirak\u00e7\u0131 \u00f6lk\u0259l\u0259r\u0259 boykot \u00e7a\u011f\u0131r\u0131\u015f\u0131 edil\u0259c\u0259k v\u0259 siyasi m\u0259hbus problemi M\u00fcsavat\u0131n siyasi prioritetin\u0259 \u00e7evril\u0259c\u0259k. Konkret olaraq, m\u00fcvafiq kampaniyaya start veril\u0259c\u0259k.<\/p>\n","protected":false},"excerpt":{"rendered":"<p>Elman F\u0259ttah: &#8220;Siyasi m\u0259hbuslar\u0131n \u0259h\u0259miyy\u0259tli hiss\u0259si azad edilm\u0259zs\u0259, m\u0259clis i\u015ftirak\u00e7\u0131 \u00f6lk\u0259l\u0259r\u0259 boykot \u00e7a\u011f\u0131r\u0131\u015f\u0131 ed\u0259c\u0259k&#8221;<\/p>\n","protected":false},"author":11,"featured_media":21261,"comment_status":"closed","ping_status":"open","sticky":false,"template":"","format":"standard","meta":{"_acf_changed":false,"_sitemap_exclude":false,"_sitemap_priority":"","_sitemap_frequency":"","footnotes":""},"categories":[56],"tags":[],"class_list":["post-167197","post","type-post","status-publish","format-standard","has-post-thumbnail","hentry","category-xeberler","infinite-scroll-item","generate-columns","tablet-grid-50","mobile-grid-100","grid-parent","grid-33","no-featured-image-padding"],"acf":[],"yoast_head":"<!-- This site is optimized with the Yoast SEO plugin v28.3 - https:\/\/yoast.com\/product\/yoast-seo-wordpress\/ -->\n<title>M\u00fcsavat Partiyas\u0131 \u018ffv F\u0259rman\u0131n\u0131 g\u00f6zl\u0259yir - MEYDAN.TV<\/title>\n<meta name=\"robots\" content=\"index, follow, max-snippet:-1, max-image-preview:large, max-video-preview:-1\" \/>\n<link rel=\"canonical\" href=\"https:\/\/www.meydan.tv\/az\/article\/musavat-partiyasi-efv-fermanini-gozleyir\/\" \/>\n<meta property=\"og:locale\" content=\"az_AZ\" \/>\n<meta property=\"og:type\" content=\"article\" \/>\n<meta property=\"og:title\" content=\"M\u00fcsavat Partiyas\u0131 \u018ffv F\u0259rman\u0131n\u0131 g\u00f6zl\u0259yir - MEYDAN.TV\" \/>\n<meta property=\"og:description\" content=\"Elman F\u0259ttah: &quot;Siyasi m\u0259hbuslar\u0131n \u0259h\u0259miyy\u0259tli hiss\u0259si azad edilm\u0259zs\u0259, m\u0259clis i\u015ftirak\u00e7\u0131 \u00f6lk\u0259l\u0259r\u0259 boykot \u00e7a\u011f\u0131r\u0131\u015f\u0131 ed\u0259c\u0259k&quot;\" \/>\n<meta property=\"og:url\" content=\"https:\/\/www.meydan.tv\/az\/article\/musavat-partiyasi-efv-fermanini-gozleyir\/\" \/>\n<meta property=\"og:site_name\" content=\"MEYDAN.TV\" \/>\n<meta property=\"article:published_time\" content=\"2015-03-11T12:48:55+00:00\" \/>\n<meta property=\"og:image\" content=\"https:\/\/www.meydan.tv\/wp-content\/uploads\/7664.jpg\" \/>\n\t<meta property=\"og:image:width\" content=\"462\" \/>\n\t<meta property=\"og:image:height\" content=\"300\" \/>\n\t<meta property=\"og:image:type\" content=\"image\/jpeg\" \/>\n<meta name=\"twitter:card\" content=\"summary_large_image\" \/>\n<!-- \/ Yoast SEO plugin. -->","yoast_head_json":{"title":"M\u00fcsavat Partiyas\u0131 \u018ffv F\u0259rman\u0131n\u0131 g\u00f6zl\u0259yir - MEYDAN.TV","robots":{"index":"index","follow":"follow","max-snippet":"max-snippet:-1","max-image-preview":"max-image-preview:large","max-video-preview":"max-video-preview:-1"},"canonical":"https:\/\/www.meydan.tv\/az\/article\/musavat-partiyasi-efv-fermanini-gozleyir\/","og_locale":"az_AZ","og_type":"article","og_title":"M\u00fcsavat Partiyas\u0131 \u018ffv F\u0259rman\u0131n\u0131 g\u00f6zl\u0259yir - MEYDAN.TV","og_description":"Elman F\u0259ttah: \"Siyasi m\u0259hbuslar\u0131n \u0259h\u0259miyy\u0259tli hiss\u0259si azad edilm\u0259zs\u0259, m\u0259clis i\u015ftirak\u00e7\u0131 \u00f6lk\u0259l\u0259r\u0259 boykot \u00e7a\u011f\u0131r\u0131\u015f\u0131 ed\u0259c\u0259k\"","og_url":"https:\/\/www.meydan.tv\/az\/article\/musavat-partiyasi-efv-fermanini-gozleyir\/","og_site_name":"MEYDAN.TV","article_published_time":"2015-03-11T12:48:55+00:00","og_image":[{"width":462,"height":300,"url":"https:\/\/www.meydan.tv\/wp-content\/uploads\/7664.jpg","type":"image\/jpeg"}],"twitter_card":"summary_large_image","schema":{"@context":"https:\/\/schema.org","@graph":[{"@type":"Article","@id":"https:\/\/www.meydan.tv\/az\/article\/musavat-partiyasi-efv-fermanini-gozleyir\/#article","isPartOf":{"@id":"https:\/\/www.meydan.tv\/az\/article\/musavat-partiyasi-efv-fermanini-gozleyir\/"},"author":{"name":"user-manager","@id":"https:\/\/www.meydan.tv\/az\/#\/schema\/person\/10d11eccf6da3662cf5fdab9806ea91a"},"headline":"M\u00fcsavat Partiyas\u0131 \u018ffv F\u0259rman\u0131n\u0131 g\u00f6zl\u0259yir","datePublished":"2015-03-11T12:48:55+00:00","mainEntityOfPage":{"@id":"https:\/\/www.meydan.tv\/az\/article\/musavat-partiyasi-efv-fermanini-gozleyir\/"},"wordCount":288,"publisher":{"@id":"https:\/\/www.meydan.tv\/az\/#organization"},"image":{"@id":"https:\/\/www.meydan.tv\/az\/article\/musavat-partiyasi-efv-fermanini-gozleyir\/#primaryimage"},"thumbnailUrl":"https:\/\/www.meydan.tv\/wp-content\/uploads\/7664.jpg","articleSection":["X\u0259b\u0259rl\u0259r"],"inLanguage":"az"},{"@type":"WebPage","@id":"https:\/\/www.meydan.tv\/az\/article\/musavat-partiyasi-efv-fermanini-gozleyir\/","url":"https:\/\/www.meydan.tv\/az\/article\/musavat-partiyasi-efv-fermanini-gozleyir\/","name":"M\u00fcsavat Partiyas\u0131 \u018ffv F\u0259rman\u0131n\u0131 g\u00f6zl\u0259yir - MEYDAN.TV","isPartOf":{"@id":"https:\/\/www.meydan.tv\/az\/#website"},"primaryImageOfPage":{"@id":"https:\/\/www.meydan.tv\/az\/article\/musavat-partiyasi-efv-fermanini-gozleyir\/#primaryimage"},"image":{"@id":"https:\/\/www.meydan.tv\/az\/article\/musavat-partiyasi-efv-fermanini-gozleyir\/#primaryimage"},"thumbnailUrl":"https:\/\/www.meydan.tv\/wp-content\/uploads\/7664.jpg","datePublished":"2015-03-11T12:48:55+00:00","breadcrumb":{"@id":"https:\/\/www.meydan.tv\/az\/article\/musavat-partiyasi-efv-fermanini-gozleyir\/#breadcrumb"},"inLanguage":"az","potentialAction":[{"@type":"ReadAction","target":["https:\/\/www.meydan.tv\/az\/article\/musavat-partiyasi-efv-fermanini-gozleyir\/"]}]},{"@type":"ImageObject","inLanguage":"az","@id":"https:\/\/www.meydan.tv\/az\/article\/musavat-partiyasi-efv-fermanini-gozleyir\/#primaryimage","url":"https:\/\/www.meydan.tv\/wp-content\/uploads\/7664.jpg","contentUrl":"https:\/\/www.meydan.tv\/wp-content\/uploads\/7664.jpg","width":462,"height":300,"caption":"Source:"},{"@type":"BreadcrumbList","@id":"https:\/\/www.meydan.tv\/az\/article\/musavat-partiyasi-efv-fermanini-gozleyir\/#breadcrumb","itemListElement":[{"@type":"ListItem","position":1,"name":"Ana s\u0259hif\u0259","item":"https:\/\/www.meydan.tv\/az\/"},{"@type":"ListItem","position":2,"name":"X\u0259b\u0259rl\u0259r","item":"https:\/\/www.meydan.tv\/az\/section\/xeberler\/"},{"@type":"ListItem","position":3,"name":"M\u00fcsavat Partiyas\u0131 \u018ffv F\u0259rman\u0131n\u0131 g\u00f6zl\u0259yir"}]},{"@type":"WebSite","@id":"https:\/\/www.meydan.tv\/az\/#website","url":"https:\/\/www.meydan.tv\/az\/","name":"MEYDAN.TV","description":"Meydan TV Az\u0259rbaycan\u0131n media m\u0259kan\u0131ndak\u0131 alternativ s\u0259sidir","publisher":{"@id":"https:\/\/www.meydan.tv\/az\/#organization"},"potentialAction":[{"@type":"SearchAction","target":{"@type":"EntryPoint","urlTemplate":"https:\/\/www.meydan.tv\/az\/?s={search_term_string}"},"query-input":{"@type":"PropertyValueSpecification","valueRequired":true,"valueName":"search_term_string"}}],"inLanguage":"az"},{"@type":"Organization","@id":"https:\/\/www.meydan.tv\/az\/#organization","name":"Meydan TV","url":"https:\/\/www.meydan.tv\/az\/","logo":{"@type":"ImageObject","inLanguage":"az","@id":"https:\/\/www.meydan.tv\/az\/#\/schema\/logo\/image\/","url":"https:\/\/www.meydan.tv\/wp-content\/uploads\/2021\/07\/meydan-logo.svg","contentUrl":"https:\/\/www.meydan.tv\/wp-content\/uploads\/2021\/07\/meydan-logo.svg","width":195,"height":46,"caption":"Meydan TV"},"image":{"@id":"https:\/\/www.meydan.tv\/az\/#\/schema\/logo\/image\/"}},{"@type":"Person","@id":"https:\/\/www.meydan.tv\/az\/#\/schema\/person\/10d11eccf6da3662cf5fdab9806ea91a","name":"user-manager"}]}},"_links":{"self":[{"href":"https:\/\/www.meydan.tv\/az\/wp-json\/wp\/v2\/posts\/167197","targetHints":{"allow":["GET"]}}],"collection":[{"href":"https:\/\/www.meydan.tv\/az\/wp-json\/wp\/v2\/posts"}],"about":[{"href":"https:\/\/www.meydan.tv\/az\/wp-json\/wp\/v2\/types\/post"}],"author":[{"embeddable":true,"href":"https:\/\/www.meydan.tv\/az\/wp-json\/wp\/v2\/users\/11"}],"replies":[{"embeddable":true,"href":"https:\/\/www.meydan.tv\/az\/wp-json\/wp\/v2\/comments?post=167197"}],"version-history":[{"count":0,"href":"https:\/\/www.meydan.tv\/az\/wp-json\/wp\/v2\/posts\/167197\/revisions"}],"wp:featuredmedia":[{"embeddable":true,"href":"https:\/\/www.meydan.tv\/az\/wp-json\/wp\/v2\/media\/21261"}],"wp:attachment":[{"href":"https:\/\/www.meydan.tv\/az\/wp-json\/wp\/v2\/media?parent=167197"}],"wp:term":[{"taxonomy":"category","embeddable":true,"href":"https:\/\/www.meydan.tv\/az\/wp-json\/wp\/v2\/categories?post=167197"},{"taxonomy":"post_tag","embeddable":true,"href":"https:\/\/www.meydan.tv\/az\/wp-json\/wp\/v2\/tags?post=167197"}],"curies":[{"name":"wp","href":"https:\/\/api.w.org\/{rel}","templated":true}]}}