{"id":167192,"date":"2015-03-10T20:01:47","date_gmt":"2015-03-10T20:01:47","guid":{"rendered":"https:\/\/www.meydan.tv\/article\/islam-heykel-sindirmagi-teqdir-edirmi\/"},"modified":"2015-03-10T20:01:47","modified_gmt":"2015-03-10T20:01:47","slug":"islam-heykel-sindirmagi-teqdir-edirmi","status":"publish","type":"post","link":"https:\/\/www.meydan.tv\/az\/article\/islam-heykel-sindirmagi-teqdir-edirmi\/","title":{"rendered":"\u0130slam heyk\u0259l s\u0131nd\u0131rmag\u0131 t\u0259qdir edirmi?"},"content":{"rendered":"<figure class=\"wp-block-image size-large\">\n  <img decoding=\"async\" src=\"https:\/\/www.meydan.tv\/az\/21240\/\" alt=\"\" class=\"wp-image-21240\"\/><figcaption><\/figcaption><\/figure>\n<figure class=\"wp-block-image size-large\">\n  <img decoding=\"async\" src=\"https:\/\/www.meydan.tv\/az\/20953\/\" alt=\"\" class=\"wp-image-20953\"\/><figcaption><\/figcaption><\/figure>\n<p>\n  Bir ne\u00e7\u0259 g\u00fcn \u00f6nc\u0259 internet m\u0259kanda \u0130raq\u0131n Mosul \u015f\u0259h\u0259rind\u0259 \u0130\u015e\u0130D \u0259sg\u0259rl\u0259rinin muzeyd\u0259 tarixi abid\u0259l\u0259ri- heyk\u0259ll\u0259ri m\u0259hv etm\u0259si g\u00f6r\u00fcnt\u00fcl\u0259ri yay\u0131ld\u0131. Ham\u0131n\u0131 \u015foka salan hadis\u0259 sosial \u015f\u0259b\u0259k\u0259l\u0259rd\u0259 d\u0259 m\u00fczakir\u0259 predmetin\u0259 \u00e7evrildi. Kimi g\u00fcnah\u0131 bir-ba\u015fa dind\u0259, kimi is\u0259 konkret \u015f\u0259xsl\u0259rd\u0259 g\u00f6rd\u00fc. \u0130st\u0259nil\u0259n halda, bu kadrlar\u0131 heyr\u0259tl\u0259 izl\u0259y\u0259n \u0259ks\u0259r insanlarda m\u00fcxt\u0259lif suallar yarand\u0131: H\u0259qiq\u0259t\u0259n \u0130slam dini bel\u0259 add\u0131mlar\u0131 d\u0259st\u0259kl\u0259yirmi? B\u00fct\u00fcn heyk\u0259ll\u0259r b\u00fctd\u00fcrm\u00fc? \u00dcmumiyy\u0259tl\u0259 \u0130slam dininin tarixi irs\u0259 m\u00fcnasib\u0259ti nec\u0259dir? V\u0259 yaxud \u0130\u015e\u0130D-in bu add\u0131m\u0131n\u0131 \u0130brahim (\u0259) v\u0259 ya M\u0259h\u0259mm\u0259d pey\u011f\u0259mb\u0259rin (s) b\u00fctl\u0259ri da\u011f\u0131tmalar\u0131n\u0131n davam\u0131 hesab etm\u0259k olarm\u0131?<br \/>\n  <br \/>\n  Bu yaz\u0131 qeyd edil\u0259n sorulara ayd\u0131nl\u0131q g\u0259tirm\u0259y\u0259 bir c\u0259hddir.<\/p>\n<p>  <i><br \/>\n    Sehrli buzov<br \/>\n  <\/i><\/p>\n<p>  \u0130slam dinind\u0259, heyk\u0259ltara\u015fl\u0131qla ba\u011fl\u0131 dem\u0259k olar ki, yekdil r\u0259y yoxdur. Bir \u00e7ox dini qaynaqlarda bu i\u015fin qada\u011fan olmas\u0131 n\u0259z\u0259r\u0259 \u00e7arp\u0131r. Lakin m\u00f6vzuya daha diqq\u0259tl\u0259 yana\u015fark\u0259n, ayd\u0131n olur ki, \u0259slind\u0259 bu qada\u011fa s\u0131rf heyk\u0259ltara\u015fl\u0131q s\u0259n\u0259tin\u0259 yox, onun m\u0259nfi m\u0259qs\u0259dl\u0259 istifad\u0259sin\u0259 y\u00f6n\u0259lib. Bel\u0259 ki, dind\u0259 heyk\u0259lt\u0259ra\u015fl\u0131q bir inc\u0259s\u0259n\u0259t n\u00fcmun\u0259si olaraq yox, t\u0259qib etdiyi m\u0259qs\u0259dl\u0259r\u0259 g\u00f6r\u0259 m\u00fczakir\u0259 m\u00f6vzusudur. Y\u0259ni \u0259g\u0259r bir heyk\u0259ltara\u015f tan\u0131nm\u0131\u015f bir \u015f\u0259xsiyy\u0259tin xatir\u0259sini ya\u015fatmaq v\u0259 ya ba\u015fqa ox\u015far m\u0259qs\u0259dl\u0259 heyk\u0259l d\u00fcz\u0259ldirs\u0259, buna kims\u0259 irad bildirmir.\n<\/p>\n<p>\n  Yaln\u0131z insanlar\u0131 aldatmaq, onlar\u0131 b\u00fctp\u0259r\u0259stliy\u0259 d\u0259v\u0259t etm\u0259k m\u0259qs\u0259di il\u0259 heyk\u0259l d\u00fcz\u0259ltm\u0259k q\u0131naq obyektidir. Nec\u0259 ki, Qurani-K\u0259rimd\u0259 haqq\u0131nda s\u00f6z a\u00e7\u0131lan Samiri bel\u0259 bir add\u0131m atm\u0131\u015fd\u0131. O, Musa pey\u011f\u0259mb\u0259rin m\u00fcv\u0259qq\u0259ti yoxlu\u011fundan istifad\u0259 ed\u0259r\u0259k bir buzov d\u00fcz\u0259ldib, insanlar\u0131 b\u00fctpr\u0259r\u0259stliy\u0259 s\u00f6vq etmi\u015fdi. (7:148; 20: 88) Yaxud da fironlar sehrbazl\u0131q, n\u0259h\u0259ng piramidalar, B\u00f6y\u00fck Sfinks v\u0259 dig\u0259r heyk\u0259ll\u0259r d\u00fcz\u0259ltm\u0259kl\u0259 tanr\u0131l\u0131q iddias\u0131na d\u00fc\u015f\u00fcr v\u0259 deyirdil\u0259r ki, \u0259g\u0259r Allah insan\u0131 v\u0259 dig\u0259r canl\u0131lar\u0131 x\u0259lq ed\u0259 bilirs\u0259, biz d\u0259 bel\u0259 m\u00f6ht\u0259\u015f\u0259m abid\u0259l\u0259r in\u015fa etm\u0259y\u0259, qeyri-adi i\u015fl\u0259r g\u00f6rm\u0259y\u0259 qadirik. Yen\u0259 d\u0259 Qurani-K\u0259rim\u0259 m\u00fcraci\u0259t ets\u0259k, Musa pey\u011f\u0259mb\u0259rin (\u0259) m\u00fcasiri olan fironun &#8211; yaz\u0131lanlara g\u00f6r\u0259, II Ramzesin bel\u0259 bir iddia il\u0259 \u00e7\u0131x\u0131\u015f etm\u0259sinin \u015fahidi oluruq. (79:24)\n<\/p>\n<p>\n  Amma ya\u015fad\u0131\u011f\u0131m\u0131z d\u00f6vrd\u0259 art\u0131q insanlar\u0131n bu d\u00f6vr\u00fc \u00e7oxdan arxada qoydu\u011funun f\u0259rqind\u0259yik, daha kims\u0259 hans\u0131sa heyk\u0259li g\u00f6r\u0259nd\u0259 s\u0259cd\u0259y\u0259 d\u00fc\u015f\u00fcb, zikr demir, \u0259ksin\u0259 bir tarixi \u0259s\u0259r, s\u0259n\u0259t n\u00fcmun\u0259si kimi yana\u015f\u0131r. Bundan \u0259lav\u0259, indi n\u0259inki hans\u0131sa bir heyk\u0259l, h\u0259tta inki\u015faf etmi\u015f robotlar bel\u0259 kimd\u0259s\u0259 t\u0259\u0259cc\u00fcb do\u011furmur, zehind\u0259 etiqadla ba\u011fl\u0131 hans\u0131sa t\u0259s\u0259vv\u00fcr yaratm\u0131r.\n<\/p>\n<p>\n  B\u00fct\u00fcn bunlar\u0131 n\u0259z\u0259r\u0259 alsaq, qeyd ed\u0259 bil\u0259rik ki, ali m\u0259qs\u0259dl\u0259r\u0259 qulluq ed\u0259n, \u015firk xarakteri da\u015f\u0131mayan heyk\u0259ll\u0259rin d\u00fcz\u0259ldilm\u0259si din bax\u0131mdan qada\u011fan deyil, bir s\u0131ra g\u00f6rk\u0259mli din aliml\u0259rinin q\u0259na\u0259ti bel\u0259dir. Amma bir m\u0259s\u0259l\u0259y\u0259 d\u0259 diqq\u0259t etm\u0259k laz\u0131md\u0131r ki, \u0259g\u0259r hans\u0131sa bir alim m\u0259lum m\u00f6vzuya dair f\u0259rqli fikir s\u0259sl\u0259ndirirs\u0259, bir heyk\u0259lt\u0259ra\u015f\u0131n m\u0259hz tam qurulu\u015flu insan heyk\u0259li d\u00fcz\u0259ltm\u0259sini n\u0259z\u0259rd\u0259 tutur. Buna \u0259sas\u0259n, b\u00fcst, haz\u0131r heyk\u0259ll\u0259rin alq\u0131-satq\u0131s\u0131, saxlan\u0131lmas\u0131 qada\u011fa \u00e7\u0259r\u00e7iv\u0259sin\u0259 daxil deyil.<\/p>\n<p>  <i><br \/>\n    M\u00fczey dini \u0259mr kimi<br \/>\n  <\/i><\/p>\n<p>  H\u0259r inc\u0259s\u0259n\u0259t n\u00fcmun\u0259si g\u00f6z\u0259l bir fikrin n\u0259tic\u0259sidir. Yaxud bir n\u0259fis inc\u0259s\u0259n\u0259t n\u00fcmun\u0259si g\u00f6z\u0259l fikirl\u0259rin yaranmas\u0131na s\u0259b\u0259b ola bil\u0259r. Din is\u0259 g\u00f6z\u0259l fikirl\u0259ri, \u00fcmumiyy\u0259tl\u0259, yax\u015f\u0131 olan h\u0259r \u015feyi t\u0259qdir\u0259layiq hesab edir v\u0259 el\u0259 insanlardan da g\u00f6zl\u0259ntisi m\u00f6vcud \u015feyl\u0259rin i\u00e7\u0259risind\u0259 \u0259n yax\u015f\u0131s\u0131n\u0131 se\u00e7m\u0259k, tapmaq v\u0259 \u0259m\u0259l etm\u0259kdir: &#8220;O k\u0259sl\u0259r ki, s\u00f6z\u00fc (\u00f6y\u00fcd-n\u0259sih\u0259ti) dinl\u0259yib onun \u0259n g\u00f6z\u0259lin\u0259 (d\u00fczg\u00fcn\u00fcn\u0259) uyarlar. Onlar Allah\u0131n do\u011fru yola y\u00f6n\u0259ltdiyi kims\u0259l\u0259rdir. A\u011f\u0131l sahibl\u0259ri d\u0259 el\u0259 onlard\u0131r!&#8221; (39:18) T\u0259kc\u0259 bu ay\u0259ni n\u0259z\u0259r\u0259 alsaq, dinin inc\u0259s\u0259n\u0259t\u0259, onunla \u0259laq\u0259li olan h\u0259r \u015fey\u0259 m\u00fcnasib\u0259ti ayd\u0131n olur.<br \/>\n  <br \/>\n  Dig\u0259r y\u00f6nd\u0259n, Qurani-K\u0259rimd\u0259 m\u00fcxt\u0259lif ay\u0259l\u0259rd\u0259 s\u0259yah\u0259t etm\u0259k, ke\u00e7mi\u015f \u00fcmm\u0259tl\u0259rin tarixi irsi il\u0259 tan\u0131\u015f olmaq \u00e7ox t\u00f6vsiy\u0259 edilir: &#8220;M\u0259g\u0259r onlar yer \u00fcz\u00fcnd\u0259 g\u0259zib dola\u015fm\u0131rlarm\u0131 ki, d\u00fc\u015f\u00fcn\u0259n q\u0259lbl\u0259ri, e\u015fid\u0259n qulaqlar\u0131 olsun? H\u0259qiq\u0259t\u0259n, g\u00f6zl\u0259r kor olmaz, lakin sin\u0259l\u0259rind\u0259ki \u00fcr\u0259kl\u0259r (q\u0259lb g\u00f6z\u00fc) kor olar.&#8221; (22:46) Ona g\u00f6r\u0259 ki, tarixi abid\u0259l\u0259r \u00f6zl\u0259rind\u0259 b\u00f6y\u00fck bir ke\u00e7mi\u015fi ehtva edir, onlar\u0131n h\u0259r z\u0259rr\u0259sind\u0259 b\u00f6y\u00fck h\u0259qiq\u0259tl\u0259r gizl\u0259nib. \u0130nsanlar bu abid\u0259l\u0259rl\u0259 tan\u0131\u015f olmal\u0131, tarixl\u0259 t\u0259mas qurmal\u0131, ibr\u0259tl\u0259r almal\u0131, d\u00fc\u015f\u00fcnm\u0259lidirl\u0259r. D\u00f6vr\u00fcm\u00fczd\u0259 m\u00fczeyl\u0259r ke\u00e7mi\u015f \u00fcmm\u0259tl\u0259ri \u00f6z\u00fcnd\u0259 \u0259ks etdir\u0259n \u0259n d\u0259y\u0259rli bir m\u0259kand\u0131r. Dem\u0259k, dini g\u00f6st\u0259ri\u015fl\u0259r\u0259 \u0259sas\u0259n, m\u00fcs\u0259lman \u015f\u0259xs n\u0259inki oradak\u0131 eksponatlarla kobud davranmamal\u0131, \u0259ksin\u0259, onlar\u0131 g\u00f6z b\u0259b\u0259yi kimi qorumal\u0131, ekspozisiyas\u0131n\u0131 daha da z\u0259nginl\u0259\u015fdirm\u0259lidir.<\/p>\n<p>  <i><br \/>\n    H\u0259r \u0259li baltal\u0131 \u0130brahim deyil<br \/>\n  <\/i><\/p>\n<p>  \u015e\u00fcbh\u0259siz ki, \u0130brahim pey\u011f\u0259mb\u0259r d\u0259 M\u0259h\u0259mm\u0259d pey\u011f\u0259mb\u0259r d\u0259 b\u00fct\u00fcn m\u00fcs\u0259lmanlar \u00fc\u00e7\u00fcn \u00f6rn\u0259kdir. Amma onlar\u0131n add\u0131mlar\u0131 d\u00fczg\u00fcn ba\u015fa d\u00fc\u015f\u00fclm\u0259lidir, h\u0259r k\u0259s ist\u0259nil\u0259n add\u0131m\u0131 onlara aid ed\u0259 bilm\u0259z, h\u0259tta i\u015fl\u0259rind\u0259 hans\u0131sa ox\u015farl\u0131qlar olsa da. Bax\u0131n, ad\u0131n\u0131 qeyd etdiyim h\u0259r iki pey\u011f\u0259mb\u0259r b\u00fctl\u0259ri q\u0131r\u0131blar, bu, dan\u0131lmazd\u0131r, amma m\u0259lum tarixi olaylar Mosulda ba\u015f ver\u0259n hadis\u0259yl\u0259 dabandabana ziddir. Ona g\u00f6r\u0259 ki, ist\u0259r hz. \u0130brahim, ist\u0259r hz. M\u0259h\u0259mm\u0259d (s) yanl\u0131\u015f bir ideologiyan\u0131n qal\u0131qlar\u0131n\u0131 aradan qald\u0131rmaq ist\u0259yibl\u0259r, m\u0259q\u0259s\u0259dl\u0259ri tarixi, inc\u0259s\u0259n\u0259t n\u00fcmun\u0259l\u0259rini m\u0259hv etm\u0259k olmay\u0131b.<br \/>\n  <br \/>\n  M\u0259s\u0259l\u0259n, M\u0259kk\u0259nin f\u0259thind\u0259n sonra el\u0259 bir add\u0131m\u0131n at\u0131lmas\u0131 ona g\u00f6r\u0259 idi ki, yeni dinin prinsipl\u0259rin c\u0259miyy\u0259td\u0259 tam oturu\u015fmamas\u0131ndan b\u00fctl\u0259rin g\u00f6z \u00f6n\u00fcnd\u0259 qalmas\u0131 apar\u0131lan islahatlara pis t\u0259sir ed\u0259c\u0259kdi. Hz. \u0130brahimd\u0259 d\u0259 ox\u015far halla qar\u015f\u0131la\u015f\u0131r\u0131q. O ki\u00e7ik bir add\u0131mla b\u00f6y\u00fck bir h\u0259qiq\u0259tin \u00fcst\u00fcn\u00fc a\u00e7\u0131r. \u015e\u0259h\u0259r camaat\u0131 dini ayini yerin\u0259 yetirm\u0259y\u0259 ged\u0259nd\u0259 o, bir ne\u00e7\u0259 b\u00fct\u00fc s\u0131nd\u0131r\u0131b, baltan\u0131 \u0259n b\u00f6y\u00fck b\u00fct\u00fcn boynundan as\u0131r. Onlar qay\u0131d\u0131b g\u0259l\u0259nd\u0259 hadis\u0259nin s\u0259b\u0259bkar\u0131n\u0131 soru\u015fanda, \u0130brahim (\u0259) b\u00f6y\u00fck b\u00fct\u00fc g\u00f6st\u0259rir. &#8220;Da\u015fdan yonulmu\u015f, yerind\u0259n t\u0259rp\u0259n\u0259 bilm\u0259y\u0259n b\u00fct bu i\u015fi nec\u0259 g\u00f6r\u0259 bil\u0259r?&#8221; cavab\u0131n\u0131 alanda, &#8220;\u018fg\u0259r b\u00fct he\u00e7 bir z\u0259r\u0259r v\u0259 xeyir yetirm\u0259y\u0259 qadir deyils\u0259, b\u0259s niy\u0259 onlara tap\u0131n\u0131rs\u0131n\u0131z?&#8221;- mesaj\u0131n\u0131 verm\u0259k ist\u0259yir.<\/p>\n<p>  \u00dcmumiyy\u0259tl\u0259, d\u00fcnya praktikas\u0131nda da biz ox\u015far hadis\u0259l\u0259rin \u015fahidi oluruq. Bir ideoloji hakimiyy\u0259t devrildikd\u0259, qal\u0131qlar\u0131- \u0259n az\u0131 liderl\u0259rinin heyk\u0259ll\u0259ri u\u00e7urdulur. B\u0259lk\u0259 d\u0259 d\u00fczg\u00fcn m\u00fcqayis\u0259 deyil, h\u0259r halda, biz v\u0259 ya dig\u0259r SSR\u0130 \u00f6lk\u0259l\u0259ri m\u00fcst\u0259qil olanda Leninin, dig\u0259r liderl\u0259rin heyk\u0259ll\u0259rini a\u015f\u0131rmad\u0131qm\u0131? Amma bu vaxt he\u00e7 k\u0259s kimis\u0259 tarixi abid\u0259l\u0259ri q\u0131rmaqda ittiham etm\u0259di. Bu m\u0259s\u0259l\u0259y\u0259 d\u0259 eyni aspektd\u0259n yana\u015fmaq olar dey\u0259, d\u00fc\u015f\u00fcn\u00fcr\u0259m.<\/p>\n","protected":false},"excerpt":{"rendered":"<p>H\u0259r \u0259li baltal\u0131 \u0130brahim deyil\u2026<\/p>\n","protected":false},"author":11,"featured_media":21240,"comment_status":"closed","ping_status":"open","sticky":false,"template":"","format":"standard","meta":{"_acf_changed":false,"_sitemap_exclude":false,"_sitemap_priority":"","_sitemap_frequency":"","footnotes":""},"categories":[57],"tags":[],"class_list":["post-167192","post","type-post","status-publish","format-standard","has-post-thumbnail","hentry","category-menim-fikrimce","infinite-scroll-item","generate-columns","tablet-grid-50","mobile-grid-100","grid-parent","grid-33","no-featured-image-padding"],"acf":[],"yoast_head":"<!-- This site is optimized with the Yoast SEO plugin v27.5 - https:\/\/yoast.com\/product\/yoast-seo-wordpress\/ -->\n<title>\u0130slam heyk\u0259l s\u0131nd\u0131rmag\u0131 t\u0259qdir edirmi? - MEYDAN.TV<\/title>\n<meta name=\"robots\" content=\"index, follow, max-snippet:-1, max-image-preview:large, max-video-preview:-1\" \/>\n<link rel=\"canonical\" href=\"https:\/\/www.meydan.tv\/az\/article\/islam-heykel-sindirmagi-teqdir-edirmi\/\" \/>\n<meta property=\"og:locale\" content=\"az_AZ\" \/>\n<meta property=\"og:type\" content=\"article\" \/>\n<meta property=\"og:title\" content=\"\u0130slam heyk\u0259l s\u0131nd\u0131rmag\u0131 t\u0259qdir edirmi? - MEYDAN.TV\" \/>\n<meta property=\"og:description\" content=\"H\u0259r \u0259li baltal\u0131 \u0130brahim deyil\u2026\" \/>\n<meta property=\"og:url\" content=\"https:\/\/www.meydan.tv\/az\/article\/islam-heykel-sindirmagi-teqdir-edirmi\/\" \/>\n<meta property=\"og:site_name\" content=\"MEYDAN.TV\" \/>\n<meta property=\"article:published_time\" content=\"2015-03-10T20:01:47+00:00\" \/>\n<meta property=\"og:image\" content=\"https:\/\/www.meydan.tv\/wp-content\/uploads\/7652.jpg\" \/>\n\t<meta property=\"og:image:width\" content=\"580\" \/>\n\t<meta property=\"og:image:height\" content=\"580\" \/>\n\t<meta property=\"og:image:type\" content=\"image\/jpeg\" \/>\n<meta name=\"author\" content=\"user-manager\" \/>\n<meta name=\"twitter:card\" content=\"summary_large_image\" \/>\n<script type=\"application\/ld+json\" class=\"yoast-schema-graph\">{\"@context\":\"https:\\\/\\\/schema.org\",\"@graph\":[{\"@type\":\"Article\",\"@id\":\"https:\\\/\\\/www.meydan.tv\\\/az\\\/article\\\/islam-heykel-sindirmagi-teqdir-edirmi\\\/#article\",\"isPartOf\":{\"@id\":\"https:\\\/\\\/www.meydan.tv\\\/az\\\/article\\\/islam-heykel-sindirmagi-teqdir-edirmi\\\/\"},\"author\":{\"name\":\"user-manager\",\"@id\":\"https:\\\/\\\/www.meydan.tv\\\/az\\\/#\\\/schema\\\/person\\\/10d11eccf6da3662cf5fdab9806ea91a\"},\"headline\":\"\u0130slam heyk\u0259l s\u0131nd\u0131rmag\u0131 t\u0259qdir edirmi?\",\"datePublished\":\"2015-03-10T20:01:47+00:00\",\"mainEntityOfPage\":{\"@id\":\"https:\\\/\\\/www.meydan.tv\\\/az\\\/article\\\/islam-heykel-sindirmagi-teqdir-edirmi\\\/\"},\"wordCount\":1492,\"publisher\":{\"@id\":\"https:\\\/\\\/www.meydan.tv\\\/az\\\/#organization\"},\"image\":{\"@id\":\"https:\\\/\\\/www.meydan.tv\\\/az\\\/article\\\/islam-heykel-sindirmagi-teqdir-edirmi\\\/#primaryimage\"},\"thumbnailUrl\":\"https:\\\/\\\/www.meydan.tv\\\/wp-content\\\/uploads\\\/7652.jpg\",\"articleSection\":[\"M\u0259nim Fikrimc\u0259\"],\"inLanguage\":\"az\"},{\"@type\":\"WebPage\",\"@id\":\"https:\\\/\\\/www.meydan.tv\\\/az\\\/article\\\/islam-heykel-sindirmagi-teqdir-edirmi\\\/\",\"url\":\"https:\\\/\\\/www.meydan.tv\\\/az\\\/article\\\/islam-heykel-sindirmagi-teqdir-edirmi\\\/\",\"name\":\"\u0130slam heyk\u0259l s\u0131nd\u0131rmag\u0131 t\u0259qdir edirmi? - MEYDAN.TV\",\"isPartOf\":{\"@id\":\"https:\\\/\\\/www.meydan.tv\\\/az\\\/#website\"},\"primaryImageOfPage\":{\"@id\":\"https:\\\/\\\/www.meydan.tv\\\/az\\\/article\\\/islam-heykel-sindirmagi-teqdir-edirmi\\\/#primaryimage\"},\"image\":{\"@id\":\"https:\\\/\\\/www.meydan.tv\\\/az\\\/article\\\/islam-heykel-sindirmagi-teqdir-edirmi\\\/#primaryimage\"},\"thumbnailUrl\":\"https:\\\/\\\/www.meydan.tv\\\/wp-content\\\/uploads\\\/7652.jpg\",\"datePublished\":\"2015-03-10T20:01:47+00:00\",\"breadcrumb\":{\"@id\":\"https:\\\/\\\/www.meydan.tv\\\/az\\\/article\\\/islam-heykel-sindirmagi-teqdir-edirmi\\\/#breadcrumb\"},\"inLanguage\":\"az\",\"potentialAction\":[{\"@type\":\"ReadAction\",\"target\":[\"https:\\\/\\\/www.meydan.tv\\\/az\\\/article\\\/islam-heykel-sindirmagi-teqdir-edirmi\\\/\"]}]},{\"@type\":\"ImageObject\",\"inLanguage\":\"az\",\"@id\":\"https:\\\/\\\/www.meydan.tv\\\/az\\\/article\\\/islam-heykel-sindirmagi-teqdir-edirmi\\\/#primaryimage\",\"url\":\"https:\\\/\\\/www.meydan.tv\\\/wp-content\\\/uploads\\\/7652.jpg\",\"contentUrl\":\"https:\\\/\\\/www.meydan.tv\\\/wp-content\\\/uploads\\\/7652.jpg\",\"width\":580,\"height\":580,\"caption\":\"Source:\"},{\"@type\":\"BreadcrumbList\",\"@id\":\"https:\\\/\\\/www.meydan.tv\\\/az\\\/article\\\/islam-heykel-sindirmagi-teqdir-edirmi\\\/#breadcrumb\",\"itemListElement\":[{\"@type\":\"ListItem\",\"position\":1,\"name\":\"Ana s\u0259hif\u0259\",\"item\":\"https:\\\/\\\/www.meydan.tv\\\/az\\\/\"},{\"@type\":\"ListItem\",\"position\":2,\"name\":\"M\u0259nim Fikrimc\u0259\",\"item\":\"https:\\\/\\\/www.meydan.tv\\\/az\\\/section\\\/menim-fikrimce\\\/\"},{\"@type\":\"ListItem\",\"position\":3,\"name\":\"\u0130slam heyk\u0259l s\u0131nd\u0131rmag\u0131 t\u0259qdir edirmi?\"}]},{\"@type\":\"WebSite\",\"@id\":\"https:\\\/\\\/www.meydan.tv\\\/az\\\/#website\",\"url\":\"https:\\\/\\\/www.meydan.tv\\\/az\\\/\",\"name\":\"MEYDAN.TV\",\"description\":\"Meydan TV Az\u0259rbaycan\u0131n media m\u0259kan\u0131ndak\u0131 alternativ s\u0259sidir\",\"publisher\":{\"@id\":\"https:\\\/\\\/www.meydan.tv\\\/az\\\/#organization\"},\"potentialAction\":[{\"@type\":\"SearchAction\",\"target\":{\"@type\":\"EntryPoint\",\"urlTemplate\":\"https:\\\/\\\/www.meydan.tv\\\/az\\\/?s={search_term_string}\"},\"query-input\":{\"@type\":\"PropertyValueSpecification\",\"valueRequired\":true,\"valueName\":\"search_term_string\"}}],\"inLanguage\":\"az\"},{\"@type\":\"Organization\",\"@id\":\"https:\\\/\\\/www.meydan.tv\\\/az\\\/#organization\",\"name\":\"Meydan TV\",\"url\":\"https:\\\/\\\/www.meydan.tv\\\/az\\\/\",\"logo\":{\"@type\":\"ImageObject\",\"inLanguage\":\"az\",\"@id\":\"https:\\\/\\\/www.meydan.tv\\\/az\\\/#\\\/schema\\\/logo\\\/image\\\/\",\"url\":\"https:\\\/\\\/www.meydan.tv\\\/wp-content\\\/uploads\\\/2021\\\/07\\\/meydan-logo.svg\",\"contentUrl\":\"https:\\\/\\\/www.meydan.tv\\\/wp-content\\\/uploads\\\/2021\\\/07\\\/meydan-logo.svg\",\"width\":195,\"height\":46,\"caption\":\"Meydan TV\"},\"image\":{\"@id\":\"https:\\\/\\\/www.meydan.tv\\\/az\\\/#\\\/schema\\\/logo\\\/image\\\/\"}},{\"@type\":\"Person\",\"@id\":\"https:\\\/\\\/www.meydan.tv\\\/az\\\/#\\\/schema\\\/person\\\/10d11eccf6da3662cf5fdab9806ea91a\",\"name\":\"user-manager\"}]}<\/script>\n<!-- \/ Yoast SEO plugin. -->","yoast_head_json":{"title":"\u0130slam heyk\u0259l s\u0131nd\u0131rmag\u0131 t\u0259qdir edirmi? - MEYDAN.TV","robots":{"index":"index","follow":"follow","max-snippet":"max-snippet:-1","max-image-preview":"max-image-preview:large","max-video-preview":"max-video-preview:-1"},"canonical":"https:\/\/www.meydan.tv\/az\/article\/islam-heykel-sindirmagi-teqdir-edirmi\/","og_locale":"az_AZ","og_type":"article","og_title":"\u0130slam heyk\u0259l s\u0131nd\u0131rmag\u0131 t\u0259qdir edirmi? - MEYDAN.TV","og_description":"H\u0259r \u0259li baltal\u0131 \u0130brahim deyil\u2026","og_url":"https:\/\/www.meydan.tv\/az\/article\/islam-heykel-sindirmagi-teqdir-edirmi\/","og_site_name":"MEYDAN.TV","article_published_time":"2015-03-10T20:01:47+00:00","og_image":[{"width":580,"height":580,"url":"https:\/\/www.meydan.tv\/wp-content\/uploads\/7652.jpg","type":"image\/jpeg"}],"author":"user-manager","twitter_card":"summary_large_image","schema":{"@context":"https:\/\/schema.org","@graph":[{"@type":"Article","@id":"https:\/\/www.meydan.tv\/az\/article\/islam-heykel-sindirmagi-teqdir-edirmi\/#article","isPartOf":{"@id":"https:\/\/www.meydan.tv\/az\/article\/islam-heykel-sindirmagi-teqdir-edirmi\/"},"author":{"name":"user-manager","@id":"https:\/\/www.meydan.tv\/az\/#\/schema\/person\/10d11eccf6da3662cf5fdab9806ea91a"},"headline":"\u0130slam heyk\u0259l s\u0131nd\u0131rmag\u0131 t\u0259qdir edirmi?","datePublished":"2015-03-10T20:01:47+00:00","mainEntityOfPage":{"@id":"https:\/\/www.meydan.tv\/az\/article\/islam-heykel-sindirmagi-teqdir-edirmi\/"},"wordCount":1492,"publisher":{"@id":"https:\/\/www.meydan.tv\/az\/#organization"},"image":{"@id":"https:\/\/www.meydan.tv\/az\/article\/islam-heykel-sindirmagi-teqdir-edirmi\/#primaryimage"},"thumbnailUrl":"https:\/\/www.meydan.tv\/wp-content\/uploads\/7652.jpg","articleSection":["M\u0259nim Fikrimc\u0259"],"inLanguage":"az"},{"@type":"WebPage","@id":"https:\/\/www.meydan.tv\/az\/article\/islam-heykel-sindirmagi-teqdir-edirmi\/","url":"https:\/\/www.meydan.tv\/az\/article\/islam-heykel-sindirmagi-teqdir-edirmi\/","name":"\u0130slam heyk\u0259l s\u0131nd\u0131rmag\u0131 t\u0259qdir edirmi? - MEYDAN.TV","isPartOf":{"@id":"https:\/\/www.meydan.tv\/az\/#website"},"primaryImageOfPage":{"@id":"https:\/\/www.meydan.tv\/az\/article\/islam-heykel-sindirmagi-teqdir-edirmi\/#primaryimage"},"image":{"@id":"https:\/\/www.meydan.tv\/az\/article\/islam-heykel-sindirmagi-teqdir-edirmi\/#primaryimage"},"thumbnailUrl":"https:\/\/www.meydan.tv\/wp-content\/uploads\/7652.jpg","datePublished":"2015-03-10T20:01:47+00:00","breadcrumb":{"@id":"https:\/\/www.meydan.tv\/az\/article\/islam-heykel-sindirmagi-teqdir-edirmi\/#breadcrumb"},"inLanguage":"az","potentialAction":[{"@type":"ReadAction","target":["https:\/\/www.meydan.tv\/az\/article\/islam-heykel-sindirmagi-teqdir-edirmi\/"]}]},{"@type":"ImageObject","inLanguage":"az","@id":"https:\/\/www.meydan.tv\/az\/article\/islam-heykel-sindirmagi-teqdir-edirmi\/#primaryimage","url":"https:\/\/www.meydan.tv\/wp-content\/uploads\/7652.jpg","contentUrl":"https:\/\/www.meydan.tv\/wp-content\/uploads\/7652.jpg","width":580,"height":580,"caption":"Source:"},{"@type":"BreadcrumbList","@id":"https:\/\/www.meydan.tv\/az\/article\/islam-heykel-sindirmagi-teqdir-edirmi\/#breadcrumb","itemListElement":[{"@type":"ListItem","position":1,"name":"Ana s\u0259hif\u0259","item":"https:\/\/www.meydan.tv\/az\/"},{"@type":"ListItem","position":2,"name":"M\u0259nim Fikrimc\u0259","item":"https:\/\/www.meydan.tv\/az\/section\/menim-fikrimce\/"},{"@type":"ListItem","position":3,"name":"\u0130slam heyk\u0259l s\u0131nd\u0131rmag\u0131 t\u0259qdir edirmi?"}]},{"@type":"WebSite","@id":"https:\/\/www.meydan.tv\/az\/#website","url":"https:\/\/www.meydan.tv\/az\/","name":"MEYDAN.TV","description":"Meydan TV Az\u0259rbaycan\u0131n media m\u0259kan\u0131ndak\u0131 alternativ s\u0259sidir","publisher":{"@id":"https:\/\/www.meydan.tv\/az\/#organization"},"potentialAction":[{"@type":"SearchAction","target":{"@type":"EntryPoint","urlTemplate":"https:\/\/www.meydan.tv\/az\/?s={search_term_string}"},"query-input":{"@type":"PropertyValueSpecification","valueRequired":true,"valueName":"search_term_string"}}],"inLanguage":"az"},{"@type":"Organization","@id":"https:\/\/www.meydan.tv\/az\/#organization","name":"Meydan TV","url":"https:\/\/www.meydan.tv\/az\/","logo":{"@type":"ImageObject","inLanguage":"az","@id":"https:\/\/www.meydan.tv\/az\/#\/schema\/logo\/image\/","url":"https:\/\/www.meydan.tv\/wp-content\/uploads\/2021\/07\/meydan-logo.svg","contentUrl":"https:\/\/www.meydan.tv\/wp-content\/uploads\/2021\/07\/meydan-logo.svg","width":195,"height":46,"caption":"Meydan TV"},"image":{"@id":"https:\/\/www.meydan.tv\/az\/#\/schema\/logo\/image\/"}},{"@type":"Person","@id":"https:\/\/www.meydan.tv\/az\/#\/schema\/person\/10d11eccf6da3662cf5fdab9806ea91a","name":"user-manager"}]}},"_links":{"self":[{"href":"https:\/\/www.meydan.tv\/az\/wp-json\/wp\/v2\/posts\/167192","targetHints":{"allow":["GET"]}}],"collection":[{"href":"https:\/\/www.meydan.tv\/az\/wp-json\/wp\/v2\/posts"}],"about":[{"href":"https:\/\/www.meydan.tv\/az\/wp-json\/wp\/v2\/types\/post"}],"author":[{"embeddable":true,"href":"https:\/\/www.meydan.tv\/az\/wp-json\/wp\/v2\/users\/11"}],"replies":[{"embeddable":true,"href":"https:\/\/www.meydan.tv\/az\/wp-json\/wp\/v2\/comments?post=167192"}],"version-history":[{"count":0,"href":"https:\/\/www.meydan.tv\/az\/wp-json\/wp\/v2\/posts\/167192\/revisions"}],"wp:featuredmedia":[{"embeddable":true,"href":"https:\/\/www.meydan.tv\/az\/wp-json\/wp\/v2\/media\/21240"}],"wp:attachment":[{"href":"https:\/\/www.meydan.tv\/az\/wp-json\/wp\/v2\/media?parent=167192"}],"wp:term":[{"taxonomy":"category","embeddable":true,"href":"https:\/\/www.meydan.tv\/az\/wp-json\/wp\/v2\/categories?post=167192"},{"taxonomy":"post_tag","embeddable":true,"href":"https:\/\/www.meydan.tv\/az\/wp-json\/wp\/v2\/tags?post=167192"}],"curies":[{"name":"wp","href":"https:\/\/api.w.org\/{rel}","templated":true}]}}