{"id":167191,"date":"2015-03-10T19:13:37","date_gmt":"2015-03-10T19:13:37","guid":{"rendered":"https:\/\/www.meydan.tv\/article\/eli-insanov-avropa-ittifaqina-muraciet-edib\/"},"modified":"2015-03-10T19:13:37","modified_gmt":"2015-03-10T19:13:37","slug":"eli-insanov-avropa-ittifaqina-muraciet-edib","status":"publish","type":"post","link":"https:\/\/www.meydan.tv\/az\/article\/eli-insanov-avropa-ittifaqina-muraciet-edib\/","title":{"rendered":"\u018fli \u0130nsanov Avropa \u0130ttifaq\u0131na m\u00fcraci\u0259t edib"},"content":{"rendered":"<figure class=\"wp-block-image size-large\">\n  <img decoding=\"async\" src=\"https:\/\/www.meydan.tv\/az\/21234\/\" alt=\"\" class=\"wp-image-21234\"\/><figcaption><\/figcaption><\/figure>\n<figure class=\"wp-block-image size-large\">\n  <img decoding=\"async\" src=\"https:\/\/www.meydan.tv\/az\/21234\/\" alt=\"\" class=\"wp-image-21234\"\/><figcaption><\/figcaption><\/figure>\n<p>\n  <i><br \/>\n    V\u0259kil: &#8220;Yax\u0131n g\u00fcnl\u0259rd\u0259 Bel\u00e7ikan\u0131n y\u00fcks\u0259k r\u0259hb\u0259rliyi\u00a0 Az\u0259rbaycana s\u0259f\u0259r\u0259 g\u0259l\u0259c\u0259k v\u0259 bu m\u0259s\u0259l\u0259ni hakimiyy\u0259t qar\u015f\u0131s\u0131nda qald\u0131racaq&#8221;<br \/>\n  <\/i>\n<\/p>\n<p>\n  Mart\u0131n 10-da ke\u00e7mi\u015f s\u0259hiyy\u0259 naziri \u018fli \u0130nsanovun v\u0259kili To\u011frul Babayev Avropa \u0130ttifaq\u0131n\u0131n Bak\u0131 n\u00fcmay\u0259nd\u0259liyinin\u00a0 r\u0259hb\u0259ri Malena Mardla g\u00f6r\u00fc\u015f\u00fcb. G\u00f6r\u00fc\u015fd\u0259 v\u0259kil \u018fli \u0130nsanovun onunla ba\u011fl\u0131 Avropa \u0130nsan Haqlar\u0131 M\u0259hk\u0259m\u0259sinin q\u0259rar\u0131n\u0131n Az\u0259rbaycan h\u00f6kum\u0259ti t\u0259r\u0259find\u0259n yerin\u0259 yetirilm\u0259m\u0259si bar\u0259d\u0259 m\u0259ktubu t\u0259qdim edilib.\n<\/p>\n<p>\n  V\u0259kil To\u011frul Babayev &#8220;Turan \u0130A&#8221;a bildirib ki, Malena Mard m\u0259ktubun Avropa \u0130ttifaq\u0131n\u0131n r\u0259hb\u0259rliyin\u0259 \u00e7atd\u0131r\u0131laca\u011f\u0131n\u0131 bildirib. &#8220;N\u00fcmay\u0259nd\u0259 \u018fli \u0130nsanov bar\u0259sind\u0259 Avropa M\u0259hk\u0259m\u0259sinin q\u0259rar\u0131n\u0131n yerin\u0259 yetirilm\u0259m\u0259si m\u0259s\u0259l\u0259sinin x\u00fcsusi n\u0259zar\u0259t\u0259 g\u00f6t\u00fcr\u00fcl\u0259c\u0259yini bildirib. Yax\u0131n g\u00fcnl\u0259rd\u0259 Bel\u00e7ikan\u0131n y\u00fcks\u0259k r\u0259hb\u0259rliyi\u00a0 Az\u0259rbaycana s\u0259f\u0259r\u0259 g\u0259l\u0259c\u0259k v\u0259 bu m\u0259s\u0259l\u0259ni Az\u0259rbaycan r\u0259hb\u0259rliyi qar\u015f\u0131s\u0131nda qald\u0131racaq&#8221;,- dey\u0259 v\u0259kil qeyd edib.\n<\/p>\n<p>\n  Sabiq s\u0259hiyy\u0259 naziri \u018fli \u0130nsanov 2005-ci ilin oktyabr\u0131nda parlament se\u00e7kil\u0259ri \u00f6nc\u0259si d\u00f6vl\u0259t \u00e7evrili\u015fin\u0259 c\u0259hd\u0259 haz\u0131rl\u0131q ittiham\u0131 il\u0259 h\u0259bs edilib. Sonradan ittiham iqtisadi cinay\u0259tl\u0259 \u0259v\u0259z olunub. Sabiq nazir 2007-ci ilin aprelind\u0259 r\u00fc\u015fv\u0259t almaq, v\u0259zif\u0259 s\u0259lahiyy\u0259tl\u0259rini a\u015fmaq, bir s\u0131ra iqtisadi cinay\u0259tl\u0259r t\u00f6r\u0259tm\u0259k ittiham\u0131 il\u0259 11 il azadl\u0131qdan m\u0259hrum edilib.\n<\/p>\n<p>\n  O, h\u00fcquq m\u00fcdafi\u0259 t\u0259\u015fkilatlar\u0131 t\u0259r\u0259find\u0259n siyasi m\u0259hbus kimi tan\u0131n\u0131b.\n<\/p>\n<p>\n  2013-c\u00fc il mart\u0131n 14-d\u0259 Avropa \u0130nsan H\u00fcquqlar\u0131 M\u0259hk\u0259m\u0259si sabiq nazirin \u0259dal\u0259tli m\u00fchakim\u0259 olunmad\u0131\u011f\u0131 haqda q\u0259rar \u00e7\u0131xar\u0131b. H\u0259min q\u0259rara \u0259saslanan Az\u0259rbaycan Ali M\u0259hk\u0259m\u0259sinin Plenumu \u018fli \u0130nsanovun i\u015fini yenid\u0259n bax\u0131lmas\u0131 \u00fc\u00e7\u00fcn apellyasiya instansiyas\u0131na g\u00f6nd\u0259rib. 2014-c\u00fc ilin fevral\u0131nda Bak\u0131 Apellyasiya M\u0259hk\u0259m\u0259si i\u015f\u0259 bax\u0131lmas\u0131n\u0131 yekunla\u015fd\u0131r\u0131b, \u018fli \u0130nsanov bar\u0259sind\u0259 \u00e7\u0131xar\u0131lm\u0131\u015f 11 illik h\u0259bs q\u0259rar\u0131 q\u00fcvv\u0259d\u0259 saxlan\u0131l\u0131b.\n<\/p>\n<p>\n  H\u00f6km \u018fli \u0130nsanovun i\u015ftirak\u0131 olmadan elan edilib. Ke\u00e7mi\u015f nazir t\u0259krar m\u0259hk\u0259m\u0259nin \u0259vv\u0259lki kimi qanun pozuntusu il\u0259 ke\u00e7diyin\u0259 g\u00f6r\u0259 prosesd\u0259 i\u015ftirakdan imtina etdiyi bar\u0259d\u0259 b\u0259yanat verib.\n<\/p>\n<p>\n  Bundan sonra \u018fli \u0130nsanov Avropa \u015euras\u0131 Nazirl\u0259r Komit\u0259sin\u0259 v\u0259 m\u00fcxt\u0259lif instansiyalara \u00e7oxsayl\u0131 \u015fikay\u0259tl\u0259r edib. Avropa \u015euras\u0131n\u0131n Nazirl\u0259r Komit\u0259si \u015fikay\u0259t\u0259 bax\u0131b v\u0259 Az\u0259rbaycan h\u00f6kum\u0259tind\u0259n izahat t\u0259l\u0259b edib.<\/p>\n","protected":false},"excerpt":{"rendered":"<p>V\u0259kil: &#8220;Yax\u0131n g\u00fcnl\u0259rd\u0259 Bel\u00e7ikan\u0131n y\u00fcks\u0259k r\u0259hb\u0259rliyi  Az\u0259rbaycana s\u0259f\u0259r\u0259 g\u0259l\u0259c\u0259k v\u0259 bu m\u0259s\u0259l\u0259ni hakimiyy\u0259t qar\u015f\u0131s\u0131nda qald\u0131racaq&#8221;<\/p>\n","protected":false},"author":11,"featured_media":21234,"comment_status":"closed","ping_status":"open","sticky":false,"template":"","format":"standard","meta":{"_acf_changed":false,"_sitemap_exclude":false,"_sitemap_priority":"","_sitemap_frequency":"","footnotes":""},"categories":[56],"tags":[],"class_list":["post-167191","post","type-post","status-publish","format-standard","has-post-thumbnail","hentry","category-xeberler","infinite-scroll-item","generate-columns","tablet-grid-50","mobile-grid-100","grid-parent","grid-33","no-featured-image-padding"],"acf":[],"yoast_head":"<!-- This site is optimized with the Yoast SEO plugin v28.3 - https:\/\/yoast.com\/product\/yoast-seo-wordpress\/ -->\n<title>\u018fli \u0130nsanov Avropa \u0130ttifaq\u0131na m\u00fcraci\u0259t edib - MEYDAN.TV<\/title>\n<meta name=\"robots\" content=\"index, follow, max-snippet:-1, max-image-preview:large, max-video-preview:-1\" \/>\n<link rel=\"canonical\" href=\"https:\/\/www.meydan.tv\/az\/article\/eli-insanov-avropa-ittifaqina-muraciet-edib\/\" \/>\n<meta property=\"og:locale\" content=\"az_AZ\" \/>\n<meta property=\"og:type\" content=\"article\" \/>\n<meta property=\"og:title\" content=\"\u018fli \u0130nsanov Avropa \u0130ttifaq\u0131na m\u00fcraci\u0259t edib - MEYDAN.TV\" \/>\n<meta property=\"og:description\" content=\"V\u0259kil: &quot;Yax\u0131n g\u00fcnl\u0259rd\u0259 Bel\u00e7ikan\u0131n y\u00fcks\u0259k r\u0259hb\u0259rliyi Az\u0259rbaycana s\u0259f\u0259r\u0259 g\u0259l\u0259c\u0259k v\u0259 bu m\u0259s\u0259l\u0259ni hakimiyy\u0259t qar\u015f\u0131s\u0131nda qald\u0131racaq&quot;\" \/>\n<meta property=\"og:url\" content=\"https:\/\/www.meydan.tv\/az\/article\/eli-insanov-avropa-ittifaqina-muraciet-edib\/\" \/>\n<meta property=\"og:site_name\" content=\"MEYDAN.TV\" \/>\n<meta property=\"article:published_time\" content=\"2015-03-10T19:13:37+00:00\" \/>\n<meta property=\"og:image\" content=\"https:\/\/www.meydan.tv\/wp-content\/uploads\/7644.jpg\" \/>\n\t<meta property=\"og:image:width\" content=\"410\" \/>\n\t<meta property=\"og:image:height\" content=\"307\" \/>\n\t<meta property=\"og:image:type\" content=\"image\/jpeg\" \/>\n<meta name=\"twitter:card\" content=\"summary_large_image\" \/>\n<!-- \/ Yoast SEO plugin. -->","yoast_head_json":{"title":"\u018fli \u0130nsanov Avropa \u0130ttifaq\u0131na m\u00fcraci\u0259t edib - MEYDAN.TV","robots":{"index":"index","follow":"follow","max-snippet":"max-snippet:-1","max-image-preview":"max-image-preview:large","max-video-preview":"max-video-preview:-1"},"canonical":"https:\/\/www.meydan.tv\/az\/article\/eli-insanov-avropa-ittifaqina-muraciet-edib\/","og_locale":"az_AZ","og_type":"article","og_title":"\u018fli \u0130nsanov Avropa \u0130ttifaq\u0131na m\u00fcraci\u0259t edib - MEYDAN.TV","og_description":"V\u0259kil: \"Yax\u0131n g\u00fcnl\u0259rd\u0259 Bel\u00e7ikan\u0131n y\u00fcks\u0259k r\u0259hb\u0259rliyi Az\u0259rbaycana s\u0259f\u0259r\u0259 g\u0259l\u0259c\u0259k v\u0259 bu m\u0259s\u0259l\u0259ni hakimiyy\u0259t qar\u015f\u0131s\u0131nda qald\u0131racaq\"","og_url":"https:\/\/www.meydan.tv\/az\/article\/eli-insanov-avropa-ittifaqina-muraciet-edib\/","og_site_name":"MEYDAN.TV","article_published_time":"2015-03-10T19:13:37+00:00","og_image":[{"width":410,"height":307,"url":"https:\/\/www.meydan.tv\/wp-content\/uploads\/7644.jpg","type":"image\/jpeg"}],"twitter_card":"summary_large_image","schema":{"@context":"https:\/\/schema.org","@graph":[{"@type":"Article","@id":"https:\/\/www.meydan.tv\/az\/article\/eli-insanov-avropa-ittifaqina-muraciet-edib\/#article","isPartOf":{"@id":"https:\/\/www.meydan.tv\/az\/article\/eli-insanov-avropa-ittifaqina-muraciet-edib\/"},"author":{"name":"user-manager","@id":"https:\/\/www.meydan.tv\/az\/#\/schema\/person\/10d11eccf6da3662cf5fdab9806ea91a"},"headline":"\u018fli \u0130nsanov Avropa \u0130ttifaq\u0131na m\u00fcraci\u0259t edib","datePublished":"2015-03-10T19:13:37+00:00","mainEntityOfPage":{"@id":"https:\/\/www.meydan.tv\/az\/article\/eli-insanov-avropa-ittifaqina-muraciet-edib\/"},"wordCount":490,"publisher":{"@id":"https:\/\/www.meydan.tv\/az\/#organization"},"image":{"@id":"https:\/\/www.meydan.tv\/az\/article\/eli-insanov-avropa-ittifaqina-muraciet-edib\/#primaryimage"},"thumbnailUrl":"https:\/\/www.meydan.tv\/wp-content\/uploads\/7644.jpg","articleSection":["X\u0259b\u0259rl\u0259r"],"inLanguage":"az"},{"@type":"WebPage","@id":"https:\/\/www.meydan.tv\/az\/article\/eli-insanov-avropa-ittifaqina-muraciet-edib\/","url":"https:\/\/www.meydan.tv\/az\/article\/eli-insanov-avropa-ittifaqina-muraciet-edib\/","name":"\u018fli \u0130nsanov Avropa \u0130ttifaq\u0131na m\u00fcraci\u0259t edib - MEYDAN.TV","isPartOf":{"@id":"https:\/\/www.meydan.tv\/az\/#website"},"primaryImageOfPage":{"@id":"https:\/\/www.meydan.tv\/az\/article\/eli-insanov-avropa-ittifaqina-muraciet-edib\/#primaryimage"},"image":{"@id":"https:\/\/www.meydan.tv\/az\/article\/eli-insanov-avropa-ittifaqina-muraciet-edib\/#primaryimage"},"thumbnailUrl":"https:\/\/www.meydan.tv\/wp-content\/uploads\/7644.jpg","datePublished":"2015-03-10T19:13:37+00:00","breadcrumb":{"@id":"https:\/\/www.meydan.tv\/az\/article\/eli-insanov-avropa-ittifaqina-muraciet-edib\/#breadcrumb"},"inLanguage":"az","potentialAction":[{"@type":"ReadAction","target":["https:\/\/www.meydan.tv\/az\/article\/eli-insanov-avropa-ittifaqina-muraciet-edib\/"]}]},{"@type":"ImageObject","inLanguage":"az","@id":"https:\/\/www.meydan.tv\/az\/article\/eli-insanov-avropa-ittifaqina-muraciet-edib\/#primaryimage","url":"https:\/\/www.meydan.tv\/wp-content\/uploads\/7644.jpg","contentUrl":"https:\/\/www.meydan.tv\/wp-content\/uploads\/7644.jpg","width":410,"height":307,"caption":"Source:"},{"@type":"BreadcrumbList","@id":"https:\/\/www.meydan.tv\/az\/article\/eli-insanov-avropa-ittifaqina-muraciet-edib\/#breadcrumb","itemListElement":[{"@type":"ListItem","position":1,"name":"Ana s\u0259hif\u0259","item":"https:\/\/www.meydan.tv\/az\/"},{"@type":"ListItem","position":2,"name":"X\u0259b\u0259rl\u0259r","item":"https:\/\/www.meydan.tv\/az\/section\/xeberler\/"},{"@type":"ListItem","position":3,"name":"\u018fli \u0130nsanov Avropa \u0130ttifaq\u0131na m\u00fcraci\u0259t edib"}]},{"@type":"WebSite","@id":"https:\/\/www.meydan.tv\/az\/#website","url":"https:\/\/www.meydan.tv\/az\/","name":"MEYDAN.TV","description":"Meydan TV Az\u0259rbaycan\u0131n media m\u0259kan\u0131ndak\u0131 alternativ s\u0259sidir","publisher":{"@id":"https:\/\/www.meydan.tv\/az\/#organization"},"potentialAction":[{"@type":"SearchAction","target":{"@type":"EntryPoint","urlTemplate":"https:\/\/www.meydan.tv\/az\/?s={search_term_string}"},"query-input":{"@type":"PropertyValueSpecification","valueRequired":true,"valueName":"search_term_string"}}],"inLanguage":"az"},{"@type":"Organization","@id":"https:\/\/www.meydan.tv\/az\/#organization","name":"Meydan TV","url":"https:\/\/www.meydan.tv\/az\/","logo":{"@type":"ImageObject","inLanguage":"az","@id":"https:\/\/www.meydan.tv\/az\/#\/schema\/logo\/image\/","url":"https:\/\/www.meydan.tv\/wp-content\/uploads\/2021\/07\/meydan-logo.svg","contentUrl":"https:\/\/www.meydan.tv\/wp-content\/uploads\/2021\/07\/meydan-logo.svg","width":195,"height":46,"caption":"Meydan TV"},"image":{"@id":"https:\/\/www.meydan.tv\/az\/#\/schema\/logo\/image\/"}},{"@type":"Person","@id":"https:\/\/www.meydan.tv\/az\/#\/schema\/person\/10d11eccf6da3662cf5fdab9806ea91a","name":"user-manager"}]}},"_links":{"self":[{"href":"https:\/\/www.meydan.tv\/az\/wp-json\/wp\/v2\/posts\/167191","targetHints":{"allow":["GET"]}}],"collection":[{"href":"https:\/\/www.meydan.tv\/az\/wp-json\/wp\/v2\/posts"}],"about":[{"href":"https:\/\/www.meydan.tv\/az\/wp-json\/wp\/v2\/types\/post"}],"author":[{"embeddable":true,"href":"https:\/\/www.meydan.tv\/az\/wp-json\/wp\/v2\/users\/11"}],"replies":[{"embeddable":true,"href":"https:\/\/www.meydan.tv\/az\/wp-json\/wp\/v2\/comments?post=167191"}],"version-history":[{"count":0,"href":"https:\/\/www.meydan.tv\/az\/wp-json\/wp\/v2\/posts\/167191\/revisions"}],"wp:featuredmedia":[{"embeddable":true,"href":"https:\/\/www.meydan.tv\/az\/wp-json\/wp\/v2\/media\/21234"}],"wp:attachment":[{"href":"https:\/\/www.meydan.tv\/az\/wp-json\/wp\/v2\/media?parent=167191"}],"wp:term":[{"taxonomy":"category","embeddable":true,"href":"https:\/\/www.meydan.tv\/az\/wp-json\/wp\/v2\/categories?post=167191"},{"taxonomy":"post_tag","embeddable":true,"href":"https:\/\/www.meydan.tv\/az\/wp-json\/wp\/v2\/tags?post=167191"}],"curies":[{"name":"wp","href":"https:\/\/api.w.org\/{rel}","templated":true}]}}