{"id":167186,"date":"2015-03-10T16:01:07","date_gmt":"2015-03-10T16:01:07","guid":{"rendered":"https:\/\/www.meydan.tv\/article\/apellyasiya-mehkemesi-kelbecerlileri-hebsde-saxlayib\/"},"modified":"2015-03-10T16:01:07","modified_gmt":"2015-03-10T16:01:07","slug":"apellyasiya-mehkemesi-kelbecerlileri-hebsde-saxlayib","status":"publish","type":"post","link":"https:\/\/www.meydan.tv\/az\/article\/apellyasiya-mehkemesi-kelbecerlileri-hebsde-saxlayib\/","title":{"rendered":"Apellyasiya M\u0259hk\u0259m\u0259si k\u0259lb\u0259c\u0259rlil\u0259ri h\u0259bsd\u0259 saxlay\u0131b"},"content":{"rendered":"<figure class=\"wp-block-image size-large\">\n  <img decoding=\"async\" src=\"https:\/\/www.meydan.tv\/az\/21225\/\" alt=\"\" class=\"wp-image-21225\"\/><figcaption><\/figcaption><\/figure>\n<figure class=\"wp-block-image size-large\">\n  <img decoding=\"async\" src=\"https:\/\/www.meydan.tv\/az\/21225\/\" alt=\"\" class=\"wp-image-21225\"\/><figcaption><\/figcaption><\/figure>\n<p>\n  Mart\u0131n 10-da Qaraba\u011f separat\u00e7\u0131lar\u0131n\u0131n m\u0259hk\u0259m\u0259sind\u0259 K\u0259lb\u0259c\u0259r rayonunun ke\u00e7mi\u015f sakinl\u0259ri Dilq\u0259m \u018fsg\u0259rov v\u0259 \u015eahbaz Quliyevin apellyasiya \u015fikay\u0259tin\u0259 bax\u0131l\u0131b.\n<\/p>\n<p>\n  M\u0259hk\u0259m\u0259 \u015fikay\u0259ti t\u0259min etm\u0259y\u0259r\u0259k \u0259vv\u0259lki\u00a0 q\u0259rar\u0131 \u2013 D.\u018fsg\u0259rovun \u00f6m\u00fcrl\u00fck, \u015e.Quliyevin is\u0259 22 il m\u00fcdd\u0259tin\u0259 azadl\u0131qdan m\u0259hrum edilm\u0259si bar\u0259d\u0259 q\u0259rar\u0131\u00a0 q\u00fcvv\u0259d\u0259 saxlay\u0131b.\n<\/p>\n<p>\n  D.Quliyev v\u0259 \u015e.\u018fsg\u0259rov, h\u0259m\u00e7inin H\u0259s\u0259n H\u0259s\u0259nov 2014-c\u00fc il iyunun 29-da erm\u0259nil\u0259rin i\u015f\u011fal\u0131nda olan K\u0259lb\u0259c\u0259r rayonuna gedibl\u0259r. Onlar bildiribl\u0259r ki, m\u0259qs\u0259dl\u0259ri do\u011fmalar\u0131n\u0131n m\u0259zarlar\u0131n\u0131 ziyar\u0259t etm\u0259k olub. Lakin erm\u0259nil\u0259rin \u0259lin\u0259 ke\u00e7ibl\u0259r. At\u0131\u015fma zaman\u0131 H.H\u0259s\u0259nov \u00f6ld\u00fcr\u00fcl\u00fcb. D.Quliyev v\u0259 \u015e.\u018fsg\u0259rov \u0259sir g\u00f6t\u00fcr\u00fcl\u00fcb.\n<\/p>\n<p>\n  Erm\u0259ni t\u0259r\u0259fi bildirib ki, onlar 17 ya\u015fl\u0131 g\u0259nci v\u0259 Erm\u0259nistan ordusunun zabitini \u00f6ld\u00fcr\u00fcbl\u0259r.\n<\/p>\n<p>\n  K\u0259lb\u0259c\u0259rlil\u0259rin bar\u0259sind\u0259 h\u00f6km \u00f6t\u0259n il dekabr\u0131n ortalar\u0131nda \u00e7\u0131xar\u0131l\u0131b. M\u0259hkumlar g\u00fcnahlar\u0131n\u0131 etiraf etm\u0259yibl\u0259r (Arm\u0130nfo).<\/p>\n","protected":false},"excerpt":{"rendered":"<p>Mart\u0131n 10-da Qaraba\u011f separat\u00e7\u0131lar\u0131n\u0131n m\u0259hk\u0259m\u0259sind\u0259 K\u0259lb\u0259c\u0259r rayonunun ke\u00e7mi\u015f sakinl\u0259ri Dilq\u0259m &#8230; <\/p>\n<p class=\"read-more-container\"><a title=\"Apellyasiya M\u0259hk\u0259m\u0259si k\u0259lb\u0259c\u0259rlil\u0259ri h\u0259bsd\u0259 saxlay\u0131b\" class=\"read-more button\" href=\"https:\/\/www.meydan.tv\/az\/article\/apellyasiya-mehkemesi-kelbecerlileri-hebsde-saxlayib\/#more-167186\" aria-label=\"Read more about Apellyasiya M\u0259hk\u0259m\u0259si k\u0259lb\u0259c\u0259rlil\u0259ri h\u0259bsd\u0259 saxlay\u0131b\">Davam\u0131<\/a><\/p>\n","protected":false},"author":11,"featured_media":21225,"comment_status":"closed","ping_status":"open","sticky":false,"template":"","format":"standard","meta":{"_acf_changed":false,"_sitemap_exclude":false,"_sitemap_priority":"","_sitemap_frequency":"","footnotes":""},"categories":[56],"tags":[],"class_list":["post-167186","post","type-post","status-publish","format-standard","has-post-thumbnail","hentry","category-xeberler","infinite-scroll-item","generate-columns","tablet-grid-50","mobile-grid-100","grid-parent","grid-33","no-featured-image-padding"],"acf":[],"yoast_head":"<!-- This site is optimized with the Yoast SEO plugin v28.3 - https:\/\/yoast.com\/product\/yoast-seo-wordpress\/ -->\n<title>Apellyasiya M\u0259hk\u0259m\u0259si k\u0259lb\u0259c\u0259rlil\u0259ri h\u0259bsd\u0259 saxlay\u0131b - MEYDAN.TV<\/title>\n<meta name=\"robots\" content=\"index, follow, max-snippet:-1, max-image-preview:large, max-video-preview:-1\" \/>\n<link rel=\"canonical\" href=\"https:\/\/www.meydan.tv\/az\/article\/apellyasiya-mehkemesi-kelbecerlileri-hebsde-saxlayib\/\" \/>\n<meta property=\"og:locale\" content=\"az_AZ\" \/>\n<meta property=\"og:type\" content=\"article\" \/>\n<meta property=\"og:title\" content=\"Apellyasiya M\u0259hk\u0259m\u0259si k\u0259lb\u0259c\u0259rlil\u0259ri h\u0259bsd\u0259 saxlay\u0131b - MEYDAN.TV\" \/>\n<meta property=\"og:description\" content=\"Mart\u0131n 10-da Qaraba\u011f separat\u00e7\u0131lar\u0131n\u0131n m\u0259hk\u0259m\u0259sind\u0259 K\u0259lb\u0259c\u0259r rayonunun ke\u00e7mi\u015f sakinl\u0259ri Dilq\u0259m ... Davam\u0131\" \/>\n<meta property=\"og:url\" content=\"https:\/\/www.meydan.tv\/az\/article\/apellyasiya-mehkemesi-kelbecerlileri-hebsde-saxlayib\/\" \/>\n<meta property=\"og:site_name\" content=\"MEYDAN.TV\" \/>\n<meta property=\"article:published_time\" content=\"2015-03-10T16:01:07+00:00\" \/>\n<meta property=\"og:image\" content=\"https:\/\/www.meydan.tv\/wp-content\/uploads\/7641.jpg\" \/>\n\t<meta property=\"og:image:width\" content=\"492\" \/>\n\t<meta property=\"og:image:height\" content=\"300\" \/>\n\t<meta property=\"og:image:type\" content=\"image\/jpeg\" \/>\n<meta name=\"twitter:card\" content=\"summary_large_image\" \/>\n<!-- \/ Yoast SEO plugin. -->","yoast_head_json":{"title":"Apellyasiya M\u0259hk\u0259m\u0259si k\u0259lb\u0259c\u0259rlil\u0259ri h\u0259bsd\u0259 saxlay\u0131b - MEYDAN.TV","robots":{"index":"index","follow":"follow","max-snippet":"max-snippet:-1","max-image-preview":"max-image-preview:large","max-video-preview":"max-video-preview:-1"},"canonical":"https:\/\/www.meydan.tv\/az\/article\/apellyasiya-mehkemesi-kelbecerlileri-hebsde-saxlayib\/","og_locale":"az_AZ","og_type":"article","og_title":"Apellyasiya M\u0259hk\u0259m\u0259si k\u0259lb\u0259c\u0259rlil\u0259ri h\u0259bsd\u0259 saxlay\u0131b - MEYDAN.TV","og_description":"Mart\u0131n 10-da Qaraba\u011f separat\u00e7\u0131lar\u0131n\u0131n m\u0259hk\u0259m\u0259sind\u0259 K\u0259lb\u0259c\u0259r rayonunun ke\u00e7mi\u015f sakinl\u0259ri Dilq\u0259m ... Davam\u0131","og_url":"https:\/\/www.meydan.tv\/az\/article\/apellyasiya-mehkemesi-kelbecerlileri-hebsde-saxlayib\/","og_site_name":"MEYDAN.TV","article_published_time":"2015-03-10T16:01:07+00:00","og_image":[{"width":492,"height":300,"url":"https:\/\/www.meydan.tv\/wp-content\/uploads\/7641.jpg","type":"image\/jpeg"}],"twitter_card":"summary_large_image","schema":{"@context":"https:\/\/schema.org","@graph":[{"@type":"Article","@id":"https:\/\/www.meydan.tv\/az\/article\/apellyasiya-mehkemesi-kelbecerlileri-hebsde-saxlayib\/#article","isPartOf":{"@id":"https:\/\/www.meydan.tv\/az\/article\/apellyasiya-mehkemesi-kelbecerlileri-hebsde-saxlayib\/"},"author":{"name":"user-manager","@id":"https:\/\/www.meydan.tv\/az\/#\/schema\/person\/10d11eccf6da3662cf5fdab9806ea91a"},"headline":"Apellyasiya M\u0259hk\u0259m\u0259si k\u0259lb\u0259c\u0259rlil\u0259ri h\u0259bsd\u0259 saxlay\u0131b","datePublished":"2015-03-10T16:01:07+00:00","mainEntityOfPage":{"@id":"https:\/\/www.meydan.tv\/az\/article\/apellyasiya-mehkemesi-kelbecerlileri-hebsde-saxlayib\/"},"wordCount":223,"publisher":{"@id":"https:\/\/www.meydan.tv\/az\/#organization"},"image":{"@id":"https:\/\/www.meydan.tv\/az\/article\/apellyasiya-mehkemesi-kelbecerlileri-hebsde-saxlayib\/#primaryimage"},"thumbnailUrl":"https:\/\/www.meydan.tv\/wp-content\/uploads\/7641.jpg","articleSection":["X\u0259b\u0259rl\u0259r"],"inLanguage":"az"},{"@type":"WebPage","@id":"https:\/\/www.meydan.tv\/az\/article\/apellyasiya-mehkemesi-kelbecerlileri-hebsde-saxlayib\/","url":"https:\/\/www.meydan.tv\/az\/article\/apellyasiya-mehkemesi-kelbecerlileri-hebsde-saxlayib\/","name":"Apellyasiya M\u0259hk\u0259m\u0259si k\u0259lb\u0259c\u0259rlil\u0259ri h\u0259bsd\u0259 saxlay\u0131b - MEYDAN.TV","isPartOf":{"@id":"https:\/\/www.meydan.tv\/az\/#website"},"primaryImageOfPage":{"@id":"https:\/\/www.meydan.tv\/az\/article\/apellyasiya-mehkemesi-kelbecerlileri-hebsde-saxlayib\/#primaryimage"},"image":{"@id":"https:\/\/www.meydan.tv\/az\/article\/apellyasiya-mehkemesi-kelbecerlileri-hebsde-saxlayib\/#primaryimage"},"thumbnailUrl":"https:\/\/www.meydan.tv\/wp-content\/uploads\/7641.jpg","datePublished":"2015-03-10T16:01:07+00:00","breadcrumb":{"@id":"https:\/\/www.meydan.tv\/az\/article\/apellyasiya-mehkemesi-kelbecerlileri-hebsde-saxlayib\/#breadcrumb"},"inLanguage":"az","potentialAction":[{"@type":"ReadAction","target":["https:\/\/www.meydan.tv\/az\/article\/apellyasiya-mehkemesi-kelbecerlileri-hebsde-saxlayib\/"]}]},{"@type":"ImageObject","inLanguage":"az","@id":"https:\/\/www.meydan.tv\/az\/article\/apellyasiya-mehkemesi-kelbecerlileri-hebsde-saxlayib\/#primaryimage","url":"https:\/\/www.meydan.tv\/wp-content\/uploads\/7641.jpg","contentUrl":"https:\/\/www.meydan.tv\/wp-content\/uploads\/7641.jpg","width":492,"height":300,"caption":"Source:"},{"@type":"BreadcrumbList","@id":"https:\/\/www.meydan.tv\/az\/article\/apellyasiya-mehkemesi-kelbecerlileri-hebsde-saxlayib\/#breadcrumb","itemListElement":[{"@type":"ListItem","position":1,"name":"Ana s\u0259hif\u0259","item":"https:\/\/www.meydan.tv\/az\/"},{"@type":"ListItem","position":2,"name":"X\u0259b\u0259rl\u0259r","item":"https:\/\/www.meydan.tv\/az\/section\/xeberler\/"},{"@type":"ListItem","position":3,"name":"Apellyasiya M\u0259hk\u0259m\u0259si k\u0259lb\u0259c\u0259rlil\u0259ri h\u0259bsd\u0259 saxlay\u0131b"}]},{"@type":"WebSite","@id":"https:\/\/www.meydan.tv\/az\/#website","url":"https:\/\/www.meydan.tv\/az\/","name":"MEYDAN.TV","description":"Meydan TV Az\u0259rbaycan\u0131n media m\u0259kan\u0131ndak\u0131 alternativ s\u0259sidir","publisher":{"@id":"https:\/\/www.meydan.tv\/az\/#organization"},"potentialAction":[{"@type":"SearchAction","target":{"@type":"EntryPoint","urlTemplate":"https:\/\/www.meydan.tv\/az\/?s={search_term_string}"},"query-input":{"@type":"PropertyValueSpecification","valueRequired":true,"valueName":"search_term_string"}}],"inLanguage":"az"},{"@type":"Organization","@id":"https:\/\/www.meydan.tv\/az\/#organization","name":"Meydan TV","url":"https:\/\/www.meydan.tv\/az\/","logo":{"@type":"ImageObject","inLanguage":"az","@id":"https:\/\/www.meydan.tv\/az\/#\/schema\/logo\/image\/","url":"https:\/\/www.meydan.tv\/wp-content\/uploads\/2021\/07\/meydan-logo.svg","contentUrl":"https:\/\/www.meydan.tv\/wp-content\/uploads\/2021\/07\/meydan-logo.svg","width":195,"height":46,"caption":"Meydan TV"},"image":{"@id":"https:\/\/www.meydan.tv\/az\/#\/schema\/logo\/image\/"}},{"@type":"Person","@id":"https:\/\/www.meydan.tv\/az\/#\/schema\/person\/10d11eccf6da3662cf5fdab9806ea91a","name":"user-manager"}]}},"_links":{"self":[{"href":"https:\/\/www.meydan.tv\/az\/wp-json\/wp\/v2\/posts\/167186","targetHints":{"allow":["GET"]}}],"collection":[{"href":"https:\/\/www.meydan.tv\/az\/wp-json\/wp\/v2\/posts"}],"about":[{"href":"https:\/\/www.meydan.tv\/az\/wp-json\/wp\/v2\/types\/post"}],"author":[{"embeddable":true,"href":"https:\/\/www.meydan.tv\/az\/wp-json\/wp\/v2\/users\/11"}],"replies":[{"embeddable":true,"href":"https:\/\/www.meydan.tv\/az\/wp-json\/wp\/v2\/comments?post=167186"}],"version-history":[{"count":0,"href":"https:\/\/www.meydan.tv\/az\/wp-json\/wp\/v2\/posts\/167186\/revisions"}],"wp:featuredmedia":[{"embeddable":true,"href":"https:\/\/www.meydan.tv\/az\/wp-json\/wp\/v2\/media\/21225"}],"wp:attachment":[{"href":"https:\/\/www.meydan.tv\/az\/wp-json\/wp\/v2\/media?parent=167186"}],"wp:term":[{"taxonomy":"category","embeddable":true,"href":"https:\/\/www.meydan.tv\/az\/wp-json\/wp\/v2\/categories?post=167186"},{"taxonomy":"post_tag","embeddable":true,"href":"https:\/\/www.meydan.tv\/az\/wp-json\/wp\/v2\/tags?post=167186"}],"curies":[{"name":"wp","href":"https:\/\/api.w.org\/{rel}","templated":true}]}}