{"id":167185,"date":"2015-03-10T14:54:54","date_gmt":"2015-03-10T14:54:54","guid":{"rendered":"https:\/\/www.meydan.tv\/article\/vurgun-eyyub-musavatin-deputatliga-namizedler-siyahisindan-cixarildi\/"},"modified":"2015-03-10T14:54:54","modified_gmt":"2015-03-10T14:54:54","slug":"vurgun-eyyub-musavatin-deputatliga-namizedler-siyahisindan-cixarildi","status":"publish","type":"post","link":"https:\/\/www.meydan.tv\/az\/article\/vurgun-eyyub-musavatin-deputatliga-namizedler-siyahisindan-cixarildi\/","title":{"rendered":"Vur\u011fun \u018fyyub M\u00fcsavat\u0131n deputatl\u0131\u011fa namiz\u0259dl\u0259r siyah\u0131s\u0131ndan \u00e7\u0131xar\u0131ld\u0131"},"content":{"rendered":"<figure class=\"wp-block-image size-large\">\n  <img decoding=\"async\" src=\"https:\/\/www.meydan.tv\/az\/21196\/\" alt=\"\" class=\"wp-image-21196\"\/><figcaption><\/figcaption><\/figure>\n<figure class=\"wp-block-image size-large\">\n  <img decoding=\"async\" src=\"https:\/\/www.meydan.tv\/az\/21200\/\" alt=\"\" class=\"wp-image-21200\"\/><figcaption><\/figcaption><\/figure>\n<p>\n  <i><br \/>\n    G\u00fcla\u011fa Aslanl\u0131: &#8220;\u201cKim namiz\u0259d olmaq ist\u0259yirs\u0259, m\u00fctl\u0259q \u00f6z\u00fc bu bar\u0259d\u0259 partiyaya m\u00fcraci\u0259t etm\u0259lidir&#8221;<br \/>\n  <\/i>\n<\/p>\n<p>\n  <i><br \/>\n    Vur\u011fun \u018fyyub: &#8220;Partiyan\u0131n r\u0259hb\u0259r orqanlar\u0131na m\u00fcraci\u0259t etmi\u015f\u0259m&#8221;<br \/>\n  <\/i>\n<\/p>\n<p>\n  \u0130ndiy\u0259 q\u0259d\u0259r<br \/>\n  <a href=\"http:\/\/az.apa.az\/tag\/M%C3%BCsavat+Partiyas%C4%B1\"><br \/>\n    M\u00fcsavat Partiyas\u0131<br \/>\n  <\/a><br \/>\n  n\u0131n 50-y\u0259 q\u0259d\u0259r se\u00e7ki dair\u0259si \u00fczr\u0259 deputatl\u0131\u011fa ilkin namiz\u0259dl\u0259ri m\u00fc\u0259yy\u0259nl\u0259\u015fs\u0259 d\u0259, se\u00e7kil\u0259rd\u0259 i\u015ftirak etm\u0259k niyy\u0259tind\u0259 olan<br \/>\n  <a href=\"http:\/\/az.apa.az\/tag\/M%C3%BCsavat+Partiyas%C4%B1\"><br \/>\n    M\u00fcsavat Partiyas\u0131<br \/>\n  <\/a><br \/>\n  n\u0131n M\u0259clis \u00fczv\u00fc, Az\u0259rbaycan Demokratiya v\u0259 Rifah H\u0259r\u0259kat\u0131 s\u0259drinin birinci m\u00fcavini Vur\u011fun \u018fyyubun ad\u0131 namiz\u0259dl\u0259r siyah\u0131s\u0131nda yoxdur.\n<\/p>\n<figure class=\"wp-block-image size-large\">\n  <img decoding=\"async\" src=\"https:\/\/www.meydan.tv\/az\/21203\/\" alt=\"\" class=\"wp-image-21203\"\/><figcaption><\/figcaption><\/figure>\n<p>\n  V. \u018fyyub<br \/>\n  <a href=\"https:\/\/apa.az\/\"><br \/>\n    APA<br \/>\n  <\/a><br \/>\n  -ya a\u00e7\u0131qlamas\u0131nda<br \/>\n  <a href=\"http:\/\/az.apa.az\/tag\/M%C3%BCsavat+Partiyas%C4%B1\"><br \/>\n    M\u00fcsavat Partiyas\u0131<br \/>\n  <\/a><br \/>\n  \u00a0Suraxan\u0131 rayon t\u0259\u015fkilat\u0131n\u0131n 30 sayl\u0131 Suraxan\u0131 Birinci Se\u00e7ki Dair\u0259si \u00fczr\u0259 onun namiz\u0259dliyini m\u00fcdafi\u0259 etdiyini deyib. O, rayon t\u0259\u015fkilat\u0131n\u0131n bununla ba\u011fl\u0131<br \/>\n  <a href=\"http:\/\/az.apa.az\/tag\/M%C3%BCsavat+Partiyas%C4%B1\"><br \/>\n    M\u00fcsavat Partiyas\u0131<br \/>\n  <\/a><br \/>\n  n\u0131n r\u0259hb\u0259r orqanlar\u0131na m\u00fcraci\u0259t etdiyini bildirib: \u201cSuraxan\u0131 rayon t\u0259\u015fkilat\u0131 bu bar\u0259d\u0259 m\u0259nd\u0259n soru\u015fub, m\u00fcnasib\u0259timi \u00f6yr\u0259nib. H\u0259l\u0259 ki deputatl\u0131\u011fa namiz\u0259d olmaq fikrind\u0259y\u0259m\u201d.\n<\/p>\n<p>\n  \u015e\u0259xs\u0259n partiyaya m\u00fcraci\u0259t edib-etm\u0259y\u0259c\u0259yi bar\u0259d\u0259 sual\u0131 cavabland\u0131ran V. \u018fyyub rayon t\u0259\u015fkilat\u0131n\u0131n onun namiz\u0259dliyi il\u0259 \u0259laq\u0259dar partiyaya m\u00fcraci\u0259t etdiyini bir daha t\u0259krarlay\u0131b: \u201cM\u0259nim cavab\u0131m bundan ibar\u0259tdir\u201d.\n<\/p>\n<figure class=\"wp-block-image size-large\">\n  <img decoding=\"async\" src=\"https:\/\/www.meydan.tv\/az\/21196\/\" alt=\"\" class=\"wp-image-21196\"\/><figcaption><\/figcaption><\/figure>\n<p><div>\n    <a href=\"http:\/\/az.apa.az\/tag\/M%C3%BCsavat+Partiyas%C4%B1\"><br \/>\n      M\u00fcsavat Partiyas\u0131<br \/>\n    <\/a><br \/>\n    nda deputatl\u0131\u011fa namiz\u0259dl\u0259rl\u0259 ba\u011fl\u0131 m\u0259sul \u015f\u0259xs t\u0259yin olunan v\u0259 m\u00fcraci\u0259tl\u0259ri q\u0259bul ed\u0259n M\u00fcsavat ba\u015fqan\u0131n\u0131n m\u00fcavini, partiyan\u0131n \u0130cra Aparat\u0131n\u0131n r\u0259hb\u0259ri G\u00fcla\u011fa Aslanl\u0131 is\u0259 agentliy\u0259 deyib ki,\u00a0hans\u0131sa dair\u0259d\u0259n deputatl\u0131\u011fa namiz\u0259d olmaq ist\u0259y\u0259n partiya \u00fczv\u00fc bu bar\u0259d\u0259 arzusunu bildirm\u0259lidir. O, namiz\u0259d olmaq ist\u0259y\u0259n partiya \u00fczvl\u0259rinin bu ist\u0259kl\u0259rini \u0259n geci se\u00e7ki kampaniyas\u0131na 1 ay qalana q\u0259d\u0259r bildirm\u0259l\u0259rini m\u0259qs\u0259d\u0259uy\u011fun sayd\u0131qlar\u0131n\u0131 qeyd edib. G. Aslanl\u0131 partiyada naraz\u0131lar\u0131 t\u0259msil ed\u0259n V. \u018fyyubun, o c\u00fcml\u0259d\u0259n<br \/>\n    <a href=\"http:\/\/az.apa.az\/tag\/M%C3%BCsavat+Partiyas%C4%B1\"><br \/>\n      M\u00fcsavat Partiyas\u0131<br \/>\n    <\/a><br \/>\n    \u00a0Qad\u0131nlar Birliyinin s\u0259dri Ellada M\u0259mm\u0259dlinin namiz\u0259dlikl\u0259 ba\u011fl\u0131 m\u00fcraci\u0259tl\u0259rinin olmad\u0131\u011f\u0131n\u0131 a\u00e7\u0131qlay\u0131b: \u201cKim namiz\u0259d olmaq ist\u0259yirs\u0259, m\u00fctl\u0259q \u00f6z\u00fc bu bar\u0259d\u0259 partiyaya m\u00fcraci\u0259t etm\u0259lidir. Bu, birm\u0259nal\u0131d\u0131r\u201d.\n  <\/div>\n<\/p>\n<p>\n  E. M\u0259mm\u0259dli is\u0259 deputatl\u0131\u011fa namiz\u0259d olmayaca\u011f\u0131n\u0131 b\u0259yan edib: \u201cDeputatl\u0131\u011fa namiz\u0259d olmaq \u00fc\u00e7\u00fcn partiyaya m\u00fcraci\u0259t etm\u0259mi\u015f\u0259m. \u00c7\u00fcnki indiki durumda deputatl\u0131\u011fa namiz\u0259d olmaq niyy\u0259tim yoxdur\u201d.<\/p>\n","protected":false},"excerpt":{"rendered":"<p>G\u00fcla\u011fa Aslanl\u0131: &#8220;\u201cKim namiz\u0259d olmaq ist\u0259yirs\u0259, m\u00fctl\u0259q \u00f6z\u00fc bu bar\u0259d\u0259 partiyaya m\u00fcraci\u0259t etm\u0259lidir&#8221;<\/p>\n<p>Vur\u011fun \u018fyyub: &#8220;Partiyan\u0131n r\u0259hb\u0259r orqanlar\u0131na m\u00fcraci\u0259t etmi\u015f\u0259m&#8221;<\/p>\n","protected":false},"author":11,"featured_media":21196,"comment_status":"closed","ping_status":"open","sticky":false,"template":"","format":"standard","meta":{"_acf_changed":false,"_sitemap_exclude":false,"_sitemap_priority":"","_sitemap_frequency":"","footnotes":""},"categories":[56],"tags":[],"class_list":["post-167185","post","type-post","status-publish","format-standard","has-post-thumbnail","hentry","category-xeberler","infinite-scroll-item","generate-columns","tablet-grid-50","mobile-grid-100","grid-parent","grid-33","no-featured-image-padding"],"acf":[],"yoast_head":"<!-- This site is optimized with the Yoast SEO plugin v28.3 - https:\/\/yoast.com\/product\/yoast-seo-wordpress\/ -->\n<title>Vur\u011fun \u018fyyub M\u00fcsavat\u0131n deputatl\u0131\u011fa namiz\u0259dl\u0259r siyah\u0131s\u0131ndan \u00e7\u0131xar\u0131ld\u0131 - MEYDAN.TV<\/title>\n<meta name=\"robots\" content=\"index, follow, max-snippet:-1, max-image-preview:large, max-video-preview:-1\" \/>\n<link rel=\"canonical\" href=\"https:\/\/www.meydan.tv\/az\/article\/vurgun-eyyub-musavatin-deputatliga-namizedler-siyahisindan-cixarildi\/\" \/>\n<meta property=\"og:locale\" content=\"az_AZ\" \/>\n<meta property=\"og:type\" content=\"article\" \/>\n<meta property=\"og:title\" content=\"Vur\u011fun \u018fyyub M\u00fcsavat\u0131n deputatl\u0131\u011fa namiz\u0259dl\u0259r siyah\u0131s\u0131ndan \u00e7\u0131xar\u0131ld\u0131 - MEYDAN.TV\" \/>\n<meta property=\"og:description\" content=\"G\u00fcla\u011fa Aslanl\u0131: &quot;\u201cKim namiz\u0259d olmaq ist\u0259yirs\u0259, m\u00fctl\u0259q \u00f6z\u00fc bu bar\u0259d\u0259 partiyaya m\u00fcraci\u0259t etm\u0259lidir&quot;  Vur\u011fun \u018fyyub: &quot;Partiyan\u0131n r\u0259hb\u0259r orqanlar\u0131na m\u00fcraci\u0259t etmi\u015f\u0259m&quot;\" \/>\n<meta property=\"og:url\" content=\"https:\/\/www.meydan.tv\/az\/article\/vurgun-eyyub-musavatin-deputatliga-namizedler-siyahisindan-cixarildi\/\" \/>\n<meta property=\"og:site_name\" content=\"MEYDAN.TV\" \/>\n<meta property=\"article:published_time\" content=\"2015-03-10T14:54:54+00:00\" \/>\n<meta property=\"og:image\" content=\"https:\/\/www.meydan.tv\/wp-content\/uploads\/7634.jpg\" \/>\n\t<meta property=\"og:image:width\" content=\"446\" \/>\n\t<meta property=\"og:image:height\" content=\"250\" \/>\n\t<meta property=\"og:image:type\" content=\"image\/jpeg\" \/>\n<meta name=\"twitter:card\" content=\"summary_large_image\" \/>\n<!-- \/ Yoast SEO plugin. -->","yoast_head_json":{"title":"Vur\u011fun \u018fyyub M\u00fcsavat\u0131n deputatl\u0131\u011fa namiz\u0259dl\u0259r siyah\u0131s\u0131ndan \u00e7\u0131xar\u0131ld\u0131 - MEYDAN.TV","robots":{"index":"index","follow":"follow","max-snippet":"max-snippet:-1","max-image-preview":"max-image-preview:large","max-video-preview":"max-video-preview:-1"},"canonical":"https:\/\/www.meydan.tv\/az\/article\/vurgun-eyyub-musavatin-deputatliga-namizedler-siyahisindan-cixarildi\/","og_locale":"az_AZ","og_type":"article","og_title":"Vur\u011fun \u018fyyub M\u00fcsavat\u0131n deputatl\u0131\u011fa namiz\u0259dl\u0259r siyah\u0131s\u0131ndan \u00e7\u0131xar\u0131ld\u0131 - MEYDAN.TV","og_description":"G\u00fcla\u011fa Aslanl\u0131: \"\u201cKim namiz\u0259d olmaq ist\u0259yirs\u0259, m\u00fctl\u0259q \u00f6z\u00fc bu bar\u0259d\u0259 partiyaya m\u00fcraci\u0259t etm\u0259lidir\"  Vur\u011fun \u018fyyub: \"Partiyan\u0131n r\u0259hb\u0259r orqanlar\u0131na m\u00fcraci\u0259t etmi\u015f\u0259m\"","og_url":"https:\/\/www.meydan.tv\/az\/article\/vurgun-eyyub-musavatin-deputatliga-namizedler-siyahisindan-cixarildi\/","og_site_name":"MEYDAN.TV","article_published_time":"2015-03-10T14:54:54+00:00","og_image":[{"width":446,"height":250,"url":"https:\/\/www.meydan.tv\/wp-content\/uploads\/7634.jpg","type":"image\/jpeg"}],"twitter_card":"summary_large_image","schema":{"@context":"https:\/\/schema.org","@graph":[{"@type":"Article","@id":"https:\/\/www.meydan.tv\/az\/article\/vurgun-eyyub-musavatin-deputatliga-namizedler-siyahisindan-cixarildi\/#article","isPartOf":{"@id":"https:\/\/www.meydan.tv\/az\/article\/vurgun-eyyub-musavatin-deputatliga-namizedler-siyahisindan-cixarildi\/"},"author":{"name":"user-manager","@id":"https:\/\/www.meydan.tv\/az\/#\/schema\/person\/10d11eccf6da3662cf5fdab9806ea91a"},"headline":"Vur\u011fun \u018fyyub M\u00fcsavat\u0131n deputatl\u0131\u011fa namiz\u0259dl\u0259r siyah\u0131s\u0131ndan \u00e7\u0131xar\u0131ld\u0131","datePublished":"2015-03-10T14:54:54+00:00","mainEntityOfPage":{"@id":"https:\/\/www.meydan.tv\/az\/article\/vurgun-eyyub-musavatin-deputatliga-namizedler-siyahisindan-cixarildi\/"},"wordCount":466,"publisher":{"@id":"https:\/\/www.meydan.tv\/az\/#organization"},"image":{"@id":"https:\/\/www.meydan.tv\/az\/article\/vurgun-eyyub-musavatin-deputatliga-namizedler-siyahisindan-cixarildi\/#primaryimage"},"thumbnailUrl":"https:\/\/www.meydan.tv\/wp-content\/uploads\/7634.jpg","articleSection":["X\u0259b\u0259rl\u0259r"],"inLanguage":"az"},{"@type":"WebPage","@id":"https:\/\/www.meydan.tv\/az\/article\/vurgun-eyyub-musavatin-deputatliga-namizedler-siyahisindan-cixarildi\/","url":"https:\/\/www.meydan.tv\/az\/article\/vurgun-eyyub-musavatin-deputatliga-namizedler-siyahisindan-cixarildi\/","name":"Vur\u011fun \u018fyyub M\u00fcsavat\u0131n deputatl\u0131\u011fa namiz\u0259dl\u0259r siyah\u0131s\u0131ndan \u00e7\u0131xar\u0131ld\u0131 - MEYDAN.TV","isPartOf":{"@id":"https:\/\/www.meydan.tv\/az\/#website"},"primaryImageOfPage":{"@id":"https:\/\/www.meydan.tv\/az\/article\/vurgun-eyyub-musavatin-deputatliga-namizedler-siyahisindan-cixarildi\/#primaryimage"},"image":{"@id":"https:\/\/www.meydan.tv\/az\/article\/vurgun-eyyub-musavatin-deputatliga-namizedler-siyahisindan-cixarildi\/#primaryimage"},"thumbnailUrl":"https:\/\/www.meydan.tv\/wp-content\/uploads\/7634.jpg","datePublished":"2015-03-10T14:54:54+00:00","breadcrumb":{"@id":"https:\/\/www.meydan.tv\/az\/article\/vurgun-eyyub-musavatin-deputatliga-namizedler-siyahisindan-cixarildi\/#breadcrumb"},"inLanguage":"az","potentialAction":[{"@type":"ReadAction","target":["https:\/\/www.meydan.tv\/az\/article\/vurgun-eyyub-musavatin-deputatliga-namizedler-siyahisindan-cixarildi\/"]}]},{"@type":"ImageObject","inLanguage":"az","@id":"https:\/\/www.meydan.tv\/az\/article\/vurgun-eyyub-musavatin-deputatliga-namizedler-siyahisindan-cixarildi\/#primaryimage","url":"https:\/\/www.meydan.tv\/wp-content\/uploads\/7634.jpg","contentUrl":"https:\/\/www.meydan.tv\/wp-content\/uploads\/7634.jpg","width":446,"height":250,"caption":"Source:"},{"@type":"BreadcrumbList","@id":"https:\/\/www.meydan.tv\/az\/article\/vurgun-eyyub-musavatin-deputatliga-namizedler-siyahisindan-cixarildi\/#breadcrumb","itemListElement":[{"@type":"ListItem","position":1,"name":"Ana s\u0259hif\u0259","item":"https:\/\/www.meydan.tv\/az\/"},{"@type":"ListItem","position":2,"name":"X\u0259b\u0259rl\u0259r","item":"https:\/\/www.meydan.tv\/az\/section\/xeberler\/"},{"@type":"ListItem","position":3,"name":"Vur\u011fun \u018fyyub M\u00fcsavat\u0131n deputatl\u0131\u011fa namiz\u0259dl\u0259r siyah\u0131s\u0131ndan \u00e7\u0131xar\u0131ld\u0131"}]},{"@type":"WebSite","@id":"https:\/\/www.meydan.tv\/az\/#website","url":"https:\/\/www.meydan.tv\/az\/","name":"MEYDAN.TV","description":"Meydan TV Az\u0259rbaycan\u0131n media m\u0259kan\u0131ndak\u0131 alternativ s\u0259sidir","publisher":{"@id":"https:\/\/www.meydan.tv\/az\/#organization"},"potentialAction":[{"@type":"SearchAction","target":{"@type":"EntryPoint","urlTemplate":"https:\/\/www.meydan.tv\/az\/?s={search_term_string}"},"query-input":{"@type":"PropertyValueSpecification","valueRequired":true,"valueName":"search_term_string"}}],"inLanguage":"az"},{"@type":"Organization","@id":"https:\/\/www.meydan.tv\/az\/#organization","name":"Meydan TV","url":"https:\/\/www.meydan.tv\/az\/","logo":{"@type":"ImageObject","inLanguage":"az","@id":"https:\/\/www.meydan.tv\/az\/#\/schema\/logo\/image\/","url":"https:\/\/www.meydan.tv\/wp-content\/uploads\/2021\/07\/meydan-logo.svg","contentUrl":"https:\/\/www.meydan.tv\/wp-content\/uploads\/2021\/07\/meydan-logo.svg","width":195,"height":46,"caption":"Meydan TV"},"image":{"@id":"https:\/\/www.meydan.tv\/az\/#\/schema\/logo\/image\/"}},{"@type":"Person","@id":"https:\/\/www.meydan.tv\/az\/#\/schema\/person\/10d11eccf6da3662cf5fdab9806ea91a","name":"user-manager"}]}},"_links":{"self":[{"href":"https:\/\/www.meydan.tv\/az\/wp-json\/wp\/v2\/posts\/167185","targetHints":{"allow":["GET"]}}],"collection":[{"href":"https:\/\/www.meydan.tv\/az\/wp-json\/wp\/v2\/posts"}],"about":[{"href":"https:\/\/www.meydan.tv\/az\/wp-json\/wp\/v2\/types\/post"}],"author":[{"embeddable":true,"href":"https:\/\/www.meydan.tv\/az\/wp-json\/wp\/v2\/users\/11"}],"replies":[{"embeddable":true,"href":"https:\/\/www.meydan.tv\/az\/wp-json\/wp\/v2\/comments?post=167185"}],"version-history":[{"count":0,"href":"https:\/\/www.meydan.tv\/az\/wp-json\/wp\/v2\/posts\/167185\/revisions"}],"wp:featuredmedia":[{"embeddable":true,"href":"https:\/\/www.meydan.tv\/az\/wp-json\/wp\/v2\/media\/21196"}],"wp:attachment":[{"href":"https:\/\/www.meydan.tv\/az\/wp-json\/wp\/v2\/media?parent=167185"}],"wp:term":[{"taxonomy":"category","embeddable":true,"href":"https:\/\/www.meydan.tv\/az\/wp-json\/wp\/v2\/categories?post=167185"},{"taxonomy":"post_tag","embeddable":true,"href":"https:\/\/www.meydan.tv\/az\/wp-json\/wp\/v2\/tags?post=167185"}],"curies":[{"name":"wp","href":"https:\/\/api.w.org\/{rel}","templated":true}]}}