{"id":167184,"date":"2015-03-10T15:27:22","date_gmt":"2015-03-10T15:27:22","guid":{"rendered":"https:\/\/www.meydan.tv\/article\/eksponata-cevrilen-facie-video\/"},"modified":"2015-03-10T15:27:22","modified_gmt":"2015-03-10T15:27:22","slug":"eksponata-cevrilen-facie-video","status":"publish","type":"post","link":"https:\/\/www.meydan.tv\/az\/article\/eksponata-cevrilen-facie-video\/","title":{"rendered":"Eksponata \u00e7evril\u0259n faci\u0259 (V\u0130DEO)"},"content":{"rendered":"<figure class=\"wp-block-embed is-type-video is-provider-youtube wp-block-embed-youtube wp-embed-aspect-16-9 wp-has-aspect-ratio\">\n<div class=\"wp-block-embed__wrapper\">\n    <iframe loading=\"lazy\"\ttitle=\"\" width=\"1200\" height=\"675\" src=\"https:\/\/www.youtube.com\/embed\/3aGwXbVZcw8\"\tframeborder=\"0\"\tallow=\"accelerometer; autoplay; clipboard-write; encrypted-media; gyroscope; picture-in-picture\" allowfullscreen><\/iframe>\n  <\/div><figcaption><\/figcaption><\/figure>\n<p>\n  Nazim \u018fl\u0259kb\u0259rov 20 yanvar hadis\u0259l\u0259rinin canl\u0131 \u015fahididir. 25 il ke\u00e7m\u0259sin\u0259 baxmayaraq, h\u0259min g\u00fcn s\u00fcrd\u00fcy\u00fc &#8220;Zaporoje&#8221; markal\u0131 ma\u015f\u0131n\u0131n\u0131 bu g\u00fcn\u0259 q\u0259d\u0259r saxlay\u0131r.\n<\/p>\n<p>\n  Bu saat\u0131n \u0259qr\u0259bl\u0259ri is\u0259 h\u0259min gec\u0259d\u0259n dayan\u0131b. Nazim b\u0259y deyir ki, Kreml\u0259, Qorbo\u00e7ova, indiki Kommunist Partiyas\u0131na d\u0259f\u0259l\u0259rl\u0259 m\u0259ktub yaz\u0131b, \u00f6z\u00fcn\u0259 d\u0259ydiyi z\u0259r\u0259rin qar\u015f\u0131l\u0131\u011f\u0131n\u0131 ist\u0259yib. M\u0259qs\u0259di is\u0259 ba\u015fqa olub.\n<\/p>\n<p>\n  O d\u00f6vrd\u0259 ald\u0131\u011f\u0131 z\u0259d\u0259l\u0259rin izini h\u0259l\u0259 d\u0259 b\u0259d\u0259nind\u0259 da\u015f\u0131y\u0131r. Naz\u0131m b\u0259y deyir ki, \u00f6m\u00fcrl\u00fck ikinci qrup \u0259lilliyi var.\n<\/p>\n<p>\n  Nazim b\u0259yin arzusu 20 yanvarda ba\u015f vermi\u015f q\u0259tliam\u0131n t\u0259kc\u0259 respublika daxiind\u0259 yox, b\u00fct\u00fcn d\u00fcnyaya \u00e7atd\u0131r\u0131lmas\u0131d\u0131r. Onun s\u00f6zl\u0259rin\u0259 g\u00f6r\u0259, bu g\u00fcnl\u0259rd\u0259 istiqlal muzeyind\u0259n g\u0259lib ma\u015f\u0131n\u0131n \u00f6l\u00e7\u00fcl\u0259rini g\u00f6t\u00fcr\u00fcbl\u0259r. Tank\u0131n alt\u0131nda \u0259zilmi\u015f ma\u015f\u0131n indi muzeyd\u0259 eksponat kimi qorunub saxlanacaq.<\/p>\n","protected":false},"excerpt":{"rendered":"<p>25 il ke\u00e7m\u0259sin\u0259 baxmayaraq, evin dam\u0131nda saxlan\u0131lan &#8220;Zaporoje&#8221;<\/p>\n","protected":false},"author":11,"featured_media":21197,"comment_status":"closed","ping_status":"open","sticky":false,"template":"","format":"standard","meta":{"_acf_changed":false,"_sitemap_exclude":false,"_sitemap_priority":"","_sitemap_frequency":"","footnotes":""},"categories":[63],"tags":[],"class_list":["post-167184","post","type-post","status-publish","format-standard","has-post-thumbnail","hentry","category-video-2","infinite-scroll-item","generate-columns","tablet-grid-50","mobile-grid-100","grid-parent","grid-33","no-featured-image-padding"],"acf":[],"yoast_head":"<!-- This site is optimized with the Yoast SEO plugin v28.3 - https:\/\/yoast.com\/product\/yoast-seo-wordpress\/ -->\n<title>Eksponata \u00e7evril\u0259n faci\u0259 (V\u0130DEO) - MEYDAN.TV<\/title>\n<meta name=\"robots\" content=\"index, follow, max-snippet:-1, max-image-preview:large, max-video-preview:-1\" \/>\n<link rel=\"canonical\" href=\"https:\/\/www.meydan.tv\/az\/article\/eksponata-cevrilen-facie-video\/\" \/>\n<meta property=\"og:locale\" content=\"az_AZ\" \/>\n<meta property=\"og:type\" content=\"article\" \/>\n<meta property=\"og:title\" content=\"Eksponata \u00e7evril\u0259n faci\u0259 (V\u0130DEO) - MEYDAN.TV\" \/>\n<meta property=\"og:description\" content=\"25 il ke\u00e7m\u0259sin\u0259 baxmayaraq, evin dam\u0131nda saxlan\u0131lan &quot;Zaporoje&quot;\" \/>\n<meta property=\"og:url\" content=\"https:\/\/www.meydan.tv\/az\/article\/eksponata-cevrilen-facie-video\/\" \/>\n<meta property=\"og:site_name\" content=\"MEYDAN.TV\" \/>\n<meta property=\"article:published_time\" content=\"2015-03-10T15:27:22+00:00\" \/>\n<meta property=\"og:image\" content=\"https:\/\/www.meydan.tv\/wp-content\/uploads\/7633.jpg\" \/>\n\t<meta property=\"og:image:width\" content=\"1079\" \/>\n\t<meta property=\"og:image:height\" content=\"607\" \/>\n\t<meta property=\"og:image:type\" content=\"image\/jpeg\" \/>\n<meta name=\"twitter:card\" content=\"summary_large_image\" \/>\n<!-- \/ Yoast SEO plugin. -->","yoast_head_json":{"title":"Eksponata \u00e7evril\u0259n faci\u0259 (V\u0130DEO) - MEYDAN.TV","robots":{"index":"index","follow":"follow","max-snippet":"max-snippet:-1","max-image-preview":"max-image-preview:large","max-video-preview":"max-video-preview:-1"},"canonical":"https:\/\/www.meydan.tv\/az\/article\/eksponata-cevrilen-facie-video\/","og_locale":"az_AZ","og_type":"article","og_title":"Eksponata \u00e7evril\u0259n faci\u0259 (V\u0130DEO) - MEYDAN.TV","og_description":"25 il ke\u00e7m\u0259sin\u0259 baxmayaraq, evin dam\u0131nda saxlan\u0131lan \"Zaporoje\"","og_url":"https:\/\/www.meydan.tv\/az\/article\/eksponata-cevrilen-facie-video\/","og_site_name":"MEYDAN.TV","article_published_time":"2015-03-10T15:27:22+00:00","og_image":[{"width":1079,"height":607,"url":"https:\/\/www.meydan.tv\/wp-content\/uploads\/7633.jpg","type":"image\/jpeg"}],"twitter_card":"summary_large_image","schema":{"@context":"https:\/\/schema.org","@graph":[{"@type":"Article","@id":"https:\/\/www.meydan.tv\/az\/article\/eksponata-cevrilen-facie-video\/#article","isPartOf":{"@id":"https:\/\/www.meydan.tv\/az\/article\/eksponata-cevrilen-facie-video\/"},"author":{"name":"user-manager","@id":"https:\/\/www.meydan.tv\/az\/#\/schema\/person\/10d11eccf6da3662cf5fdab9806ea91a"},"headline":"Eksponata \u00e7evril\u0259n faci\u0259 (V\u0130DEO)","datePublished":"2015-03-10T15:27:22+00:00","mainEntityOfPage":{"@id":"https:\/\/www.meydan.tv\/az\/article\/eksponata-cevrilen-facie-video\/"},"wordCount":189,"publisher":{"@id":"https:\/\/www.meydan.tv\/az\/#organization"},"image":{"@id":"https:\/\/www.meydan.tv\/az\/article\/eksponata-cevrilen-facie-video\/#primaryimage"},"thumbnailUrl":"https:\/\/www.meydan.tv\/wp-content\/uploads\/7633.jpg","articleSection":["Video"],"inLanguage":"az"},{"@type":"WebPage","@id":"https:\/\/www.meydan.tv\/az\/article\/eksponata-cevrilen-facie-video\/","url":"https:\/\/www.meydan.tv\/az\/article\/eksponata-cevrilen-facie-video\/","name":"Eksponata \u00e7evril\u0259n faci\u0259 (V\u0130DEO) - MEYDAN.TV","isPartOf":{"@id":"https:\/\/www.meydan.tv\/az\/#website"},"primaryImageOfPage":{"@id":"https:\/\/www.meydan.tv\/az\/article\/eksponata-cevrilen-facie-video\/#primaryimage"},"image":{"@id":"https:\/\/www.meydan.tv\/az\/article\/eksponata-cevrilen-facie-video\/#primaryimage"},"thumbnailUrl":"https:\/\/www.meydan.tv\/wp-content\/uploads\/7633.jpg","datePublished":"2015-03-10T15:27:22+00:00","breadcrumb":{"@id":"https:\/\/www.meydan.tv\/az\/article\/eksponata-cevrilen-facie-video\/#breadcrumb"},"inLanguage":"az","potentialAction":[{"@type":"ReadAction","target":["https:\/\/www.meydan.tv\/az\/article\/eksponata-cevrilen-facie-video\/"]}]},{"@type":"ImageObject","inLanguage":"az","@id":"https:\/\/www.meydan.tv\/az\/article\/eksponata-cevrilen-facie-video\/#primaryimage","url":"https:\/\/www.meydan.tv\/wp-content\/uploads\/7633.jpg","contentUrl":"https:\/\/www.meydan.tv\/wp-content\/uploads\/7633.jpg","width":1079,"height":607,"caption":"Source:"},{"@type":"BreadcrumbList","@id":"https:\/\/www.meydan.tv\/az\/article\/eksponata-cevrilen-facie-video\/#breadcrumb","itemListElement":[{"@type":"ListItem","position":1,"name":"Ana s\u0259hif\u0259","item":"https:\/\/www.meydan.tv\/az\/"},{"@type":"ListItem","position":2,"name":"Video","item":"https:\/\/www.meydan.tv\/az\/section\/video-2\/"},{"@type":"ListItem","position":3,"name":"Eksponata \u00e7evril\u0259n faci\u0259 (V\u0130DEO)"}]},{"@type":"WebSite","@id":"https:\/\/www.meydan.tv\/az\/#website","url":"https:\/\/www.meydan.tv\/az\/","name":"MEYDAN.TV","description":"Meydan TV Az\u0259rbaycan\u0131n media m\u0259kan\u0131ndak\u0131 alternativ s\u0259sidir","publisher":{"@id":"https:\/\/www.meydan.tv\/az\/#organization"},"potentialAction":[{"@type":"SearchAction","target":{"@type":"EntryPoint","urlTemplate":"https:\/\/www.meydan.tv\/az\/?s={search_term_string}"},"query-input":{"@type":"PropertyValueSpecification","valueRequired":true,"valueName":"search_term_string"}}],"inLanguage":"az"},{"@type":"Organization","@id":"https:\/\/www.meydan.tv\/az\/#organization","name":"Meydan TV","url":"https:\/\/www.meydan.tv\/az\/","logo":{"@type":"ImageObject","inLanguage":"az","@id":"https:\/\/www.meydan.tv\/az\/#\/schema\/logo\/image\/","url":"https:\/\/www.meydan.tv\/wp-content\/uploads\/2021\/07\/meydan-logo.svg","contentUrl":"https:\/\/www.meydan.tv\/wp-content\/uploads\/2021\/07\/meydan-logo.svg","width":195,"height":46,"caption":"Meydan TV"},"image":{"@id":"https:\/\/www.meydan.tv\/az\/#\/schema\/logo\/image\/"}},{"@type":"Person","@id":"https:\/\/www.meydan.tv\/az\/#\/schema\/person\/10d11eccf6da3662cf5fdab9806ea91a","name":"user-manager"}]}},"_links":{"self":[{"href":"https:\/\/www.meydan.tv\/az\/wp-json\/wp\/v2\/posts\/167184","targetHints":{"allow":["GET"]}}],"collection":[{"href":"https:\/\/www.meydan.tv\/az\/wp-json\/wp\/v2\/posts"}],"about":[{"href":"https:\/\/www.meydan.tv\/az\/wp-json\/wp\/v2\/types\/post"}],"author":[{"embeddable":true,"href":"https:\/\/www.meydan.tv\/az\/wp-json\/wp\/v2\/users\/11"}],"replies":[{"embeddable":true,"href":"https:\/\/www.meydan.tv\/az\/wp-json\/wp\/v2\/comments?post=167184"}],"version-history":[{"count":0,"href":"https:\/\/www.meydan.tv\/az\/wp-json\/wp\/v2\/posts\/167184\/revisions"}],"wp:featuredmedia":[{"embeddable":true,"href":"https:\/\/www.meydan.tv\/az\/wp-json\/wp\/v2\/media\/21197"}],"wp:attachment":[{"href":"https:\/\/www.meydan.tv\/az\/wp-json\/wp\/v2\/media?parent=167184"}],"wp:term":[{"taxonomy":"category","embeddable":true,"href":"https:\/\/www.meydan.tv\/az\/wp-json\/wp\/v2\/categories?post=167184"},{"taxonomy":"post_tag","embeddable":true,"href":"https:\/\/www.meydan.tv\/az\/wp-json\/wp\/v2\/tags?post=167184"}],"curies":[{"name":"wp","href":"https:\/\/api.w.org\/{rel}","templated":true}]}}