{"id":167180,"date":"2015-03-09T19:14:39","date_gmt":"2015-03-09T19:14:39","guid":{"rendered":"https:\/\/www.meydan.tv\/article\/bizim-paxilligimiz\/"},"modified":"2015-03-09T19:14:39","modified_gmt":"2015-03-09T19:14:39","slug":"bizim-paxilligimiz","status":"publish","type":"post","link":"https:\/\/www.meydan.tv\/az\/article\/bizim-paxilligimiz\/","title":{"rendered":"Bizim pax\u0131ll\u0131\u011f\u0131m\u0131z"},"content":{"rendered":"<figure class=\"wp-block-image size-large\">\n  <img decoding=\"async\" src=\"https:\/\/www.meydan.tv\/az\/21139\/\" alt=\"\" class=\"wp-image-21139\"\/><figcaption><\/figcaption><\/figure>\n<figure class=\"wp-block-image size-large\">\n  <img decoding=\"async\" src=\"https:\/\/www.meydan.tv\/az\/21142\/\" alt=\"\" class=\"wp-image-21142\"\/><figcaption><\/figcaption><\/figure>\n<p>\n  B\u0259li, biz pax\u0131l\u0131q. Bunu ham\u0131m\u0131z \u00e7ox yax\u015f\u0131 bilirik. M\u0259s\u0259l\u0259n, bu yaz\u0131n\u0131 yazanda da yax\u015f\u0131 bilirdim ki, bizimkil\u0259r m\u0259ni t\u0259nqid yox, m\u0259hz t\u0259hqir ed\u0259c\u0259kl\u0259r. T\u0259nqidin n\u0259 dem\u0259k oldu\u011funu \u00f6yr\u0259n\u0259 bilm\u0259dik iki \u0259srdir. T\u0259nqid\u0259 a\u00e7\u0131q olsayd\u0131q Axundzad\u0259d\u0259n bu yana t\u0259nqid ed\u0259n ziyal\u0131lardan soru\u015fard\u0131q, \u201cax\u0131 siz n\u0259 ist\u0259yirsiniz?\u201d B\u0259lk\u0259, el\u0259 onlar d\u00fcz deyirdi. T\u0259nqidl\u0259rd\u0259n d\u0259rs \u00e7\u0131xara bilm\u0259dik.\n<\/p>\n<p>\n  B\u0259li, \u0259sas\u0259n d\u0259 qad\u0131nlar\u0131m\u0131z d\u0259rs \u00e7\u0131xara bilm\u0259di. Axundzad\u0259nin yaratd\u0131\u011f\u0131 bu xalq 150 ild\u0259 d\u0259yi\u015f\u0259 bilm\u0259di, d\u0259yi\u015fikliy\u0259 getm\u0259di. Mentaliteti se\u00e7di. Bizim Malalam\u0131z olmad\u0131. Malala kimdir? Malala Yusifzay. B\u0259li, bu qad\u0131n bu il Nobel m\u00fckafat\u0131na layiq g\u00f6r\u00fcl\u00fcb. \u00d6zd\u0259 bilirsiniz hans\u0131 c\u0259miyy\u0259td\u0259? Ad\u0131n\u0131 e\u015fid\u0259nd\u0259 dodaq b\u00fczd\u00fcy\u00fcn\u00fcz \u018ffqan\u0131standa! M\u00fckafata layiqliylin\u0259 g\u0259ldikd\u0259 is\u0259, \u0259lb\u0259tt\u0259, layiq idi.\n<\/p>\n<p>\n  Qad\u0131n\u0131n m\u0259kt\u0259b\u0259, d\u0259rs\u0259 getm\u0259yinin \u0259r\u0259 getm\u0259yind\u0259n a\u015fa\u011f\u0131 tutuldu\u011fu c\u0259miyy\u0259td\u0259, qad\u0131n\u0131n t\u0259hsill\u0259 m\u0259\u015f\u011ful olmas\u0131n\u0131 q\u0259tiyy\u0259tl\u0259 ist\u0259y\u0259n qad\u0131n q\u0259hr\u0259mand\u0131r. Ona 100 Nobel m\u00fckafat\u0131 verils\u0259 d\u0259 azd\u0131r. Q\u0131z u\u015faqlar\u0131n\u0131 m\u0259kt\u0259b\u0259 aparmaq \u00fc\u00e7\u00fcn Taliban g\u00fcll\u0259sin\u0259 tu\u015f g\u0259ls\u0259 d\u0259, bu yolda dir\u0259nm\u0259k \u0259sl q\u0259hr\u0259manl\u0131qd\u0131r. \u00a018-ci \u0259srin ortas\u0131ndan, 20-ci \u0259srin ax\u0131rlar\u0131na q\u0259d\u0259r Az\u0259rbaycanda bir qad\u0131n \u00e7\u0131x\u0131b dem\u0259di ki, bu q\u0259d\u0259r dramaturq, yaz\u0131\u00e7\u0131, t\u0259nqid\u00e7i d\u00fcz deyir, biz elml\u0259 m\u0259\u015f\u011ful olmal\u0131y\u0131q, dolma b\u00fckm\u0259kl\u0259 deyil.\n<\/p>\n<p>\n  \u00c7\u00fcnki, onlara \u0259r\u0259 getm\u0259k xeyir edirdi. G\u0259lin, s\u0259mimi olaq, xan\u0131mlar. Rahat\u00e7\u0131l\u0131\u011f\u0131n\u0131z\u0131 \u00c7ar imperiyas\u0131, Sovetin repressiya ma\u015f\u0131n\u0131 il\u0259 m\u00fcbariz\u0259y\u0259 qurban verm\u0259diniz. Bug\u00fcnk\u00fc \u0259ziyy\u0259tiniz d\u0259 el\u0259 onun b\u0259hr\u0259sidir. Malala olmad\u0131n\u0131z. Bizim Malalam\u0131z H.Z.Ta\u011f\u0131yev olmu\u015fdu, Bak\u0131da q\u0131zlar m\u0259kt\u0259bi a\u00e7araq. Sizi onu da b\u0259y\u0259nm\u0259diniz, \u201cm\u00fcs\u0259lman\u00e7\u0131l\u0131q\u201d damar\u0131n\u0131z qabard\u0131. Ta\u011f\u0131yevi q\u0131zlar\u0131n\u0131z\u0131 pozmaqla ki\u015fil\u0259r yox, el\u0259 m\u0259hz qad\u0131nlar\u0131n\u0131z dam\u011falad\u0131.\n<\/p>\n<p>\n  Bizim c\u0259miyy\u0259td\u0259 pax\u0131ll\u0131\u011f\u0131 bilirsiniz, \u0259n \u00e7ox harda hiss edirs\u0259n? \u018fg\u0259r s\u0259n zaman\u0131nda vaxt\u0131n\u0131 n\u0259s\u0259 bo\u015f bir i\u015f\u0259 h\u0259sr edib, sonra kitaba, elm\u0259 h\u0259sr ed\u0259nd\u0259. Bel\u0259 etm\u0259k olmaz. Bunu bizimkil\u0259r deyir. F\u0131lank\u0259s ke\u00e7mi\u015fd\u0259 bel\u0259 olub? O, n\u0259 vaxtdan a\u011f\u0131ll\u0131 oldu? Ba\u015flay\u0131rlar ba\u015f\u0131ndan basma\u011fa. \u00d6z\u00fcn\u00fc inki\u015faf el\u0259tdirm\u0259k m\u00fcmk\u00fcn deyil. G\u0259r\u0259k anadan olanda alim olasan. 150 ild\u0259 Axundzad\u0259nin, M\u0259mm\u0259dquluzad\u0259nin t\u0259nqid etdiyi pyesl\u0259rd\u0259 nec\u0259 idiks\u0259, indi d\u0259 el\u0259yik. \u00c7\u00fcnki, biri \u00f6z \u015f\u0259xsi inki\u015faf\u0131 yolunda qalxmaq ist\u0259yir, k\u0259nardan ham\u0131 ba\u015flay\u0131r m\u0131z qoyma\u011fa.\n<\/p>\n<p>\n  \u00d6zl\u0259ri \u201cg\u00f6ysatan\u201d oldu\u011fu \u00fc\u00e7\u00fcn el\u0259 ham\u0131n\u0131 el\u0259 g\u00f6rm\u0259k ist\u0259yirl\u0259r. Ke\u00e7mi\u015fd\u0259 s\u0259hvin olubsa, bizimkil\u0259r el\u0259 ba\u015fa d\u00fc\u015f\u00fcr ki, onu d\u00fcz\u0259ltm\u0259k olmaz. El\u0259 s\u0259n o olmal\u0131san. \u015e\u0259xsi inki\u015faf\u0131n \u00fcst\u00fcnd\u0259 el\u0259 oturublar ki, k\u0259nara \u00e7\u0259kils\u0259l\u0259r, bilirl\u0259r ki, \u00f6zl\u0259rinin h\u0259yatda he\u00e7 n\u0259y\u0259 nail olmad\u0131\u011f\u0131 \u00fcz\u0259 \u00e7\u0131xacaq. Diplomu k\u0259nara at\u0131b, bazarda alver yolunu se\u00e7\u0259n toplum d\u0259yi\u015fikliy\u0259 nail ola bilm\u0259z. Nail olsayd\u0131, \u00f6z inki\u015faf\u0131na nail olard\u0131.\n<\/p>\n<p>\n  Bu g\u00fcn mentalitet yolunu se\u00e7\u0259nl\u0259r, \u00e7ox yax\u015f\u0131 bilirl\u0259r ki, o yoldan \u00e7\u0131xsalar, \u00f6zl\u0259rinin \u0259slind\u0259 yalan\u00e7\u0131, qeyri-s\u0259mimi biri oldu\u011fu ortaya \u00e7\u0131xacaq. El\u0259 d\u00f6vl\u0259tin yeritdiyi siyas\u0259t d\u0259 bir n\u00f6v \u00f6z\u00fcm\u00fcz\u00fcn etdiyi h\u0259r\u0259k\u0259tl\u0259rd\u0259n ortaya \u00e7\u0131x\u0131r. \u018ftraf\u0131m\u0131zdak\u0131 insanlar\u0131n inki\u015faf\u0131na, qad\u0131nlar\u0131n xaricd\u0259 t\u0259hsil almas\u0131na yax\u015f\u0131 baxmayan insanlar, pax\u0131ld\u0131rlar. Eyni siyas\u0259ti d\u0259 h\u00f6kum\u0259timiz biz\u0259 t\u0259tbiq edir. H\u0259r add\u0131mda t\u0259hsilin, elmin inki\u015faf\u0131na badalaq vurur. \u00c7\u00fcnki, el\u0259 orda t\u0259msil olunanlar da bizim i\u00e7imizd\u0259n \u00e7\u0131x\u0131b. 150 ild\u0259 d\u0259yi\u015fm\u0259y\u0259n bu toplumun i\u00e7ind\u0259n \u00e7\u0131x\u0131b. N\u0259 g\u00f6zl\u0259yirik ax\u0131? M\u0259n \u00e7ox \u015fey g\u00f6zl\u0259mir\u0259m. H\u00fcququmuzu biz\u0259 he\u00e7 kim verm\u0259li deyil, o sizindir, t\u0259l\u0259b edin v\u0259 al\u0131n!<\/p>\n","protected":false},"excerpt":{"rendered":"<p>V\u0259 ya 8 mart sonras\u0131&#8230;<\/p>\n","protected":false},"author":11,"featured_media":21139,"comment_status":"closed","ping_status":"open","sticky":false,"template":"","format":"standard","meta":{"_acf_changed":false,"_sitemap_exclude":false,"_sitemap_priority":"","_sitemap_frequency":"","footnotes":""},"categories":[57],"tags":[],"class_list":["post-167180","post","type-post","status-publish","format-standard","has-post-thumbnail","hentry","category-menim-fikrimce","infinite-scroll-item","generate-columns","tablet-grid-50","mobile-grid-100","grid-parent","grid-33","no-featured-image-padding"],"acf":[],"yoast_head":"<!-- This site is optimized with the Yoast SEO plugin v27.4 - https:\/\/yoast.com\/product\/yoast-seo-wordpress\/ -->\n<title>Bizim pax\u0131ll\u0131\u011f\u0131m\u0131z - MEYDAN.TV<\/title>\n<meta name=\"robots\" content=\"index, follow, max-snippet:-1, max-image-preview:large, max-video-preview:-1\" \/>\n<link rel=\"canonical\" href=\"https:\/\/www.meydan.tv\/az\/article\/bizim-paxilligimiz\/\" \/>\n<meta property=\"og:locale\" content=\"az_AZ\" \/>\n<meta property=\"og:type\" content=\"article\" \/>\n<meta property=\"og:title\" content=\"Bizim pax\u0131ll\u0131\u011f\u0131m\u0131z - MEYDAN.TV\" \/>\n<meta property=\"og:description\" content=\"V\u0259 ya 8 mart sonras\u0131...\" \/>\n<meta property=\"og:url\" content=\"https:\/\/www.meydan.tv\/az\/article\/bizim-paxilligimiz\/\" \/>\n<meta property=\"og:site_name\" content=\"MEYDAN.TV\" \/>\n<meta property=\"article:published_time\" content=\"2015-03-09T19:14:39+00:00\" \/>\n<meta property=\"og:image\" content=\"https:\/\/www.meydan.tv\/wp-content\/uploads\/7624.jpg\" \/>\n\t<meta property=\"og:image:width\" content=\"500\" \/>\n\t<meta property=\"og:image:height\" content=\"500\" \/>\n\t<meta property=\"og:image:type\" content=\"image\/jpeg\" \/>\n<meta name=\"author\" content=\"user-manager\" \/>\n<meta name=\"twitter:card\" content=\"summary_large_image\" \/>\n<script type=\"application\/ld+json\" class=\"yoast-schema-graph\">{\"@context\":\"https:\\\/\\\/schema.org\",\"@graph\":[{\"@type\":\"Article\",\"@id\":\"https:\\\/\\\/www.meydan.tv\\\/az\\\/article\\\/bizim-paxilligimiz\\\/#article\",\"isPartOf\":{\"@id\":\"https:\\\/\\\/www.meydan.tv\\\/az\\\/article\\\/bizim-paxilligimiz\\\/\"},\"author\":{\"name\":\"user-manager\",\"@id\":\"https:\\\/\\\/www.meydan.tv\\\/az\\\/#\\\/schema\\\/person\\\/10d11eccf6da3662cf5fdab9806ea91a\"},\"headline\":\"Bizim pax\u0131ll\u0131\u011f\u0131m\u0131z\",\"datePublished\":\"2015-03-09T19:14:39+00:00\",\"mainEntityOfPage\":{\"@id\":\"https:\\\/\\\/www.meydan.tv\\\/az\\\/article\\\/bizim-paxilligimiz\\\/\"},\"wordCount\":779,\"publisher\":{\"@id\":\"https:\\\/\\\/www.meydan.tv\\\/az\\\/#organization\"},\"image\":{\"@id\":\"https:\\\/\\\/www.meydan.tv\\\/az\\\/article\\\/bizim-paxilligimiz\\\/#primaryimage\"},\"thumbnailUrl\":\"https:\\\/\\\/www.meydan.tv\\\/wp-content\\\/uploads\\\/7624.jpg\",\"articleSection\":[\"M\u0259nim Fikrimc\u0259\"],\"inLanguage\":\"az\"},{\"@type\":\"WebPage\",\"@id\":\"https:\\\/\\\/www.meydan.tv\\\/az\\\/article\\\/bizim-paxilligimiz\\\/\",\"url\":\"https:\\\/\\\/www.meydan.tv\\\/az\\\/article\\\/bizim-paxilligimiz\\\/\",\"name\":\"Bizim pax\u0131ll\u0131\u011f\u0131m\u0131z - MEYDAN.TV\",\"isPartOf\":{\"@id\":\"https:\\\/\\\/www.meydan.tv\\\/az\\\/#website\"},\"primaryImageOfPage\":{\"@id\":\"https:\\\/\\\/www.meydan.tv\\\/az\\\/article\\\/bizim-paxilligimiz\\\/#primaryimage\"},\"image\":{\"@id\":\"https:\\\/\\\/www.meydan.tv\\\/az\\\/article\\\/bizim-paxilligimiz\\\/#primaryimage\"},\"thumbnailUrl\":\"https:\\\/\\\/www.meydan.tv\\\/wp-content\\\/uploads\\\/7624.jpg\",\"datePublished\":\"2015-03-09T19:14:39+00:00\",\"breadcrumb\":{\"@id\":\"https:\\\/\\\/www.meydan.tv\\\/az\\\/article\\\/bizim-paxilligimiz\\\/#breadcrumb\"},\"inLanguage\":\"az\",\"potentialAction\":[{\"@type\":\"ReadAction\",\"target\":[\"https:\\\/\\\/www.meydan.tv\\\/az\\\/article\\\/bizim-paxilligimiz\\\/\"]}]},{\"@type\":\"ImageObject\",\"inLanguage\":\"az\",\"@id\":\"https:\\\/\\\/www.meydan.tv\\\/az\\\/article\\\/bizim-paxilligimiz\\\/#primaryimage\",\"url\":\"https:\\\/\\\/www.meydan.tv\\\/wp-content\\\/uploads\\\/7624.jpg\",\"contentUrl\":\"https:\\\/\\\/www.meydan.tv\\\/wp-content\\\/uploads\\\/7624.jpg\",\"width\":500,\"height\":500,\"caption\":\"Source:\"},{\"@type\":\"BreadcrumbList\",\"@id\":\"https:\\\/\\\/www.meydan.tv\\\/az\\\/article\\\/bizim-paxilligimiz\\\/#breadcrumb\",\"itemListElement\":[{\"@type\":\"ListItem\",\"position\":1,\"name\":\"Ana s\u0259hif\u0259\",\"item\":\"https:\\\/\\\/www.meydan.tv\\\/az\\\/\"},{\"@type\":\"ListItem\",\"position\":2,\"name\":\"M\u0259nim Fikrimc\u0259\",\"item\":\"https:\\\/\\\/www.meydan.tv\\\/az\\\/section\\\/menim-fikrimce\\\/\"},{\"@type\":\"ListItem\",\"position\":3,\"name\":\"Bizim pax\u0131ll\u0131\u011f\u0131m\u0131z\"}]},{\"@type\":\"WebSite\",\"@id\":\"https:\\\/\\\/www.meydan.tv\\\/az\\\/#website\",\"url\":\"https:\\\/\\\/www.meydan.tv\\\/az\\\/\",\"name\":\"MEYDAN.TV\",\"description\":\"Meydan TV Az\u0259rbaycan\u0131n media m\u0259kan\u0131ndak\u0131 alternativ s\u0259sidir\",\"publisher\":{\"@id\":\"https:\\\/\\\/www.meydan.tv\\\/az\\\/#organization\"},\"potentialAction\":[{\"@type\":\"SearchAction\",\"target\":{\"@type\":\"EntryPoint\",\"urlTemplate\":\"https:\\\/\\\/www.meydan.tv\\\/az\\\/?s={search_term_string}\"},\"query-input\":{\"@type\":\"PropertyValueSpecification\",\"valueRequired\":true,\"valueName\":\"search_term_string\"}}],\"inLanguage\":\"az\"},{\"@type\":\"Organization\",\"@id\":\"https:\\\/\\\/www.meydan.tv\\\/az\\\/#organization\",\"name\":\"Meydan TV\",\"url\":\"https:\\\/\\\/www.meydan.tv\\\/az\\\/\",\"logo\":{\"@type\":\"ImageObject\",\"inLanguage\":\"az\",\"@id\":\"https:\\\/\\\/www.meydan.tv\\\/az\\\/#\\\/schema\\\/logo\\\/image\\\/\",\"url\":\"https:\\\/\\\/www.meydan.tv\\\/wp-content\\\/uploads\\\/2021\\\/07\\\/meydan-logo.svg\",\"contentUrl\":\"https:\\\/\\\/www.meydan.tv\\\/wp-content\\\/uploads\\\/2021\\\/07\\\/meydan-logo.svg\",\"width\":195,\"height\":46,\"caption\":\"Meydan TV\"},\"image\":{\"@id\":\"https:\\\/\\\/www.meydan.tv\\\/az\\\/#\\\/schema\\\/logo\\\/image\\\/\"}},{\"@type\":\"Person\",\"@id\":\"https:\\\/\\\/www.meydan.tv\\\/az\\\/#\\\/schema\\\/person\\\/10d11eccf6da3662cf5fdab9806ea91a\",\"name\":\"user-manager\"}]}<\/script>\n<!-- \/ Yoast SEO plugin. -->","yoast_head_json":{"title":"Bizim pax\u0131ll\u0131\u011f\u0131m\u0131z - MEYDAN.TV","robots":{"index":"index","follow":"follow","max-snippet":"max-snippet:-1","max-image-preview":"max-image-preview:large","max-video-preview":"max-video-preview:-1"},"canonical":"https:\/\/www.meydan.tv\/az\/article\/bizim-paxilligimiz\/","og_locale":"az_AZ","og_type":"article","og_title":"Bizim pax\u0131ll\u0131\u011f\u0131m\u0131z - MEYDAN.TV","og_description":"V\u0259 ya 8 mart sonras\u0131...","og_url":"https:\/\/www.meydan.tv\/az\/article\/bizim-paxilligimiz\/","og_site_name":"MEYDAN.TV","article_published_time":"2015-03-09T19:14:39+00:00","og_image":[{"width":500,"height":500,"url":"https:\/\/www.meydan.tv\/wp-content\/uploads\/7624.jpg","type":"image\/jpeg"}],"author":"user-manager","twitter_card":"summary_large_image","schema":{"@context":"https:\/\/schema.org","@graph":[{"@type":"Article","@id":"https:\/\/www.meydan.tv\/az\/article\/bizim-paxilligimiz\/#article","isPartOf":{"@id":"https:\/\/www.meydan.tv\/az\/article\/bizim-paxilligimiz\/"},"author":{"name":"user-manager","@id":"https:\/\/www.meydan.tv\/az\/#\/schema\/person\/10d11eccf6da3662cf5fdab9806ea91a"},"headline":"Bizim pax\u0131ll\u0131\u011f\u0131m\u0131z","datePublished":"2015-03-09T19:14:39+00:00","mainEntityOfPage":{"@id":"https:\/\/www.meydan.tv\/az\/article\/bizim-paxilligimiz\/"},"wordCount":779,"publisher":{"@id":"https:\/\/www.meydan.tv\/az\/#organization"},"image":{"@id":"https:\/\/www.meydan.tv\/az\/article\/bizim-paxilligimiz\/#primaryimage"},"thumbnailUrl":"https:\/\/www.meydan.tv\/wp-content\/uploads\/7624.jpg","articleSection":["M\u0259nim Fikrimc\u0259"],"inLanguage":"az"},{"@type":"WebPage","@id":"https:\/\/www.meydan.tv\/az\/article\/bizim-paxilligimiz\/","url":"https:\/\/www.meydan.tv\/az\/article\/bizim-paxilligimiz\/","name":"Bizim pax\u0131ll\u0131\u011f\u0131m\u0131z - MEYDAN.TV","isPartOf":{"@id":"https:\/\/www.meydan.tv\/az\/#website"},"primaryImageOfPage":{"@id":"https:\/\/www.meydan.tv\/az\/article\/bizim-paxilligimiz\/#primaryimage"},"image":{"@id":"https:\/\/www.meydan.tv\/az\/article\/bizim-paxilligimiz\/#primaryimage"},"thumbnailUrl":"https:\/\/www.meydan.tv\/wp-content\/uploads\/7624.jpg","datePublished":"2015-03-09T19:14:39+00:00","breadcrumb":{"@id":"https:\/\/www.meydan.tv\/az\/article\/bizim-paxilligimiz\/#breadcrumb"},"inLanguage":"az","potentialAction":[{"@type":"ReadAction","target":["https:\/\/www.meydan.tv\/az\/article\/bizim-paxilligimiz\/"]}]},{"@type":"ImageObject","inLanguage":"az","@id":"https:\/\/www.meydan.tv\/az\/article\/bizim-paxilligimiz\/#primaryimage","url":"https:\/\/www.meydan.tv\/wp-content\/uploads\/7624.jpg","contentUrl":"https:\/\/www.meydan.tv\/wp-content\/uploads\/7624.jpg","width":500,"height":500,"caption":"Source:"},{"@type":"BreadcrumbList","@id":"https:\/\/www.meydan.tv\/az\/article\/bizim-paxilligimiz\/#breadcrumb","itemListElement":[{"@type":"ListItem","position":1,"name":"Ana s\u0259hif\u0259","item":"https:\/\/www.meydan.tv\/az\/"},{"@type":"ListItem","position":2,"name":"M\u0259nim Fikrimc\u0259","item":"https:\/\/www.meydan.tv\/az\/section\/menim-fikrimce\/"},{"@type":"ListItem","position":3,"name":"Bizim pax\u0131ll\u0131\u011f\u0131m\u0131z"}]},{"@type":"WebSite","@id":"https:\/\/www.meydan.tv\/az\/#website","url":"https:\/\/www.meydan.tv\/az\/","name":"MEYDAN.TV","description":"Meydan TV Az\u0259rbaycan\u0131n media m\u0259kan\u0131ndak\u0131 alternativ s\u0259sidir","publisher":{"@id":"https:\/\/www.meydan.tv\/az\/#organization"},"potentialAction":[{"@type":"SearchAction","target":{"@type":"EntryPoint","urlTemplate":"https:\/\/www.meydan.tv\/az\/?s={search_term_string}"},"query-input":{"@type":"PropertyValueSpecification","valueRequired":true,"valueName":"search_term_string"}}],"inLanguage":"az"},{"@type":"Organization","@id":"https:\/\/www.meydan.tv\/az\/#organization","name":"Meydan TV","url":"https:\/\/www.meydan.tv\/az\/","logo":{"@type":"ImageObject","inLanguage":"az","@id":"https:\/\/www.meydan.tv\/az\/#\/schema\/logo\/image\/","url":"https:\/\/www.meydan.tv\/wp-content\/uploads\/2021\/07\/meydan-logo.svg","contentUrl":"https:\/\/www.meydan.tv\/wp-content\/uploads\/2021\/07\/meydan-logo.svg","width":195,"height":46,"caption":"Meydan TV"},"image":{"@id":"https:\/\/www.meydan.tv\/az\/#\/schema\/logo\/image\/"}},{"@type":"Person","@id":"https:\/\/www.meydan.tv\/az\/#\/schema\/person\/10d11eccf6da3662cf5fdab9806ea91a","name":"user-manager"}]}},"_links":{"self":[{"href":"https:\/\/www.meydan.tv\/az\/wp-json\/wp\/v2\/posts\/167180","targetHints":{"allow":["GET"]}}],"collection":[{"href":"https:\/\/www.meydan.tv\/az\/wp-json\/wp\/v2\/posts"}],"about":[{"href":"https:\/\/www.meydan.tv\/az\/wp-json\/wp\/v2\/types\/post"}],"author":[{"embeddable":true,"href":"https:\/\/www.meydan.tv\/az\/wp-json\/wp\/v2\/users\/11"}],"replies":[{"embeddable":true,"href":"https:\/\/www.meydan.tv\/az\/wp-json\/wp\/v2\/comments?post=167180"}],"version-history":[{"count":0,"href":"https:\/\/www.meydan.tv\/az\/wp-json\/wp\/v2\/posts\/167180\/revisions"}],"wp:featuredmedia":[{"embeddable":true,"href":"https:\/\/www.meydan.tv\/az\/wp-json\/wp\/v2\/media\/21139"}],"wp:attachment":[{"href":"https:\/\/www.meydan.tv\/az\/wp-json\/wp\/v2\/media?parent=167180"}],"wp:term":[{"taxonomy":"category","embeddable":true,"href":"https:\/\/www.meydan.tv\/az\/wp-json\/wp\/v2\/categories?post=167180"},{"taxonomy":"post_tag","embeddable":true,"href":"https:\/\/www.meydan.tv\/az\/wp-json\/wp\/v2\/tags?post=167180"}],"curies":[{"name":"wp","href":"https:\/\/api.w.org\/{rel}","templated":true}]}}