{"id":167177,"date":"2015-03-09T16:48:52","date_gmt":"2015-03-09T16:48:52","guid":{"rendered":"https:\/\/www.meydan.tv\/article\/nemtsovun-qetlinde-xarici-izlerin-oldugu-iddia-edilir\/"},"modified":"2015-03-09T16:48:52","modified_gmt":"2015-03-09T16:48:52","slug":"nemtsovun-qetlinde-xarici-izlerin-oldugu-iddia-edilir","status":"publish","type":"post","link":"https:\/\/www.meydan.tv\/az\/article\/nemtsovun-qetlinde-xarici-izlerin-oldugu-iddia-edilir\/","title":{"rendered":"Nemtsovun q\u0259tlind\u0259 \u201cxarici iz\u201dl\u0259rin oldu\u011fu iddia edilir"},"content":{"rendered":"<figure class=\"wp-block-image size-large\">\n  <img decoding=\"async\" src=\"https:\/\/www.meydan.tv\/az\/21163\/\" alt=\"\" class=\"wp-image-21163\"\/><figcaption><\/figcaption><\/figure>\n<p>\n  <i><br \/>\n    Ehtimal olunur ki, rusiyal\u0131 m\u00fcxalif\u0259t\u00e7i Boris Nemtsovun q\u0259tlini birba\u015fa icra ed\u0259n \u015f\u0259xs \u00a0Zaur Dadayev olub<br \/>\n  <\/i>\n<\/p>\n<figure class=\"wp-block-image size-large\">\n  <img decoding=\"async\" src=\"https:\/\/www.meydan.tv\/az\/21163\/\" alt=\"\" class=\"wp-image-21163\"\/><figcaption><\/figcaption><\/figure>\n<p>\n  APA-n\u0131n x\u0259b\u0259rin\u0259 g\u00f6r\u0259, bu bar\u0259d\u0259 Rusiyan\u0131n &#8220;\u0130nterfax&#8221; agentliyin\u0259 h\u00fcquq-m\u00fchafiz\u0259 orqanlar\u0131ndak\u0131 m\u0259nb\u0259 m\u0259lumat verib. &#8220;Lakin q\u0259tlin t\u00f6r\u0259dildiyi silah tap\u0131landan sonra, bu bar\u0259d\u0259 tam \u0259minlikl\u0259 dan\u0131\u015fmaq olar&#8221;, &#8211; dey\u0259 m\u0259nb\u0259 qeyd edib.\n<\/p>\n<p>\n  Bildirilir ki, Z. Dadayev istintaq il\u0259 &#8220;k\u00f6n\u00fcls\u00fcz dan\u0131\u015f\u0131r&#8221;:\n<\/p>\n<p>\n  &#8220;Dadayevin azsayl\u0131 ifad\u0259l\u0259rind\u0259n bel\u0259 \u00e7\u0131x\u0131r ki, q\u0259tlin t\u0259\u015fkilat\u00e7\u0131s\u0131 m\u0259hz o olub. Bundan ba\u015fqa, h\u00fcquq-m\u00fchafiz\u0259 orqanlar\u0131 \u015f\u00fcbh\u0259li \u015f\u0259xs qismind\u0259 saxlan\u0131lan \u015f\u0259xsl\u0259rin xarici \u0259laq\u0259l\u0259ri \u00fcz\u0259 \u00e7\u0131x\u0131b. M\u0259hz buna g\u00f6r\u0259, q\u0259tld\u0259 xarici izin olmas\u0131 versiyas\u0131 il\u0259 ba\u011fl\u0131 da ara\u015fd\u0131rma apar\u0131l\u0131r&#8221;, &#8211; dey\u0259 m\u0259nb\u0259 \u0259lav\u0259 edib.\n<\/p><\/p>\n","protected":false},"excerpt":{"rendered":"<p>Ehtimal olunur ki, rusiyal\u0131 m\u00fcxalif\u0259t\u00e7i Boris Nemtsovun q\u0259tlini birba\u015fa icra ed\u0259n \u015f\u0259xs  Zaur Dadayev olub<\/p>\n","protected":false},"author":11,"featured_media":21163,"comment_status":"closed","ping_status":"open","sticky":false,"template":"","format":"standard","meta":{"_acf_changed":false,"_sitemap_exclude":false,"_sitemap_priority":"","_sitemap_frequency":"","footnotes":""},"categories":[56],"tags":[],"class_list":["post-167177","post","type-post","status-publish","format-standard","has-post-thumbnail","hentry","category-xeberler","infinite-scroll-item","generate-columns","tablet-grid-50","mobile-grid-100","grid-parent","grid-33","no-featured-image-padding"],"acf":[],"yoast_head":"<!-- This site is optimized with the Yoast SEO plugin v28.3 - https:\/\/yoast.com\/product\/yoast-seo-wordpress\/ -->\n<title>Nemtsovun q\u0259tlind\u0259 \u201cxarici iz\u201dl\u0259rin oldu\u011fu iddia edilir - MEYDAN.TV<\/title>\n<meta name=\"robots\" content=\"index, follow, max-snippet:-1, max-image-preview:large, max-video-preview:-1\" \/>\n<link rel=\"canonical\" href=\"https:\/\/www.meydan.tv\/az\/article\/nemtsovun-qetlinde-xarici-izlerin-oldugu-iddia-edilir\/\" \/>\n<meta property=\"og:locale\" content=\"az_AZ\" \/>\n<meta property=\"og:type\" content=\"article\" \/>\n<meta property=\"og:title\" content=\"Nemtsovun q\u0259tlind\u0259 \u201cxarici iz\u201dl\u0259rin oldu\u011fu iddia edilir - MEYDAN.TV\" \/>\n<meta property=\"og:description\" content=\"Ehtimal olunur ki, rusiyal\u0131 m\u00fcxalif\u0259t\u00e7i Boris Nemtsovun q\u0259tlini birba\u015fa icra ed\u0259n \u015f\u0259xs Zaur Dadayev olub\" \/>\n<meta property=\"og:url\" content=\"https:\/\/www.meydan.tv\/az\/article\/nemtsovun-qetlinde-xarici-izlerin-oldugu-iddia-edilir\/\" \/>\n<meta property=\"og:site_name\" content=\"MEYDAN.TV\" \/>\n<meta property=\"article:published_time\" content=\"2015-03-09T16:48:52+00:00\" \/>\n<meta property=\"og:image\" content=\"https:\/\/www.meydan.tv\/wp-content\/uploads\/7622.jpg\" \/>\n\t<meta property=\"og:image:width\" content=\"480\" \/>\n\t<meta property=\"og:image:height\" content=\"318\" \/>\n\t<meta property=\"og:image:type\" content=\"image\/jpeg\" \/>\n<meta name=\"twitter:card\" content=\"summary_large_image\" \/>\n<!-- \/ Yoast SEO plugin. -->","yoast_head_json":{"title":"Nemtsovun q\u0259tlind\u0259 \u201cxarici iz\u201dl\u0259rin oldu\u011fu iddia edilir - MEYDAN.TV","robots":{"index":"index","follow":"follow","max-snippet":"max-snippet:-1","max-image-preview":"max-image-preview:large","max-video-preview":"max-video-preview:-1"},"canonical":"https:\/\/www.meydan.tv\/az\/article\/nemtsovun-qetlinde-xarici-izlerin-oldugu-iddia-edilir\/","og_locale":"az_AZ","og_type":"article","og_title":"Nemtsovun q\u0259tlind\u0259 \u201cxarici iz\u201dl\u0259rin oldu\u011fu iddia edilir - MEYDAN.TV","og_description":"Ehtimal olunur ki, rusiyal\u0131 m\u00fcxalif\u0259t\u00e7i Boris Nemtsovun q\u0259tlini birba\u015fa icra ed\u0259n \u015f\u0259xs Zaur Dadayev olub","og_url":"https:\/\/www.meydan.tv\/az\/article\/nemtsovun-qetlinde-xarici-izlerin-oldugu-iddia-edilir\/","og_site_name":"MEYDAN.TV","article_published_time":"2015-03-09T16:48:52+00:00","og_image":[{"width":480,"height":318,"url":"https:\/\/www.meydan.tv\/wp-content\/uploads\/7622.jpg","type":"image\/jpeg"}],"twitter_card":"summary_large_image","schema":{"@context":"https:\/\/schema.org","@graph":[{"@type":"Article","@id":"https:\/\/www.meydan.tv\/az\/article\/nemtsovun-qetlinde-xarici-izlerin-oldugu-iddia-edilir\/#article","isPartOf":{"@id":"https:\/\/www.meydan.tv\/az\/article\/nemtsovun-qetlinde-xarici-izlerin-oldugu-iddia-edilir\/"},"author":{"name":"user-manager","@id":"https:\/\/www.meydan.tv\/az\/#\/schema\/person\/10d11eccf6da3662cf5fdab9806ea91a"},"headline":"Nemtsovun q\u0259tlind\u0259 \u201cxarici iz\u201dl\u0259rin oldu\u011fu iddia edilir","datePublished":"2015-03-09T16:48:52+00:00","mainEntityOfPage":{"@id":"https:\/\/www.meydan.tv\/az\/article\/nemtsovun-qetlinde-xarici-izlerin-oldugu-iddia-edilir\/"},"wordCount":160,"publisher":{"@id":"https:\/\/www.meydan.tv\/az\/#organization"},"image":{"@id":"https:\/\/www.meydan.tv\/az\/article\/nemtsovun-qetlinde-xarici-izlerin-oldugu-iddia-edilir\/#primaryimage"},"thumbnailUrl":"https:\/\/www.meydan.tv\/wp-content\/uploads\/7622.jpg","articleSection":["X\u0259b\u0259rl\u0259r"],"inLanguage":"az"},{"@type":"WebPage","@id":"https:\/\/www.meydan.tv\/az\/article\/nemtsovun-qetlinde-xarici-izlerin-oldugu-iddia-edilir\/","url":"https:\/\/www.meydan.tv\/az\/article\/nemtsovun-qetlinde-xarici-izlerin-oldugu-iddia-edilir\/","name":"Nemtsovun q\u0259tlind\u0259 \u201cxarici iz\u201dl\u0259rin oldu\u011fu iddia edilir - MEYDAN.TV","isPartOf":{"@id":"https:\/\/www.meydan.tv\/az\/#website"},"primaryImageOfPage":{"@id":"https:\/\/www.meydan.tv\/az\/article\/nemtsovun-qetlinde-xarici-izlerin-oldugu-iddia-edilir\/#primaryimage"},"image":{"@id":"https:\/\/www.meydan.tv\/az\/article\/nemtsovun-qetlinde-xarici-izlerin-oldugu-iddia-edilir\/#primaryimage"},"thumbnailUrl":"https:\/\/www.meydan.tv\/wp-content\/uploads\/7622.jpg","datePublished":"2015-03-09T16:48:52+00:00","breadcrumb":{"@id":"https:\/\/www.meydan.tv\/az\/article\/nemtsovun-qetlinde-xarici-izlerin-oldugu-iddia-edilir\/#breadcrumb"},"inLanguage":"az","potentialAction":[{"@type":"ReadAction","target":["https:\/\/www.meydan.tv\/az\/article\/nemtsovun-qetlinde-xarici-izlerin-oldugu-iddia-edilir\/"]}]},{"@type":"ImageObject","inLanguage":"az","@id":"https:\/\/www.meydan.tv\/az\/article\/nemtsovun-qetlinde-xarici-izlerin-oldugu-iddia-edilir\/#primaryimage","url":"https:\/\/www.meydan.tv\/wp-content\/uploads\/7622.jpg","contentUrl":"https:\/\/www.meydan.tv\/wp-content\/uploads\/7622.jpg","width":480,"height":318,"caption":"Source:"},{"@type":"BreadcrumbList","@id":"https:\/\/www.meydan.tv\/az\/article\/nemtsovun-qetlinde-xarici-izlerin-oldugu-iddia-edilir\/#breadcrumb","itemListElement":[{"@type":"ListItem","position":1,"name":"Ana s\u0259hif\u0259","item":"https:\/\/www.meydan.tv\/az\/"},{"@type":"ListItem","position":2,"name":"X\u0259b\u0259rl\u0259r","item":"https:\/\/www.meydan.tv\/az\/section\/xeberler\/"},{"@type":"ListItem","position":3,"name":"Nemtsovun q\u0259tlind\u0259 \u201cxarici iz\u201dl\u0259rin oldu\u011fu iddia edilir"}]},{"@type":"WebSite","@id":"https:\/\/www.meydan.tv\/az\/#website","url":"https:\/\/www.meydan.tv\/az\/","name":"MEYDAN.TV","description":"Meydan TV Az\u0259rbaycan\u0131n media m\u0259kan\u0131ndak\u0131 alternativ s\u0259sidir","publisher":{"@id":"https:\/\/www.meydan.tv\/az\/#organization"},"potentialAction":[{"@type":"SearchAction","target":{"@type":"EntryPoint","urlTemplate":"https:\/\/www.meydan.tv\/az\/?s={search_term_string}"},"query-input":{"@type":"PropertyValueSpecification","valueRequired":true,"valueName":"search_term_string"}}],"inLanguage":"az"},{"@type":"Organization","@id":"https:\/\/www.meydan.tv\/az\/#organization","name":"Meydan TV","url":"https:\/\/www.meydan.tv\/az\/","logo":{"@type":"ImageObject","inLanguage":"az","@id":"https:\/\/www.meydan.tv\/az\/#\/schema\/logo\/image\/","url":"https:\/\/www.meydan.tv\/wp-content\/uploads\/2021\/07\/meydan-logo.svg","contentUrl":"https:\/\/www.meydan.tv\/wp-content\/uploads\/2021\/07\/meydan-logo.svg","width":195,"height":46,"caption":"Meydan TV"},"image":{"@id":"https:\/\/www.meydan.tv\/az\/#\/schema\/logo\/image\/"}},{"@type":"Person","@id":"https:\/\/www.meydan.tv\/az\/#\/schema\/person\/10d11eccf6da3662cf5fdab9806ea91a","name":"user-manager"}]}},"_links":{"self":[{"href":"https:\/\/www.meydan.tv\/az\/wp-json\/wp\/v2\/posts\/167177","targetHints":{"allow":["GET"]}}],"collection":[{"href":"https:\/\/www.meydan.tv\/az\/wp-json\/wp\/v2\/posts"}],"about":[{"href":"https:\/\/www.meydan.tv\/az\/wp-json\/wp\/v2\/types\/post"}],"author":[{"embeddable":true,"href":"https:\/\/www.meydan.tv\/az\/wp-json\/wp\/v2\/users\/11"}],"replies":[{"embeddable":true,"href":"https:\/\/www.meydan.tv\/az\/wp-json\/wp\/v2\/comments?post=167177"}],"version-history":[{"count":0,"href":"https:\/\/www.meydan.tv\/az\/wp-json\/wp\/v2\/posts\/167177\/revisions"}],"wp:featuredmedia":[{"embeddable":true,"href":"https:\/\/www.meydan.tv\/az\/wp-json\/wp\/v2\/media\/21163"}],"wp:attachment":[{"href":"https:\/\/www.meydan.tv\/az\/wp-json\/wp\/v2\/media?parent=167177"}],"wp:term":[{"taxonomy":"category","embeddable":true,"href":"https:\/\/www.meydan.tv\/az\/wp-json\/wp\/v2\/categories?post=167177"},{"taxonomy":"post_tag","embeddable":true,"href":"https:\/\/www.meydan.tv\/az\/wp-json\/wp\/v2\/tags?post=167177"}],"curies":[{"name":"wp","href":"https:\/\/api.w.org\/{rel}","templated":true}]}}