{"id":167173,"date":"2015-03-09T13:55:03","date_gmt":"2015-03-09T13:55:03","guid":{"rendered":"https:\/\/www.meydan.tv\/article\/hava-mulayimlesecek\/"},"modified":"2015-03-09T13:55:03","modified_gmt":"2015-03-09T13:55:03","slug":"hava-mulayimlesecek","status":"publish","type":"post","link":"https:\/\/www.meydan.tv\/az\/article\/hava-mulayimlesecek\/","title":{"rendered":"Hava m\u00fclayiml\u0259\u015f\u0259c\u0259k"},"content":{"rendered":"<figure class=\"wp-block-image size-large\">\n  <img decoding=\"async\" src=\"https:\/\/www.meydan.tv\/az\/21124\/\" alt=\"\" class=\"wp-image-21124\"\/><figcaption><\/figcaption><\/figure>\n<figure class=\"wp-block-image size-large\">\n  <img decoding=\"async\" src=\"https:\/\/www.meydan.tv\/az\/21124\/\" alt=\"\" class=\"wp-image-21124\"\/><figcaption><\/figcaption><\/figure>\n<p><div>\n    Mart\u0131n 10-da Bak\u0131 v\u0259 Ab\u015feron yar\u0131madas\u0131nda hava \u015f\u0259raitinin d\u0259yi\u015fk\u0259n buludlu olaca\u011f\u0131, g\u00fcn \u0259rzind\u0259 \u0259sas\u0259n ya\u011fmursuz ke\u00e7\u0259c\u0259yi g\u00f6zl\u0259nilir.\n  <\/div>\n<\/p>\n<p>\n  Ekologiya v\u0259 T\u0259bii S\u0259rv\u0259tl\u0259r Nazirliyinin Milli Hidrometeorologiya Departamentinin Hidrometeoroloji Proqnozlar B\u00fcrosunun direktor m\u00fcavini\u00a0G\u00fcl\u015fad M\u0259mm\u0259dova<br \/>\n  <a href=\"https:\/\/apa.az\/\"><br \/>\n    APA<br \/>\n  <\/a><br \/>\n  -ya a\u00e7\u0131qlamas\u0131nda deyib ki,\u00a0c\u0259nub k\u00fcl\u0259yi \u0259s\u0259c\u0259k, g\u00fcnd\u00fcz arabir g\u00fccl\u0259n\u0259c\u0259k.\n<\/p>\n<p>\n  Havan\u0131n temperaturu gec\u0259 1-3, g\u00fcnd\u00fcz 8-12 d\u0259r\u0259c\u0259 isti olacaq.\n<\/p>\n<p>\n  Sabah Az\u0259rbaycan\u0131n rayonlar\u0131nda da\u00a0hava\u00a0\u015f\u0259raitinin \u0259sas\u0259n ya\u011fmursuz ke\u00e7\u0259c\u0259yi, gec\u0259 v\u0259 s\u0259h\u0259r b\u0259zi yerl\u0259rd\u0259 duman olaca\u011f\u0131 g\u00f6zl\u0259nilir. C\u0259nub k\u00fcl\u0259yi \u0259s\u0259c\u0259k, \u0259sas\u0259n da\u011fl\u0131q \u0259razil\u0259rd\u0259 arabir g\u00fccl\u0259n\u0259c\u0259k.\n<\/p>\n<p>\n  Havan\u0131n temperaturunun gec\u0259 0-5, g\u00fcnd\u00fcz 9-14 d\u0259r\u0259c\u0259 isti, da\u011flarda gec\u0259 0-5 d\u0259r\u0259c\u0259 \u015faxta, g\u00fcnd\u00fcz 5-10 isti olaca\u011f\u0131 g\u00f6zl\u0259nilir.\n<\/p>\n<p>\n  \u00d6t\u0259n g\u00fcn Az\u0259rbaycan\u0131n \u0259sas\u0259n da\u011fl\u0131q v\u0259 da\u011f\u0259t\u0259yi rayonlar\u0131na qar ya\u011f\u0131b. Bel\u0259\u00a0hava\u00a0\u015f\u0259raitinin bu g\u00fcn d\u0259 davam ed\u0259c\u0259yi, ya\u011f\u0131nt\u0131l\u0131 olaca\u011f\u0131, sulu qar v\u0259 qar ya\u011faca\u011f\u0131 g\u00f6zl\u0259nilir. Sabahdan etibar\u0259n is\u0259 \u00f6lk\u0259 \u0259razisind\u0259\u00a0hava\u00a0\u015f\u0259raiti m\u00fclayiml\u0259\u015f\u0259c\u0259k, ya\u011f\u0131nt\u0131lar t\u0259dric\u0259n k\u0259sil\u0259c\u0259k.<\/p>\n","protected":false},"excerpt":{"rendered":"<p>Mart\u0131n 10-da Bak\u0131 v\u0259 Ab\u015feron yar\u0131madas\u0131nda hava \u015f\u0259raitinin d\u0259yi\u015fk\u0259n buludlu olaca\u011f\u0131, g\u00fcn \u0259rzind\u0259 \u0259sas\u0259n ya\u011fmursuz ke\u00e7\u0259c\u0259yi g\u00f6zl\u0259nilir<\/p>\n","protected":false},"author":11,"featured_media":21124,"comment_status":"closed","ping_status":"open","sticky":false,"template":"","format":"standard","meta":{"_acf_changed":false,"_sitemap_exclude":false,"_sitemap_priority":"","_sitemap_frequency":"","footnotes":""},"categories":[56],"tags":[],"class_list":["post-167173","post","type-post","status-publish","format-standard","has-post-thumbnail","hentry","category-xeberler","infinite-scroll-item","generate-columns","tablet-grid-50","mobile-grid-100","grid-parent","grid-33","no-featured-image-padding"],"acf":[],"yoast_head":"<!-- This site is optimized with the Yoast SEO plugin v28.3 - https:\/\/yoast.com\/product\/yoast-seo-wordpress\/ -->\n<title>Hava m\u00fclayiml\u0259\u015f\u0259c\u0259k - MEYDAN.TV<\/title>\n<meta name=\"robots\" content=\"index, follow, max-snippet:-1, max-image-preview:large, max-video-preview:-1\" \/>\n<link rel=\"canonical\" href=\"https:\/\/www.meydan.tv\/az\/article\/hava-mulayimlesecek\/\" \/>\n<meta property=\"og:locale\" content=\"az_AZ\" \/>\n<meta property=\"og:type\" content=\"article\" \/>\n<meta property=\"og:title\" content=\"Hava m\u00fclayiml\u0259\u015f\u0259c\u0259k - MEYDAN.TV\" \/>\n<meta property=\"og:description\" content=\"Mart\u0131n 10-da Bak\u0131 v\u0259 Ab\u015feron yar\u0131madas\u0131nda hava \u015f\u0259raitinin d\u0259yi\u015fk\u0259n buludlu olaca\u011f\u0131, g\u00fcn \u0259rzind\u0259 \u0259sas\u0259n ya\u011fmursuz ke\u00e7\u0259c\u0259yi g\u00f6zl\u0259nilir\" \/>\n<meta property=\"og:url\" content=\"https:\/\/www.meydan.tv\/az\/article\/hava-mulayimlesecek\/\" \/>\n<meta property=\"og:site_name\" content=\"MEYDAN.TV\" \/>\n<meta property=\"article:published_time\" content=\"2015-03-09T13:55:03+00:00\" \/>\n<meta property=\"og:image\" content=\"https:\/\/www.meydan.tv\/wp-content\/uploads\/7605.jpg\" \/>\n\t<meta property=\"og:image:width\" content=\"482\" \/>\n\t<meta property=\"og:image:height\" content=\"361\" \/>\n\t<meta property=\"og:image:type\" content=\"image\/jpeg\" \/>\n<meta name=\"twitter:card\" content=\"summary_large_image\" \/>\n<!-- \/ Yoast SEO plugin. -->","yoast_head_json":{"title":"Hava m\u00fclayiml\u0259\u015f\u0259c\u0259k - MEYDAN.TV","robots":{"index":"index","follow":"follow","max-snippet":"max-snippet:-1","max-image-preview":"max-image-preview:large","max-video-preview":"max-video-preview:-1"},"canonical":"https:\/\/www.meydan.tv\/az\/article\/hava-mulayimlesecek\/","og_locale":"az_AZ","og_type":"article","og_title":"Hava m\u00fclayiml\u0259\u015f\u0259c\u0259k - MEYDAN.TV","og_description":"Mart\u0131n 10-da Bak\u0131 v\u0259 Ab\u015feron yar\u0131madas\u0131nda hava \u015f\u0259raitinin d\u0259yi\u015fk\u0259n buludlu olaca\u011f\u0131, g\u00fcn \u0259rzind\u0259 \u0259sas\u0259n ya\u011fmursuz ke\u00e7\u0259c\u0259yi g\u00f6zl\u0259nilir","og_url":"https:\/\/www.meydan.tv\/az\/article\/hava-mulayimlesecek\/","og_site_name":"MEYDAN.TV","article_published_time":"2015-03-09T13:55:03+00:00","og_image":[{"width":482,"height":361,"url":"https:\/\/www.meydan.tv\/wp-content\/uploads\/7605.jpg","type":"image\/jpeg"}],"twitter_card":"summary_large_image","schema":{"@context":"https:\/\/schema.org","@graph":[{"@type":"Article","@id":"https:\/\/www.meydan.tv\/az\/article\/hava-mulayimlesecek\/#article","isPartOf":{"@id":"https:\/\/www.meydan.tv\/az\/article\/hava-mulayimlesecek\/"},"author":{"name":"user-manager","@id":"https:\/\/www.meydan.tv\/az\/#\/schema\/person\/10d11eccf6da3662cf5fdab9806ea91a"},"headline":"Hava m\u00fclayiml\u0259\u015f\u0259c\u0259k","datePublished":"2015-03-09T13:55:03+00:00","mainEntityOfPage":{"@id":"https:\/\/www.meydan.tv\/az\/article\/hava-mulayimlesecek\/"},"wordCount":247,"publisher":{"@id":"https:\/\/www.meydan.tv\/az\/#organization"},"image":{"@id":"https:\/\/www.meydan.tv\/az\/article\/hava-mulayimlesecek\/#primaryimage"},"thumbnailUrl":"https:\/\/www.meydan.tv\/wp-content\/uploads\/7605.jpg","articleSection":["X\u0259b\u0259rl\u0259r"],"inLanguage":"az"},{"@type":"WebPage","@id":"https:\/\/www.meydan.tv\/az\/article\/hava-mulayimlesecek\/","url":"https:\/\/www.meydan.tv\/az\/article\/hava-mulayimlesecek\/","name":"Hava m\u00fclayiml\u0259\u015f\u0259c\u0259k - MEYDAN.TV","isPartOf":{"@id":"https:\/\/www.meydan.tv\/az\/#website"},"primaryImageOfPage":{"@id":"https:\/\/www.meydan.tv\/az\/article\/hava-mulayimlesecek\/#primaryimage"},"image":{"@id":"https:\/\/www.meydan.tv\/az\/article\/hava-mulayimlesecek\/#primaryimage"},"thumbnailUrl":"https:\/\/www.meydan.tv\/wp-content\/uploads\/7605.jpg","datePublished":"2015-03-09T13:55:03+00:00","breadcrumb":{"@id":"https:\/\/www.meydan.tv\/az\/article\/hava-mulayimlesecek\/#breadcrumb"},"inLanguage":"az","potentialAction":[{"@type":"ReadAction","target":["https:\/\/www.meydan.tv\/az\/article\/hava-mulayimlesecek\/"]}]},{"@type":"ImageObject","inLanguage":"az","@id":"https:\/\/www.meydan.tv\/az\/article\/hava-mulayimlesecek\/#primaryimage","url":"https:\/\/www.meydan.tv\/wp-content\/uploads\/7605.jpg","contentUrl":"https:\/\/www.meydan.tv\/wp-content\/uploads\/7605.jpg","width":482,"height":361,"caption":"Source:"},{"@type":"BreadcrumbList","@id":"https:\/\/www.meydan.tv\/az\/article\/hava-mulayimlesecek\/#breadcrumb","itemListElement":[{"@type":"ListItem","position":1,"name":"Ana s\u0259hif\u0259","item":"https:\/\/www.meydan.tv\/az\/"},{"@type":"ListItem","position":2,"name":"X\u0259b\u0259rl\u0259r","item":"https:\/\/www.meydan.tv\/az\/section\/xeberler\/"},{"@type":"ListItem","position":3,"name":"Hava m\u00fclayiml\u0259\u015f\u0259c\u0259k"}]},{"@type":"WebSite","@id":"https:\/\/www.meydan.tv\/az\/#website","url":"https:\/\/www.meydan.tv\/az\/","name":"MEYDAN.TV","description":"Meydan TV Az\u0259rbaycan\u0131n media m\u0259kan\u0131ndak\u0131 alternativ s\u0259sidir","publisher":{"@id":"https:\/\/www.meydan.tv\/az\/#organization"},"potentialAction":[{"@type":"SearchAction","target":{"@type":"EntryPoint","urlTemplate":"https:\/\/www.meydan.tv\/az\/?s={search_term_string}"},"query-input":{"@type":"PropertyValueSpecification","valueRequired":true,"valueName":"search_term_string"}}],"inLanguage":"az"},{"@type":"Organization","@id":"https:\/\/www.meydan.tv\/az\/#organization","name":"Meydan TV","url":"https:\/\/www.meydan.tv\/az\/","logo":{"@type":"ImageObject","inLanguage":"az","@id":"https:\/\/www.meydan.tv\/az\/#\/schema\/logo\/image\/","url":"https:\/\/www.meydan.tv\/wp-content\/uploads\/2021\/07\/meydan-logo.svg","contentUrl":"https:\/\/www.meydan.tv\/wp-content\/uploads\/2021\/07\/meydan-logo.svg","width":195,"height":46,"caption":"Meydan TV"},"image":{"@id":"https:\/\/www.meydan.tv\/az\/#\/schema\/logo\/image\/"}},{"@type":"Person","@id":"https:\/\/www.meydan.tv\/az\/#\/schema\/person\/10d11eccf6da3662cf5fdab9806ea91a","name":"user-manager"}]}},"_links":{"self":[{"href":"https:\/\/www.meydan.tv\/az\/wp-json\/wp\/v2\/posts\/167173","targetHints":{"allow":["GET"]}}],"collection":[{"href":"https:\/\/www.meydan.tv\/az\/wp-json\/wp\/v2\/posts"}],"about":[{"href":"https:\/\/www.meydan.tv\/az\/wp-json\/wp\/v2\/types\/post"}],"author":[{"embeddable":true,"href":"https:\/\/www.meydan.tv\/az\/wp-json\/wp\/v2\/users\/11"}],"replies":[{"embeddable":true,"href":"https:\/\/www.meydan.tv\/az\/wp-json\/wp\/v2\/comments?post=167173"}],"version-history":[{"count":0,"href":"https:\/\/www.meydan.tv\/az\/wp-json\/wp\/v2\/posts\/167173\/revisions"}],"wp:featuredmedia":[{"embeddable":true,"href":"https:\/\/www.meydan.tv\/az\/wp-json\/wp\/v2\/media\/21124"}],"wp:attachment":[{"href":"https:\/\/www.meydan.tv\/az\/wp-json\/wp\/v2\/media?parent=167173"}],"wp:term":[{"taxonomy":"category","embeddable":true,"href":"https:\/\/www.meydan.tv\/az\/wp-json\/wp\/v2\/categories?post=167173"},{"taxonomy":"post_tag","embeddable":true,"href":"https:\/\/www.meydan.tv\/az\/wp-json\/wp\/v2\/tags?post=167173"}],"curies":[{"name":"wp","href":"https:\/\/api.w.org\/{rel}","templated":true}]}}