{"id":167171,"date":"2015-03-09T13:34:31","date_gmt":"2015-03-09T13:34:31","guid":{"rendered":"https:\/\/www.meydan.tv\/article\/boris-nemtsovun-qetlinin-motivi-aciqlanib\/"},"modified":"2015-03-09T13:34:31","modified_gmt":"2015-03-09T13:34:31","slug":"boris-nemtsovun-qetlinin-motivi-aciqlanib","status":"publish","type":"post","link":"https:\/\/www.meydan.tv\/az\/article\/boris-nemtsovun-qetlinin-motivi-aciqlanib\/","title":{"rendered":"Boris Nemtsovun q\u0259tlinin motivi a\u00e7\u0131qlan\u0131b"},"content":{"rendered":"<figure class=\"wp-block-image size-large\">\n  <img decoding=\"async\" src=\"https:\/\/www.meydan.tv\/az\/21118\/\" alt=\"\" class=\"wp-image-21118\"\/><figcaption><\/figcaption><\/figure>\n<figure class=\"wp-block-image size-large\">\n  <img decoding=\"async\" src=\"https:\/\/www.meydan.tv\/az\/21118\/\" alt=\"\" class=\"wp-image-21118\"\/><figcaption><\/figcaption><\/figure>\n<p>\n  Boris Nemtsovun \u0130slam v\u0259 m\u00fcs\u0259lmanlar haqq\u0131nda m\u0259nfi fikirl\u0259r s\u0259sl\u0259ndirdiyin\u0259 g\u00f6r\u0259 \u00f6ld\u00fcr\u00fcld\u00fcy\u00fc deyilir\n<\/p>\n<p>\n  Rusiyan\u0131n tan\u0131nm\u0131\u015f m\u00fcxalif siyas\u0259t\u00e7isi\u00a0Boris Nemtsovun q\u0259tlinin motivi b\u0259lli olub.\n<\/p>\n<p>\n  <a href=\"https:\/\/apa.az\/\"><br \/>\n    APA<br \/>\n  <\/a><br \/>\n  -n\u0131n Moskva m\u00fcxbirinin verdiyi m\u0259lumata g\u00f6r\u0259,\u00a0Boris Nemtsov\u00a0\u0130slam v\u0259 m\u00fcs\u0259lmanlar haqq\u0131nda m\u0259nfi fikirl\u0259r s\u0259sl\u0259ndirdiyin\u0259 g\u00f6r\u0259 \u00f6ld\u00fcr\u00fcl\u00fcb.\n<\/p>\n<p>\n  H\u00fcquq-m\u00fchafiz\u0259 orqanlar\u0131ndak\u0131 m\u0259nb\u0259 bildirib ki, bunu\u00a0Boris Nemtsovun q\u0259tlind\u0259 \u015f\u00fcbh\u0259li bilin\u0259r\u0259k saxlan\u0131lan Zaur Dadayev istintaqa ifad\u0259sind\u0259 etiraf edib.\n<\/p>\n<p>\n  Rusiya \u0130stintaq Komit\u0259si\u00a0Boris Nemtsovun q\u0259tlind\u0259 be\u015f n\u0259f\u0259rin \u015f\u00fcbh\u0259li \u015f\u0259xs qismind\u0259 saxlan\u0131ld\u0131\u011f\u0131n\u0131 a\u00e7\u0131qlay\u0131b. Mart\u0131n 8-d\u0259 Basman Rayon M\u0259hk\u0259m\u0259sinin q\u0259rar\u0131 il\u0259 saxlan\u0131lanlar H\u0259mz\u0259t Baxayev, Tamerlan \u018fsg\u0259rxanov, \u015eahid Quba\u015fev, Anzor Quba\u015fev v\u0259 Zaur Dadayev bar\u0259sind\u0259 h\u0259bs q\u0259timkan t\u0259dbiri se\u00e7ilib. Onlar\u0131n bar\u0259sind\u0259 hans\u0131 madd\u0259 il\u0259 ittiham ir\u0259li s\u00fcr\u00fcld\u00fcy\u00fc a\u00e7\u0131qlanmay\u0131b.\n<\/p>\n<p>\n  Z. Dadayev q\u0259tli t\u00f6r\u0259tdiyini etiraf ets\u0259 d\u0259, cinay\u0259tl\u0259 ba\u011fl\u0131 saxlan\u0131lan dig\u0259r 4 n\u0259f\u0259r ittihamla raz\u0131la\u015fmay\u0131b.\n<\/p>\n<p>\n  \u00a0Boris Nemtsov\u00a0fevral\u0131n 27-d\u0259 ax\u015fam gec\u0259 saatlar\u0131nda Moskvan\u0131n m\u0259rk\u0259zind\u0259 odlu silahdan a\u00e7\u0131lan at\u0259\u015f n\u0259tic\u0259sind\u0259 q\u0259tl\u0259 yetirilib.\n<\/p>\n<p>\n  \u00a0Hadis\u0259 zaman\u0131 siyas\u0259t\u00e7inin yan\u0131nda ukraynal\u0131 fotomodel Anna Duritskaya da olub.\n<\/p><\/p>\n","protected":false},"excerpt":{"rendered":"<p>Boris Nemtsovun \u0130slam v\u0259 m\u00fcs\u0259lmanlar haqq\u0131nda m\u0259nfi fikirl\u0259r s\u0259sl\u0259ndirdiyin\u0259 g\u00f6r\u0259 \u00f6ld\u00fcr\u00fcld\u00fcy\u00fc deyilir<\/p>\n","protected":false},"author":11,"featured_media":21118,"comment_status":"closed","ping_status":"open","sticky":false,"template":"","format":"standard","meta":{"_acf_changed":false,"_sitemap_exclude":false,"_sitemap_priority":"","_sitemap_frequency":"","footnotes":""},"categories":[56],"tags":[],"class_list":["post-167171","post","type-post","status-publish","format-standard","has-post-thumbnail","hentry","category-xeberler","infinite-scroll-item","generate-columns","tablet-grid-50","mobile-grid-100","grid-parent","grid-33","no-featured-image-padding"],"acf":[],"yoast_head":"<!-- This site is optimized with the Yoast SEO plugin v28.3 - https:\/\/yoast.com\/product\/yoast-seo-wordpress\/ -->\n<title>Boris Nemtsovun q\u0259tlinin motivi a\u00e7\u0131qlan\u0131b - MEYDAN.TV<\/title>\n<meta name=\"robots\" content=\"index, follow, max-snippet:-1, max-image-preview:large, max-video-preview:-1\" \/>\n<link rel=\"canonical\" href=\"https:\/\/www.meydan.tv\/az\/article\/boris-nemtsovun-qetlinin-motivi-aciqlanib\/\" \/>\n<meta property=\"og:locale\" content=\"az_AZ\" \/>\n<meta property=\"og:type\" content=\"article\" \/>\n<meta property=\"og:title\" content=\"Boris Nemtsovun q\u0259tlinin motivi a\u00e7\u0131qlan\u0131b - MEYDAN.TV\" \/>\n<meta property=\"og:description\" content=\"Boris Nemtsovun \u0130slam v\u0259 m\u00fcs\u0259lmanlar haqq\u0131nda m\u0259nfi fikirl\u0259r s\u0259sl\u0259ndirdiyin\u0259 g\u00f6r\u0259 \u00f6ld\u00fcr\u00fcld\u00fcy\u00fc deyilir\" \/>\n<meta property=\"og:url\" content=\"https:\/\/www.meydan.tv\/az\/article\/boris-nemtsovun-qetlinin-motivi-aciqlanib\/\" \/>\n<meta property=\"og:site_name\" content=\"MEYDAN.TV\" \/>\n<meta property=\"article:published_time\" content=\"2015-03-09T13:34:31+00:00\" \/>\n<meta property=\"og:image\" content=\"https:\/\/www.meydan.tv\/wp-content\/uploads\/7602.jpg\" \/>\n\t<meta property=\"og:image:width\" content=\"635\" \/>\n\t<meta property=\"og:image:height\" content=\"475\" \/>\n\t<meta property=\"og:image:type\" content=\"image\/jpeg\" \/>\n<meta name=\"twitter:card\" content=\"summary_large_image\" \/>\n<!-- \/ Yoast SEO plugin. -->","yoast_head_json":{"title":"Boris Nemtsovun q\u0259tlinin motivi a\u00e7\u0131qlan\u0131b - MEYDAN.TV","robots":{"index":"index","follow":"follow","max-snippet":"max-snippet:-1","max-image-preview":"max-image-preview:large","max-video-preview":"max-video-preview:-1"},"canonical":"https:\/\/www.meydan.tv\/az\/article\/boris-nemtsovun-qetlinin-motivi-aciqlanib\/","og_locale":"az_AZ","og_type":"article","og_title":"Boris Nemtsovun q\u0259tlinin motivi a\u00e7\u0131qlan\u0131b - MEYDAN.TV","og_description":"Boris Nemtsovun \u0130slam v\u0259 m\u00fcs\u0259lmanlar haqq\u0131nda m\u0259nfi fikirl\u0259r s\u0259sl\u0259ndirdiyin\u0259 g\u00f6r\u0259 \u00f6ld\u00fcr\u00fcld\u00fcy\u00fc deyilir","og_url":"https:\/\/www.meydan.tv\/az\/article\/boris-nemtsovun-qetlinin-motivi-aciqlanib\/","og_site_name":"MEYDAN.TV","article_published_time":"2015-03-09T13:34:31+00:00","og_image":[{"width":635,"height":475,"url":"https:\/\/www.meydan.tv\/wp-content\/uploads\/7602.jpg","type":"image\/jpeg"}],"twitter_card":"summary_large_image","schema":{"@context":"https:\/\/schema.org","@graph":[{"@type":"Article","@id":"https:\/\/www.meydan.tv\/az\/article\/boris-nemtsovun-qetlinin-motivi-aciqlanib\/#article","isPartOf":{"@id":"https:\/\/www.meydan.tv\/az\/article\/boris-nemtsovun-qetlinin-motivi-aciqlanib\/"},"author":{"name":"user-manager","@id":"https:\/\/www.meydan.tv\/az\/#\/schema\/person\/10d11eccf6da3662cf5fdab9806ea91a"},"headline":"Boris Nemtsovun q\u0259tlinin motivi a\u00e7\u0131qlan\u0131b","datePublished":"2015-03-09T13:34:31+00:00","mainEntityOfPage":{"@id":"https:\/\/www.meydan.tv\/az\/article\/boris-nemtsovun-qetlinin-motivi-aciqlanib\/"},"wordCount":253,"publisher":{"@id":"https:\/\/www.meydan.tv\/az\/#organization"},"image":{"@id":"https:\/\/www.meydan.tv\/az\/article\/boris-nemtsovun-qetlinin-motivi-aciqlanib\/#primaryimage"},"thumbnailUrl":"https:\/\/www.meydan.tv\/wp-content\/uploads\/7602.jpg","articleSection":["X\u0259b\u0259rl\u0259r"],"inLanguage":"az"},{"@type":"WebPage","@id":"https:\/\/www.meydan.tv\/az\/article\/boris-nemtsovun-qetlinin-motivi-aciqlanib\/","url":"https:\/\/www.meydan.tv\/az\/article\/boris-nemtsovun-qetlinin-motivi-aciqlanib\/","name":"Boris Nemtsovun q\u0259tlinin motivi a\u00e7\u0131qlan\u0131b - MEYDAN.TV","isPartOf":{"@id":"https:\/\/www.meydan.tv\/az\/#website"},"primaryImageOfPage":{"@id":"https:\/\/www.meydan.tv\/az\/article\/boris-nemtsovun-qetlinin-motivi-aciqlanib\/#primaryimage"},"image":{"@id":"https:\/\/www.meydan.tv\/az\/article\/boris-nemtsovun-qetlinin-motivi-aciqlanib\/#primaryimage"},"thumbnailUrl":"https:\/\/www.meydan.tv\/wp-content\/uploads\/7602.jpg","datePublished":"2015-03-09T13:34:31+00:00","breadcrumb":{"@id":"https:\/\/www.meydan.tv\/az\/article\/boris-nemtsovun-qetlinin-motivi-aciqlanib\/#breadcrumb"},"inLanguage":"az","potentialAction":[{"@type":"ReadAction","target":["https:\/\/www.meydan.tv\/az\/article\/boris-nemtsovun-qetlinin-motivi-aciqlanib\/"]}]},{"@type":"ImageObject","inLanguage":"az","@id":"https:\/\/www.meydan.tv\/az\/article\/boris-nemtsovun-qetlinin-motivi-aciqlanib\/#primaryimage","url":"https:\/\/www.meydan.tv\/wp-content\/uploads\/7602.jpg","contentUrl":"https:\/\/www.meydan.tv\/wp-content\/uploads\/7602.jpg","width":635,"height":475,"caption":"Source:"},{"@type":"BreadcrumbList","@id":"https:\/\/www.meydan.tv\/az\/article\/boris-nemtsovun-qetlinin-motivi-aciqlanib\/#breadcrumb","itemListElement":[{"@type":"ListItem","position":1,"name":"Ana s\u0259hif\u0259","item":"https:\/\/www.meydan.tv\/az\/"},{"@type":"ListItem","position":2,"name":"X\u0259b\u0259rl\u0259r","item":"https:\/\/www.meydan.tv\/az\/section\/xeberler\/"},{"@type":"ListItem","position":3,"name":"Boris Nemtsovun q\u0259tlinin motivi a\u00e7\u0131qlan\u0131b"}]},{"@type":"WebSite","@id":"https:\/\/www.meydan.tv\/az\/#website","url":"https:\/\/www.meydan.tv\/az\/","name":"MEYDAN.TV","description":"Meydan TV Az\u0259rbaycan\u0131n media m\u0259kan\u0131ndak\u0131 alternativ s\u0259sidir","publisher":{"@id":"https:\/\/www.meydan.tv\/az\/#organization"},"potentialAction":[{"@type":"SearchAction","target":{"@type":"EntryPoint","urlTemplate":"https:\/\/www.meydan.tv\/az\/?s={search_term_string}"},"query-input":{"@type":"PropertyValueSpecification","valueRequired":true,"valueName":"search_term_string"}}],"inLanguage":"az"},{"@type":"Organization","@id":"https:\/\/www.meydan.tv\/az\/#organization","name":"Meydan TV","url":"https:\/\/www.meydan.tv\/az\/","logo":{"@type":"ImageObject","inLanguage":"az","@id":"https:\/\/www.meydan.tv\/az\/#\/schema\/logo\/image\/","url":"https:\/\/www.meydan.tv\/wp-content\/uploads\/2021\/07\/meydan-logo.svg","contentUrl":"https:\/\/www.meydan.tv\/wp-content\/uploads\/2021\/07\/meydan-logo.svg","width":195,"height":46,"caption":"Meydan TV"},"image":{"@id":"https:\/\/www.meydan.tv\/az\/#\/schema\/logo\/image\/"}},{"@type":"Person","@id":"https:\/\/www.meydan.tv\/az\/#\/schema\/person\/10d11eccf6da3662cf5fdab9806ea91a","name":"user-manager"}]}},"_links":{"self":[{"href":"https:\/\/www.meydan.tv\/az\/wp-json\/wp\/v2\/posts\/167171","targetHints":{"allow":["GET"]}}],"collection":[{"href":"https:\/\/www.meydan.tv\/az\/wp-json\/wp\/v2\/posts"}],"about":[{"href":"https:\/\/www.meydan.tv\/az\/wp-json\/wp\/v2\/types\/post"}],"author":[{"embeddable":true,"href":"https:\/\/www.meydan.tv\/az\/wp-json\/wp\/v2\/users\/11"}],"replies":[{"embeddable":true,"href":"https:\/\/www.meydan.tv\/az\/wp-json\/wp\/v2\/comments?post=167171"}],"version-history":[{"count":0,"href":"https:\/\/www.meydan.tv\/az\/wp-json\/wp\/v2\/posts\/167171\/revisions"}],"wp:featuredmedia":[{"embeddable":true,"href":"https:\/\/www.meydan.tv\/az\/wp-json\/wp\/v2\/media\/21118"}],"wp:attachment":[{"href":"https:\/\/www.meydan.tv\/az\/wp-json\/wp\/v2\/media?parent=167171"}],"wp:term":[{"taxonomy":"category","embeddable":true,"href":"https:\/\/www.meydan.tv\/az\/wp-json\/wp\/v2\/categories?post=167171"},{"taxonomy":"post_tag","embeddable":true,"href":"https:\/\/www.meydan.tv\/az\/wp-json\/wp\/v2\/tags?post=167171"}],"curies":[{"name":"wp","href":"https:\/\/api.w.org\/{rel}","templated":true}]}}