{"id":167169,"date":"2015-03-09T12:49:53","date_gmt":"2015-03-09T12:49:53","guid":{"rendered":"https:\/\/www.meydan.tv\/article\/ermenistan-iqtisadiyyatina-yatirmaga-kifayet-qeder-pulumuz-var\/"},"modified":"2015-03-09T12:49:53","modified_gmt":"2015-03-09T12:49:53","slug":"ermenistan-iqtisadiyyatina-yatirmaga-kifayet-qeder-pulumuz-var","status":"publish","type":"post","link":"https:\/\/www.meydan.tv\/az\/article\/ermenistan-iqtisadiyyatina-yatirmaga-kifayet-qeder-pulumuz-var\/","title":{"rendered":"\u201cErm\u0259nistan iqtisadiyyat\u0131na yat\u0131rma\u011fa kifay\u0259t q\u0259d\u0259r pulumuz var\u201d"},"content":{"rendered":"<figure class=\"wp-block-image size-large\">\n  <img decoding=\"async\" src=\"https:\/\/www.meydan.tv\/az\/13109\/\" alt=\"\" class=\"wp-image-13109\"\/><figcaption><\/figcaption><\/figure>\n<p>\n  Elin S\u00fcleymanov: \u00abAz\u0259rbaycan pulunu m\u00fcdrikc\u0259sin\u0259 x\u0259rcl\u0259yir v\u0259 \u00e7i\u00e7\u0259kl\u0259nir\u00bb\n<\/p>\n<p>\n  \u201cRusiya v\u0259 \u0130ran aras\u0131nda yerl\u0259\u015f\u0259n Az\u0259rbaycan \u00fcmid edir ki,\u00a0Birl\u0259\u015fmi\u015f \u015etatlar m\u00fctt\u0259fiql\u0259rin\u0259 daha \u00e7ox d\u0259st\u0259k g\u00f6st\u0259r\u0259c\u0259k. \u018frazimizin b\u00f6y\u00fck bir hiss\u0259sini separat\u00e7\u0131lar tutub&#8230; Bir daha qeyri-sabitlik ya\u015famaq ist\u0259mirik\u201d, &#8211; Az\u0259rbaycan\u0131n Birl\u0259\u015fmi\u015f \u015etatlardak\u0131 s\u0259firi<br \/>\n  <i><br \/>\n    <b><br \/>\n      Elin S\u00fcleymanov<br \/>\n    <\/b><br \/>\n  <\/i><br \/>\n  <a href=\"http:\/\/triblive.com\/politics\/politicalheadlines\/7809157-74\/azerbaijan-suleymanov-region#axzz3TdIvsmIt\" target=\"_blank\" rel=\"noopener\"><br \/>\n    \u00abTribune-Review\u00bb<br \/>\n  <\/a><br \/>\n  \u00a0q\u0259zetin\u0259 m\u00fcsahib\u0259sind\u0259 bel\u0259 deyib.\n<\/p>\n<p>\n  Azadl\u0131q Radiosu m\u00fcsahib\u0259nin \u0259traf\u0131nda yaranan m\u00fczakir\u0259ni t\u0259qdim edib.\n<\/p>\n<p>\n  S\u0259firin fikrinc\u0259, diplomatiya \u015f\u0259xsi m\u00fcnasib\u0259t kimidir v\u0259 uzun m\u00fcdd\u0259t Va\u015finqtonun dostu olmu\u015f Az\u0259rbaycan regionda sabitliyin b\u0259rpas\u0131 \u00fc\u00e7\u00fcn Amerikan\u0131n d\u0259st\u0259yin\u0259 bel ba\u011flay\u0131r.\n<\/p>\n<p>\n  \u00abDostlar\u0131n\u0131z\u0131 a\u015fa\u011f\u0131 qiym\u0259tl\u0259ndir\u0259 bilm\u0259zsiniz. Biz\u0259 dey\u0259 bilm\u0259zsiniz ki, \u00abbiz laz\u0131m olan\u0131 edirik v\u0259 siz d\u0259 biz n\u0259yi ist\u0259yirik edirsiniz\u00bb, &#8211; c\u0259nab S\u00fcleymanov bildirib.\n<\/p>\n<p>\n  Konqresd\u0259 Az\u0259rbaycan qrupunun h\u0259ms\u0259dri respublika\u00e7\u0131 Bill Shuster-in dediyin\u0259 g\u00f6r\u0259, Az\u0259rbaycan \u00abUkrayna kimi m\u00fctt\u0259fiql\u0259rin enerji t\u0259hl\u00fck\u0259sizliyinin t\u0259minat\u0131nda m\u00fch\u00fcm rol oynaya, onlar\u0131n enerji bax\u0131m\u0131ndan Rusiyadan as\u0131l\u0131l\u0131\u011f\u0131n\u0131 azalda bil\u0259r\u00bb.\n<\/p>\n<p>\n  \u00abAz\u0259rbaycan pulunu m\u00fcdrikc\u0259sin\u0259 x\u0259rcl\u0259yir v\u0259 \u00e7i\u00e7\u0259kl\u0259nir\u00bb, &#8211; S\u00fcleymanov bildirib. \u00abBiz qon\u015fulara s\u0259rmay\u0259 qoyuruq, Erm\u0259nistana da s\u0259rmay\u0259 yat\u0131ra, regionda t\u0259r\u0259fda\u015f ola bil\u0259rdik. Oturub h\u0259rt\u0259r\u0259fli q\u0259rar verm\u0259k laz\u0131md\u0131r. G\u0259l\u0259c\u0259yi bel\u0259 g\u00f6r\u00fcr\u00fck. \u0130ki \u00f6lk\u0259 ancaq bu yolla inki\u015faf ed\u0259, vahid region yarada bil\u0259rdi\u00bb.\n<\/p>\n<p>\n  \u00abAl\u0131nsayd\u0131, yax\u015f\u0131 olard\u0131. \u0130nan\u0131n, Allah qoysa, Erm\u0259nistan iqtisadiyyat\u0131na yat\u0131rma\u011fa kifay\u0259t q\u0259d\u0259r pulumuz var\u00bb, &#8211; dey\u0259n Elin S\u00fcleymanov m\u00fcs\u0259lmanlar\u0131n, xristianlar v\u0259 y\u0259hudil\u0259rin Az\u0259rbaycanda s\u00fclh, t\u0259hl\u00fck\u0259sizlik i\u00e7ind\u0259 ya\u015fad\u0131\u011f\u0131n\u0131 s\u00f6zl\u0259rin\u0259 \u0259lav\u0259 edib.\n<\/p>\n<p>\n  Elin S\u00fcleymanovun m\u00fcsahib\u0259sini \u00abfacebook\u00bb s\u0259hif\u0259sind\u0259 AB\u015e-\u0131n Az\u0259rbaycanda ke\u00e7mi\u015f s\u0259firi<br \/>\n  <i><br \/>\n    <b><br \/>\n      Richard Kauzlarich<br \/>\n    <\/b><br \/>\n  <\/i><br \/>\n  \u00a0payla\u015f\u0131b.\n<\/p>\n<p>\n  \u00abN\u0259y\u0259 g\u00f6r\u0259 bel\u0259 bir q\u0259na\u0259t\u0259 g\u0259lm\u0259liyik ki, Az\u0259rbaycan h\u00f6kum\u0259ti Q\u0259rbl\u0259 m\u00fcnasib\u0259tl\u0259rin\u0259 dair bir s\u0259sl\u0259 dan\u0131\u015f\u0131r \u2013 ax\u0131 xeyli dig\u0259r s\u0259sl\u0259r d\u0259 var. Mehdiyevin polemikas\u0131 (Prezident Administrasiyas\u0131 r\u0259hb\u0259rinin AB\u015e qurumlar\u0131n\u0131n Az\u0259rbaycanda inqilab haz\u0131rlamas\u0131 haqda yaz\u0131s\u0131 n\u0259z\u0259rd\u0259 tutulur\u2013\u00a0red.) AB\u015e-da reaksiya do\u011furdu v\u0259 t\u0259s\u0259vv\u00fcr edir\u0259m Xarici \u0130\u015fl\u0259r Nazirliyind\u0259 \u00e7oxu \u00f6z\u00fcn\u00fc nec\u0259 rahats\u0131z hiss etdi. Bu m\u00fcsahib\u0259nin bir m\u0259qs\u0259di d\u0259 ziyan\u0131 \u00f6rt-basd\u0131r etm\u0259kdir\u00bb, &#8211; AB\u015e-da ya\u015fayan analitik<br \/>\n  <i><br \/>\n    <b><br \/>\n      Karl Rahder<br \/>\n    <\/b><br \/>\n  <\/i><br \/>\n  \u00a0yaz\u0131r.\n<\/p>\n<p>\n  \u00ab\u018fliyev rejimi daxilind\u0259 \u00abQ\u0259rby\u00f6n\u00fcml\u00fc\u00bb v\u0259 \u00abRusiyap\u0259r\u0259st\u00bb qanadlar, \u015f\u0259r q\u00fcvv\u0259 Ramiz Mehdiyevl\u0259 xo\u015fm\u0259raml\u0131 Elin S\u00fcleymanovun m\u00fcbariz\u0259si, Prezident \u018fliyevin d\u0259 iki c\u0259bh\u0259 aras\u0131nda balans yaratmas\u0131 fikirl\u0259ri mifd\u0259n ba\u015fqa bir \u015fey deyil. Faktiki olaraq, c\u0259nab Mehdiyev \u018fliyevin ba\u015f ideoloqu, S\u00fcleymanov is\u0259 AB\u015e-dak\u0131 ba\u015f lobbi\u00e7idir. Balaca bir diktatorlu\u011fun d\u00fcnyan\u0131n \u0259n g\u00fccl\u00fc demokratiyas\u0131na qar\u015f\u0131 \u00abyax\u015f\u0131-pis o\u011flan\u00bb oyunu oynamas\u0131 ironikdir\u00bb. Bunu is\u0259 Az\u0259rbaycanl\u0131 Amerikal\u0131lar Demokratiya U\u011frunda (AZAD)\u00a0t\u0259\u015fkilat\u0131n\u0131n s\u0259dri<br \/>\n  <i><br \/>\n    <b><br \/>\n      Elmar \u015eahtaxtinski<br \/>\n    <\/b><br \/>\n  <\/i><br \/>\n  \u00a0yaz\u0131r.\n<\/p>\n<p>\n  \u00abAz\u0259rbaycan h\u0259r d\u0259f\u0259 beyn\u0259lxalq t\u0259dbir\u0259 ev sahibliyi ed\u0259nd\u0259, \u00f6lk\u0259l\u0259ri t\u0259nqid etm\u0259k \u00fczr\u0259 ixtisasla\u015fan QHT-l\u0259r bu \u00f6lk\u0259y\u0259 qar\u015f\u0131 haqs\u0131z h\u00fccuma ke\u00e7irl\u0259r\u00bb, &#8211; bunu Az\u0259rbaycan\u0131n Bel\u00e7ikadak\u0131 s\u0259firi<br \/>\n  <b><br \/>\n    <i><br \/>\n      Fuad \u0130sg\u0259nd\u0259rov<br \/>\n    <\/i><br \/>\n  <\/b><br \/>\n  <b><br \/>\n    <i><\/i><br \/>\n  <\/b><br \/>\n  <a href=\"http:\/\/www.euractiv.com\/sections\/europes-east\/ambassador-azerbaijan-unfairly-targeted-312701\" target=\"_blank\" rel=\"noopener\"><br \/>\n    \u00abEurActiv\u00bb<br \/>\n  <\/a><br \/>\n  \u00a0portal\u0131na m\u00fcsahib\u0259sind\u0259 deyib.\n<\/p>\n<p>\n  \u00abAvropa Oyunlar\u0131 \u0259r\u0259f\u0259sind\u0259 \u00f6lk\u0259nizd\u0259 t\u0259m\u0259l insan haqlar\u0131 pozuntular\u0131na dair beyn\u0259lxalq t\u0259nqidl\u0259r\u0259 n\u0259 dey\u0259rdiniz\u00bb sual\u0131n\u0131 c\u0259nab \u0130sg\u0259nd\u0259rov bel\u0259 cavabland\u0131r\u0131b:\n<\/p>\n<p>\n  \u00abBu, birinci d\u0259f\u0259 deyil ba\u015f verir. 2012-ci il \u00abEurovision\u00bb mahn\u0131 m\u00fcsabiq\u0259si \u0259r\u0259f\u0259sind\u0259 d\u0259 eyni fenomen ba\u015f verirdi&#8230; Bir d\u0259f\u0259 onlar\u0131n t\u0259msil\u00e7isind\u0259n soru\u015fdum ki, \u00abBunu niy\u0259 edirsiniz? Bu, bizim \u00fc\u00e7\u00fcn bir \u0259lam\u0259tdar t\u0259dbirdir, \u015f\u0259r\u0259fdir\u00bb. Dedi ki, \u00c7ind\u0259, Braziliyada da d\u00fcnyamiqyasl\u0131 t\u0259dbirl\u0259r \u00f6nc\u0259si insan haqlar\u0131 m\u0259s\u0259l\u0259sini g\u00fcnd\u0259m\u0259 g\u0259tirirl\u0259r\u00bb.\n<\/p>\n<p>\n  <i><br \/>\n    <b><br \/>\n      &#8211; Niy\u0259 ax\u0131 h\u00f6kum\u0259tiniz t\u0259nqid olunan m\u0259s\u0259l\u0259l\u0259ri sad\u0259c\u0259 h\u0259ll etmir?<br \/>\n    <\/b><br \/>\n  <\/i>\n<\/p>\n<p>\n  &#8211; M\u0259nc\u0259, he\u00e7 bir \u00f6lk\u0259 bitkin deyil. Biz d\u0259 istisna t\u0259\u015fkil etmirik. M\u0259nc\u0259, t\u0259nqid olunas\u0131 da t\u0259k \u00f6lk\u0259 deyilik. Avropan\u0131n qon\u015fulu\u011funda \u00e7oxlu probleml\u0259r olan \u00f6lk\u0259l\u0259r g\u00f6r\u00fcr\u00fck. Ancaq yen\u0259 d\u0259 h\u0259d\u0259f\u0259 al\u0131nan biz oluruq. \u00d6lk\u0259l\u0259rin adlar\u0131n\u0131 \u00e7\u0259km\u0259k ist\u0259mir\u0259m, ancaq siyasi h\u0259bsl\u0259r, n\u00fcmayi\u015fl\u0259rd\u0259 \u00f6ld\u00fcr\u00fcl\u0259nl\u0259r olur, Avropa Birliyinin b\u0259yanat, Avropa Parlamentinin q\u0259tnam\u0259 q\u0259bul etdiyini g\u00f6rm\u00fcr\u00fck. Bu, ikili standartd\u0131r? Niy\u0259 ancaq Az\u0259rbaycan h\u0259d\u0259f\u0259 al\u0131n\u0131r?\n<\/p>\n<p>\n  \u0130yunda Bak\u0131da ke\u00e7iril\u0259c\u0259k ilk Avropa Oyunlar\u0131 \u0259r\u0259f\u0259sind\u0259 beyn\u0259lxalq h\u00fcquq-m\u00fcdafi\u0259 t\u0259\u015fkilatlar\u0131 b\u0259yanatlar yayaraq Az\u0259rbaycanda insan haqlar\u0131 pozuntular\u0131n\u0131 g\u00fcnd\u0259m\u0259 g\u0259tirir, hakimiyy\u0259ti h\u0259bsd\u0259 olan siyasi m\u0259hbuslar\u0131 azadl\u0131\u011fa buraxma\u011fa \u00e7a\u011f\u0131r\u0131r. Hakimiyy\u0259t is\u0259 \u00absiyasi m\u0259hbus\u00bb anlay\u0131\u015f\u0131n\u0131 q\u0259bul etmir, h\u0259min qurumlar\u0131 \u00abq\u0259r\u0259zli kampaniya\u00bb aparmaqda ittiham edir.<\/p>\n","protected":false},"excerpt":{"rendered":"<p>Elin S\u00fcleymanov: \u00abAz\u0259rbaycan pulunu m\u00fcdrikc\u0259sin\u0259 x\u0259rcl\u0259yir v\u0259 \u00e7i\u00e7\u0259kl\u0259nir\u00bb<\/p>\n","protected":false},"author":11,"featured_media":13109,"comment_status":"closed","ping_status":"open","sticky":false,"template":"","format":"standard","meta":{"_acf_changed":false,"_sitemap_exclude":false,"_sitemap_priority":"","_sitemap_frequency":"","footnotes":""},"categories":[56],"tags":[],"class_list":["post-167169","post","type-post","status-publish","format-standard","has-post-thumbnail","hentry","category-xeberler","infinite-scroll-item","generate-columns","tablet-grid-50","mobile-grid-100","grid-parent","grid-33","no-featured-image-padding"],"acf":[],"yoast_head":"<!-- This site is optimized with the Yoast SEO plugin v28.3 - https:\/\/yoast.com\/product\/yoast-seo-wordpress\/ -->\n<title>\u201cErm\u0259nistan iqtisadiyyat\u0131na yat\u0131rma\u011fa kifay\u0259t q\u0259d\u0259r pulumuz var\u201d - MEYDAN.TV<\/title>\n<meta name=\"robots\" content=\"index, follow, max-snippet:-1, max-image-preview:large, max-video-preview:-1\" \/>\n<link rel=\"canonical\" href=\"https:\/\/www.meydan.tv\/az\/article\/ermenistan-iqtisadiyyatina-yatirmaga-kifayet-qeder-pulumuz-var\/\" \/>\n<meta property=\"og:locale\" content=\"az_AZ\" \/>\n<meta property=\"og:type\" content=\"article\" \/>\n<meta property=\"og:title\" content=\"\u201cErm\u0259nistan iqtisadiyyat\u0131na yat\u0131rma\u011fa kifay\u0259t q\u0259d\u0259r pulumuz var\u201d - MEYDAN.TV\" \/>\n<meta property=\"og:description\" content=\"Elin S\u00fcleymanov: \u00abAz\u0259rbaycan pulunu m\u00fcdrikc\u0259sin\u0259 x\u0259rcl\u0259yir v\u0259 \u00e7i\u00e7\u0259kl\u0259nir\u00bb\" \/>\n<meta property=\"og:url\" content=\"https:\/\/www.meydan.tv\/az\/article\/ermenistan-iqtisadiyyatina-yatirmaga-kifayet-qeder-pulumuz-var\/\" \/>\n<meta property=\"og:site_name\" content=\"MEYDAN.TV\" \/>\n<meta property=\"article:published_time\" content=\"2015-03-09T12:49:53+00:00\" \/>\n<meta property=\"og:image\" content=\"https:\/\/www.meydan.tv\/wp-content\/uploads\/7600.jpg\" \/>\n\t<meta property=\"og:image:width\" content=\"930\" \/>\n\t<meta property=\"og:image:height\" content=\"619\" \/>\n\t<meta property=\"og:image:type\" content=\"image\/jpeg\" \/>\n<meta name=\"twitter:card\" content=\"summary_large_image\" \/>\n<!-- \/ Yoast SEO plugin. -->","yoast_head_json":{"title":"\u201cErm\u0259nistan iqtisadiyyat\u0131na yat\u0131rma\u011fa kifay\u0259t q\u0259d\u0259r pulumuz var\u201d - MEYDAN.TV","robots":{"index":"index","follow":"follow","max-snippet":"max-snippet:-1","max-image-preview":"max-image-preview:large","max-video-preview":"max-video-preview:-1"},"canonical":"https:\/\/www.meydan.tv\/az\/article\/ermenistan-iqtisadiyyatina-yatirmaga-kifayet-qeder-pulumuz-var\/","og_locale":"az_AZ","og_type":"article","og_title":"\u201cErm\u0259nistan iqtisadiyyat\u0131na yat\u0131rma\u011fa kifay\u0259t q\u0259d\u0259r pulumuz var\u201d - MEYDAN.TV","og_description":"Elin S\u00fcleymanov: \u00abAz\u0259rbaycan pulunu m\u00fcdrikc\u0259sin\u0259 x\u0259rcl\u0259yir v\u0259 \u00e7i\u00e7\u0259kl\u0259nir\u00bb","og_url":"https:\/\/www.meydan.tv\/az\/article\/ermenistan-iqtisadiyyatina-yatirmaga-kifayet-qeder-pulumuz-var\/","og_site_name":"MEYDAN.TV","article_published_time":"2015-03-09T12:49:53+00:00","og_image":[{"width":930,"height":619,"url":"https:\/\/www.meydan.tv\/wp-content\/uploads\/7600.jpg","type":"image\/jpeg"}],"twitter_card":"summary_large_image","schema":{"@context":"https:\/\/schema.org","@graph":[{"@type":"Article","@id":"https:\/\/www.meydan.tv\/az\/article\/ermenistan-iqtisadiyyatina-yatirmaga-kifayet-qeder-pulumuz-var\/#article","isPartOf":{"@id":"https:\/\/www.meydan.tv\/az\/article\/ermenistan-iqtisadiyyatina-yatirmaga-kifayet-qeder-pulumuz-var\/"},"author":{"name":"user-manager","@id":"https:\/\/www.meydan.tv\/az\/#\/schema\/person\/10d11eccf6da3662cf5fdab9806ea91a"},"headline":"\u201cErm\u0259nistan iqtisadiyyat\u0131na yat\u0131rma\u011fa kifay\u0259t q\u0259d\u0259r pulumuz var\u201d","datePublished":"2015-03-09T12:49:53+00:00","mainEntityOfPage":{"@id":"https:\/\/www.meydan.tv\/az\/article\/ermenistan-iqtisadiyyatina-yatirmaga-kifayet-qeder-pulumuz-var\/"},"wordCount":944,"publisher":{"@id":"https:\/\/www.meydan.tv\/az\/#organization"},"image":{"@id":"https:\/\/www.meydan.tv\/az\/article\/ermenistan-iqtisadiyyatina-yatirmaga-kifayet-qeder-pulumuz-var\/#primaryimage"},"thumbnailUrl":"https:\/\/www.meydan.tv\/wp-content\/uploads\/7600.jpg","articleSection":["X\u0259b\u0259rl\u0259r"],"inLanguage":"az"},{"@type":"WebPage","@id":"https:\/\/www.meydan.tv\/az\/article\/ermenistan-iqtisadiyyatina-yatirmaga-kifayet-qeder-pulumuz-var\/","url":"https:\/\/www.meydan.tv\/az\/article\/ermenistan-iqtisadiyyatina-yatirmaga-kifayet-qeder-pulumuz-var\/","name":"\u201cErm\u0259nistan iqtisadiyyat\u0131na yat\u0131rma\u011fa kifay\u0259t q\u0259d\u0259r pulumuz var\u201d - MEYDAN.TV","isPartOf":{"@id":"https:\/\/www.meydan.tv\/az\/#website"},"primaryImageOfPage":{"@id":"https:\/\/www.meydan.tv\/az\/article\/ermenistan-iqtisadiyyatina-yatirmaga-kifayet-qeder-pulumuz-var\/#primaryimage"},"image":{"@id":"https:\/\/www.meydan.tv\/az\/article\/ermenistan-iqtisadiyyatina-yatirmaga-kifayet-qeder-pulumuz-var\/#primaryimage"},"thumbnailUrl":"https:\/\/www.meydan.tv\/wp-content\/uploads\/7600.jpg","datePublished":"2015-03-09T12:49:53+00:00","breadcrumb":{"@id":"https:\/\/www.meydan.tv\/az\/article\/ermenistan-iqtisadiyyatina-yatirmaga-kifayet-qeder-pulumuz-var\/#breadcrumb"},"inLanguage":"az","potentialAction":[{"@type":"ReadAction","target":["https:\/\/www.meydan.tv\/az\/article\/ermenistan-iqtisadiyyatina-yatirmaga-kifayet-qeder-pulumuz-var\/"]}]},{"@type":"ImageObject","inLanguage":"az","@id":"https:\/\/www.meydan.tv\/az\/article\/ermenistan-iqtisadiyyatina-yatirmaga-kifayet-qeder-pulumuz-var\/#primaryimage","url":"https:\/\/www.meydan.tv\/wp-content\/uploads\/7600.jpg","contentUrl":"https:\/\/www.meydan.tv\/wp-content\/uploads\/7600.jpg","width":930,"height":619,"caption":"Source:"},{"@type":"BreadcrumbList","@id":"https:\/\/www.meydan.tv\/az\/article\/ermenistan-iqtisadiyyatina-yatirmaga-kifayet-qeder-pulumuz-var\/#breadcrumb","itemListElement":[{"@type":"ListItem","position":1,"name":"Ana s\u0259hif\u0259","item":"https:\/\/www.meydan.tv\/az\/"},{"@type":"ListItem","position":2,"name":"X\u0259b\u0259rl\u0259r","item":"https:\/\/www.meydan.tv\/az\/section\/xeberler\/"},{"@type":"ListItem","position":3,"name":"\u201cErm\u0259nistan iqtisadiyyat\u0131na yat\u0131rma\u011fa kifay\u0259t q\u0259d\u0259r pulumuz var\u201d"}]},{"@type":"WebSite","@id":"https:\/\/www.meydan.tv\/az\/#website","url":"https:\/\/www.meydan.tv\/az\/","name":"MEYDAN.TV","description":"Meydan TV Az\u0259rbaycan\u0131n media m\u0259kan\u0131ndak\u0131 alternativ s\u0259sidir","publisher":{"@id":"https:\/\/www.meydan.tv\/az\/#organization"},"potentialAction":[{"@type":"SearchAction","target":{"@type":"EntryPoint","urlTemplate":"https:\/\/www.meydan.tv\/az\/?s={search_term_string}"},"query-input":{"@type":"PropertyValueSpecification","valueRequired":true,"valueName":"search_term_string"}}],"inLanguage":"az"},{"@type":"Organization","@id":"https:\/\/www.meydan.tv\/az\/#organization","name":"Meydan TV","url":"https:\/\/www.meydan.tv\/az\/","logo":{"@type":"ImageObject","inLanguage":"az","@id":"https:\/\/www.meydan.tv\/az\/#\/schema\/logo\/image\/","url":"https:\/\/www.meydan.tv\/wp-content\/uploads\/2021\/07\/meydan-logo.svg","contentUrl":"https:\/\/www.meydan.tv\/wp-content\/uploads\/2021\/07\/meydan-logo.svg","width":195,"height":46,"caption":"Meydan TV"},"image":{"@id":"https:\/\/www.meydan.tv\/az\/#\/schema\/logo\/image\/"}},{"@type":"Person","@id":"https:\/\/www.meydan.tv\/az\/#\/schema\/person\/10d11eccf6da3662cf5fdab9806ea91a","name":"user-manager"}]}},"_links":{"self":[{"href":"https:\/\/www.meydan.tv\/az\/wp-json\/wp\/v2\/posts\/167169","targetHints":{"allow":["GET"]}}],"collection":[{"href":"https:\/\/www.meydan.tv\/az\/wp-json\/wp\/v2\/posts"}],"about":[{"href":"https:\/\/www.meydan.tv\/az\/wp-json\/wp\/v2\/types\/post"}],"author":[{"embeddable":true,"href":"https:\/\/www.meydan.tv\/az\/wp-json\/wp\/v2\/users\/11"}],"replies":[{"embeddable":true,"href":"https:\/\/www.meydan.tv\/az\/wp-json\/wp\/v2\/comments?post=167169"}],"version-history":[{"count":0,"href":"https:\/\/www.meydan.tv\/az\/wp-json\/wp\/v2\/posts\/167169\/revisions"}],"wp:featuredmedia":[{"embeddable":true,"href":"https:\/\/www.meydan.tv\/az\/wp-json\/wp\/v2\/media\/13109"}],"wp:attachment":[{"href":"https:\/\/www.meydan.tv\/az\/wp-json\/wp\/v2\/media?parent=167169"}],"wp:term":[{"taxonomy":"category","embeddable":true,"href":"https:\/\/www.meydan.tv\/az\/wp-json\/wp\/v2\/categories?post=167169"},{"taxonomy":"post_tag","embeddable":true,"href":"https:\/\/www.meydan.tv\/az\/wp-json\/wp\/v2\/tags?post=167169"}],"curies":[{"name":"wp","href":"https:\/\/api.w.org\/{rel}","templated":true}]}}