{"id":167165,"date":"2015-03-07T22:42:25","date_gmt":"2015-03-07T22:42:25","guid":{"rendered":"https:\/\/www.meydan.tv\/article\/iqtisadcilar-merkezi-bankin-qerarini-deyerlendirdi\/"},"modified":"2015-03-07T22:42:25","modified_gmt":"2015-03-07T22:42:25","slug":"iqtisadcilar-merkezi-bankin-qerarini-deyerlendirdi","status":"publish","type":"post","link":"https:\/\/www.meydan.tv\/az\/article\/iqtisadcilar-merkezi-bankin-qerarini-deyerlendirdi\/","title":{"rendered":"\u0130qtisad\u00e7\u0131lar M\u0259rk\u0259zi Bank\u0131n q\u0259rar\u0131n\u0131 d\u0259y\u0259rl\u0259ndirdi"},"content":{"rendered":"<figure class=\"wp-block-image size-large\">\n  <img decoding=\"async\" src=\"https:\/\/www.meydan.tv\/az\/21085\/\" alt=\"\" class=\"wp-image-21085\"\/><figcaption><\/figcaption><\/figure>\n<figure class=\"wp-block-image size-large\">\n  <img decoding=\"async\" src=\"https:\/\/www.meydan.tv\/az\/21085\/\" alt=\"\" class=\"wp-image-21085\"\/><figcaption><\/figcaption><\/figure>\n<p>\n  <i><br \/>\n    Natiq C\u0259f\u0259rli: \u201cB<br \/>\n  <\/i><br \/>\n  <i><br \/>\n    anklar<br \/>\n  <\/i><br \/>\n  <i><br \/>\n    \u00f6<br \/>\n  <\/i><br \/>\n  <i><br \/>\n    z probleml<br \/>\n  <\/i><br \/>\n  <i><br \/>\n    \u0259<br \/>\n  <\/i><br \/>\n  <i><br \/>\n    rini<br \/>\n  <\/i><br \/>\n  <i><br \/>\n    \u00f6<br \/>\n  <\/i><br \/>\n  <i><br \/>\n    zl<br \/>\n  <\/i><br \/>\n  <i><br \/>\n    \u0259<br \/>\n  <\/i><br \/>\n  <i><br \/>\n    ri h<br \/>\n  <\/i><br \/>\n  <i><br \/>\n    \u0259<br \/>\n  <\/i><br \/>\n  <i><br \/>\n    ll etm<br \/>\n  <\/i><br \/>\n  <i><br \/>\n    \u0259<br \/>\n  <\/i><br \/>\n  <i><br \/>\n    li olacaqlar<br \/>\n  <\/i><br \/>\n  <i><br \/>\n    \u201d<br \/>\n  <\/i>\n<\/p>\n<p>\n  <i><br \/>\n    Qubad \u0130bado\u011flu: \u201cM\u0259rk\u0259zi Bank\u0131n q\u0259rar\u0131 &#8221;<br \/>\n  <\/i><br \/>\n  <i><br \/>\n    ba<br \/>\n  <\/i><br \/>\n  <i><br \/>\n    \u015f<br \/>\n  <\/i><br \/>\n  <i><br \/>\n    l<br \/>\n  <\/i><br \/>\n  <i><br \/>\n    \u0131<br \/>\n  <\/i><br \/>\n  <i><br \/>\n    ba<br \/>\n  <\/i><br \/>\n  <i><br \/>\n    \u015f\u0131<br \/>\n  <\/i><br \/>\n  <i><br \/>\n    n saxlas<br \/>\n  <\/i><br \/>\n  <i><br \/>\n    \u0131<br \/>\n  <\/i><br \/>\n  <i><br \/>\n    n&#8221;<br \/>\n  <\/i><br \/>\n  <i><br \/>\n    dem\u0259kdir\u201d<br \/>\n  <\/i>\n<\/p>\n<p>\n  <i><br \/>\n    Z\u00f6hrab \u0130smay\u0131l: \u201c<br \/>\n  <\/i><br \/>\n  <i><br \/>\n    M<br \/>\n  <\/i><br \/>\n  <i><br \/>\n    \u0259<br \/>\n  <\/i><br \/>\n  <i><br \/>\n    qs<br \/>\n  <\/i><br \/>\n  <i><br \/>\n    \u0259<br \/>\n  <\/i><br \/>\n  <i><br \/>\n    d banklar<br \/>\n  <\/i><br \/>\n  <i><br \/>\n    \u0131<br \/>\n  <\/i><br \/>\n  <i><br \/>\n    n valyuta bazar<br \/>\n  <\/i><br \/>\n  <i><br \/>\n    \u0131<br \/>\n  <\/i><br \/>\n  <i><br \/>\n    nda f<br \/>\n  <\/i><br \/>\n  <i><br \/>\n    \u0259<br \/>\n  <\/i><br \/>\n  <i><br \/>\n    all<br \/>\n  <\/i><br \/>\n  <i><br \/>\n    \u0131\u011f\u0131<br \/>\n  <\/i><br \/>\n  <i><br \/>\n    n<br \/>\n  <\/i><br \/>\n  <i><br \/>\n    \u0131<br \/>\n  <\/i><br \/>\n  <i><br \/>\n    n arrmas<br \/>\n  <\/i><br \/>\n  <i><br \/>\n    \u0131<br \/>\n  <\/i><br \/>\n  <i><br \/>\n    na<br \/>\n  <\/i><br \/>\n  <i><br \/>\n    \u015f\u0259<br \/>\n  <\/i><br \/>\n  <i><br \/>\n    rait yaratmaqd<br \/>\n  <\/i><br \/>\n  <i><br \/>\n    \u0131<br \/>\n  <\/i><br \/>\n  <i><br \/>\n    r<br \/>\n  <\/i><br \/>\n  <i><br \/>\n    \u201d<br \/>\n  <\/i>\n<\/p>\n<p>\n  M\u0259rk\u0259zi Bank\u0131n (MB) ba\u015f direktoru R\u0259\u015fad Orucovun mart\u0131n 5-d\u0259 banklara g\u00f6nd\u0259rdiyi m\u0259ktub median\u0131n diqq\u0259t m\u0259rk\u0259zind\u0259dir. \u201cAzadl\u0131q\u201d q\u0259zetinin d\u0259rc etdiyi m\u0259ktubda banklara bu ilin sonunad\u0259k a\u00e7\u0131q valyuta m\u00f6vqeyi limitl\u0259ri t\u0259tbiq edilm\u0259y\u0259c\u0259yi vur\u011fulan\u0131r v\u0259 M\u0259rk\u0259zi Bank\u0131n bundan sonra banklar\u0131n valyuta riskl\u0259rini t\u0259nziml\u0259m\u0259y\u0259c\u0259k v\u0259 onlara n\u0259zar\u0259t etm\u0259y\u0259c\u0259yi bildirilir.\n<\/p>\n<p>\n  Meydan TV MB-\u0131n ba\u015f direktoru R\u0259\u015fad Orucovun m\u0259ktubu il\u0259 \u0259laq\u0259dar \u00f6lk\u0259 iqtisad\u00e7\u0131lar\u0131na m\u00fcraci\u0259t edib.\n<\/p>\n<figure class=\"wp-block-image size-large\">\n  <img decoding=\"async\" src=\"https:\/\/www.meydan.tv\/az\/21088\/\" alt=\"\" class=\"wp-image-21088\"\/><figcaption><\/figcaption><\/figure>\n<p>\n  REAL \u0130dar\u0259 Hey\u0259tinin \u00fczv\u00fc Natiq C\u0259f\u0259rlinin s\u00f6zl\u0259rin\u0259 g\u00f6r\u0259, M\u0259rk\u0259zi Bank\u0131n m\u0259ktubundan bel\u0259 ayd\u0131n olur ki, banklara valyuta il\u0259 g\u00f6t\u00fcrd\u00fckl\u0259ri xarici \u00f6hd\u0259likl\u0259rin artmas\u0131na g\u00f6r\u0259 riskl\u0259ri \u00f6z \u00fcz\u0259rin\u0259 g\u00f6t\u00fcrm\u0259k t\u0259klif olunur: &#8220;Q\u0131sas\u0131, banklar \u00f6z probleml\u0259rini \u00f6zl\u0259ri h\u0259ll etm\u0259li olacaqlar. M\u0259rk\u0259zi Bank anlay\u0131r ki, banklar\u0131n probleml\u0259ri artacaq, onlar\u0131n ham\u0131s\u0131na k\u00f6m\u0259k etm\u0259k g\u00fcc\u00fcnd\u0259 olmayacaq&#8221;.\n<\/p>\n<p>\n  Az\u0259rbaycan Demokratiya v\u0259 Rifah H\u0259r\u0259kat\u0131n\u0131n s\u0259dri, iqtisad\u00e7\u0131 Qubad \u0130bado\u011flunun fikrinc\u0259, indiy\u0259d\u0259k M\u0259rk\u0259zi Bank m\u00fcv\u0259kkil banklar\u0131n a\u00e7\u0131q valyuta m\u00f6vqeyi \u00fc\u00e7\u00fcn limitl\u0259r m\u00fc\u0259yy\u0259n \u00a0edirdi ki, valyuyta riskl\u0259rini t\u0259nziml\u0259sin: &#8220;Bunun \u00fc\u00e7\u00fcn 31 yanvar 2001-ci ild\u0259 m\u00fcvafiq qaydalar da t\u0259sdiq etmi\u015fdi. Bu qaydalara g\u00f6r\u0259, banklar\u0131n valyutada olan t\u0259l\u0259bl\u0259ri v\u0259 \u00f6hd\u0259likl\u0259rinin m\u0259bl\u0259\u011fl\u0259ri aras\u0131nda, m\u00fcbadil\u0259 m\u0259z\u0259nn\u0259sinin \u0259lveri\u015fsiz d\u0259yi\u015fm\u0259si \u015f\u0259raitind\u0259 yaranan itkil\u0259rd\u0259n qaynaqlanan riskl\u0259rin m\u0259hdudla\u015fd\u0131r\u0131lmas\u0131 m\u0259qs\u0259dil\u0259 limit t\u0259tbiq edilirdi. \u0130ndi h\u0259min limitl\u0259r aradan qald\u0131r\u0131laraq, riskl\u0259r banklar\u0131n \u00f6z \u00fcz\u0259rin\u0259 qoyulur. Y\u0259ni bir n\u00f6v M\u0259rk\u0259zi Bank m\u00fcbadil\u0259 m\u0259z\u0259nn\u0259sinin \u0259lveri\u015fsiz d\u0259yi\u015fm\u0259si \u015f\u0259raitind\u0259 yaranan itkil\u0259r\u0259 g\u00f6r\u0259 m\u0259suliyy\u0259td\u0259n \u00f6z\u00fcn\u00fc k\u0259narla\u015fd\u0131r\u0131r&#8221;.\n<\/p>\n<figure class=\"wp-block-image size-large\">\n  <img decoding=\"async\" src=\"https:\/\/www.meydan.tv\/az\/21091\/\" alt=\"\" class=\"wp-image-21091\"\/><figcaption><\/figcaption><\/figure>\n<p>\n  Qubad \u0130bado\u011flunun s\u00f6zl\u0259rin\u0259 g\u00f6r\u0259, bu riskl\u0259ri d\u00fczg\u00fcn idar\u0259 ed\u0259 bilm\u0259y\u0259n banklar\u0131n \u00f6hd\u0259likl\u0259rind\u0259 problem yarana bil\u0259r: &#8220;O s\u0131radan da \u0259man\u0259t\u00e7il\u0259r v\u0259 ya \u00a0bank \u00f6z\u00fc kredit g\u00f6t\u00fcrd\u00fckl\u0259ri t\u0259\u015fkilatlar qar\u015f\u0131s\u0131nda \u00f6hd\u0259lik\u0259rini yerin\u0259 yetirm\u0259k \u00fc\u00e7\u00fcn riskl\u0259ri d\u0259 \u00f6zl\u0259ri idar\u0259 etm\u0259lidirl\u0259r. Bel\u0259 olan halda da\u00a0m\u00fcbadil\u0259 m\u0259z\u0259nn\u0259sinin \u0259lveri\u015fsiz d\u0259yi\u015fm\u0259si \u015f\u0259raitind\u0259 yaranan riskl\u0259ri d\u00fczg\u00fcn \u00a0idar\u0259etm\u0259y\u0259n banklarla borc ver\u0259nl\u0259r aras\u0131nda probleml\u0259r yarana bil\u0259r. Y\u0259ni ba\u015fl\u0131 ba\u015f\u0131n saxlas\u0131n!&#8221;\n<\/p>\n<p>\n  \u0130qtisad\u00e7\u0131 Z\u00f6hrab \u0130smay\u0131l m\u0259ktubu bel\u0259 d\u0259y\u0259rl\u0259ndirdi: &#8220;Valyuta m\u00f6vqeyi limiti banklar\u0131n valyuta \u0259m\u0259liyyatlar\u0131 \u00fczr\u0259 g\u00f6zl\u0259ntil\u0259ri v\u0259 \u00f6hd\u0259likl\u0259rinin nisb\u0259tin\u0259 qoyulan m\u0259hdudiyy\u0259tdir. \u0130ndi bu m\u0259hdudiyy\u0259t yanvar\u0131n birin\u0259d\u0259k g\u00f6t\u00fcr\u00fcl\u00fcr. Bu q\u0259rarda m\u0259qs\u0259d banklar\u0131n valyuta bazar\u0131nda f\u0259all\u0131\u011f\u0131n\u0131n arrmas\u0131na \u015f\u0259rait yaratmaqd\u0131r\u201d.\n<\/p>\n<figure class=\"wp-block-image size-large\">\n  <img decoding=\"async\" src=\"https:\/\/www.meydan.tv\/az\/21094\/\" alt=\"\" class=\"wp-image-21094\"\/><figcaption><\/figcaption><\/figure>\n<p>\n  O hesab edir ki, valyuta bazar\u0131ndak\u0131 qeyri-sabitlik \u015f\u0259raitind\u0259 bu add\u0131m pozitiv qiym\u0259tl\u0259ndirilm\u0259lidir: \u201c\u018fslind\u0259 \u015f\u0259xs\u0259n m\u0259n \u00fcmum\u0259n bel\u0259 limitl\u0259rin \u0259leyhin\u0259y\u0259m. Burada banklar\u0131n \u00f6hd\u0259likl\u0259ri \u00fc\u00e7\u00fcn m\u00fc\u0259yy\u0259n riskl\u0259rin yaranmas\u0131 m\u00fcmk\u00fcnd\u00fcr. Ancaq banklar \u00f6zl\u0259ri riskl\u0259rini idar\u0259 ed\u0259 bil\u0259rl\u0259r. \u018fn az\u0131ndan g\u00fccl\u00fc v\u0259 \u00e7evik banklar \u00f6z riskl\u0259rini \u00f6zl\u0259ri idar\u0259 etm\u0259lidir\u201d.<\/p>\n","protected":false},"excerpt":{"rendered":"<p>Natiq C\u0259f\u0259rli: \u201cBanklar \u00f6z probleml\u0259rini \u00f6zl\u0259ri h\u0259ll etm\u0259li olacaqlar\u201d<br \/>\nQubad \u0130bado\u011flu: \u201cM\u0259rk\u0259zi Bank\u0131n q\u0259rar\u0131 &#8220;ba\u015fl\u0131 ba\u015f\u0131n saxlas\u0131n&#8221; dem\u0259kdir\u201d<br \/>\nZ\u00f6hrab \u0130smay\u0131l: \u201cM\u0259qs\u0259d banklar\u0131n valyuta bazar\u0131nda f\u0259all\u0131\u011f\u0131n\u0131n arrmas\u0131na \u015f\u0259rait yaratmaqd\u0131r\u201d<\/p>\n","protected":false},"author":11,"featured_media":21085,"comment_status":"closed","ping_status":"open","sticky":false,"template":"","format":"standard","meta":{"_acf_changed":false,"_sitemap_exclude":false,"_sitemap_priority":"","_sitemap_frequency":"","footnotes":""},"categories":[56],"tags":[],"class_list":["post-167165","post","type-post","status-publish","format-standard","has-post-thumbnail","hentry","category-xeberler","infinite-scroll-item","generate-columns","tablet-grid-50","mobile-grid-100","grid-parent","grid-33","no-featured-image-padding"],"acf":[],"yoast_head":"<!-- This site is optimized with the Yoast SEO plugin v28.3 - https:\/\/yoast.com\/product\/yoast-seo-wordpress\/ -->\n<title>\u0130qtisad\u00e7\u0131lar M\u0259rk\u0259zi Bank\u0131n q\u0259rar\u0131n\u0131 d\u0259y\u0259rl\u0259ndirdi - MEYDAN.TV<\/title>\n<meta name=\"robots\" content=\"index, follow, max-snippet:-1, max-image-preview:large, max-video-preview:-1\" \/>\n<link rel=\"canonical\" href=\"https:\/\/www.meydan.tv\/az\/article\/iqtisadcilar-merkezi-bankin-qerarini-deyerlendirdi\/\" \/>\n<meta property=\"og:locale\" content=\"az_AZ\" \/>\n<meta property=\"og:type\" content=\"article\" \/>\n<meta property=\"og:title\" content=\"\u0130qtisad\u00e7\u0131lar M\u0259rk\u0259zi Bank\u0131n q\u0259rar\u0131n\u0131 d\u0259y\u0259rl\u0259ndirdi - MEYDAN.TV\" \/>\n<meta property=\"og:description\" content=\"Natiq C\u0259f\u0259rli: \u201cBanklar \u00f6z probleml\u0259rini \u00f6zl\u0259ri h\u0259ll etm\u0259li olacaqlar\u201d Qubad \u0130bado\u011flu: \u201cM\u0259rk\u0259zi Bank\u0131n q\u0259rar\u0131 &quot;ba\u015fl\u0131 ba\u015f\u0131n saxlas\u0131n&quot; dem\u0259kdir\u201d  Z\u00f6hrab \u0130smay\u0131l: \u201cM\u0259qs\u0259d banklar\u0131n valyuta bazar\u0131nda f\u0259all\u0131\u011f\u0131n\u0131n arrmas\u0131na \u015f\u0259rait yaratmaqd\u0131r\u201d\" \/>\n<meta property=\"og:url\" content=\"https:\/\/www.meydan.tv\/az\/article\/iqtisadcilar-merkezi-bankin-qerarini-deyerlendirdi\/\" \/>\n<meta property=\"og:site_name\" content=\"MEYDAN.TV\" \/>\n<meta property=\"article:published_time\" content=\"2015-03-07T22:42:25+00:00\" \/>\n<meta property=\"og:image\" content=\"https:\/\/www.meydan.tv\/wp-content\/uploads\/7589.jpg\" \/>\n\t<meta property=\"og:image:width\" content=\"494\" \/>\n\t<meta property=\"og:image:height\" content=\"700\" \/>\n\t<meta property=\"og:image:type\" content=\"image\/jpeg\" \/>\n<meta name=\"twitter:card\" content=\"summary_large_image\" \/>\n<!-- \/ Yoast SEO plugin. -->","yoast_head_json":{"title":"\u0130qtisad\u00e7\u0131lar M\u0259rk\u0259zi Bank\u0131n q\u0259rar\u0131n\u0131 d\u0259y\u0259rl\u0259ndirdi - MEYDAN.TV","robots":{"index":"index","follow":"follow","max-snippet":"max-snippet:-1","max-image-preview":"max-image-preview:large","max-video-preview":"max-video-preview:-1"},"canonical":"https:\/\/www.meydan.tv\/az\/article\/iqtisadcilar-merkezi-bankin-qerarini-deyerlendirdi\/","og_locale":"az_AZ","og_type":"article","og_title":"\u0130qtisad\u00e7\u0131lar M\u0259rk\u0259zi Bank\u0131n q\u0259rar\u0131n\u0131 d\u0259y\u0259rl\u0259ndirdi - MEYDAN.TV","og_description":"Natiq C\u0259f\u0259rli: \u201cBanklar \u00f6z probleml\u0259rini \u00f6zl\u0259ri h\u0259ll etm\u0259li olacaqlar\u201d Qubad \u0130bado\u011flu: \u201cM\u0259rk\u0259zi Bank\u0131n q\u0259rar\u0131 \"ba\u015fl\u0131 ba\u015f\u0131n saxlas\u0131n\" dem\u0259kdir\u201d  Z\u00f6hrab \u0130smay\u0131l: \u201cM\u0259qs\u0259d banklar\u0131n valyuta bazar\u0131nda f\u0259all\u0131\u011f\u0131n\u0131n arrmas\u0131na \u015f\u0259rait yaratmaqd\u0131r\u201d","og_url":"https:\/\/www.meydan.tv\/az\/article\/iqtisadcilar-merkezi-bankin-qerarini-deyerlendirdi\/","og_site_name":"MEYDAN.TV","article_published_time":"2015-03-07T22:42:25+00:00","og_image":[{"width":494,"height":700,"url":"https:\/\/www.meydan.tv\/wp-content\/uploads\/7589.jpg","type":"image\/jpeg"}],"twitter_card":"summary_large_image","schema":{"@context":"https:\/\/schema.org","@graph":[{"@type":"Article","@id":"https:\/\/www.meydan.tv\/az\/article\/iqtisadcilar-merkezi-bankin-qerarini-deyerlendirdi\/#article","isPartOf":{"@id":"https:\/\/www.meydan.tv\/az\/article\/iqtisadcilar-merkezi-bankin-qerarini-deyerlendirdi\/"},"author":{"name":"user-manager","@id":"https:\/\/www.meydan.tv\/az\/#\/schema\/person\/10d11eccf6da3662cf5fdab9806ea91a"},"headline":"\u0130qtisad\u00e7\u0131lar M\u0259rk\u0259zi Bank\u0131n q\u0259rar\u0131n\u0131 d\u0259y\u0259rl\u0259ndirdi","datePublished":"2015-03-07T22:42:25+00:00","mainEntityOfPage":{"@id":"https:\/\/www.meydan.tv\/az\/article\/iqtisadcilar-merkezi-bankin-qerarini-deyerlendirdi\/"},"wordCount":700,"publisher":{"@id":"https:\/\/www.meydan.tv\/az\/#organization"},"image":{"@id":"https:\/\/www.meydan.tv\/az\/article\/iqtisadcilar-merkezi-bankin-qerarini-deyerlendirdi\/#primaryimage"},"thumbnailUrl":"https:\/\/www.meydan.tv\/wp-content\/uploads\/7589.jpg","articleSection":["X\u0259b\u0259rl\u0259r"],"inLanguage":"az"},{"@type":"WebPage","@id":"https:\/\/www.meydan.tv\/az\/article\/iqtisadcilar-merkezi-bankin-qerarini-deyerlendirdi\/","url":"https:\/\/www.meydan.tv\/az\/article\/iqtisadcilar-merkezi-bankin-qerarini-deyerlendirdi\/","name":"\u0130qtisad\u00e7\u0131lar M\u0259rk\u0259zi Bank\u0131n q\u0259rar\u0131n\u0131 d\u0259y\u0259rl\u0259ndirdi - MEYDAN.TV","isPartOf":{"@id":"https:\/\/www.meydan.tv\/az\/#website"},"primaryImageOfPage":{"@id":"https:\/\/www.meydan.tv\/az\/article\/iqtisadcilar-merkezi-bankin-qerarini-deyerlendirdi\/#primaryimage"},"image":{"@id":"https:\/\/www.meydan.tv\/az\/article\/iqtisadcilar-merkezi-bankin-qerarini-deyerlendirdi\/#primaryimage"},"thumbnailUrl":"https:\/\/www.meydan.tv\/wp-content\/uploads\/7589.jpg","datePublished":"2015-03-07T22:42:25+00:00","breadcrumb":{"@id":"https:\/\/www.meydan.tv\/az\/article\/iqtisadcilar-merkezi-bankin-qerarini-deyerlendirdi\/#breadcrumb"},"inLanguage":"az","potentialAction":[{"@type":"ReadAction","target":["https:\/\/www.meydan.tv\/az\/article\/iqtisadcilar-merkezi-bankin-qerarini-deyerlendirdi\/"]}]},{"@type":"ImageObject","inLanguage":"az","@id":"https:\/\/www.meydan.tv\/az\/article\/iqtisadcilar-merkezi-bankin-qerarini-deyerlendirdi\/#primaryimage","url":"https:\/\/www.meydan.tv\/wp-content\/uploads\/7589.jpg","contentUrl":"https:\/\/www.meydan.tv\/wp-content\/uploads\/7589.jpg","width":494,"height":700,"caption":"Source:"},{"@type":"BreadcrumbList","@id":"https:\/\/www.meydan.tv\/az\/article\/iqtisadcilar-merkezi-bankin-qerarini-deyerlendirdi\/#breadcrumb","itemListElement":[{"@type":"ListItem","position":1,"name":"Ana s\u0259hif\u0259","item":"https:\/\/www.meydan.tv\/az\/"},{"@type":"ListItem","position":2,"name":"X\u0259b\u0259rl\u0259r","item":"https:\/\/www.meydan.tv\/az\/section\/xeberler\/"},{"@type":"ListItem","position":3,"name":"\u0130qtisad\u00e7\u0131lar M\u0259rk\u0259zi Bank\u0131n q\u0259rar\u0131n\u0131 d\u0259y\u0259rl\u0259ndirdi"}]},{"@type":"WebSite","@id":"https:\/\/www.meydan.tv\/az\/#website","url":"https:\/\/www.meydan.tv\/az\/","name":"MEYDAN.TV","description":"Meydan TV Az\u0259rbaycan\u0131n media m\u0259kan\u0131ndak\u0131 alternativ s\u0259sidir","publisher":{"@id":"https:\/\/www.meydan.tv\/az\/#organization"},"potentialAction":[{"@type":"SearchAction","target":{"@type":"EntryPoint","urlTemplate":"https:\/\/www.meydan.tv\/az\/?s={search_term_string}"},"query-input":{"@type":"PropertyValueSpecification","valueRequired":true,"valueName":"search_term_string"}}],"inLanguage":"az"},{"@type":"Organization","@id":"https:\/\/www.meydan.tv\/az\/#organization","name":"Meydan TV","url":"https:\/\/www.meydan.tv\/az\/","logo":{"@type":"ImageObject","inLanguage":"az","@id":"https:\/\/www.meydan.tv\/az\/#\/schema\/logo\/image\/","url":"https:\/\/www.meydan.tv\/wp-content\/uploads\/2021\/07\/meydan-logo.svg","contentUrl":"https:\/\/www.meydan.tv\/wp-content\/uploads\/2021\/07\/meydan-logo.svg","width":195,"height":46,"caption":"Meydan TV"},"image":{"@id":"https:\/\/www.meydan.tv\/az\/#\/schema\/logo\/image\/"}},{"@type":"Person","@id":"https:\/\/www.meydan.tv\/az\/#\/schema\/person\/10d11eccf6da3662cf5fdab9806ea91a","name":"user-manager"}]}},"_links":{"self":[{"href":"https:\/\/www.meydan.tv\/az\/wp-json\/wp\/v2\/posts\/167165","targetHints":{"allow":["GET"]}}],"collection":[{"href":"https:\/\/www.meydan.tv\/az\/wp-json\/wp\/v2\/posts"}],"about":[{"href":"https:\/\/www.meydan.tv\/az\/wp-json\/wp\/v2\/types\/post"}],"author":[{"embeddable":true,"href":"https:\/\/www.meydan.tv\/az\/wp-json\/wp\/v2\/users\/11"}],"replies":[{"embeddable":true,"href":"https:\/\/www.meydan.tv\/az\/wp-json\/wp\/v2\/comments?post=167165"}],"version-history":[{"count":0,"href":"https:\/\/www.meydan.tv\/az\/wp-json\/wp\/v2\/posts\/167165\/revisions"}],"wp:featuredmedia":[{"embeddable":true,"href":"https:\/\/www.meydan.tv\/az\/wp-json\/wp\/v2\/media\/21085"}],"wp:attachment":[{"href":"https:\/\/www.meydan.tv\/az\/wp-json\/wp\/v2\/media?parent=167165"}],"wp:term":[{"taxonomy":"category","embeddable":true,"href":"https:\/\/www.meydan.tv\/az\/wp-json\/wp\/v2\/categories?post=167165"},{"taxonomy":"post_tag","embeddable":true,"href":"https:\/\/www.meydan.tv\/az\/wp-json\/wp\/v2\/tags?post=167165"}],"curies":[{"name":"wp","href":"https:\/\/api.w.org\/{rel}","templated":true}]}}