{"id":167163,"date":"2015-03-07T20:42:56","date_gmt":"2015-03-07T20:42:56","guid":{"rendered":"https:\/\/www.meydan.tv\/article\/molla-tupurceyini-derman-sayanlar\/"},"modified":"2015-03-07T20:42:56","modified_gmt":"2015-03-07T20:42:56","slug":"molla-tupurceyini-derman-sayanlar","status":"publish","type":"post","link":"https:\/\/www.meydan.tv\/az\/article\/molla-tupurceyini-derman-sayanlar\/","title":{"rendered":"Molla t\u00fcp\u00fcrc\u0259yini d\u0259rman sayanlar&#8230;"},"content":{"rendered":"<figure class=\"wp-block-image size-large\">\n  <img decoding=\"async\" src=\"https:\/\/www.meydan.tv\/az\/21082\/\" alt=\"\" class=\"wp-image-21082\"\/><figcaption><\/figcaption><\/figure>\n<figure class=\"wp-block-image size-large\">\n  <img decoding=\"async\" src=\"https:\/\/www.meydan.tv\/az\/21079\/\" alt=\"\" class=\"wp-image-21079\"\/><figcaption><\/figcaption><\/figure>\n<p>\n  Frans\u0131z sosioloqu Aleksis de Tokvil on doqquzuncu y\u00fczild\u0259 amerikal\u0131lar\u0131n mentalitetini ara\u015fd\u0131ran zaman yaz\u0131rd\u0131: \u201cH\u0259r bir xalq \u00f6z \u0259xlaq\u0131, m\u0259d\u0259niyy\u0259ti say\u0259sind\u0259 h\u0259tta \u0259n \u0259lveri\u015fsiz iqlim \u015f\u0259rtl\u0259rind\u0259n v\u0259 axmaq qanunlardan da fayda g\u00f6t\u00fcr\u0259 bilir. \u018fhalinin \u0259xlaq\u0131 qar\u015f\u0131-dir\u0259ni\u015f g\u00f6st\u0259r\u0259rs\u0259, he\u00e7 bir anayasan\u0131n qanun bazas\u0131n\u0131 formala\u015fd\u0131rmaq m\u00fcmk\u00fcn olmaz\u201d.\n<\/p>\n<p>\n  Toplumda tez-tez yanl\u0131\u015f olaraq m\u0259d\u0259niyy\u0259ti sad\u0259c\u0259 m\u0259d\u0259ni insan\u0131n davran\u0131\u015f\u0131, yaxud inc\u0259s\u0259n\u0259t, \u0259d\u0259biyyat m\u00fchitinin yarad\u0131c\u0131l\u0131q \u0259s\u0259rl\u0259riyl\u0259 \u0259laq\u0259l\u0259ndirirl\u0259r. Ancaq bu m\u0259s\u0259l\u0259 ba\u015fqa, daha d\u0259rin k\u00f6kl\u0259r\u0259 ba\u011fl\u0131 bir m\u00f6vhumdur.\n<\/p>\n<p>\n  \u201cM\u0259d\u0259niyy\u0259t\u201d s\u00f6z\u00fc \u00f6zl\u00fcy\u00fcnd\u0259 \u00e7ox\u015fah\u0259li v\u0259 \u00e7oxm\u0259nal\u0131d\u0131r, ancaq m\u0259d\u0259niyy\u0259tin xalqlar\u0131n iqtisadi, siyasi v\u0259 sosial davran\u0131\u015flar\u0131na t\u0259sir ed\u0259n aspektl\u0259rin\u0259 n\u0259z\u0259r salan zaman onun m\u0259nas\u0131nda bir anlam yaran\u0131r. M\u0259d\u0259niyy\u0259t \u2013 f\u0259rdi v\u0259 kollektiv davran\u0131\u015f\u0131n b\u00fct\u00fcn aspektl\u0259rin\u0259 t\u0259sir g\u00f6st\u0259r\u0259n, d\u0259y\u0259rl\u0259rin v\u0259 institutlar\u0131n bir-birin\u0259 m\u0259ntiqi ba\u011fl\u0131l\u0131\u011f\u0131 olan bir sistemdir. Y\u0259ni, m\u0259d\u0259niyy\u0259t \u2013 d\u0259y\u0259rl\u0259rd\u0259n, inanclardan olu\u015fan bir sistemdir ki, onu \u00f6z\u00fcnd\u0259 ehtiva ed\u0259n b\u00fct\u00fcn insanlar \u00fc\u00e7\u00fcn m\u0259cburidir. M\u0259d\u0259niyy\u0259t \u2013 \u00f6z\u00fcnd\u0259 mentaliteti, \u0259xlaq\u0131 birl\u0259\u015fdir\u0259n bir etnik koddur ki, biz bunu daha \u00e7ox \u201cmilli x\u00fcsusiyy\u0259t\u201d adland\u0131r\u0131r\u0131q.\n<\/p>\n<p>\n  B\u0259s insanlar\u0131n m\u0259d\u0259niyy\u0259tinin formala\u015fmas\u0131nda \u0259n b\u00f6y\u00fck rol oynayan aspektl\u0259r hans\u0131lard\u0131r? B\u0259\u015f\u0259r tarixi boyunca filosoflar, sosioloqlar bu bar\u0259d\u0259 \u00e7ox d\u00fc\u015f\u00fcn\u00fcbl\u0259r, \u00e7ox yaz\u0131blar. M\u0259d\u0259niyy\u0259tin formala\u015fmas\u0131nda tarix, \u0259razi, iqlim, b\u00f6y\u00fck rol oynay\u0131r. \u0130st\u0259nil\u0259n xalq\u0131n m\u0259d\u0259niyy\u0259tinin formala\u015fmas\u0131 prosesi ekoloji sistemin formala\u015fmas\u0131 prosesi kimi m\u0259hdud v\u0259 l\u0259ng gedir. Bu, h\u0259min o m\u00fchitdir ki, t\u0259bi\u0259t \u00fcst-\u00fcst\u0259 qalanan \u015f\u0259rtl\u0259r\u0259 istinad ed\u0259r\u0259k \u00f6z l\u0259ng, ancaq stabil yarad\u0131c\u0131l\u0131\u011f\u0131yla m\u0259\u015f\u011ful olur. V\u0259 \u0259lb\u0259tt\u0259 ki, mill\u0259tin m\u0259d\u0259niyy\u0259tinin, \u0259xlaq\u0131n\u0131n v\u0259 etikas\u0131n\u0131n formala\u015fmas\u0131nda din ba\u015fl\u0131ca rollardan birini oynay\u0131r.\n<\/p>\n<p>\n  Yax\u0131n Do\u011fu (\u015e\u0259rq) \u00f6lk\u0259l\u0259rind\u0259 ya\u015fayan mill\u0259tl\u0259rl\u0259 Bat\u0131 (Q\u0259rb) d\u00fcnyas\u0131n\u0131n sakinl\u0259rinin m\u0259d\u0259niyy\u0259ti aras\u0131nda \u00e7ox b\u00f6y\u00fck f\u0259rqi h\u0259r birimiz g\u00f6r\u00fcr\u00fck. \u0130ntibah d\u00f6n\u0259mind\u0259n bu yana uzun yol ke\u00e7\u0259r\u0259k, t\u0259dric\u0259n dini fanatizmin caynaqlar\u0131ndan qoparaq insan haqlar\u0131n\u0131-h\u00fcquqlar\u0131n\u0131 ba\u015fl\u0131ca d\u0259y\u0259r s\u0259viyy\u0259sin\u0259 \u00e7atd\u0131ran Bat\u0131 sivil, d\u00fcny\u0259vi bir ortam yaratma\u011fa m\u00fcv\u0259ff\u0259q olmu\u015fdur. Bu yolda onlar n\u0259 q\u0259d\u0259r \u00e7\u0259tin olsa da, onlar\u0131n inki\u015faf\u0131n\u0131 l\u0259ngid\u0259n minillik inkvizisiyan\u0131 tarixin zibilliyin\u0259 tullama\u011f\u0131 bacarm\u0131\u015f, bununla da elmi t\u0259r\u0259qqinin, sa\u011flam \u015f\u00fcurun b\u0259rq\u0259rar olmas\u0131na \u015f\u0259rait yaratm\u0131\u015fd\u0131lar. B\u00fct\u00f6v bir qit\u0259nin m\u0259d\u0259ni, sosial inki\u015faf\u0131n\u0131n taleyi absurd bir dini fanatizmd\u0259n, onun do\u011furdu\u011fu c\u0259hal\u0259t, xurafat v\u0259 m\u00f6hvumatdan as\u0131l\u0131yd\u0131.\n<\/p>\n<p>\n  Bu g\u00fcn biz, iyirmi birinci y\u00fczilin sakinl\u0259ri ya\u015fad\u0131\u011f\u0131m\u0131z co\u011frafi \u0259razid\u0259 h\u0259l\u0259 d\u0259 orta \u0259srl\u0259rd\u0259n qalma bir c\u0259hal\u0259tin bataql\u0131\u011f\u0131nda \u00e7apalamaqday\u0131q. Bunun s\u0259b\u0259bini bizim ke\u015fm\u0259ke\u015fli tariximiz\u0259 ba\u011flayanlar \u00e7oxdur: y\u0259ni, yaz\u0131q Az\u0259rbaycan o q\u0259d\u0259r i\u015f\u011fala m\u0259ruz qal\u0131b ki, adam balas\u0131 kimi normal inki\u015faf etm\u0259y\u0259 vaxt tapa bilm\u0259yib. Bunun bir absurd oldu\u011fu b\u0259llidir. Aztv demi\u015fk\u0259n, uza\u011fa getm\u0259y\u0259k, Almaniya 40 il s\u00fcr\u0259sind\u0259 iki d\u0259f\u0259 m\u00fcharib\u0259 uduzub i\u015f\u011fala m\u0259ruz qalsa da, c\u0259mi-c\u00fcml\u0259tan\u0131 70 ild\u0259n sonra yen\u0259 d\u0259 d\u00fcnyan\u0131n \u0259n apar\u0131c\u0131, varl\u0131, m\u0259d\u0259ni d\u00f6vl\u0259tl\u0259rind\u0259n birin\u0259 \u00e7evril\u0259 bildi. B\u0259s biz, Do\u011fu d\u00f6vl\u0259tl\u0259ri niy\u0259 h\u0259l\u0259 d\u0259 tarixin quyru\u011funda s\u00fcr\u00fcn\u00fcr\u00fck? Niy\u0259 m\u0259d\u0259niyy\u0259timizi inki\u015faf etdirib sivil d\u00fcnyaya qovu\u015fa bilmirik? Bunun t\u0259k v\u0259 yegan\u0259 s\u0259b\u0259bi var: din!\n<\/p>\n<p>\n  Yuxar\u0131da m\u0259d\u0259niyy\u0259tin formala\u015fmas\u0131 haqq\u0131nda yazark\u0259n qeyd etmi\u015fdim ki, din bu m\u0259s\u0259l\u0259d\u0259 ba\u015fl\u0131ca rollardan birini oynay\u0131r. Biz fiziki olaraq ma\u011faralardan \u00e7\u0131xm\u0131\u015f olsaq da, dini \u0259tal\u0259t, m\u00f6vhumat, cahillik \u00fcz\u00fcnd\u0259n h\u0259l\u0259 d\u0259 m\u0259n\u0259n o d\u00f6n\u0259md\u0259n uzaqla\u015fa bilmirik. Ayr\u0131-ayr\u0131l\u0131qda \u00e7oxumuz bilirik ki, islam dini t\u0259hsilin, inc\u0259s\u0259n\u0259tin, elmin, insan azadl\u0131\u011f\u0131n\u0131n d\u00fc\u015fm\u0259nidir. \u018fksini s\u00fcbut etm\u0259y\u0259 \u00e7al\u0131\u015fanlar h\u0259mi\u015f\u0259 iflasa u\u011frayacaqlar, \u00e7\u00fcnki, nec\u0259 dey\u0259rl\u0259r, \u201ckor-kor, g\u00f6r-g\u00f6r\u201d. V\u0259 t\u0259hsil, elm, inc\u0259s\u0259n\u0259t, \u0259d\u0259biyyat olmayan yerd\u0259 he\u00e7 bir zaman m\u0259d\u0259niyy\u0259tin inki\u015faf\u0131ndan dan\u0131\u015fmaq olmaz. H\u0259r bir inki\u015faf\u0131n \u00f6z\u00fcl\u00fcnd\u0259 t\u0259hsil dayanan kimi, h\u0259r bir t\u0259n\u0259z\u00fcl\u00fcn d\u0259 ba\u015f\u0131nda din v\u0259 onun do\u011furdu\u011fu fanatizm dayan\u0131r. Bizim bu g\u00fcnk\u00fc mentalitetimizi, \u0259xlaq\u0131m\u0131z\u0131 formala\u015fd\u0131ran m\u0259d\u0259niyy\u0259timiz g\u0259l\u0259c\u0259k inki\u015faf\u0131m\u0131z\u0131 b\u00f6y\u00fck bir sual alt\u0131nda qoyur.\n<\/p>\n<p>\n  Bu g\u00fcn ya\u015fad\u0131\u011f\u0131m\u0131z d\u00fcnyada yenid\u0259n velosiped icad etm\u0259y\u0259, Amerika a\u00e7ma\u011fa he\u00e7 bir l\u00fczum yoxdur. \u0130nki\u015faf \u00fc\u00e7\u00fcn laz\u0131m olan h\u0259r bir f\u0259ls\u0259fi ideya, elmi nailiyy\u0259t, tarixi proses art\u0131q ba\u015f vermi\u015fdir. Biz sad\u0259c\u0259 bax\u0131b \u00f6yr\u0259nm\u0259li, g\u00f6r\u00fcb-g\u00f6t\u00fcrm\u0259liyik. Bunun \u00fc\u00e7\u00fcn is\u0259 ilk n\u00f6vb\u0259d\u0259 arxaik, ibtidai stereotipl\u0259rd\u0259n uzaqla\u015fmal\u0131y\u0131q. \u0130st\u0259r elmi c\u0259h\u0259td\u0259n, ist\u0259r \u0259d\u0259bi sah\u0259d\u0259, ist\u0259rs\u0259 d\u0259 musiqi, inc\u0259s\u0259n\u0259t al\u0259mind\u0259 Bat\u0131 bizi \u00e7oxdan tozda qoyub bir ne\u00e7\u0259 y\u00fczil qaba\u011fa getmi\u015fdir. Onlardan \u00f6rn\u0259k g\u00f6t\u00fcrm\u0259li, dini, m\u0259nas\u0131z ad\u0259tl\u0259ri muzey eksponatlar\u0131na \u00e7evirm\u0259liyik. Qanunlar\u0131m\u0131z insan haqlar\u0131n\u0131 \u00f6z\u00fcn\u0259 \u0259n ba\u015fl\u0131ca meyara \u00e7evirm\u0259li, f\u0259rdi azadl\u0131q, s\u00f6z, fikir, yarad\u0131c\u0131l\u0131q azadl\u0131\u011f\u0131 kli\u015fey\u0259 \u00e7evrilm\u0259li, h\u0259tta m\u0259n dey\u0259rdim ki, sakral \u00f6n\u0259m da\u015f\u0131mal\u0131d\u0131r. Mollalar, mollaba\u015flar g\u00fcl\u00fc\u015f obyektin\u0259 \u00e7evrilm\u0259li, bununla da sad\u0259 insanlar\u0131 y\u00fczill\u0259rl\u0259 \u00f6yr\u0259\u015fdikl\u0259ri \u0259n\u0259n\u0259l\u0259rd\u0259n (pir ba\u015f\u0131na f\u0131rlanma, fal\u00e7\u0131 yan\u0131na getm\u0259, dua yazd\u0131rma, m\u0259scidl\u0259r\u0259 n\u0259zir paylama) uzaqla\u015fd\u0131rmal\u0131y\u0131q. Bu yaz\u0131q xalq anlamal\u0131d\u0131r ki, dini xof onlar\u0131 t\u0259kc\u0259 mollalar\u0131n deyil, h\u0259m d\u0259 f\u0131r\u0131ldaq\u00e7\u0131 m\u0259murlar\u0131n, f\u00fcrs\u0259tcil hoqqabazlar\u0131n qurban\u0131na \u00e7evirir. \u00c7\u00fcnki b\u00fct\u00fcn bunlar insan m\u0259n\u0259viyyat\u0131na mutilik g\u0259tirir, onu prinsipsizl\u0259\u015fdirir, bir n\u00f6v m\u0259n\u0259vi k\u00f6l\u0259y\u0259 \u00e7evirir.\n<\/p>\n<p>\n  Yax\u0131n Do\u011fuda \u2013 Suriyada, \u0130raqda, \u0130randa, Pakistanda ba\u015f ver\u0259n biab\u0131r\u00e7\u0131l\u0131qlar\u0131\u00a0 g\u00f6r\u00fcrs\u00fcn\u00fcz.\u00a0 \u0130slam d\u00fcnyas\u0131nda t\u0259hsil almaq ist\u0259y\u0259 q\u0131zc\u0131\u011faz\u0131n ba\u015f\u0131na g\u00fcll\u0259 s\u0131x\u0131l\u0131r, \u00e7adras\u0131n\u0131n alt\u0131ndan sa\u00e7\u0131n\u0131n bir ucu g\u00f6r\u00fcn\u0259n qad\u0131n\u0131 yer\u0259 uzad\u0131b orta \u0259srl\u0259rd\u0259ki kimi \u015fallaqlay\u0131rlar, f\u0259rqli d\u00fc\u015f\u00fcn\u0259nl\u0259rin, f\u0259rqli din\u0259 tap\u0131nanlar\u0131n ba\u015flar\u0131n\u0131 k\u0259sirl\u0259r, d\u00fckandan \u00e7\u00f6r\u0259k o\u011furlayan ac adam\u0131n \u0259ll\u0259rini k\u0259sirl\u0259r&#8230;\n<\/p>\n<p>\n  Hans\u0131n\u0131 say\u0131m? Saymaqla qurtararm\u0131? Bel\u0259 bir qorxulu m\u00fchitd\u0259 biz hans\u0131 m\u0259d\u0259niyy\u0259tin formala\u015fmas\u0131n\u0131 g\u00f6zl\u0259m\u0259liyik? Hans\u0131 insani d\u0259y\u0259rl\u0259rd\u0259n s\u00f6hb\u0259t a\u00e7a bil\u0259rik? Bir qad\u0131n\u0131 zorlay\u0131b, sonra onun \u00f6z\u00fcn\u00fc da\u015fqalaq el\u0259y\u0259n c\u0259miyy\u0259tin hans\u0131 m\u0259d\u0259niyy\u0259td\u0259n, d\u0259y\u0259rl\u0259rd\u0259n x\u0259b\u0259ri var? Onlar \u00fcmumiyy\u0259tl\u0259, insan h\u00fcququnun, qad\u0131n h\u00fcququnun n\u0259 oldu\u011funu bilirl\u0259rmi? V\u0259 bel\u0259 bir c\u0259miyy\u0259td\u0259, total olaraq \u00f6l\u0259nin d\u0259, \u00f6ld\u00fcr\u0259nin d\u0259 \u201callahu \u0259kb\u0259r\u201d q\u0131\u015fq\u0131rd\u0131\u011f\u0131 bir c\u0259miyy\u0259td\u0259 hans\u0131 m\u0259d\u0259ni inki\u015fafdan dan\u0131\u015fmaq olar? X\u0259st\u0259likd\u0259n sa\u011faltmaq \u00fc\u00e7\u00fcn u\u015fa\u011f\u0131n\u0131 h\u0259kim\u0259 yox, mollaya apar\u0131b a\u011fz\u0131na t\u00fcp\u00fcrd\u0259nl\u0259r, molla t\u00fcp\u00fcrc\u0259yini d\u0259rman sayanlar bu d\u00fcnyaya nec\u0259 u\u015faqlar yeti\u015fdirib b\u0259x\u015f ed\u0259c\u0259kl\u0259r? B\u00fct\u00fcn bu c\u0259hal\u0259tin, xurafat\u0131n, savads\u0131zl\u0131\u011f\u0131n, m\u00f6vhumat\u0131n s\u0259b\u0259bi n\u0259dir? V\u0259 b\u00fct\u00fcn bunlardan do\u011fan m\u0259d\u0259niyy\u0259tsizliyin s\u0259b\u0259bi n\u0259dir?<\/p>\n","protected":false},"excerpt":{"rendered":"<p>Din v\u0259 m\u0259d\u0259niyy\u0259t&#8230;<\/p>\n","protected":false},"author":11,"featured_media":21082,"comment_status":"closed","ping_status":"open","sticky":false,"template":"","format":"standard","meta":{"_acf_changed":false,"_sitemap_exclude":false,"_sitemap_priority":"","_sitemap_frequency":"","footnotes":""},"categories":[57],"tags":[],"class_list":["post-167163","post","type-post","status-publish","format-standard","has-post-thumbnail","hentry","category-menim-fikrimce","infinite-scroll-item","generate-columns","tablet-grid-50","mobile-grid-100","grid-parent","grid-33","no-featured-image-padding"],"acf":[],"yoast_head":"<!-- This site is optimized with the Yoast SEO plugin v27.4 - https:\/\/yoast.com\/product\/yoast-seo-wordpress\/ -->\n<title>Molla t\u00fcp\u00fcrc\u0259yini d\u0259rman sayanlar... - MEYDAN.TV<\/title>\n<meta name=\"robots\" content=\"index, follow, max-snippet:-1, max-image-preview:large, max-video-preview:-1\" \/>\n<link rel=\"canonical\" href=\"https:\/\/www.meydan.tv\/az\/article\/molla-tupurceyini-derman-sayanlar\/\" \/>\n<meta property=\"og:locale\" content=\"az_AZ\" \/>\n<meta property=\"og:type\" content=\"article\" \/>\n<meta property=\"og:title\" content=\"Molla t\u00fcp\u00fcrc\u0259yini d\u0259rman sayanlar... - MEYDAN.TV\" \/>\n<meta property=\"og:description\" content=\"Din v\u0259 m\u0259d\u0259niyy\u0259t...\" \/>\n<meta property=\"og:url\" content=\"https:\/\/www.meydan.tv\/az\/article\/molla-tupurceyini-derman-sayanlar\/\" \/>\n<meta property=\"og:site_name\" content=\"MEYDAN.TV\" \/>\n<meta property=\"article:published_time\" content=\"2015-03-07T20:42:56+00:00\" \/>\n<meta property=\"og:image\" content=\"https:\/\/www.meydan.tv\/wp-content\/uploads\/7583.jpg\" \/>\n\t<meta property=\"og:image:width\" content=\"500\" \/>\n\t<meta property=\"og:image:height\" content=\"500\" \/>\n\t<meta property=\"og:image:type\" content=\"image\/jpeg\" \/>\n<meta name=\"author\" content=\"user-manager\" \/>\n<meta name=\"twitter:card\" content=\"summary_large_image\" \/>\n<script type=\"application\/ld+json\" class=\"yoast-schema-graph\">{\"@context\":\"https:\\\/\\\/schema.org\",\"@graph\":[{\"@type\":\"Article\",\"@id\":\"https:\\\/\\\/www.meydan.tv\\\/az\\\/article\\\/molla-tupurceyini-derman-sayanlar\\\/#article\",\"isPartOf\":{\"@id\":\"https:\\\/\\\/www.meydan.tv\\\/az\\\/article\\\/molla-tupurceyini-derman-sayanlar\\\/\"},\"author\":{\"name\":\"user-manager\",\"@id\":\"https:\\\/\\\/www.meydan.tv\\\/az\\\/#\\\/schema\\\/person\\\/10d11eccf6da3662cf5fdab9806ea91a\"},\"headline\":\"Molla t\u00fcp\u00fcrc\u0259yini d\u0259rman sayanlar&#8230;\",\"datePublished\":\"2015-03-07T20:42:56+00:00\",\"mainEntityOfPage\":{\"@id\":\"https:\\\/\\\/www.meydan.tv\\\/az\\\/article\\\/molla-tupurceyini-derman-sayanlar\\\/\"},\"wordCount\":1541,\"publisher\":{\"@id\":\"https:\\\/\\\/www.meydan.tv\\\/az\\\/#organization\"},\"image\":{\"@id\":\"https:\\\/\\\/www.meydan.tv\\\/az\\\/article\\\/molla-tupurceyini-derman-sayanlar\\\/#primaryimage\"},\"thumbnailUrl\":\"https:\\\/\\\/www.meydan.tv\\\/wp-content\\\/uploads\\\/7583.jpg\",\"articleSection\":[\"M\u0259nim Fikrimc\u0259\"],\"inLanguage\":\"az\"},{\"@type\":\"WebPage\",\"@id\":\"https:\\\/\\\/www.meydan.tv\\\/az\\\/article\\\/molla-tupurceyini-derman-sayanlar\\\/\",\"url\":\"https:\\\/\\\/www.meydan.tv\\\/az\\\/article\\\/molla-tupurceyini-derman-sayanlar\\\/\",\"name\":\"Molla t\u00fcp\u00fcrc\u0259yini d\u0259rman sayanlar... - MEYDAN.TV\",\"isPartOf\":{\"@id\":\"https:\\\/\\\/www.meydan.tv\\\/az\\\/#website\"},\"primaryImageOfPage\":{\"@id\":\"https:\\\/\\\/www.meydan.tv\\\/az\\\/article\\\/molla-tupurceyini-derman-sayanlar\\\/#primaryimage\"},\"image\":{\"@id\":\"https:\\\/\\\/www.meydan.tv\\\/az\\\/article\\\/molla-tupurceyini-derman-sayanlar\\\/#primaryimage\"},\"thumbnailUrl\":\"https:\\\/\\\/www.meydan.tv\\\/wp-content\\\/uploads\\\/7583.jpg\",\"datePublished\":\"2015-03-07T20:42:56+00:00\",\"breadcrumb\":{\"@id\":\"https:\\\/\\\/www.meydan.tv\\\/az\\\/article\\\/molla-tupurceyini-derman-sayanlar\\\/#breadcrumb\"},\"inLanguage\":\"az\",\"potentialAction\":[{\"@type\":\"ReadAction\",\"target\":[\"https:\\\/\\\/www.meydan.tv\\\/az\\\/article\\\/molla-tupurceyini-derman-sayanlar\\\/\"]}]},{\"@type\":\"ImageObject\",\"inLanguage\":\"az\",\"@id\":\"https:\\\/\\\/www.meydan.tv\\\/az\\\/article\\\/molla-tupurceyini-derman-sayanlar\\\/#primaryimage\",\"url\":\"https:\\\/\\\/www.meydan.tv\\\/wp-content\\\/uploads\\\/7583.jpg\",\"contentUrl\":\"https:\\\/\\\/www.meydan.tv\\\/wp-content\\\/uploads\\\/7583.jpg\",\"width\":500,\"height\":500,\"caption\":\"Source:\"},{\"@type\":\"BreadcrumbList\",\"@id\":\"https:\\\/\\\/www.meydan.tv\\\/az\\\/article\\\/molla-tupurceyini-derman-sayanlar\\\/#breadcrumb\",\"itemListElement\":[{\"@type\":\"ListItem\",\"position\":1,\"name\":\"Ana s\u0259hif\u0259\",\"item\":\"https:\\\/\\\/www.meydan.tv\\\/az\\\/\"},{\"@type\":\"ListItem\",\"position\":2,\"name\":\"M\u0259nim Fikrimc\u0259\",\"item\":\"https:\\\/\\\/www.meydan.tv\\\/az\\\/section\\\/menim-fikrimce\\\/\"},{\"@type\":\"ListItem\",\"position\":3,\"name\":\"Molla t\u00fcp\u00fcrc\u0259yini d\u0259rman sayanlar&#8230;\"}]},{\"@type\":\"WebSite\",\"@id\":\"https:\\\/\\\/www.meydan.tv\\\/az\\\/#website\",\"url\":\"https:\\\/\\\/www.meydan.tv\\\/az\\\/\",\"name\":\"MEYDAN.TV\",\"description\":\"Meydan TV Az\u0259rbaycan\u0131n media m\u0259kan\u0131ndak\u0131 alternativ s\u0259sidir\",\"publisher\":{\"@id\":\"https:\\\/\\\/www.meydan.tv\\\/az\\\/#organization\"},\"potentialAction\":[{\"@type\":\"SearchAction\",\"target\":{\"@type\":\"EntryPoint\",\"urlTemplate\":\"https:\\\/\\\/www.meydan.tv\\\/az\\\/?s={search_term_string}\"},\"query-input\":{\"@type\":\"PropertyValueSpecification\",\"valueRequired\":true,\"valueName\":\"search_term_string\"}}],\"inLanguage\":\"az\"},{\"@type\":\"Organization\",\"@id\":\"https:\\\/\\\/www.meydan.tv\\\/az\\\/#organization\",\"name\":\"Meydan TV\",\"url\":\"https:\\\/\\\/www.meydan.tv\\\/az\\\/\",\"logo\":{\"@type\":\"ImageObject\",\"inLanguage\":\"az\",\"@id\":\"https:\\\/\\\/www.meydan.tv\\\/az\\\/#\\\/schema\\\/logo\\\/image\\\/\",\"url\":\"https:\\\/\\\/www.meydan.tv\\\/wp-content\\\/uploads\\\/2021\\\/07\\\/meydan-logo.svg\",\"contentUrl\":\"https:\\\/\\\/www.meydan.tv\\\/wp-content\\\/uploads\\\/2021\\\/07\\\/meydan-logo.svg\",\"width\":195,\"height\":46,\"caption\":\"Meydan TV\"},\"image\":{\"@id\":\"https:\\\/\\\/www.meydan.tv\\\/az\\\/#\\\/schema\\\/logo\\\/image\\\/\"}},{\"@type\":\"Person\",\"@id\":\"https:\\\/\\\/www.meydan.tv\\\/az\\\/#\\\/schema\\\/person\\\/10d11eccf6da3662cf5fdab9806ea91a\",\"name\":\"user-manager\"}]}<\/script>\n<!-- \/ Yoast SEO plugin. -->","yoast_head_json":{"title":"Molla t\u00fcp\u00fcrc\u0259yini d\u0259rman sayanlar... - MEYDAN.TV","robots":{"index":"index","follow":"follow","max-snippet":"max-snippet:-1","max-image-preview":"max-image-preview:large","max-video-preview":"max-video-preview:-1"},"canonical":"https:\/\/www.meydan.tv\/az\/article\/molla-tupurceyini-derman-sayanlar\/","og_locale":"az_AZ","og_type":"article","og_title":"Molla t\u00fcp\u00fcrc\u0259yini d\u0259rman sayanlar... - MEYDAN.TV","og_description":"Din v\u0259 m\u0259d\u0259niyy\u0259t...","og_url":"https:\/\/www.meydan.tv\/az\/article\/molla-tupurceyini-derman-sayanlar\/","og_site_name":"MEYDAN.TV","article_published_time":"2015-03-07T20:42:56+00:00","og_image":[{"width":500,"height":500,"url":"https:\/\/www.meydan.tv\/wp-content\/uploads\/7583.jpg","type":"image\/jpeg"}],"author":"user-manager","twitter_card":"summary_large_image","schema":{"@context":"https:\/\/schema.org","@graph":[{"@type":"Article","@id":"https:\/\/www.meydan.tv\/az\/article\/molla-tupurceyini-derman-sayanlar\/#article","isPartOf":{"@id":"https:\/\/www.meydan.tv\/az\/article\/molla-tupurceyini-derman-sayanlar\/"},"author":{"name":"user-manager","@id":"https:\/\/www.meydan.tv\/az\/#\/schema\/person\/10d11eccf6da3662cf5fdab9806ea91a"},"headline":"Molla t\u00fcp\u00fcrc\u0259yini d\u0259rman sayanlar&#8230;","datePublished":"2015-03-07T20:42:56+00:00","mainEntityOfPage":{"@id":"https:\/\/www.meydan.tv\/az\/article\/molla-tupurceyini-derman-sayanlar\/"},"wordCount":1541,"publisher":{"@id":"https:\/\/www.meydan.tv\/az\/#organization"},"image":{"@id":"https:\/\/www.meydan.tv\/az\/article\/molla-tupurceyini-derman-sayanlar\/#primaryimage"},"thumbnailUrl":"https:\/\/www.meydan.tv\/wp-content\/uploads\/7583.jpg","articleSection":["M\u0259nim Fikrimc\u0259"],"inLanguage":"az"},{"@type":"WebPage","@id":"https:\/\/www.meydan.tv\/az\/article\/molla-tupurceyini-derman-sayanlar\/","url":"https:\/\/www.meydan.tv\/az\/article\/molla-tupurceyini-derman-sayanlar\/","name":"Molla t\u00fcp\u00fcrc\u0259yini d\u0259rman sayanlar... - MEYDAN.TV","isPartOf":{"@id":"https:\/\/www.meydan.tv\/az\/#website"},"primaryImageOfPage":{"@id":"https:\/\/www.meydan.tv\/az\/article\/molla-tupurceyini-derman-sayanlar\/#primaryimage"},"image":{"@id":"https:\/\/www.meydan.tv\/az\/article\/molla-tupurceyini-derman-sayanlar\/#primaryimage"},"thumbnailUrl":"https:\/\/www.meydan.tv\/wp-content\/uploads\/7583.jpg","datePublished":"2015-03-07T20:42:56+00:00","breadcrumb":{"@id":"https:\/\/www.meydan.tv\/az\/article\/molla-tupurceyini-derman-sayanlar\/#breadcrumb"},"inLanguage":"az","potentialAction":[{"@type":"ReadAction","target":["https:\/\/www.meydan.tv\/az\/article\/molla-tupurceyini-derman-sayanlar\/"]}]},{"@type":"ImageObject","inLanguage":"az","@id":"https:\/\/www.meydan.tv\/az\/article\/molla-tupurceyini-derman-sayanlar\/#primaryimage","url":"https:\/\/www.meydan.tv\/wp-content\/uploads\/7583.jpg","contentUrl":"https:\/\/www.meydan.tv\/wp-content\/uploads\/7583.jpg","width":500,"height":500,"caption":"Source:"},{"@type":"BreadcrumbList","@id":"https:\/\/www.meydan.tv\/az\/article\/molla-tupurceyini-derman-sayanlar\/#breadcrumb","itemListElement":[{"@type":"ListItem","position":1,"name":"Ana s\u0259hif\u0259","item":"https:\/\/www.meydan.tv\/az\/"},{"@type":"ListItem","position":2,"name":"M\u0259nim Fikrimc\u0259","item":"https:\/\/www.meydan.tv\/az\/section\/menim-fikrimce\/"},{"@type":"ListItem","position":3,"name":"Molla t\u00fcp\u00fcrc\u0259yini d\u0259rman sayanlar&#8230;"}]},{"@type":"WebSite","@id":"https:\/\/www.meydan.tv\/az\/#website","url":"https:\/\/www.meydan.tv\/az\/","name":"MEYDAN.TV","description":"Meydan TV Az\u0259rbaycan\u0131n media m\u0259kan\u0131ndak\u0131 alternativ s\u0259sidir","publisher":{"@id":"https:\/\/www.meydan.tv\/az\/#organization"},"potentialAction":[{"@type":"SearchAction","target":{"@type":"EntryPoint","urlTemplate":"https:\/\/www.meydan.tv\/az\/?s={search_term_string}"},"query-input":{"@type":"PropertyValueSpecification","valueRequired":true,"valueName":"search_term_string"}}],"inLanguage":"az"},{"@type":"Organization","@id":"https:\/\/www.meydan.tv\/az\/#organization","name":"Meydan TV","url":"https:\/\/www.meydan.tv\/az\/","logo":{"@type":"ImageObject","inLanguage":"az","@id":"https:\/\/www.meydan.tv\/az\/#\/schema\/logo\/image\/","url":"https:\/\/www.meydan.tv\/wp-content\/uploads\/2021\/07\/meydan-logo.svg","contentUrl":"https:\/\/www.meydan.tv\/wp-content\/uploads\/2021\/07\/meydan-logo.svg","width":195,"height":46,"caption":"Meydan TV"},"image":{"@id":"https:\/\/www.meydan.tv\/az\/#\/schema\/logo\/image\/"}},{"@type":"Person","@id":"https:\/\/www.meydan.tv\/az\/#\/schema\/person\/10d11eccf6da3662cf5fdab9806ea91a","name":"user-manager"}]}},"_links":{"self":[{"href":"https:\/\/www.meydan.tv\/az\/wp-json\/wp\/v2\/posts\/167163","targetHints":{"allow":["GET"]}}],"collection":[{"href":"https:\/\/www.meydan.tv\/az\/wp-json\/wp\/v2\/posts"}],"about":[{"href":"https:\/\/www.meydan.tv\/az\/wp-json\/wp\/v2\/types\/post"}],"author":[{"embeddable":true,"href":"https:\/\/www.meydan.tv\/az\/wp-json\/wp\/v2\/users\/11"}],"replies":[{"embeddable":true,"href":"https:\/\/www.meydan.tv\/az\/wp-json\/wp\/v2\/comments?post=167163"}],"version-history":[{"count":0,"href":"https:\/\/www.meydan.tv\/az\/wp-json\/wp\/v2\/posts\/167163\/revisions"}],"wp:featuredmedia":[{"embeddable":true,"href":"https:\/\/www.meydan.tv\/az\/wp-json\/wp\/v2\/media\/21082"}],"wp:attachment":[{"href":"https:\/\/www.meydan.tv\/az\/wp-json\/wp\/v2\/media?parent=167163"}],"wp:term":[{"taxonomy":"category","embeddable":true,"href":"https:\/\/www.meydan.tv\/az\/wp-json\/wp\/v2\/categories?post=167163"},{"taxonomy":"post_tag","embeddable":true,"href":"https:\/\/www.meydan.tv\/az\/wp-json\/wp\/v2\/tags?post=167163"}],"curies":[{"name":"wp","href":"https:\/\/api.w.org\/{rel}","templated":true}]}}