{"id":167160,"date":"2015-03-07T14:11:31","date_gmt":"2015-03-07T14:11:31","guid":{"rendered":"https:\/\/www.meydan.tv\/article\/murovda-esger-yoldasini-gulleledi\/"},"modified":"2015-03-07T14:11:31","modified_gmt":"2015-03-07T14:11:31","slug":"murovda-esger-yoldasini-gulleledi","status":"publish","type":"post","link":"https:\/\/www.meydan.tv\/az\/article\/murovda-esger-yoldasini-gulleledi\/","title":{"rendered":"Murovda \u0259sg\u0259r yolda\u015f\u0131n\u0131 g\u00fcll\u0259l\u0259di"},"content":{"rendered":"<figure class=\"wp-block-image size-large\">\n  <img decoding=\"async\" src=\"https:\/\/www.meydan.tv\/az\/21046\/\" alt=\"\" class=\"wp-image-21046\"\/><figcaption><\/figcaption><\/figure>\n<figure class=\"wp-block-image size-large\">\n  <img decoding=\"async\" src=\"https:\/\/www.meydan.tv\/az\/21046\/\" alt=\"\" class=\"wp-image-21046\"\/><figcaption><\/figcaption><\/figure>\n<p>\n  <i><br \/>\n    \u00d6ld\u00fcr\u00fcl\u0259n\u00a0h\u0259rb\u00e7i Anar Bayramov ali t\u0259hsilli idi<br \/>\n  <\/i>\n<\/p>\n<p>\n  Murovda \u201cN\u201d sayl\u0131 h\u0259rbi hiss\u0259d\u0259 Sumqay\u0131tdan h\u0259rbi xidm\u0259t\u0259 \u00e7a\u011f\u0131r\u0131lan 24 ya\u015fl\u0131 \u0259sg\u0259r Bayramov Anar G\u00fcn\u0259\u015f o\u011flu \u0259sg\u0259r yolda\u015f\u0131 t\u0259r\u0259find\u0259n g\u00fcl\u0259l\u0259n\u0259r\u0259k \u00f6ld\u00fcr\u00fcl\u00fcb.\n<\/p>\n<p>\n  M\u0259lumat Meydan TV-y\u0259 \u00f6ld\u00fcr\u00fcl\u0259n \u0259sg\u0259rin yax\u0131nlar\u0131ndan daxil olub.\n<\/p>\n<p>\n  H\u0259rbi xidm\u0259t\u0259 bir illik yollanan h\u0259rb\u00e7i Anar Bayramov ali t\u0259hsilli idi. \u0130yun ay\u0131nda xidm\u0259ti ba\u015fa \u00e7atacaqd\u0131.\n<\/p>\n<p>\n  H\u0259ft\u0259sonu oldu\u011fundan M\u00fcdafi\u0259 Nazirliyinin m\u0259tbuat xidm\u0259tind\u0259n m\u0259lumat\u0131 t\u0259sdiql\u0259m\u0259k c\u0259hdl\u0259ri al\u0131nmad\u0131.<\/p>\n","protected":false},"excerpt":{"rendered":"<p>\u00d6ld\u00fcr\u00fcl\u0259n h\u0259rb\u00e7i Anar Bayramov ali t\u0259hsilli idi<\/p>\n","protected":false},"author":11,"featured_media":21046,"comment_status":"closed","ping_status":"open","sticky":false,"template":"","format":"standard","meta":{"_acf_changed":false,"_sitemap_exclude":false,"_sitemap_priority":"","_sitemap_frequency":"","footnotes":""},"categories":[56],"tags":[],"class_list":["post-167160","post","type-post","status-publish","format-standard","has-post-thumbnail","hentry","category-xeberler","infinite-scroll-item","generate-columns","tablet-grid-50","mobile-grid-100","grid-parent","grid-33","no-featured-image-padding"],"acf":[],"yoast_head":"<!-- This site is optimized with the Yoast SEO plugin v28.3 - https:\/\/yoast.com\/product\/yoast-seo-wordpress\/ -->\n<title>Murovda \u0259sg\u0259r yolda\u015f\u0131n\u0131 g\u00fcll\u0259l\u0259di - MEYDAN.TV<\/title>\n<meta name=\"robots\" content=\"index, follow, max-snippet:-1, max-image-preview:large, max-video-preview:-1\" \/>\n<link rel=\"canonical\" href=\"https:\/\/www.meydan.tv\/az\/article\/murovda-esger-yoldasini-gulleledi\/\" \/>\n<meta property=\"og:locale\" content=\"az_AZ\" \/>\n<meta property=\"og:type\" content=\"article\" \/>\n<meta property=\"og:title\" content=\"Murovda \u0259sg\u0259r yolda\u015f\u0131n\u0131 g\u00fcll\u0259l\u0259di - MEYDAN.TV\" \/>\n<meta property=\"og:description\" content=\"\u00d6ld\u00fcr\u00fcl\u0259n h\u0259rb\u00e7i Anar Bayramov ali t\u0259hsilli idi\" \/>\n<meta property=\"og:url\" content=\"https:\/\/www.meydan.tv\/az\/article\/murovda-esger-yoldasini-gulleledi\/\" \/>\n<meta property=\"og:site_name\" content=\"MEYDAN.TV\" \/>\n<meta property=\"article:published_time\" content=\"2015-03-07T14:11:31+00:00\" \/>\n<meta property=\"og:image\" content=\"https:\/\/www.meydan.tv\/wp-content\/uploads\/7576.jpg\" \/>\n\t<meta property=\"og:image:width\" content=\"590\" \/>\n\t<meta property=\"og:image:height\" content=\"400\" \/>\n\t<meta property=\"og:image:type\" content=\"image\/jpeg\" \/>\n<meta name=\"twitter:card\" content=\"summary_large_image\" \/>\n<!-- \/ Yoast SEO plugin. -->","yoast_head_json":{"title":"Murovda \u0259sg\u0259r yolda\u015f\u0131n\u0131 g\u00fcll\u0259l\u0259di - MEYDAN.TV","robots":{"index":"index","follow":"follow","max-snippet":"max-snippet:-1","max-image-preview":"max-image-preview:large","max-video-preview":"max-video-preview:-1"},"canonical":"https:\/\/www.meydan.tv\/az\/article\/murovda-esger-yoldasini-gulleledi\/","og_locale":"az_AZ","og_type":"article","og_title":"Murovda \u0259sg\u0259r yolda\u015f\u0131n\u0131 g\u00fcll\u0259l\u0259di - MEYDAN.TV","og_description":"\u00d6ld\u00fcr\u00fcl\u0259n h\u0259rb\u00e7i Anar Bayramov ali t\u0259hsilli idi","og_url":"https:\/\/www.meydan.tv\/az\/article\/murovda-esger-yoldasini-gulleledi\/","og_site_name":"MEYDAN.TV","article_published_time":"2015-03-07T14:11:31+00:00","og_image":[{"width":590,"height":400,"url":"https:\/\/www.meydan.tv\/wp-content\/uploads\/7576.jpg","type":"image\/jpeg"}],"twitter_card":"summary_large_image","schema":{"@context":"https:\/\/schema.org","@graph":[{"@type":"Article","@id":"https:\/\/www.meydan.tv\/az\/article\/murovda-esger-yoldasini-gulleledi\/#article","isPartOf":{"@id":"https:\/\/www.meydan.tv\/az\/article\/murovda-esger-yoldasini-gulleledi\/"},"author":{"name":"user-manager","@id":"https:\/\/www.meydan.tv\/az\/#\/schema\/person\/10d11eccf6da3662cf5fdab9806ea91a"},"headline":"Murovda \u0259sg\u0259r yolda\u015f\u0131n\u0131 g\u00fcll\u0259l\u0259di","datePublished":"2015-03-07T14:11:31+00:00","mainEntityOfPage":{"@id":"https:\/\/www.meydan.tv\/az\/article\/murovda-esger-yoldasini-gulleledi\/"},"wordCount":128,"publisher":{"@id":"https:\/\/www.meydan.tv\/az\/#organization"},"image":{"@id":"https:\/\/www.meydan.tv\/az\/article\/murovda-esger-yoldasini-gulleledi\/#primaryimage"},"thumbnailUrl":"https:\/\/www.meydan.tv\/wp-content\/uploads\/7576.jpg","articleSection":["X\u0259b\u0259rl\u0259r"],"inLanguage":"az"},{"@type":"WebPage","@id":"https:\/\/www.meydan.tv\/az\/article\/murovda-esger-yoldasini-gulleledi\/","url":"https:\/\/www.meydan.tv\/az\/article\/murovda-esger-yoldasini-gulleledi\/","name":"Murovda \u0259sg\u0259r yolda\u015f\u0131n\u0131 g\u00fcll\u0259l\u0259di - MEYDAN.TV","isPartOf":{"@id":"https:\/\/www.meydan.tv\/az\/#website"},"primaryImageOfPage":{"@id":"https:\/\/www.meydan.tv\/az\/article\/murovda-esger-yoldasini-gulleledi\/#primaryimage"},"image":{"@id":"https:\/\/www.meydan.tv\/az\/article\/murovda-esger-yoldasini-gulleledi\/#primaryimage"},"thumbnailUrl":"https:\/\/www.meydan.tv\/wp-content\/uploads\/7576.jpg","datePublished":"2015-03-07T14:11:31+00:00","breadcrumb":{"@id":"https:\/\/www.meydan.tv\/az\/article\/murovda-esger-yoldasini-gulleledi\/#breadcrumb"},"inLanguage":"az","potentialAction":[{"@type":"ReadAction","target":["https:\/\/www.meydan.tv\/az\/article\/murovda-esger-yoldasini-gulleledi\/"]}]},{"@type":"ImageObject","inLanguage":"az","@id":"https:\/\/www.meydan.tv\/az\/article\/murovda-esger-yoldasini-gulleledi\/#primaryimage","url":"https:\/\/www.meydan.tv\/wp-content\/uploads\/7576.jpg","contentUrl":"https:\/\/www.meydan.tv\/wp-content\/uploads\/7576.jpg","width":590,"height":400,"caption":"Source:"},{"@type":"BreadcrumbList","@id":"https:\/\/www.meydan.tv\/az\/article\/murovda-esger-yoldasini-gulleledi\/#breadcrumb","itemListElement":[{"@type":"ListItem","position":1,"name":"Ana s\u0259hif\u0259","item":"https:\/\/www.meydan.tv\/az\/"},{"@type":"ListItem","position":2,"name":"X\u0259b\u0259rl\u0259r","item":"https:\/\/www.meydan.tv\/az\/section\/xeberler\/"},{"@type":"ListItem","position":3,"name":"Murovda \u0259sg\u0259r yolda\u015f\u0131n\u0131 g\u00fcll\u0259l\u0259di"}]},{"@type":"WebSite","@id":"https:\/\/www.meydan.tv\/az\/#website","url":"https:\/\/www.meydan.tv\/az\/","name":"MEYDAN.TV","description":"Meydan TV Az\u0259rbaycan\u0131n media m\u0259kan\u0131ndak\u0131 alternativ s\u0259sidir","publisher":{"@id":"https:\/\/www.meydan.tv\/az\/#organization"},"potentialAction":[{"@type":"SearchAction","target":{"@type":"EntryPoint","urlTemplate":"https:\/\/www.meydan.tv\/az\/?s={search_term_string}"},"query-input":{"@type":"PropertyValueSpecification","valueRequired":true,"valueName":"search_term_string"}}],"inLanguage":"az"},{"@type":"Organization","@id":"https:\/\/www.meydan.tv\/az\/#organization","name":"Meydan TV","url":"https:\/\/www.meydan.tv\/az\/","logo":{"@type":"ImageObject","inLanguage":"az","@id":"https:\/\/www.meydan.tv\/az\/#\/schema\/logo\/image\/","url":"https:\/\/www.meydan.tv\/wp-content\/uploads\/2021\/07\/meydan-logo.svg","contentUrl":"https:\/\/www.meydan.tv\/wp-content\/uploads\/2021\/07\/meydan-logo.svg","width":195,"height":46,"caption":"Meydan TV"},"image":{"@id":"https:\/\/www.meydan.tv\/az\/#\/schema\/logo\/image\/"}},{"@type":"Person","@id":"https:\/\/www.meydan.tv\/az\/#\/schema\/person\/10d11eccf6da3662cf5fdab9806ea91a","name":"user-manager"}]}},"_links":{"self":[{"href":"https:\/\/www.meydan.tv\/az\/wp-json\/wp\/v2\/posts\/167160","targetHints":{"allow":["GET"]}}],"collection":[{"href":"https:\/\/www.meydan.tv\/az\/wp-json\/wp\/v2\/posts"}],"about":[{"href":"https:\/\/www.meydan.tv\/az\/wp-json\/wp\/v2\/types\/post"}],"author":[{"embeddable":true,"href":"https:\/\/www.meydan.tv\/az\/wp-json\/wp\/v2\/users\/11"}],"replies":[{"embeddable":true,"href":"https:\/\/www.meydan.tv\/az\/wp-json\/wp\/v2\/comments?post=167160"}],"version-history":[{"count":0,"href":"https:\/\/www.meydan.tv\/az\/wp-json\/wp\/v2\/posts\/167160\/revisions"}],"wp:featuredmedia":[{"embeddable":true,"href":"https:\/\/www.meydan.tv\/az\/wp-json\/wp\/v2\/media\/21046"}],"wp:attachment":[{"href":"https:\/\/www.meydan.tv\/az\/wp-json\/wp\/v2\/media?parent=167160"}],"wp:term":[{"taxonomy":"category","embeddable":true,"href":"https:\/\/www.meydan.tv\/az\/wp-json\/wp\/v2\/categories?post=167160"},{"taxonomy":"post_tag","embeddable":true,"href":"https:\/\/www.meydan.tv\/az\/wp-json\/wp\/v2\/tags?post=167160"}],"curies":[{"name":"wp","href":"https:\/\/api.w.org\/{rel}","templated":true}]}}