{"id":167159,"date":"2015-03-07T01:29:33","date_gmt":"2015-03-07T01:29:33","guid":{"rendered":"https:\/\/www.meydan.tv\/article\/8-mart-bexs-edilmis-ya-qazanilmis-huquqlar\/"},"modified":"2015-03-07T01:29:33","modified_gmt":"2015-03-07T01:29:33","slug":"8-mart-bexs-edilmis-ya-qazanilmis-huquqlar","status":"publish","type":"post","link":"https:\/\/www.meydan.tv\/az\/article\/8-mart-bexs-edilmis-ya-qazanilmis-huquqlar\/","title":{"rendered":"8 mart: B\u0259x\u015f edilmi\u015f, ya qazan\u0131lm\u0131\u015f h\u00fcquqlar?!"},"content":{"rendered":"<figure class=\"wp-block-image size-large\">\n  <img decoding=\"async\" src=\"https:\/\/www.meydan.tv\/az\/20176\/\" alt=\"\" class=\"wp-image-20176\"\/><figcaption><\/figcaption><\/figure>\n<figure class=\"wp-block-image size-large\">\n  <img decoding=\"async\" src=\"https:\/\/www.meydan.tv\/az\/20170\/\" alt=\"\" class=\"wp-image-20170\"\/><figcaption><\/figcaption><\/figure>\n<p>\n  B\u0259\u015f\u0259r tarixind\u0259 h\u0259mi\u015f\u0259 h\u00fcquqlar m\u00fcbariz\u0259 il\u0259 qazan\u0131l\u0131b, c\u0259mi bir ne\u00e7\u0259 on il \u0259vv\u0259l Q\u0259rb sivilizasiyas\u0131nda qad\u0131na m\u00fcnasib\u0259t \u015e\u0259rqd\u0259n he\u00e7 d\u0259 \u00e7ox ir\u0259lid\u0259 deyildi. Amma, m\u00fcbariz insanlar var idi, \u00f6z haqlar\u0131 u\u011frunda dayanmadan m\u00fcbariz\u0259 apar\u0131rd\u0131lar. M\u0259hz bel\u0259 m\u00fcbariz insanlar\u0131n say\u0259sind\u0259 bir \u00e7ox haqq v\u0259 h\u00fcquqlar d\u00fcnyada q\u0259bul g\u00f6rm\u0259y\u0259, t\u0259dbiq olunma\u011fa ba\u015fland\u0131. Tarixd\u0259 bilin\u0259n, bilinm\u0259y\u0259n minl\u0259rl\u0259 m\u00fcbariz xan\u0131mlar oldular ki, bu g\u00fcn art\u0131q norma kimi q\u0259bul edil\u0259n h\u00fcquqlar\u0131n, h\u0259tta m\u00fczakir\u0259sini bel\u0259 a\u00e7maq \u00fc\u00e7\u00fcn \u00f6z zamanlar\u0131n\u0131, g\u00fccl\u0259rin\u0259, b\u0259z\u0259n is\u0259 h\u0259yatlar\u0131n\u0131 qurban verdil\u0259r.\n<\/p>\n<p>\n  A\u00e7\u0131\u011f\u0131, m\u0259n d\u0259 h\u0259r d\u0259f\u0259 xarici s\u0259f\u0259rl\u0259rd\u0259 olanda f\u0259xrl\u0259 demi\u015f\u0259m ki, Az\u0259rbaycanda, \u015e\u0259rqd\u0259 ilk demokratik C\u00fcmhuriyy\u0259t zaman\u0131 qad\u0131nlara se\u00e7ki h\u00fcququ verilib v\u0259 bu AB\u015e v\u0259 Avropadan \u00f6nc\u0259 ba\u015f verib. Amma, o h\u00fcquq m\u0259hz VER\u0130LM\u0130\u015eD\u0130, qazan\u0131lmam\u0131\u015fd\u0131, h\u0259tta, 99% Az\u0259rbaycan qad\u0131n\u0131n\u0131n o zaman he\u00e7 x\u0259b\u0259rl\u0259ri d\u0259 yox idi ki, onlara bel\u0259 bir h\u00fcquq verilib, ya da, onlara bu he\u00e7 laz\u0131m da deyildi. Ona g\u00f6r\u0259 d\u0259, onlar bu VER\u0130LM\u0130\u015e huququn q\u0259drini bilmirdil\u0259r.\n<\/p>\n<p>\n  Sovetl\u0259r d\u0259 qad\u0131na bir \u00e7ox h\u00fcququ VERD\u0130, qad\u0131nlar \u00f6zl\u0259ri bunu qazanmad\u0131lar. O c\u00fcml\u0259d\u0259n, se\u00e7ib-se\u00e7ilm\u0259k h\u00fcququnu da Sovetl\u0259r qad\u0131nlara, se\u00e7ki institutu o sistemd\u0259 d\u0259 formal olsa da, sad\u0259c\u0259 b\u0259x\u015f etdil\u0259r, siyasi h\u00fcquqlar\u0131 onlar \u00f6zl\u0259ri qazanmad\u0131lar. Bunu n\u0259tic\u0259si olaraq, ancaq formal v\u0259 kvotal\u0131 yana\u015fma il\u0259 qad\u0131nlara deputat mandatlar\u0131, v\u0259zif\u0259l\u0259r b\u0259x\u015f etm\u0259y\u0259 ba\u015flad\u0131lar.\n<\/p>\n<p>\n  Q\u0259rbd\u0259 proses f\u0259rqli idi, Avropada, AB\u015e-da qad\u0131nlar \u00f6z h\u00fcquqlar\u0131n\u0131 qorumaq, QAZANMAQ \u00fc\u00e7\u00fcn m\u00fcbariz\u0259 apard\u0131lar v\u0259 ona g\u00f6r\u0259 d\u0259, QAZANILMI\u015e h\u00fcquqlar\u0131n q\u0259drini bilm\u0259y\u0259 ba\u015flad\u0131lar. B\u0259z\u0259n el\u0259 tan\u0131nmaz q\u0259hr\u0259manlar yarand\u0131 ki, \u00f6z h\u0259r\u0259k\u0259tl\u0259ri, etirazlar\u0131 il\u0259 b\u0259\u015f\u0259riyy\u0259t\u0259 qad\u0131nlar\u0131n h\u00fcquqlar\u0131n\u0131 q\u0259bul etdirm\u0259y\u0259 nail oldular. M\u00fcasir Q\u0259rb sivilizasiyas\u0131nda art\u0131q gender b\u0259rab\u0259rliyi, qad\u0131n-ki\u015fi m\u00fcnasib\u0259tl\u0259ri b\u0259lli bir \u00e7\u0259r\u00e7iv\u0259y\u0259 oturub, amma bu yol \u00e7ox uzun, a\u011fr\u0131l\u0131, m\u00fcbariz\u0259 dolu bir yol olub.\n<\/p>\n<p>\n  8 Mart sol bayram olsa da, m\u0259n bu g\u00fcn\u00fc \u00f6z h\u00fcquqlar\u0131n\u0131 bil\u0259n v\u0259 onlar u\u011frunda m\u00fcbariz\u0259 aparan qad\u0131nlar\u0131n bayram\u0131 kimi qavray\u0131ram. T\u0259\u0259ss\u00fcf ki, bu g\u00fcnk\u00fc Az\u0259rbaycan\u0131n eyb\u0259c\u0259r sistemind\u0259 qad\u0131nlar m\u0259hz se\u00e7ki h\u00fcququnun tapdalanmas\u0131nda hakimiyy\u0259tin \u00f6n c\u0259bh\u0259sind\u0259 q\u0259rar tutublar, m\u0259kt\u0259bl\u0259rd\u0259 t\u0259hsilin m\u0259hv edilm\u0259sind\u0259, s\u0259hiyy\u0259 ocaqlar\u0131nda keyfiyy\u0259tsiz xidm\u0259t g\u00f6st\u0259rilm\u0259sind\u0259 d\u0259 xan\u0131mlar x\u00fcsusi rol oynay\u0131rlar. Anlay\u0131ram ki, bu tam da onlar\u0131n g\u00fcnah\u0131 deyil, amma, he\u00e7 olmasa onlar \u00f6zl\u0259ri d\u0259 bu sistemin al\u0259ti olduqlar\u0131n\u0131 anlamal\u0131, qanunsuzluqlarda i\u015ftirakdan imtina etm\u0259lidirl\u0259r. Ba\u015fa d\u00fc\u00e7m\u0259lidirl\u0259r ki, se\u00e7kil\u0259rd\u0259 s\u0259s o\u011furlamaq, saxtala\u015fd\u0131rmaq mill\u0259tin, d\u00f6vl\u0259tin g\u0259l\u0259c\u0259yini o\u011furlama\u011fa, inki\u015faf\u0131n\u0131 baltalama\u011fa b\u0259rab\u0259rdir.\n<\/p>\n<p>\n  Amma, c\u0259miyy\u0259timizd\u0259 m\u00fcbariz, \u0259qid\u0259li qad\u0131nlar da az deyil, onlar\u0131n bayram\u0131n\u0131 t\u0259brik etm\u0259k ist\u0259yir\u0259m. M\u0259n inan\u0131ram ki, b\u0259rpa ed\u0259c\u0259yimiz C\u00fcmhuriyy\u0259td\u0259 qad\u0131nlar \u00e7ox m\u00fch\u00fcm rol oynayacaqlar. Onlar d\u00f6vl\u0259t v\u0259 h\u00f6kum\u0259t orqanlar\u0131nda, idar\u0259\u00e7ilikd\u0259 m\u00fctl\u0259q ciddi t\u0259msil olunacaqlar. Nazirl\u0259rin, \u0259n az\u0131, 30-40%-i qad\u0131nlar olacaq, n\u0259hay\u0259t, g\u00fcn g\u0259l\u0259c\u0259k ki, Parlament C\u00fcmhuriyy\u0259tin\u0259 ke\u00e7\u0259n Az\u0259rbaycanda Ba\u015f Bakan, ya da, parlament t\u0259r\u0259find\u0259n se\u00e7il\u0259n prezident d\u0259 qad\u0131n olacaq.\n<\/p>\n<p>\n  B\u00fct\u00fcn bunlar \u00fc\u00e7\u00fcn m\u00fcbariz\u0259 aparmaq, bu h\u00fcquqlar\u0131 QAZANMAQ laz\u0131md\u0131r, b\u0259x\u015f edil\u0259n h\u00fcquqlar he\u00e7 vaxt d\u0259y\u0259rli olmur. Ona g\u00f6r\u0259 d\u0259, d\u0259y\u0259rli xan\u0131mlar, sizi t\u0259brik edir\u0259m, \u00f6z h\u00fcquqlar\u0131n\u0131z u\u011frunda m\u00fcbariz\u0259d\u0259 u\u011furlar dil\u0259yir\u0259m!\n<\/p>\n<figure class=\"wp-block-image size-large\">\n  <img decoding=\"async\" src=\"https:\/\/www.meydan.tv\/az\/20998\/\" alt=\"\" class=\"wp-image-20998\"\/><figcaption><\/figcaption><\/figure>\n<p>\n  P.S. Foto Yasamalda \u00e7\u0259kilm\u0259yib, xan\u0131ma o bax\u0131\u015flarla baxanlar da, Yasamal u\u015faqlar\u0131 deyill\u0259r. Fotoda g\u00f6rd\u00fcy\u00fcn\u00fcz xan\u0131m Ketrin Svitserdir, Boston marafonunda qad\u0131nlar\u0131n i\u015ftirak\u0131na qada\u011fa var idi. Bu xan\u0131m \u00e7\u0259kinm\u0259d\u0259n o qada\u011fan\u0131 1967-ci ild\u0259 d\u0259ldi, t\u0259qibl\u0259r\u0259 m\u0259ruz qald\u0131, amma, bacard\u0131, onun f\u0259dakarl\u0131\u011f\u0131 say\u0259sind\u0259 1967-ci ild\u0259n sonra Boston marafonunda xan\u0131mlar\u0131n da i\u015ftirak\u0131na icaz\u0259 verildi. S\u00f6hb\u0259t t\u0259k qa\u00e7maqdan getmirdi, Ketrin \u00f6z m\u00fcbariz\u0259si il\u0259 ki\u015fil\u0259rl\u0259 eyni h\u00fcquqlu olmas\u0131n\u0131 s\u00fcbut etm\u0259k ist\u0259yirdi v\u0259 buna da nail oldu!<\/p>\n","protected":false},"excerpt":{"rendered":"<p>Bu, tam da onlar\u0131n g\u00fcnah\u0131 deyil&#8230;<\/p>\n","protected":false},"author":11,"featured_media":20176,"comment_status":"closed","ping_status":"open","sticky":false,"template":"","format":"standard","meta":{"_acf_changed":false,"_sitemap_exclude":false,"_sitemap_priority":"","_sitemap_frequency":"","footnotes":""},"categories":[57],"tags":[],"class_list":["post-167159","post","type-post","status-publish","format-standard","has-post-thumbnail","hentry","category-menim-fikrimce","infinite-scroll-item","generate-columns","tablet-grid-50","mobile-grid-100","grid-parent","grid-33","no-featured-image-padding"],"acf":[],"yoast_head":"<!-- This site is optimized with the Yoast SEO plugin v27.4 - https:\/\/yoast.com\/product\/yoast-seo-wordpress\/ -->\n<title>8 mart: B\u0259x\u015f edilmi\u015f, ya qazan\u0131lm\u0131\u015f h\u00fcquqlar?! - MEYDAN.TV<\/title>\n<meta name=\"robots\" content=\"index, follow, max-snippet:-1, max-image-preview:large, max-video-preview:-1\" \/>\n<link rel=\"canonical\" href=\"https:\/\/www.meydan.tv\/az\/article\/8-mart-bexs-edilmis-ya-qazanilmis-huquqlar\/\" \/>\n<meta property=\"og:locale\" content=\"az_AZ\" \/>\n<meta property=\"og:type\" content=\"article\" \/>\n<meta property=\"og:title\" content=\"8 mart: B\u0259x\u015f edilmi\u015f, ya qazan\u0131lm\u0131\u015f h\u00fcquqlar?! - MEYDAN.TV\" \/>\n<meta property=\"og:description\" content=\"Bu, tam da onlar\u0131n g\u00fcnah\u0131 deyil...\" \/>\n<meta property=\"og:url\" content=\"https:\/\/www.meydan.tv\/az\/article\/8-mart-bexs-edilmis-ya-qazanilmis-huquqlar\/\" \/>\n<meta property=\"og:site_name\" content=\"MEYDAN.TV\" \/>\n<meta property=\"article:published_time\" content=\"2015-03-07T01:29:33+00:00\" \/>\n<meta property=\"og:image\" content=\"https:\/\/www.meydan.tv\/wp-content\/uploads\/7229.jpg\" \/>\n\t<meta property=\"og:image:width\" content=\"500\" \/>\n\t<meta property=\"og:image:height\" content=\"500\" \/>\n\t<meta property=\"og:image:type\" content=\"image\/jpeg\" \/>\n<meta name=\"author\" content=\"user-manager\" \/>\n<meta name=\"twitter:card\" content=\"summary_large_image\" \/>\n<script type=\"application\/ld+json\" class=\"yoast-schema-graph\">{\"@context\":\"https:\\\/\\\/schema.org\",\"@graph\":[{\"@type\":\"Article\",\"@id\":\"https:\\\/\\\/www.meydan.tv\\\/az\\\/article\\\/8-mart-bexs-edilmis-ya-qazanilmis-huquqlar\\\/#article\",\"isPartOf\":{\"@id\":\"https:\\\/\\\/www.meydan.tv\\\/az\\\/article\\\/8-mart-bexs-edilmis-ya-qazanilmis-huquqlar\\\/\"},\"author\":{\"name\":\"user-manager\",\"@id\":\"https:\\\/\\\/www.meydan.tv\\\/az\\\/#\\\/schema\\\/person\\\/10d11eccf6da3662cf5fdab9806ea91a\"},\"headline\":\"8 mart: B\u0259x\u015f edilmi\u015f, ya qazan\u0131lm\u0131\u015f h\u00fcquqlar?!\",\"datePublished\":\"2015-03-07T01:29:33+00:00\",\"mainEntityOfPage\":{\"@id\":\"https:\\\/\\\/www.meydan.tv\\\/az\\\/article\\\/8-mart-bexs-edilmis-ya-qazanilmis-huquqlar\\\/\"},\"wordCount\":881,\"publisher\":{\"@id\":\"https:\\\/\\\/www.meydan.tv\\\/az\\\/#organization\"},\"image\":{\"@id\":\"https:\\\/\\\/www.meydan.tv\\\/az\\\/article\\\/8-mart-bexs-edilmis-ya-qazanilmis-huquqlar\\\/#primaryimage\"},\"thumbnailUrl\":\"https:\\\/\\\/www.meydan.tv\\\/wp-content\\\/uploads\\\/7229.jpg\",\"articleSection\":[\"M\u0259nim Fikrimc\u0259\"],\"inLanguage\":\"az\"},{\"@type\":\"WebPage\",\"@id\":\"https:\\\/\\\/www.meydan.tv\\\/az\\\/article\\\/8-mart-bexs-edilmis-ya-qazanilmis-huquqlar\\\/\",\"url\":\"https:\\\/\\\/www.meydan.tv\\\/az\\\/article\\\/8-mart-bexs-edilmis-ya-qazanilmis-huquqlar\\\/\",\"name\":\"8 mart: B\u0259x\u015f edilmi\u015f, ya qazan\u0131lm\u0131\u015f h\u00fcquqlar?! - MEYDAN.TV\",\"isPartOf\":{\"@id\":\"https:\\\/\\\/www.meydan.tv\\\/az\\\/#website\"},\"primaryImageOfPage\":{\"@id\":\"https:\\\/\\\/www.meydan.tv\\\/az\\\/article\\\/8-mart-bexs-edilmis-ya-qazanilmis-huquqlar\\\/#primaryimage\"},\"image\":{\"@id\":\"https:\\\/\\\/www.meydan.tv\\\/az\\\/article\\\/8-mart-bexs-edilmis-ya-qazanilmis-huquqlar\\\/#primaryimage\"},\"thumbnailUrl\":\"https:\\\/\\\/www.meydan.tv\\\/wp-content\\\/uploads\\\/7229.jpg\",\"datePublished\":\"2015-03-07T01:29:33+00:00\",\"breadcrumb\":{\"@id\":\"https:\\\/\\\/www.meydan.tv\\\/az\\\/article\\\/8-mart-bexs-edilmis-ya-qazanilmis-huquqlar\\\/#breadcrumb\"},\"inLanguage\":\"az\",\"potentialAction\":[{\"@type\":\"ReadAction\",\"target\":[\"https:\\\/\\\/www.meydan.tv\\\/az\\\/article\\\/8-mart-bexs-edilmis-ya-qazanilmis-huquqlar\\\/\"]}]},{\"@type\":\"ImageObject\",\"inLanguage\":\"az\",\"@id\":\"https:\\\/\\\/www.meydan.tv\\\/az\\\/article\\\/8-mart-bexs-edilmis-ya-qazanilmis-huquqlar\\\/#primaryimage\",\"url\":\"https:\\\/\\\/www.meydan.tv\\\/wp-content\\\/uploads\\\/7229.jpg\",\"contentUrl\":\"https:\\\/\\\/www.meydan.tv\\\/wp-content\\\/uploads\\\/7229.jpg\",\"width\":500,\"height\":500,\"caption\":\"Source:\"},{\"@type\":\"BreadcrumbList\",\"@id\":\"https:\\\/\\\/www.meydan.tv\\\/az\\\/article\\\/8-mart-bexs-edilmis-ya-qazanilmis-huquqlar\\\/#breadcrumb\",\"itemListElement\":[{\"@type\":\"ListItem\",\"position\":1,\"name\":\"Ana s\u0259hif\u0259\",\"item\":\"https:\\\/\\\/www.meydan.tv\\\/az\\\/\"},{\"@type\":\"ListItem\",\"position\":2,\"name\":\"M\u0259nim Fikrimc\u0259\",\"item\":\"https:\\\/\\\/www.meydan.tv\\\/az\\\/section\\\/menim-fikrimce\\\/\"},{\"@type\":\"ListItem\",\"position\":3,\"name\":\"8 mart: B\u0259x\u015f edilmi\u015f, ya qazan\u0131lm\u0131\u015f h\u00fcquqlar?!\"}]},{\"@type\":\"WebSite\",\"@id\":\"https:\\\/\\\/www.meydan.tv\\\/az\\\/#website\",\"url\":\"https:\\\/\\\/www.meydan.tv\\\/az\\\/\",\"name\":\"MEYDAN.TV\",\"description\":\"Meydan TV Az\u0259rbaycan\u0131n media m\u0259kan\u0131ndak\u0131 alternativ s\u0259sidir\",\"publisher\":{\"@id\":\"https:\\\/\\\/www.meydan.tv\\\/az\\\/#organization\"},\"potentialAction\":[{\"@type\":\"SearchAction\",\"target\":{\"@type\":\"EntryPoint\",\"urlTemplate\":\"https:\\\/\\\/www.meydan.tv\\\/az\\\/?s={search_term_string}\"},\"query-input\":{\"@type\":\"PropertyValueSpecification\",\"valueRequired\":true,\"valueName\":\"search_term_string\"}}],\"inLanguage\":\"az\"},{\"@type\":\"Organization\",\"@id\":\"https:\\\/\\\/www.meydan.tv\\\/az\\\/#organization\",\"name\":\"Meydan TV\",\"url\":\"https:\\\/\\\/www.meydan.tv\\\/az\\\/\",\"logo\":{\"@type\":\"ImageObject\",\"inLanguage\":\"az\",\"@id\":\"https:\\\/\\\/www.meydan.tv\\\/az\\\/#\\\/schema\\\/logo\\\/image\\\/\",\"url\":\"https:\\\/\\\/www.meydan.tv\\\/wp-content\\\/uploads\\\/2021\\\/07\\\/meydan-logo.svg\",\"contentUrl\":\"https:\\\/\\\/www.meydan.tv\\\/wp-content\\\/uploads\\\/2021\\\/07\\\/meydan-logo.svg\",\"width\":195,\"height\":46,\"caption\":\"Meydan TV\"},\"image\":{\"@id\":\"https:\\\/\\\/www.meydan.tv\\\/az\\\/#\\\/schema\\\/logo\\\/image\\\/\"}},{\"@type\":\"Person\",\"@id\":\"https:\\\/\\\/www.meydan.tv\\\/az\\\/#\\\/schema\\\/person\\\/10d11eccf6da3662cf5fdab9806ea91a\",\"name\":\"user-manager\"}]}<\/script>\n<!-- \/ Yoast SEO plugin. -->","yoast_head_json":{"title":"8 mart: B\u0259x\u015f edilmi\u015f, ya qazan\u0131lm\u0131\u015f h\u00fcquqlar?! - MEYDAN.TV","robots":{"index":"index","follow":"follow","max-snippet":"max-snippet:-1","max-image-preview":"max-image-preview:large","max-video-preview":"max-video-preview:-1"},"canonical":"https:\/\/www.meydan.tv\/az\/article\/8-mart-bexs-edilmis-ya-qazanilmis-huquqlar\/","og_locale":"az_AZ","og_type":"article","og_title":"8 mart: B\u0259x\u015f edilmi\u015f, ya qazan\u0131lm\u0131\u015f h\u00fcquqlar?! - MEYDAN.TV","og_description":"Bu, tam da onlar\u0131n g\u00fcnah\u0131 deyil...","og_url":"https:\/\/www.meydan.tv\/az\/article\/8-mart-bexs-edilmis-ya-qazanilmis-huquqlar\/","og_site_name":"MEYDAN.TV","article_published_time":"2015-03-07T01:29:33+00:00","og_image":[{"width":500,"height":500,"url":"https:\/\/www.meydan.tv\/wp-content\/uploads\/7229.jpg","type":"image\/jpeg"}],"author":"user-manager","twitter_card":"summary_large_image","schema":{"@context":"https:\/\/schema.org","@graph":[{"@type":"Article","@id":"https:\/\/www.meydan.tv\/az\/article\/8-mart-bexs-edilmis-ya-qazanilmis-huquqlar\/#article","isPartOf":{"@id":"https:\/\/www.meydan.tv\/az\/article\/8-mart-bexs-edilmis-ya-qazanilmis-huquqlar\/"},"author":{"name":"user-manager","@id":"https:\/\/www.meydan.tv\/az\/#\/schema\/person\/10d11eccf6da3662cf5fdab9806ea91a"},"headline":"8 mart: B\u0259x\u015f edilmi\u015f, ya qazan\u0131lm\u0131\u015f h\u00fcquqlar?!","datePublished":"2015-03-07T01:29:33+00:00","mainEntityOfPage":{"@id":"https:\/\/www.meydan.tv\/az\/article\/8-mart-bexs-edilmis-ya-qazanilmis-huquqlar\/"},"wordCount":881,"publisher":{"@id":"https:\/\/www.meydan.tv\/az\/#organization"},"image":{"@id":"https:\/\/www.meydan.tv\/az\/article\/8-mart-bexs-edilmis-ya-qazanilmis-huquqlar\/#primaryimage"},"thumbnailUrl":"https:\/\/www.meydan.tv\/wp-content\/uploads\/7229.jpg","articleSection":["M\u0259nim Fikrimc\u0259"],"inLanguage":"az"},{"@type":"WebPage","@id":"https:\/\/www.meydan.tv\/az\/article\/8-mart-bexs-edilmis-ya-qazanilmis-huquqlar\/","url":"https:\/\/www.meydan.tv\/az\/article\/8-mart-bexs-edilmis-ya-qazanilmis-huquqlar\/","name":"8 mart: B\u0259x\u015f edilmi\u015f, ya qazan\u0131lm\u0131\u015f h\u00fcquqlar?! - MEYDAN.TV","isPartOf":{"@id":"https:\/\/www.meydan.tv\/az\/#website"},"primaryImageOfPage":{"@id":"https:\/\/www.meydan.tv\/az\/article\/8-mart-bexs-edilmis-ya-qazanilmis-huquqlar\/#primaryimage"},"image":{"@id":"https:\/\/www.meydan.tv\/az\/article\/8-mart-bexs-edilmis-ya-qazanilmis-huquqlar\/#primaryimage"},"thumbnailUrl":"https:\/\/www.meydan.tv\/wp-content\/uploads\/7229.jpg","datePublished":"2015-03-07T01:29:33+00:00","breadcrumb":{"@id":"https:\/\/www.meydan.tv\/az\/article\/8-mart-bexs-edilmis-ya-qazanilmis-huquqlar\/#breadcrumb"},"inLanguage":"az","potentialAction":[{"@type":"ReadAction","target":["https:\/\/www.meydan.tv\/az\/article\/8-mart-bexs-edilmis-ya-qazanilmis-huquqlar\/"]}]},{"@type":"ImageObject","inLanguage":"az","@id":"https:\/\/www.meydan.tv\/az\/article\/8-mart-bexs-edilmis-ya-qazanilmis-huquqlar\/#primaryimage","url":"https:\/\/www.meydan.tv\/wp-content\/uploads\/7229.jpg","contentUrl":"https:\/\/www.meydan.tv\/wp-content\/uploads\/7229.jpg","width":500,"height":500,"caption":"Source:"},{"@type":"BreadcrumbList","@id":"https:\/\/www.meydan.tv\/az\/article\/8-mart-bexs-edilmis-ya-qazanilmis-huquqlar\/#breadcrumb","itemListElement":[{"@type":"ListItem","position":1,"name":"Ana s\u0259hif\u0259","item":"https:\/\/www.meydan.tv\/az\/"},{"@type":"ListItem","position":2,"name":"M\u0259nim Fikrimc\u0259","item":"https:\/\/www.meydan.tv\/az\/section\/menim-fikrimce\/"},{"@type":"ListItem","position":3,"name":"8 mart: B\u0259x\u015f edilmi\u015f, ya qazan\u0131lm\u0131\u015f h\u00fcquqlar?!"}]},{"@type":"WebSite","@id":"https:\/\/www.meydan.tv\/az\/#website","url":"https:\/\/www.meydan.tv\/az\/","name":"MEYDAN.TV","description":"Meydan TV Az\u0259rbaycan\u0131n media m\u0259kan\u0131ndak\u0131 alternativ s\u0259sidir","publisher":{"@id":"https:\/\/www.meydan.tv\/az\/#organization"},"potentialAction":[{"@type":"SearchAction","target":{"@type":"EntryPoint","urlTemplate":"https:\/\/www.meydan.tv\/az\/?s={search_term_string}"},"query-input":{"@type":"PropertyValueSpecification","valueRequired":true,"valueName":"search_term_string"}}],"inLanguage":"az"},{"@type":"Organization","@id":"https:\/\/www.meydan.tv\/az\/#organization","name":"Meydan TV","url":"https:\/\/www.meydan.tv\/az\/","logo":{"@type":"ImageObject","inLanguage":"az","@id":"https:\/\/www.meydan.tv\/az\/#\/schema\/logo\/image\/","url":"https:\/\/www.meydan.tv\/wp-content\/uploads\/2021\/07\/meydan-logo.svg","contentUrl":"https:\/\/www.meydan.tv\/wp-content\/uploads\/2021\/07\/meydan-logo.svg","width":195,"height":46,"caption":"Meydan TV"},"image":{"@id":"https:\/\/www.meydan.tv\/az\/#\/schema\/logo\/image\/"}},{"@type":"Person","@id":"https:\/\/www.meydan.tv\/az\/#\/schema\/person\/10d11eccf6da3662cf5fdab9806ea91a","name":"user-manager"}]}},"_links":{"self":[{"href":"https:\/\/www.meydan.tv\/az\/wp-json\/wp\/v2\/posts\/167159","targetHints":{"allow":["GET"]}}],"collection":[{"href":"https:\/\/www.meydan.tv\/az\/wp-json\/wp\/v2\/posts"}],"about":[{"href":"https:\/\/www.meydan.tv\/az\/wp-json\/wp\/v2\/types\/post"}],"author":[{"embeddable":true,"href":"https:\/\/www.meydan.tv\/az\/wp-json\/wp\/v2\/users\/11"}],"replies":[{"embeddable":true,"href":"https:\/\/www.meydan.tv\/az\/wp-json\/wp\/v2\/comments?post=167159"}],"version-history":[{"count":0,"href":"https:\/\/www.meydan.tv\/az\/wp-json\/wp\/v2\/posts\/167159\/revisions"}],"wp:featuredmedia":[{"embeddable":true,"href":"https:\/\/www.meydan.tv\/az\/wp-json\/wp\/v2\/media\/20176"}],"wp:attachment":[{"href":"https:\/\/www.meydan.tv\/az\/wp-json\/wp\/v2\/media?parent=167159"}],"wp:term":[{"taxonomy":"category","embeddable":true,"href":"https:\/\/www.meydan.tv\/az\/wp-json\/wp\/v2\/categories?post=167159"},{"taxonomy":"post_tag","embeddable":true,"href":"https:\/\/www.meydan.tv\/az\/wp-json\/wp\/v2\/tags?post=167159"}],"curies":[{"name":"wp","href":"https:\/\/api.w.org\/{rel}","templated":true}]}}