{"id":167158,"date":"2015-03-07T13:42:32","date_gmt":"2015-03-07T13:42:32","guid":{"rendered":"https:\/\/www.meydan.tv\/article\/azerbaycan-hokumeti-avropa-mehkemesinin-qerarini-qesden-icra-etmir\/"},"modified":"2015-03-07T13:42:32","modified_gmt":"2015-03-07T13:42:32","slug":"azerbaycan-hokumeti-avropa-mehkemesinin-qerarini-qesden-icra-etmir","status":"publish","type":"post","link":"https:\/\/www.meydan.tv\/az\/article\/azerbaycan-hokumeti-avropa-mehkemesinin-qerarini-qesden-icra-etmir\/","title":{"rendered":"&#8220;Az\u0259rbaycan h\u00f6kum\u0259ti Avropa M\u0259hk\u0259m\u0259sinin q\u0259rar\u0131n\u0131 q\u0259sd\u0259n icra etmir&#8221;"},"content":{"rendered":"<figure class=\"wp-block-image size-large\">\n  <img decoding=\"async\" src=\"https:\/\/www.meydan.tv\/az\/21040\/\" alt=\"\" class=\"wp-image-21040\"\/><figcaption><\/figcaption><\/figure>\n<figure class=\"wp-block-image size-large\">\n  <img decoding=\"async\" src=\"https:\/\/www.meydan.tv\/az\/21040\/\" alt=\"\" class=\"wp-image-21040\"\/><figcaption><\/figcaption><\/figure>\n<p>\n  <i><br \/>\n    REAL \u0130lqar M\u0259mm\u0259dov bar\u0259d\u0259 n\u00f6vb\u0259ti b\u0259yanat yayd\u0131<br \/>\n  <\/i>\n<\/p>\n<p>\n  \u201cAvropa \u0130nsan H\u00fcquqlar\u0131 M\u0259hk\u0259m\u0259si 22 may 2014-c\u00fc il tarixd\u0259 REAL H\u0259r\u0259kat\u0131n\u0131n s\u0259dri \u0130lqar M\u0259mm\u0259dovun h\u0259bsinin siyasi motivli olmas\u0131n\u0131, onu h\u00f6kum\u0259ti t\u0259nqid etdiyin\u0259 g\u00f6r\u0259 susdurmaq v\u0259 prezident se\u00e7kil\u0259rind\u0259n k\u0259narda qoymaq m\u0259qs\u0259di da\u015f\u0131d\u0131\u011f\u0131n\u0131 qeyd etm\u0259kl\u0259, Konvesiyan\u0131n 5, 6, 18-ci madd\u0259l\u0259rinin pozuntusunu tan\u0131y\u0131b\u201d.\n<\/p>\n<p>\n  Bu fikirl\u0259r REAL H\u0259r\u0259kat\u0131n\u0131n mart\u0131n 7-d\u0259 verdiyi b\u0259yanatda yer al\u0131b.\n<\/p>\n<p>\n  Meydan TV-y\u0259 daxil olan b\u0259yanatda bildirilir ki, Az\u0259rbaycan h\u00f6kum\u0259tinin h\u0259min q\u0259rardan b\u00f6y\u00fck palataya verdiyi \u015fikay\u0259t q\u0259bul edilm\u0259diyind\u0259n q\u0259rar q\u00fcvv\u0259y\u0259 minib. Avropa \u015euras\u0131n\u0131n Nazirl\u0259r Komit\u0259si 2014-c\u00fc ilin dekabr ay\u0131nda 4-d\u0259 q\u0259bul etdiyi Avropa \u0130nsan H\u00fcquqlar\u0131 M\u0259hk\u0259m\u0259sinin \u0130lqar M\u0259mm\u0259dov bar\u0259sind\u0259 q\u0259rar\u0131n\u0131n icras\u0131 m\u0259s\u0259l\u0259sin\u0259 bax\u0131l\u0131b v\u0259 \u0130lqar M\u0259mm\u0259dov t\u0259xir\u0259 sal\u0131nmadan azad edilm\u0259si t\u0259min olunmas\u0131 t\u0259l\u0259b edilib. Bununla \u0259laq\u0259dar h\u00f6kum\u0259tin hesabat\u0131 bu ilin mart ay\u0131n\u0131n 11-d\u0259 dinl\u0259nilm\u0259si n\u0259z\u0259rd\u0259 tutulur. Lakin Az\u0259rbaycan h\u00f6kum\u0259ti indiy\u0259d\u0259k Avropa M\u0259hk\u0259m\u0259sinin q\u0259rar\u0131n\u0131 q\u0259sd\u0259n icra etmir v\u0259 \u0130lqar M\u0259mm\u0259dovu qanunsuz olaraq h\u0259bsd\u0259 saxlama\u011fa davam edir.\n<\/p>\n<p>\n  \u201c\u0130lqar M\u0259mm\u0259dovun bar\u0259sind\u0259 qanunsuz\u00a0 v\u0259 siyasi xarakterli h\u0259min i\u015f \u00fczr\u0259 art\u0131q 7 il azadl\u0131qdan m\u0259hrum edilm\u0259sin\u0259 dair \u00e7\u0131xar\u0131lm\u0131\u015f m\u0259hk\u0259m\u0259 q\u0259rarlar\u0131ndan Az\u0259rbaycan Respublikas\u0131 Ali M\u0259hk\u0259m\u0259sin\u0259 verilmi\u015f kassasiya \u015fikay\u0259ti 13 yanvar 2015-ci il tarixd\u0259 qeyri-m\u00fc\u0259yy\u0259n m\u00fcdd\u0259t\u0259 t\u0259xir\u0259 sal\u0131n\u0131b v\u0259 bug\u00fcn\u0259 q\u0259d\u0259r bax\u0131lmas\u0131 q\u0259sd\u0259n l\u0259ngidilir\u201d,-b\u0259yanatda bel\u0259 deyilir.\n<\/p>\n<p>\n  REAL H\u0259r\u0259kat\u0131 Az\u0259rbaycan h\u00f6kum\u0259tini \u00fcz\u0259rin\u0259 g\u00f6t\u00fcrd\u00fcy\u00fc beynalxaq \u00f6hd\u0259likl\u0259r\u0259 \u0259m\u0259l edilm\u0259sini, Avropa \u0130nsan H\u00fcquqlar\u0131 M\u0259hk\u0259m\u0259sinin q\u0259rar\u0131n\u0131 t\u0259xir\u0259 sal\u0131nmadan icra etm\u0259yi, \u0130lqar M\u0259mm\u0259dovu, h\u0259min i\u015f \u00fczr\u0259 siyasi motivli \u0259saslarla m\u0259hkum edilmi\u015f Tofiq Yaqublu v\u0259 dig\u0259r \u0130smay\u0131ll\u0131 m\u0259hbuslar\u0131n\u0131 d\u0259rhal azad etm\u0259y\u0259 \u00e7a\u011f\u0131r\u0131r.\n<\/p><\/p>\n","protected":false},"excerpt":{"rendered":"<p>REAL \u0130lqar M\u0259mm\u0259dov bar\u0259d\u0259 n\u00f6vb\u0259ti b\u0259yanat yayd\u0131<\/p>\n","protected":false},"author":11,"featured_media":21040,"comment_status":"closed","ping_status":"open","sticky":false,"template":"","format":"standard","meta":{"_acf_changed":false,"_sitemap_exclude":false,"_sitemap_priority":"","_sitemap_frequency":"","footnotes":""},"categories":[56],"tags":[],"class_list":["post-167158","post","type-post","status-publish","format-standard","has-post-thumbnail","hentry","category-xeberler","infinite-scroll-item","generate-columns","tablet-grid-50","mobile-grid-100","grid-parent","grid-33","no-featured-image-padding"],"acf":[],"yoast_head":"<!-- This site is optimized with the Yoast SEO plugin v28.3 - https:\/\/yoast.com\/product\/yoast-seo-wordpress\/ -->\n<title>&quot;Az\u0259rbaycan h\u00f6kum\u0259ti Avropa M\u0259hk\u0259m\u0259sinin q\u0259rar\u0131n\u0131 q\u0259sd\u0259n icra etmir&quot; - MEYDAN.TV<\/title>\n<meta name=\"robots\" content=\"index, follow, max-snippet:-1, max-image-preview:large, max-video-preview:-1\" \/>\n<link rel=\"canonical\" href=\"https:\/\/www.meydan.tv\/az\/article\/azerbaycan-hokumeti-avropa-mehkemesinin-qerarini-qesden-icra-etmir\/\" \/>\n<meta property=\"og:locale\" content=\"az_AZ\" \/>\n<meta property=\"og:type\" content=\"article\" \/>\n<meta property=\"og:title\" content=\"&quot;Az\u0259rbaycan h\u00f6kum\u0259ti Avropa M\u0259hk\u0259m\u0259sinin q\u0259rar\u0131n\u0131 q\u0259sd\u0259n icra etmir&quot; - MEYDAN.TV\" \/>\n<meta property=\"og:description\" content=\"REAL \u0130lqar M\u0259mm\u0259dov bar\u0259d\u0259 n\u00f6vb\u0259ti b\u0259yanat yayd\u0131\" \/>\n<meta property=\"og:url\" content=\"https:\/\/www.meydan.tv\/az\/article\/azerbaycan-hokumeti-avropa-mehkemesinin-qerarini-qesden-icra-etmir\/\" \/>\n<meta property=\"og:site_name\" content=\"MEYDAN.TV\" \/>\n<meta property=\"article:published_time\" content=\"2015-03-07T13:42:32+00:00\" \/>\n<meta property=\"og:image\" content=\"https:\/\/www.meydan.tv\/wp-content\/uploads\/7575.jpg\" \/>\n\t<meta property=\"og:image:width\" content=\"259\" \/>\n\t<meta property=\"og:image:height\" content=\"194\" \/>\n\t<meta property=\"og:image:type\" content=\"image\/jpeg\" \/>\n<meta name=\"twitter:card\" content=\"summary_large_image\" \/>\n<!-- \/ Yoast SEO plugin. -->","yoast_head_json":{"title":"\"Az\u0259rbaycan h\u00f6kum\u0259ti Avropa M\u0259hk\u0259m\u0259sinin q\u0259rar\u0131n\u0131 q\u0259sd\u0259n icra etmir\" - MEYDAN.TV","robots":{"index":"index","follow":"follow","max-snippet":"max-snippet:-1","max-image-preview":"max-image-preview:large","max-video-preview":"max-video-preview:-1"},"canonical":"https:\/\/www.meydan.tv\/az\/article\/azerbaycan-hokumeti-avropa-mehkemesinin-qerarini-qesden-icra-etmir\/","og_locale":"az_AZ","og_type":"article","og_title":"\"Az\u0259rbaycan h\u00f6kum\u0259ti Avropa M\u0259hk\u0259m\u0259sinin q\u0259rar\u0131n\u0131 q\u0259sd\u0259n icra etmir\" - MEYDAN.TV","og_description":"REAL \u0130lqar M\u0259mm\u0259dov bar\u0259d\u0259 n\u00f6vb\u0259ti b\u0259yanat yayd\u0131","og_url":"https:\/\/www.meydan.tv\/az\/article\/azerbaycan-hokumeti-avropa-mehkemesinin-qerarini-qesden-icra-etmir\/","og_site_name":"MEYDAN.TV","article_published_time":"2015-03-07T13:42:32+00:00","og_image":[{"width":259,"height":194,"url":"https:\/\/www.meydan.tv\/wp-content\/uploads\/7575.jpg","type":"image\/jpeg"}],"twitter_card":"summary_large_image","schema":{"@context":"https:\/\/schema.org","@graph":[{"@type":"Article","@id":"https:\/\/www.meydan.tv\/az\/article\/azerbaycan-hokumeti-avropa-mehkemesinin-qerarini-qesden-icra-etmir\/#article","isPartOf":{"@id":"https:\/\/www.meydan.tv\/az\/article\/azerbaycan-hokumeti-avropa-mehkemesinin-qerarini-qesden-icra-etmir\/"},"author":{"name":"user-manager","@id":"https:\/\/www.meydan.tv\/az\/#\/schema\/person\/10d11eccf6da3662cf5fdab9806ea91a"},"headline":"&#8220;Az\u0259rbaycan h\u00f6kum\u0259ti Avropa M\u0259hk\u0259m\u0259sinin q\u0259rar\u0131n\u0131 q\u0259sd\u0259n icra etmir&#8221;","datePublished":"2015-03-07T13:42:32+00:00","mainEntityOfPage":{"@id":"https:\/\/www.meydan.tv\/az\/article\/azerbaycan-hokumeti-avropa-mehkemesinin-qerarini-qesden-icra-etmir\/"},"wordCount":419,"publisher":{"@id":"https:\/\/www.meydan.tv\/az\/#organization"},"image":{"@id":"https:\/\/www.meydan.tv\/az\/article\/azerbaycan-hokumeti-avropa-mehkemesinin-qerarini-qesden-icra-etmir\/#primaryimage"},"thumbnailUrl":"https:\/\/www.meydan.tv\/wp-content\/uploads\/7575.jpg","articleSection":["X\u0259b\u0259rl\u0259r"],"inLanguage":"az"},{"@type":"WebPage","@id":"https:\/\/www.meydan.tv\/az\/article\/azerbaycan-hokumeti-avropa-mehkemesinin-qerarini-qesden-icra-etmir\/","url":"https:\/\/www.meydan.tv\/az\/article\/azerbaycan-hokumeti-avropa-mehkemesinin-qerarini-qesden-icra-etmir\/","name":"\"Az\u0259rbaycan h\u00f6kum\u0259ti Avropa M\u0259hk\u0259m\u0259sinin q\u0259rar\u0131n\u0131 q\u0259sd\u0259n icra etmir\" - MEYDAN.TV","isPartOf":{"@id":"https:\/\/www.meydan.tv\/az\/#website"},"primaryImageOfPage":{"@id":"https:\/\/www.meydan.tv\/az\/article\/azerbaycan-hokumeti-avropa-mehkemesinin-qerarini-qesden-icra-etmir\/#primaryimage"},"image":{"@id":"https:\/\/www.meydan.tv\/az\/article\/azerbaycan-hokumeti-avropa-mehkemesinin-qerarini-qesden-icra-etmir\/#primaryimage"},"thumbnailUrl":"https:\/\/www.meydan.tv\/wp-content\/uploads\/7575.jpg","datePublished":"2015-03-07T13:42:32+00:00","breadcrumb":{"@id":"https:\/\/www.meydan.tv\/az\/article\/azerbaycan-hokumeti-avropa-mehkemesinin-qerarini-qesden-icra-etmir\/#breadcrumb"},"inLanguage":"az","potentialAction":[{"@type":"ReadAction","target":["https:\/\/www.meydan.tv\/az\/article\/azerbaycan-hokumeti-avropa-mehkemesinin-qerarini-qesden-icra-etmir\/"]}]},{"@type":"ImageObject","inLanguage":"az","@id":"https:\/\/www.meydan.tv\/az\/article\/azerbaycan-hokumeti-avropa-mehkemesinin-qerarini-qesden-icra-etmir\/#primaryimage","url":"https:\/\/www.meydan.tv\/wp-content\/uploads\/7575.jpg","contentUrl":"https:\/\/www.meydan.tv\/wp-content\/uploads\/7575.jpg","width":259,"height":194,"caption":"Source:"},{"@type":"BreadcrumbList","@id":"https:\/\/www.meydan.tv\/az\/article\/azerbaycan-hokumeti-avropa-mehkemesinin-qerarini-qesden-icra-etmir\/#breadcrumb","itemListElement":[{"@type":"ListItem","position":1,"name":"Ana s\u0259hif\u0259","item":"https:\/\/www.meydan.tv\/az\/"},{"@type":"ListItem","position":2,"name":"X\u0259b\u0259rl\u0259r","item":"https:\/\/www.meydan.tv\/az\/section\/xeberler\/"},{"@type":"ListItem","position":3,"name":"&#8220;Az\u0259rbaycan h\u00f6kum\u0259ti Avropa M\u0259hk\u0259m\u0259sinin q\u0259rar\u0131n\u0131 q\u0259sd\u0259n icra etmir&#8221;"}]},{"@type":"WebSite","@id":"https:\/\/www.meydan.tv\/az\/#website","url":"https:\/\/www.meydan.tv\/az\/","name":"MEYDAN.TV","description":"Meydan TV Az\u0259rbaycan\u0131n media m\u0259kan\u0131ndak\u0131 alternativ s\u0259sidir","publisher":{"@id":"https:\/\/www.meydan.tv\/az\/#organization"},"potentialAction":[{"@type":"SearchAction","target":{"@type":"EntryPoint","urlTemplate":"https:\/\/www.meydan.tv\/az\/?s={search_term_string}"},"query-input":{"@type":"PropertyValueSpecification","valueRequired":true,"valueName":"search_term_string"}}],"inLanguage":"az"},{"@type":"Organization","@id":"https:\/\/www.meydan.tv\/az\/#organization","name":"Meydan TV","url":"https:\/\/www.meydan.tv\/az\/","logo":{"@type":"ImageObject","inLanguage":"az","@id":"https:\/\/www.meydan.tv\/az\/#\/schema\/logo\/image\/","url":"https:\/\/www.meydan.tv\/wp-content\/uploads\/2021\/07\/meydan-logo.svg","contentUrl":"https:\/\/www.meydan.tv\/wp-content\/uploads\/2021\/07\/meydan-logo.svg","width":195,"height":46,"caption":"Meydan TV"},"image":{"@id":"https:\/\/www.meydan.tv\/az\/#\/schema\/logo\/image\/"}},{"@type":"Person","@id":"https:\/\/www.meydan.tv\/az\/#\/schema\/person\/10d11eccf6da3662cf5fdab9806ea91a","name":"user-manager"}]}},"_links":{"self":[{"href":"https:\/\/www.meydan.tv\/az\/wp-json\/wp\/v2\/posts\/167158","targetHints":{"allow":["GET"]}}],"collection":[{"href":"https:\/\/www.meydan.tv\/az\/wp-json\/wp\/v2\/posts"}],"about":[{"href":"https:\/\/www.meydan.tv\/az\/wp-json\/wp\/v2\/types\/post"}],"author":[{"embeddable":true,"href":"https:\/\/www.meydan.tv\/az\/wp-json\/wp\/v2\/users\/11"}],"replies":[{"embeddable":true,"href":"https:\/\/www.meydan.tv\/az\/wp-json\/wp\/v2\/comments?post=167158"}],"version-history":[{"count":0,"href":"https:\/\/www.meydan.tv\/az\/wp-json\/wp\/v2\/posts\/167158\/revisions"}],"wp:featuredmedia":[{"embeddable":true,"href":"https:\/\/www.meydan.tv\/az\/wp-json\/wp\/v2\/media\/21040"}],"wp:attachment":[{"href":"https:\/\/www.meydan.tv\/az\/wp-json\/wp\/v2\/media?parent=167158"}],"wp:term":[{"taxonomy":"category","embeddable":true,"href":"https:\/\/www.meydan.tv\/az\/wp-json\/wp\/v2\/categories?post=167158"},{"taxonomy":"post_tag","embeddable":true,"href":"https:\/\/www.meydan.tv\/az\/wp-json\/wp\/v2\/tags?post=167158"}],"curies":[{"name":"wp","href":"https:\/\/api.w.org\/{rel}","templated":true}]}}